{"id":59982,"date":"2020-09-01T09:58:10","date_gmt":"2020-09-01T14:58:10","guid":{"rendered":"http:\/\/www.lospoliticosveracruz.com.mx\/?p=59982"},"modified":"2020-09-01T09:58:10","modified_gmt":"2020-09-01T14:58:10","slug":"por-un-informe-veraz-y-actual","status":"publish","type":"post","link":"https:\/\/lospoliticosveracruz.com\/?p=59982","title":{"rendered":"Por un informe veraz y actual"},"content":{"rendered":"<p>&nbsp;<\/p>\n<p><strong>Rafael Arias Hern\u00e1ndez.<\/strong><\/p>\n<p><em>Mutatis mutandis<\/em><\/p>\n<p>&nbsp;<\/p>\n<p>&nbsp;<\/p>\n<p>A la memoria del amigo, Fernando J\u00e1come R.<\/p>\n<p>Frente a muertos, enfermos, pobres y hambrientos, en aumento.<\/p>\n<p>Ante m\u00e1s ineptos, ineficientes, corruptos y delincuentes.<\/p>\n<p>En presencia y padecimiento, de\u00a0 inocultables efectos pand\u00e9micos, insuficiencias institucionales, p\u00e9rdidas gubernamentales, y retrocesos sociales.<\/p>\n<p>Preciso se\u00f1alar, que la verdadera transformaci\u00f3n empieza, con distinguir y respaldar a un buen gobierno; no, en sostener, soportar \u00a0y padecer a uno malo, o peor.<\/p>\n<p>Lo dicho, debe comprobarse en los hechos.<\/p>\n<p>Desde luego que se deben identificar logros y avances, alentador y justo reconocer el esfuerzo; pero tambi\u00e9n es importante, al mismo tiempo, admitir pendientes y en proceso, as\u00ed como errores y omisiones, p\u00e9rdidas y retrocesos. No hay gobierno perfecto.<\/p>\n<p>En principio, para demasiados, se llega a septiembre y al d\u00eda del informe, considerado como \u201cel d\u00eda del presidente\u201d, \u201cel del besamanos\u201d, \u201cel del rollo del desarrollo\u201d, y el del onanismo oficial.<\/p>\n<p>Para otros. Como es costumbre, ante una escueta obligaci\u00f3n constitucional, se confirma su indefinici\u00f3n y falta de precisi\u00f3n.<\/p>\n<p>As\u00ed, a\u00f1o con a\u00f1o se comprueba lo f\u00e1cil e intrascendente,\u00a0 que es cumplir con hablar en lo general \u201cdel estado que guarda la administraci\u00f3n p\u00fablica\u201d; o cuando mucho, sustentarlo con informaci\u00f3n hasta el primer semestre, dejando pendiente, para nunca jam\u00e1s, informar sobre lo sucedido en el segundo semestre, que incluye el mes econ\u00f3micamente m\u00e1s fuerte: diciembre.<\/p>\n<p>En todo caso y a fin de cuentas, desde siempre falta informar de resultados y consecuencias del a\u00f1o presupuestado, del a\u00f1o fiscal ejercido.<\/p>\n<p>De ah\u00ed, que es oportuno se\u00f1alar, que urge fortalecer, \u00a0el informar bien y a tiempo, para cumplan todos, con el deber ineludible del servidor p\u00fablico: as\u00ed como, atender y asegurar, el derecho ciudadano y social de estar informados y. tener acceso, a toda informaci\u00f3n gubernamental.<\/p>\n<p>Oportuno y conveniente reforzarlo y precisar, cuando menos: forma, tiempo, contenido, anexos y participantes. En principio, ante el Poder Legislativo Federal y, al mismo tiempo, ante la Soberan\u00eda Popular, esto es, la ciudadan\u00eda y sociedad, en general.<\/p>\n<p>\u00bfPor qu\u00e9 no establecer un informe obligatorio,\u00a0 al t\u00e9rmino del ejercicio fiscal (febrero o marzo) y hacer una evaluaci\u00f3n rigurosa de su ejercicio e influencia en el presupuesto siguiente?<\/p>\n<p>Mucho por hacer al respecto y, sin duda, adem\u00e1s de reconocer logros y avances, hay que alentar <strong>el esfuerzo por establecer la revocaci\u00f3n de mandato al presidente<\/strong> -y a todo gobernante-, tiene que apoyarse, al precisar obligaciones ineludibles de transparencia, rendici\u00f3n de cuentas, fiscalizaci\u00f3n, y evaluaci\u00f3n ciudadana y social. Nada de costosos evaluadores \u201ccarnales\u201d, subordinados, \u201cpaleros\u201d o simuladores.<\/p>\n<p>Justa y fundamentada. Revocaci\u00f3n de mandato, o consolidaci\u00f3n y apoyo en el cargo.<\/p>\n<p>INFORMAR, INFORMAR\u2026 QUE EL DEMONIO VA A PASAR.<\/p>\n<p>Bien se sabe,\u00a0 que es costumbre para la inmensa mayor\u00eda de quienes gobiernan, no informar, m\u00e1s bien deformar; no comunicar, en su lugar incomunicar; o simplemente, entretener\u00a0 y simular, hacer como que hacen; o, distraer y ser fuente inagotable, de esc\u00e1ndalos, alharacas y alborotos p\u00fablicos.<\/p>\n<p>Ante un mundo de carencias y sacrificios sociales. Injustificable, la inundaci\u00f3n de propaganda para la autopromoci\u00f3n, el autoelogio, y la auto justificaci\u00f3n, con cargo al presupuesto oficial.<\/p>\n<p>Transformaci\u00f3n real, no deformaci\u00f3n persistente. Imprescindibles, di\u00e1logo y debate, an\u00e1lisis y evaluaci\u00f3n ciudadana y social con quien \u00a0gobierna; participaci\u00f3n p\u00fablica que no se debe negar, ni posponer; \u00a0escamotear o suplantar, simular o inventar.<\/p>\n<p>Todo\u00a0 informe de gobierno debe ser pertinente y permanente, verdadero y accesible.\u00a0 La soberan\u00eda popular tiene siempre, todo el derecho a saber la verdad, a ser informado de todo asunto de gobierno, sea pol\u00edtico, econ\u00f3mico, social, ecol\u00f3gico o cultural.<\/p>\n<p>Todo gobernante, sin excepci\u00f3n, debe\u00a0 informar, explicar y justificar actividades, uso de recursos p\u00fablicos y atribuciones institucionales.\u00a0 No desinformar y simular, distraer y entretener, enga\u00f1ar y mentir.<\/p>\n<p>Insistir en lo importante que es informarse y conocer, para saber apreciar y comprobar lo que se ha hecho o dejado de hacer; para distinguir y valorar logros y avances, porque son pocos y contados; y, al mismo tiempo, para se\u00f1alar y condenar, los demasiados abusos, faltas o delitos. Todo ello tambi\u00e9n, a partir de la identificaci\u00f3n, al mismo tiempo, de lo que merece condena y\u00a0 rechazo, por el inocultable error, la escandalosa p\u00e9rdida, la conducta fuera de la ley\u00a0 y, el consecuente rezago o sacrificio social.<\/p>\n<p>Informe de gobierno que por cierto, no es ni puede considerarse perfecto y ajeno a la real realidad, que lo pone en su lugar. No m\u00e1s servilismo y\u00a0 abyecci\u00f3n, simulaci\u00f3n\u00a0 y corrupci\u00f3n.<\/p>\n<p>Informe que, por \u00e1reas de responsabilidad, objetivos y resultados, permite localizar a algunos\u00a0 buenos y regulares funcionarios; e identificar a muchos m\u00e1s, presuntos responsables y pr\u00f3fugos potenciales.<\/p>\n<p>Evaluar a todos sin excepci\u00f3n m\u00e1s que un derecho, es una obligaci\u00f3n ciudadana y social, si se quiere erradicar los malos y peores gobiernos; y consolidar los buenos y aceptables.<\/p>\n<p>As\u00ed que a exigir transparencia y rendici\u00f3n de cuentas; a informarse y participar, para evaluar y, en su caso, aprobar o rechazar.<\/p>\n<p>M\u00c1S CRISIS.<\/p>\n<p>No es, no ser\u00e1 f\u00e1cil, ni r\u00e1pido superarlas.<\/p>\n<p>Salud, Econom\u00eda, Finanzas P\u00fablicas, Seguridad y Educaci\u00f3n, por citar solo algunas, interrelacionadas e interactuantes,\u00a0 aumentan \u00a0su intensidad, complejidad y dificultad. \u00a0Ineptos y corruptos, ineficientes y delincuentes\u00a0 les estimulan y favorecen.<\/p>\n<p>Hist\u00f3rico tama\u00f1o de recesi\u00f3n econ\u00f3mica en M\u00e9xico. Para decirlo brevemente y de acuerdo a informaci\u00f3n del INEGI:<\/p>\n<p>Desde la perspectiva trimestral, del segundo\u00a0\u00a0 respecto al primero, o sea a junio de este a\u00f1o, se registr\u00f3\u00a0 un crecimiento de (-17.1%).<\/p>\n<p>De un a\u00f1o a otro, de junio a junio, la tasa anual de crecimiento fue de (-18.7%)<\/p>\n<p>As\u00ed,\u00a0 con estos resultados, \u201cse registr\u00f3 el mayor retroceso desde que se tienen datos (1994); previo al 2020, la menor tasa anual se registr\u00f3 en el segundo trimestre de 1995, cuando el PIB del pa\u00eds cay\u00f3 (-8.6%) anual. (MEXICO. \u00bfC\u00f3mo vamos? 260820)<\/p>\n<p><em><strong><a href=\"https:\/\/mexicocomovamos.mx\/?s=contenido&amp;id=1504\">https:\/\/mexicocomovamos.mx\/?s=contenido&amp;id=1504<\/a><\/strong><\/em><\/p>\n<p>Contra lo que se dice y sostiene, \u00a0situaci\u00f3n y problem\u00e1ticas siguen complic\u00e1ndose, ante contextos internacionales adversos o m\u00e1s dif\u00edciles, y frente a inocultables incapacidades y limitaciones gubernamentales. Vital sostener esfuerzos.<\/p>\n<p>M\u00e1s y mejor informaci\u00f3n, para una mayor y significativa\u00a0 participaci\u00f3n ciudadana y social permanente, posibilita buenos gobiernos.<\/p>\n<p>&nbsp;<\/p>\n<p>-Academico.IIESESUV @RafaelAriasH,Facebook:VeracruzHoydeRafaelAriasH<\/p>\n<p>&nbsp;<\/p>\n<p>&nbsp;<\/p>\n","protected":false},"excerpt":{"rendered":"<p>&nbsp; Rafael Arias Hern\u00e1ndez. Mutatis mutandis &nbsp; &nbsp; A la memoria del amigo, Fernando J\u00e1come R. Frente a muertos, enfermos, pobres y hambrientos, en aumento. Ante m\u00e1s ineptos, ineficientes, corruptos y delincuentes. En presencia y padecimiento, de\u00a0 inocultables efectos pand\u00e9micos, insuficiencias institucionales, p\u00e9rdidas gubernamentales, y retrocesos sociales. Preciso se\u00f1alar, que la verdadera transformaci\u00f3n empieza, con [&hellip;]<\/p>\n","protected":false},"author":2,"featured_media":0,"comment_status":"open","ping_status":"open","sticky":false,"template":"","format":"standard","meta":{"tdm_status":"","tdm_grid_status":"","footnotes":""},"categories":[70],"tags":[618,871,2228,1030,13209,4345,20511,90,360],"class_list":{"0":"post-59982","1":"post","2":"type-post","3":"status-publish","4":"format-standard","6":"category-de-opinion","7":"tag-andres-manuel-lopez-obrador","8":"tag-crisis","9":"tag-economia","10":"tag-educacion","11":"tag-finanzas-publicas","12":"tag-informe-de-gobierno","13":"tag-revocacion-de-mandato-al-presidente","14":"tag-salud","15":"tag-seguridad"},"yoast_head":"<!-- This site is optimized with the Yoast SEO plugin v27.4 - https:\/\/yoast.com\/product\/yoast-seo-wordpress\/ -->\n<title>Por un informe veraz y actual - Los pol\u00edticos Veracruz<\/title>\n<meta name=\"robots\" content=\"index, follow, max-snippet:-1, max-image-preview:large, max-video-preview:-1\" \/>\n<link rel=\"canonical\" href=\"https:\/\/lospoliticosveracruz.com\/?p=59982\" \/>\n<meta property=\"og:locale\" content=\"es_ES\" \/>\n<meta property=\"og:type\" content=\"article\" \/>\n<meta property=\"og:title\" content=\"Por un informe veraz y actual - Los pol\u00edticos Veracruz\" \/>\n<meta property=\"og:description\" content=\"&nbsp; Rafael Arias Hern\u00e1ndez. Mutatis mutandis &nbsp; &nbsp; A la memoria del amigo, Fernando J\u00e1come R. Frente a muertos, enfermos, pobres y hambrientos, en aumento. Ante m\u00e1s ineptos, ineficientes, corruptos y delincuentes. En presencia y padecimiento, de\u00a0 inocultables efectos pand\u00e9micos, insuficiencias institucionales, p\u00e9rdidas gubernamentales, y retrocesos sociales. Preciso se\u00f1alar, que la verdadera transformaci\u00f3n empieza, con [&hellip;]\" \/>\n<meta property=\"og:url\" content=\"https:\/\/lospoliticosveracruz.com\/?p=59982\" \/>\n<meta property=\"og:site_name\" content=\"Los pol\u00edticos Veracruz\" \/>\n<meta property=\"article:publisher\" content=\"https:\/\/www.facebook.com\/people\/Notimemes-de-los-Polticos\/61565672886568\/\" \/>\n<meta property=\"article:published_time\" content=\"2020-09-01T14:58:10+00:00\" \/>\n<meta property=\"og:image\" content=\"https:\/\/lospoliticosveracruz.com\/wp-content\/uploads\/2016\/07\/Logo-Dor.jpg\" \/>\n\t<meta property=\"og:image:width\" content=\"200\" \/>\n\t<meta property=\"og:image:height\" content=\"200\" \/>\n\t<meta property=\"og:image:type\" content=\"image\/jpeg\" \/>\n<meta name=\"author\" content=\"Lo viste en Los Pol\u00edticos\" \/>\n<meta name=\"twitter:card\" content=\"summary_large_image\" \/>\n<meta name=\"twitter:creator\" content=\"@LosPoliticosVer\" \/>\n<meta name=\"twitter:site\" content=\"@LosPoliticosVer\" \/>\n<meta name=\"twitter:label1\" content=\"Escrito por\" \/>\n\t<meta name=\"twitter:data1\" content=\"Lo viste en Los Pol\u00edticos\" \/>\n\t<meta name=\"twitter:label2\" content=\"Tiempo de lectura\" \/>\n\t<meta name=\"twitter:data2\" content=\"6 minutos\" \/>\n<script type=\"application\/ld+json\" class=\"yoast-schema-graph\">{\"@context\":\"https:\\\/\\\/schema.org\",\"@graph\":[{\"@type\":\"Article\",\"@id\":\"https:\\\/\\\/lospoliticosveracruz.com\\\/?p=59982#article\",\"isPartOf\":{\"@id\":\"https:\\\/\\\/lospoliticosveracruz.com\\\/?p=59982\"},\"author\":{\"name\":\"Lo viste en Los Pol\u00edticos\",\"@id\":\"https:\\\/\\\/lospoliticosveracruz.com\\\/#\\\/schema\\\/person\\\/b8702bb0e538456e6efd07080bf2a4a2\"},\"headline\":\"Por un informe veraz y actual\",\"datePublished\":\"2020-09-01T14:58:10+00:00\",\"mainEntityOfPage\":{\"@id\":\"https:\\\/\\\/lospoliticosveracruz.com\\\/?p=59982\"},\"wordCount\":1107,\"commentCount\":0,\"publisher\":{\"@id\":\"https:\\\/\\\/lospoliticosveracruz.com\\\/#organization\"},\"keywords\":[\"Andr\u00e9s Manuel L\u00f3pez Obrador\",\"crisis\",\"Econom\u00eda\",\"educaci\u00f3n\",\"Finanzas P\u00fablicas\",\"Informe de Gobierno\",\"revocaci\u00f3n de mandato al presidente\",\"Salud\",\"Seguridad\"],\"articleSection\":[\"De Opini\u00f3n\"],\"inLanguage\":\"es\",\"potentialAction\":[{\"@type\":\"CommentAction\",\"name\":\"Comment\",\"target\":[\"https:\\\/\\\/lospoliticosveracruz.com\\\/?p=59982#respond\"]}]},{\"@type\":\"WebPage\",\"@id\":\"https:\\\/\\\/lospoliticosveracruz.com\\\/?p=59982\",\"url\":\"https:\\\/\\\/lospoliticosveracruz.com\\\/?p=59982\",\"name\":\"Por un informe veraz y actual - Los pol\u00edticos Veracruz\",\"isPartOf\":{\"@id\":\"https:\\\/\\\/lospoliticosveracruz.com\\\/#website\"},\"datePublished\":\"2020-09-01T14:58:10+00:00\",\"breadcrumb\":{\"@id\":\"https:\\\/\\\/lospoliticosveracruz.com\\\/?p=59982#breadcrumb\"},\"inLanguage\":\"es\",\"potentialAction\":[{\"@type\":\"ReadAction\",\"target\":[\"https:\\\/\\\/lospoliticosveracruz.com\\\/?p=59982\"]}]},{\"@type\":\"BreadcrumbList\",\"@id\":\"https:\\\/\\\/lospoliticosveracruz.com\\\/?p=59982#breadcrumb\",\"itemListElement\":[{\"@type\":\"ListItem\",\"position\":1,\"name\":\"Portada\",\"item\":\"https:\\\/\\\/lospoliticosveracruz.com\\\/\"},{\"@type\":\"ListItem\",\"position\":2,\"name\":\"Por un informe veraz y actual\"}]},{\"@type\":\"WebSite\",\"@id\":\"https:\\\/\\\/lospoliticosveracruz.com\\\/#website\",\"url\":\"https:\\\/\\\/lospoliticosveracruz.com\\\/\",\"name\":\"Los pol\u00edticos Veracruz\",\"description\":\"\",\"publisher\":{\"@id\":\"https:\\\/\\\/lospoliticosveracruz.com\\\/#organization\"},\"potentialAction\":[{\"@type\":\"SearchAction\",\"target\":{\"@type\":\"EntryPoint\",\"urlTemplate\":\"https:\\\/\\\/lospoliticosveracruz.com\\\/?s={search_term_string}\"},\"query-input\":{\"@type\":\"PropertyValueSpecification\",\"valueRequired\":true,\"valueName\":\"search_term_string\"}}],\"inLanguage\":\"es\"},{\"@type\":\"Organization\",\"@id\":\"https:\\\/\\\/lospoliticosveracruz.com\\\/#organization\",\"name\":\"Los pol\u00edticos Veracruz\",\"url\":\"https:\\\/\\\/lospoliticosveracruz.com\\\/\",\"logo\":{\"@type\":\"ImageObject\",\"inLanguage\":\"es\",\"@id\":\"https:\\\/\\\/lospoliticosveracruz.com\\\/#\\\/schema\\\/logo\\\/image\\\/\",\"url\":\"https:\\\/\\\/lospoliticosveracruz.com\\\/wp-content\\\/uploads\\\/2025\\\/12\\\/Logo-Nuevo-LOS-POLITICOS-1.jpg\",\"contentUrl\":\"https:\\\/\\\/lospoliticosveracruz.com\\\/wp-content\\\/uploads\\\/2025\\\/12\\\/Logo-Nuevo-LOS-POLITICOS-1.jpg\",\"width\":260,\"height\":70,\"caption\":\"Los pol\u00edticos Veracruz\"},\"image\":{\"@id\":\"https:\\\/\\\/lospoliticosveracruz.com\\\/#\\\/schema\\\/logo\\\/image\\\/\"},\"sameAs\":[\"https:\\\/\\\/www.facebook.com\\\/people\\\/Notimemes-de-los-Polticos\\\/61565672886568\\\/\",\"https:\\\/\\\/x.com\\\/LosPoliticosVer\"]},{\"@type\":\"Person\",\"@id\":\"https:\\\/\\\/lospoliticosveracruz.com\\\/#\\\/schema\\\/person\\\/b8702bb0e538456e6efd07080bf2a4a2\",\"name\":\"Lo viste en Los Pol\u00edticos\",\"image\":{\"@type\":\"ImageObject\",\"inLanguage\":\"es\",\"@id\":\"https:\\\/\\\/secure.gravatar.com\\\/avatar\\\/3a8de04a2656d44082be478bd6c086daa447c4651605818287b9532d3d0bd435?s=96&d=mm&r=g\",\"url\":\"https:\\\/\\\/secure.gravatar.com\\\/avatar\\\/3a8de04a2656d44082be478bd6c086daa447c4651605818287b9532d3d0bd435?s=96&d=mm&r=g\",\"contentUrl\":\"https:\\\/\\\/secure.gravatar.com\\\/avatar\\\/3a8de04a2656d44082be478bd6c086daa447c4651605818287b9532d3d0bd435?s=96&d=mm&r=g\",\"caption\":\"Lo viste en Los Pol\u00edticos\"},\"url\":\"https:\\\/\\\/lospoliticosveracruz.com\\\/?author=2\"}]}<\/script>\n<!-- \/ Yoast SEO plugin. -->","yoast_head_json":{"title":"Por un informe veraz y actual - Los pol\u00edticos Veracruz","robots":{"index":"index","follow":"follow","max-snippet":"max-snippet:-1","max-image-preview":"max-image-preview:large","max-video-preview":"max-video-preview:-1"},"canonical":"https:\/\/lospoliticosveracruz.com\/?p=59982","og_locale":"es_ES","og_type":"article","og_title":"Por un informe veraz y actual - Los pol\u00edticos Veracruz","og_description":"&nbsp; Rafael Arias Hern\u00e1ndez. Mutatis mutandis &nbsp; &nbsp; A la memoria del amigo, Fernando J\u00e1come R. Frente a muertos, enfermos, pobres y hambrientos, en aumento. Ante m\u00e1s ineptos, ineficientes, corruptos y delincuentes. En presencia y padecimiento, de\u00a0 inocultables efectos pand\u00e9micos, insuficiencias institucionales, p\u00e9rdidas gubernamentales, y retrocesos sociales. Preciso se\u00f1alar, que la verdadera transformaci\u00f3n empieza, con [&hellip;]","og_url":"https:\/\/lospoliticosveracruz.com\/?p=59982","og_site_name":"Los pol\u00edticos Veracruz","article_publisher":"https:\/\/www.facebook.com\/people\/Notimemes-de-los-Polticos\/61565672886568\/","article_published_time":"2020-09-01T14:58:10+00:00","og_image":[{"width":200,"height":200,"url":"https:\/\/lospoliticosveracruz.com\/wp-content\/uploads\/2016\/07\/Logo-Dor.jpg","type":"image\/jpeg"}],"author":"Lo viste en Los Pol\u00edticos","twitter_card":"summary_large_image","twitter_creator":"@LosPoliticosVer","twitter_site":"@LosPoliticosVer","twitter_misc":{"Escrito por":"Lo viste en Los Pol\u00edticos","Tiempo de lectura":"6 minutos"},"schema":{"@context":"https:\/\/schema.org","@graph":[{"@type":"Article","@id":"https:\/\/lospoliticosveracruz.com\/?p=59982#article","isPartOf":{"@id":"https:\/\/lospoliticosveracruz.com\/?p=59982"},"author":{"name":"Lo viste en Los Pol\u00edticos","@id":"https:\/\/lospoliticosveracruz.com\/#\/schema\/person\/b8702bb0e538456e6efd07080bf2a4a2"},"headline":"Por un informe veraz y actual","datePublished":"2020-09-01T14:58:10+00:00","mainEntityOfPage":{"@id":"https:\/\/lospoliticosveracruz.com\/?p=59982"},"wordCount":1107,"commentCount":0,"publisher":{"@id":"https:\/\/lospoliticosveracruz.com\/#organization"},"keywords":["Andr\u00e9s Manuel L\u00f3pez Obrador","crisis","Econom\u00eda","educaci\u00f3n","Finanzas P\u00fablicas","Informe de Gobierno","revocaci\u00f3n de mandato al presidente","Salud","Seguridad"],"articleSection":["De Opini\u00f3n"],"inLanguage":"es","potentialAction":[{"@type":"CommentAction","name":"Comment","target":["https:\/\/lospoliticosveracruz.com\/?p=59982#respond"]}]},{"@type":"WebPage","@id":"https:\/\/lospoliticosveracruz.com\/?p=59982","url":"https:\/\/lospoliticosveracruz.com\/?p=59982","name":"Por un informe veraz y actual - Los pol\u00edticos Veracruz","isPartOf":{"@id":"https:\/\/lospoliticosveracruz.com\/#website"},"datePublished":"2020-09-01T14:58:10+00:00","breadcrumb":{"@id":"https:\/\/lospoliticosveracruz.com\/?p=59982#breadcrumb"},"inLanguage":"es","potentialAction":[{"@type":"ReadAction","target":["https:\/\/lospoliticosveracruz.com\/?p=59982"]}]},{"@type":"BreadcrumbList","@id":"https:\/\/lospoliticosveracruz.com\/?p=59982#breadcrumb","itemListElement":[{"@type":"ListItem","position":1,"name":"Portada","item":"https:\/\/lospoliticosveracruz.com\/"},{"@type":"ListItem","position":2,"name":"Por un informe veraz y actual"}]},{"@type":"WebSite","@id":"https:\/\/lospoliticosveracruz.com\/#website","url":"https:\/\/lospoliticosveracruz.com\/","name":"Los pol\u00edticos Veracruz","description":"","publisher":{"@id":"https:\/\/lospoliticosveracruz.com\/#organization"},"potentialAction":[{"@type":"SearchAction","target":{"@type":"EntryPoint","urlTemplate":"https:\/\/lospoliticosveracruz.com\/?s={search_term_string}"},"query-input":{"@type":"PropertyValueSpecification","valueRequired":true,"valueName":"search_term_string"}}],"inLanguage":"es"},{"@type":"Organization","@id":"https:\/\/lospoliticosveracruz.com\/#organization","name":"Los pol\u00edticos Veracruz","url":"https:\/\/lospoliticosveracruz.com\/","logo":{"@type":"ImageObject","inLanguage":"es","@id":"https:\/\/lospoliticosveracruz.com\/#\/schema\/logo\/image\/","url":"https:\/\/lospoliticosveracruz.com\/wp-content\/uploads\/2025\/12\/Logo-Nuevo-LOS-POLITICOS-1.jpg","contentUrl":"https:\/\/lospoliticosveracruz.com\/wp-content\/uploads\/2025\/12\/Logo-Nuevo-LOS-POLITICOS-1.jpg","width":260,"height":70,"caption":"Los pol\u00edticos Veracruz"},"image":{"@id":"https:\/\/lospoliticosveracruz.com\/#\/schema\/logo\/image\/"},"sameAs":["https:\/\/www.facebook.com\/people\/Notimemes-de-los-Polticos\/61565672886568\/","https:\/\/x.com\/LosPoliticosVer"]},{"@type":"Person","@id":"https:\/\/lospoliticosveracruz.com\/#\/schema\/person\/b8702bb0e538456e6efd07080bf2a4a2","name":"Lo viste en Los Pol\u00edticos","image":{"@type":"ImageObject","inLanguage":"es","@id":"https:\/\/secure.gravatar.com\/avatar\/3a8de04a2656d44082be478bd6c086daa447c4651605818287b9532d3d0bd435?s=96&d=mm&r=g","url":"https:\/\/secure.gravatar.com\/avatar\/3a8de04a2656d44082be478bd6c086daa447c4651605818287b9532d3d0bd435?s=96&d=mm&r=g","contentUrl":"https:\/\/secure.gravatar.com\/avatar\/3a8de04a2656d44082be478bd6c086daa447c4651605818287b9532d3d0bd435?s=96&d=mm&r=g","caption":"Lo viste en Los Pol\u00edticos"},"url":"https:\/\/lospoliticosveracruz.com\/?author=2"}]}},"_links":{"self":[{"href":"https:\/\/lospoliticosveracruz.com\/index.php?rest_route=\/wp\/v2\/posts\/59982","targetHints":{"allow":["GET"]}}],"collection":[{"href":"https:\/\/lospoliticosveracruz.com\/index.php?rest_route=\/wp\/v2\/posts"}],"about":[{"href":"https:\/\/lospoliticosveracruz.com\/index.php?rest_route=\/wp\/v2\/types\/post"}],"author":[{"embeddable":true,"href":"https:\/\/lospoliticosveracruz.com\/index.php?rest_route=\/wp\/v2\/users\/2"}],"replies":[{"embeddable":true,"href":"https:\/\/lospoliticosveracruz.com\/index.php?rest_route=%2Fwp%2Fv2%2Fcomments&post=59982"}],"version-history":[{"count":1,"href":"https:\/\/lospoliticosveracruz.com\/index.php?rest_route=\/wp\/v2\/posts\/59982\/revisions"}],"predecessor-version":[{"id":59984,"href":"https:\/\/lospoliticosveracruz.com\/index.php?rest_route=\/wp\/v2\/posts\/59982\/revisions\/59984"}],"wp:attachment":[{"href":"https:\/\/lospoliticosveracruz.com\/index.php?rest_route=%2Fwp%2Fv2%2Fmedia&parent=59982"}],"wp:term":[{"taxonomy":"category","embeddable":true,"href":"https:\/\/lospoliticosveracruz.com\/index.php?rest_route=%2Fwp%2Fv2%2Fcategories&post=59982"},{"taxonomy":"post_tag","embeddable":true,"href":"https:\/\/lospoliticosveracruz.com\/index.php?rest_route=%2Fwp%2Fv2%2Ftags&post=59982"}],"curies":[{"name":"wp","href":"https:\/\/api.w.org\/{rel}","templated":true}]}}