{"id":59998,"date":"2020-09-01T12:34:47","date_gmt":"2020-09-01T17:34:47","guid":{"rendered":"http:\/\/www.lospoliticosveracruz.com.mx\/?p=59998"},"modified":"2020-09-01T12:34:47","modified_gmt":"2020-09-01T17:34:47","slug":"tronaron-al-turismo-por-falta-de-vision-prd","status":"publish","type":"post","link":"https:\/\/lospoliticosveracruz.com\/?p=59998","title":{"rendered":"Tronaron al turismo por falta de visi\u00f3n!: PRD"},"content":{"rendered":"<p>&nbsp;<\/p>\n<p>Con una ocupaci\u00f3n hotelera del tres al cuatro por ciento en Xalapa y m\u00e1s de dos mil 400 familias sin empleo, as\u00ed como la p\u00e9rdida del noventa por ciento de los trabajos directos que genera la industria tur\u00edstica en todo el estado de Veracruz, es el saldo que arroja la falta de visi\u00f3n y apoyo ante la crisis Covid que afecta a los empresarios del sector, por parte del gobierno estatal, se\u00f1al\u00f3 en conferencia de prensa el presidente de la direcci\u00f3n estatal ejecutiva del Partido de la Revoluci\u00f3n Democr\u00e1tica en Veracruz, Sergio Cadena Mart\u00ednez.<\/p>\n<p>\u201cEllos mismos estiman que a la fecha han perdido el 90 % de sus empleos directos, miles de jefas y jefes de familia se quedaron sin el sustento de sus hogares. Seg\u00fan datos oficiales, en Veracruz se han cancelado 50 mil 531 plazas laborales y se cerraron temporal o definitivamente 12 mil 400 empresas en todo el estado, un da\u00f1o equivalente a lo creado durante ocho a\u00f1os previos\u201d, detall\u00f3.<\/p>\n<p>El presidente del PRD dijo que las cifras son alarmantes y que gu\u00edas de turistas, meseros, personal de limpieza, de mantenimiento, cocineros, choferes, camareros, agencias de viajes y restauranteros est\u00e1n a punto de desaparecer por el cierre definitivo de sus fuentes de empleo, ya que las distintas regiones en que se divide la entidad reportan una ocupaci\u00f3n hotelera promedio del ocho al 10 por ciento real, salvo la zona conurbada Veracruz-Boca del R\u00edo, que alcanz\u00f3 por fin de temporada de verano hasta el 20%, mientras que en la zona centro, Orizaba anda por el nueve por ciento.<\/p>\n<p>Agreg\u00f3 que en la capital hist\u00f3ricamente se ven\u00eda registrando un promedio del 35 al 45% en la ocupaci\u00f3n hotelera en a\u00f1os previos al 2019 y hoy los hoteleros le comparten el dato de que con el Covid, la misma cay\u00f3 a niveles nunca antes vistos con un 3 a 4%, cifra que corroboraron por igual empresarios de Poza Rica y Coatzacoalcos.<\/p>\n<p>\u201cNo vemos acciones concretas del gobierno para reactivar la econom\u00eda tur\u00edstica, mantuvieron la falsa idea de que los empresarios deb\u00edan resolver sus propios problemas y enfrentar sin apoyo la crisis, lo que gener\u00f3 cierre de empresas y negocios, con un alto costo en p\u00e9rdida de empleos; El sector se encuentra abandonado a su suerte, no hay una comunicaci\u00f3n ni promoci\u00f3n de nuestro estado y mucho menos una\u00a0 palmada en la espalda para los empresarios\u201d, apunt\u00f3.<\/p>\n<p>Y destac\u00f3 que lo que s\u00ed se ve y se reconoce es la disposici\u00f3n de empresarios hoteleros, c\u00e1maras de restauranteros, agentes de viajes, comerciantes, vendedores y familias para retomar sus actividades, ya que de su trabajo depende que se retomen las distintas actividades tur\u00edsticas<\/p>\n<p>\u201cEs necesario impulsar el turismo sostenible e inclusivo que favorezca econ\u00f3micamente a cada regi\u00f3n del Estado, con una importante labor de promoci\u00f3n de las distintas opciones tur\u00edsticas que encontramos en Veracruz; Urge que los recursos del 2 por ciento al hospedaje se aprovechen de mejor manera para que Veracruz recupere su lugar privilegiado como destino tur\u00edstico nacional\u201d, sostuvo.<\/p>\n<p>El Partido de la Revoluci\u00f3n Democr\u00e1tica lamenta que no haya un capit\u00e1n en el tim\u00f3n de la SECTUR e hizo un llamado para unir esfuerzos y contribuir al rescate del sector, para lo cual propuso la implementaci\u00f3n de mesas regionales para analizar cada caso, escuchar las ideas y propuestas de los afectados, que son quienes realmente saben de turismo, y alcanzar acuerdos que les permitan salir adelante y rescatar sus empleos y patrimonio.<\/p>\n<p>\u201cEl llamado lo hacemos extensivo a autoridades federales, estatales y municipales, al poder legislativo para que se acerque a los ciudadanos hoy que todav\u00eda queda algo que rescatar y no se espere a que sea temporada electoral\u201d, finaliz\u00f3.<\/p>\n<p>Reconoce PRD al alcalde de San Rafael<\/p>\n<p>A nombre de la Direcci\u00f3n Estatal Ejecutiva del PRD, el Secretario General, Roberto Pe\u00f1a Gonz\u00e1lez,\u00a0 reconoci\u00f3 la labor del alcalde de San Rafael, Luis Daniel Lagunes Mar\u00edn, quien el d\u00eda de ayer \u201ctuvo el valor\u201d para detener trabajos irregulares en la construcci\u00f3n de la autopista Cardel-Poza Rica a la altura de la comunidad de Paso Largo,<\/p>\n<p>Manifest\u00f3 que el alcalde actu\u00f3 ante la preocupaci\u00f3n \u201cleg\u00edtima\u201d de autoridades de protecci\u00f3n civil y pobladores, porque de acuerdo al Dictamen de PC, la empresa Mota Engil constru\u00eda un terrapl\u00e9n hacia el r\u00edo Bobos, que funcionar\u00eda como dique que provocar\u00eda inundaciones a las comunidades ubicadas en zonas bajas de los municipios de Mart\u00ednez de la Torre, Misantla y San Rafael.<\/p>\n<p>Pe\u00f1a Gonz\u00e1lez expres\u00f3 que es de esta manera como los alcaldes emanados del PRD demuestran su compromiso con el pueblo, no dejando que se afecta los inter\u00e9s, el patrimonio y las vidas de los ciudadanos de sus municipios, por lo que le enviaron su apoyo.<\/p>\n","protected":false},"excerpt":{"rendered":"<p>&nbsp; Con una ocupaci\u00f3n hotelera del tres al cuatro por ciento en Xalapa y m\u00e1s de dos mil 400 familias sin empleo, as\u00ed como la p\u00e9rdida del noventa por ciento de los trabajos directos que genera la industria tur\u00edstica en todo el estado de Veracruz, es el saldo que arroja la falta de visi\u00f3n y [&hellip;]<\/p>\n","protected":false},"author":2,"featured_media":0,"comment_status":"open","ping_status":"open","sticky":false,"template":"","format":"standard","meta":{"tdm_status":"","tdm_grid_status":"","footnotes":""},"categories":[73],"tags":[20522,371,20524,20523,20525,17477,1026,1639,1267,107,19947,6836,2782,2156,7887,195,96],"class_list":{"0":"post-59998","1":"post","2":"type-post","3":"status-publish","4":"format-standard","6":"category-de-boleto","7":"tag-choferes","8":"tag-coatzacoalcos","9":"tag-daniel-lagunes-marin","10":"tag-guias-de-turistas","11":"tag-martinez-de-la-torres","12":"tag-meseros","13":"tag-morena","14":"tag-orizaba","15":"tag-poza-rica","16":"tag-prd","17":"tag-restauranteros","18":"tag-roberto-pena-gonzalez","19":"tag-san-rafael","20":"tag-sectur","21":"tag-sergio-cadena-martinez","22":"tag-veracruz","23":"tag-xalapa"},"yoast_head":"<!-- This site is optimized with the Yoast SEO plugin v27.4 - https:\/\/yoast.com\/product\/yoast-seo-wordpress\/ -->\n<title>Tronaron al turismo por falta de visi\u00f3n!: PRD - Los pol\u00edticos Veracruz<\/title>\n<meta name=\"robots\" content=\"index, follow, max-snippet:-1, max-image-preview:large, max-video-preview:-1\" \/>\n<link rel=\"canonical\" href=\"https:\/\/lospoliticosveracruz.com\/?p=59998\" \/>\n<meta property=\"og:locale\" content=\"es_ES\" \/>\n<meta property=\"og:type\" content=\"article\" \/>\n<meta property=\"og:title\" content=\"Tronaron al turismo por falta de visi\u00f3n!: PRD - Los pol\u00edticos Veracruz\" \/>\n<meta property=\"og:description\" content=\"&nbsp; Con una ocupaci\u00f3n hotelera del tres al cuatro por ciento en Xalapa y m\u00e1s de dos mil 400 familias sin empleo, as\u00ed como la p\u00e9rdida del noventa por ciento de los trabajos directos que genera la industria tur\u00edstica en todo el estado de Veracruz, es el saldo que arroja la falta de visi\u00f3n y [&hellip;]\" \/>\n<meta property=\"og:url\" content=\"https:\/\/lospoliticosveracruz.com\/?p=59998\" \/>\n<meta property=\"og:site_name\" content=\"Los pol\u00edticos Veracruz\" \/>\n<meta property=\"article:publisher\" content=\"https:\/\/www.facebook.com\/people\/Notimemes-de-los-Polticos\/61565672886568\/\" \/>\n<meta property=\"article:published_time\" content=\"2020-09-01T17:34:47+00:00\" \/>\n<meta property=\"og:image\" content=\"https:\/\/lospoliticosveracruz.com\/wp-content\/uploads\/2016\/07\/Logo-Dor.jpg\" \/>\n\t<meta property=\"og:image:width\" content=\"200\" \/>\n\t<meta property=\"og:image:height\" content=\"200\" \/>\n\t<meta property=\"og:image:type\" content=\"image\/jpeg\" \/>\n<meta name=\"author\" content=\"Lo viste en Los Pol\u00edticos\" \/>\n<meta name=\"twitter:card\" content=\"summary_large_image\" \/>\n<meta name=\"twitter:creator\" content=\"@LosPoliticosVer\" \/>\n<meta name=\"twitter:site\" content=\"@LosPoliticosVer\" \/>\n<meta name=\"twitter:label1\" content=\"Escrito por\" \/>\n\t<meta name=\"twitter:data1\" content=\"Lo viste en Los Pol\u00edticos\" \/>\n\t<meta name=\"twitter:label2\" content=\"Tiempo de lectura\" \/>\n\t<meta name=\"twitter:data2\" content=\"4 minutos\" \/>\n<script type=\"application\/ld+json\" class=\"yoast-schema-graph\">{\"@context\":\"https:\\\/\\\/schema.org\",\"@graph\":[{\"@type\":\"Article\",\"@id\":\"https:\\\/\\\/lospoliticosveracruz.com\\\/?p=59998#article\",\"isPartOf\":{\"@id\":\"https:\\\/\\\/lospoliticosveracruz.com\\\/?p=59998\"},\"author\":{\"name\":\"Lo viste en Los Pol\u00edticos\",\"@id\":\"https:\\\/\\\/lospoliticosveracruz.com\\\/#\\\/schema\\\/person\\\/b8702bb0e538456e6efd07080bf2a4a2\"},\"headline\":\"Tronaron al turismo por falta de visi\u00f3n!: PRD\",\"datePublished\":\"2020-09-01T17:34:47+00:00\",\"mainEntityOfPage\":{\"@id\":\"https:\\\/\\\/lospoliticosveracruz.com\\\/?p=59998\"},\"wordCount\":831,\"commentCount\":0,\"publisher\":{\"@id\":\"https:\\\/\\\/lospoliticosveracruz.com\\\/#organization\"},\"keywords\":[\"Choferes\",\"Coatzacoalcos\",\"Daniel Lagunes Mar\u00edn\",\"Gu\u00edas de turistas\",\"Mart\u00ednez de la Torres\",\"meseros\",\"Morena\",\"Orizaba\",\"Poza Rica\",\"PRD\",\"Restauranteros\",\"Roberto Pe\u00f1a Gonz\u00e1lez\",\"San Rafael\",\"Sectur\",\"Sergio Cadena Mart\u00ednez\",\"Veracruz\",\"Xalapa\"],\"articleSection\":[\"De Boleto\"],\"inLanguage\":\"es\",\"potentialAction\":[{\"@type\":\"CommentAction\",\"name\":\"Comment\",\"target\":[\"https:\\\/\\\/lospoliticosveracruz.com\\\/?p=59998#respond\"]}]},{\"@type\":\"WebPage\",\"@id\":\"https:\\\/\\\/lospoliticosveracruz.com\\\/?p=59998\",\"url\":\"https:\\\/\\\/lospoliticosveracruz.com\\\/?p=59998\",\"name\":\"Tronaron al turismo por falta de visi\u00f3n!: PRD - Los pol\u00edticos Veracruz\",\"isPartOf\":{\"@id\":\"https:\\\/\\\/lospoliticosveracruz.com\\\/#website\"},\"datePublished\":\"2020-09-01T17:34:47+00:00\",\"breadcrumb\":{\"@id\":\"https:\\\/\\\/lospoliticosveracruz.com\\\/?p=59998#breadcrumb\"},\"inLanguage\":\"es\",\"potentialAction\":[{\"@type\":\"ReadAction\",\"target\":[\"https:\\\/\\\/lospoliticosveracruz.com\\\/?p=59998\"]}]},{\"@type\":\"BreadcrumbList\",\"@id\":\"https:\\\/\\\/lospoliticosveracruz.com\\\/?p=59998#breadcrumb\",\"itemListElement\":[{\"@type\":\"ListItem\",\"position\":1,\"name\":\"Portada\",\"item\":\"https:\\\/\\\/lospoliticosveracruz.com\\\/\"},{\"@type\":\"ListItem\",\"position\":2,\"name\":\"Tronaron al turismo por falta de visi\u00f3n!: PRD\"}]},{\"@type\":\"WebSite\",\"@id\":\"https:\\\/\\\/lospoliticosveracruz.com\\\/#website\",\"url\":\"https:\\\/\\\/lospoliticosveracruz.com\\\/\",\"name\":\"Los pol\u00edticos Veracruz\",\"description\":\"\",\"publisher\":{\"@id\":\"https:\\\/\\\/lospoliticosveracruz.com\\\/#organization\"},\"potentialAction\":[{\"@type\":\"SearchAction\",\"target\":{\"@type\":\"EntryPoint\",\"urlTemplate\":\"https:\\\/\\\/lospoliticosveracruz.com\\\/?s={search_term_string}\"},\"query-input\":{\"@type\":\"PropertyValueSpecification\",\"valueRequired\":true,\"valueName\":\"search_term_string\"}}],\"inLanguage\":\"es\"},{\"@type\":\"Organization\",\"@id\":\"https:\\\/\\\/lospoliticosveracruz.com\\\/#organization\",\"name\":\"Los pol\u00edticos Veracruz\",\"url\":\"https:\\\/\\\/lospoliticosveracruz.com\\\/\",\"logo\":{\"@type\":\"ImageObject\",\"inLanguage\":\"es\",\"@id\":\"https:\\\/\\\/lospoliticosveracruz.com\\\/#\\\/schema\\\/logo\\\/image\\\/\",\"url\":\"https:\\\/\\\/lospoliticosveracruz.com\\\/wp-content\\\/uploads\\\/2025\\\/12\\\/Logo-Nuevo-LOS-POLITICOS-1.jpg\",\"contentUrl\":\"https:\\\/\\\/lospoliticosveracruz.com\\\/wp-content\\\/uploads\\\/2025\\\/12\\\/Logo-Nuevo-LOS-POLITICOS-1.jpg\",\"width\":260,\"height\":70,\"caption\":\"Los pol\u00edticos Veracruz\"},\"image\":{\"@id\":\"https:\\\/\\\/lospoliticosveracruz.com\\\/#\\\/schema\\\/logo\\\/image\\\/\"},\"sameAs\":[\"https:\\\/\\\/www.facebook.com\\\/people\\\/Notimemes-de-los-Polticos\\\/61565672886568\\\/\",\"https:\\\/\\\/x.com\\\/LosPoliticosVer\"]},{\"@type\":\"Person\",\"@id\":\"https:\\\/\\\/lospoliticosveracruz.com\\\/#\\\/schema\\\/person\\\/b8702bb0e538456e6efd07080bf2a4a2\",\"name\":\"Lo viste en Los Pol\u00edticos\",\"image\":{\"@type\":\"ImageObject\",\"inLanguage\":\"es\",\"@id\":\"https:\\\/\\\/secure.gravatar.com\\\/avatar\\\/3a8de04a2656d44082be478bd6c086daa447c4651605818287b9532d3d0bd435?s=96&d=mm&r=g\",\"url\":\"https:\\\/\\\/secure.gravatar.com\\\/avatar\\\/3a8de04a2656d44082be478bd6c086daa447c4651605818287b9532d3d0bd435?s=96&d=mm&r=g\",\"contentUrl\":\"https:\\\/\\\/secure.gravatar.com\\\/avatar\\\/3a8de04a2656d44082be478bd6c086daa447c4651605818287b9532d3d0bd435?s=96&d=mm&r=g\",\"caption\":\"Lo viste en Los Pol\u00edticos\"},\"url\":\"https:\\\/\\\/lospoliticosveracruz.com\\\/?author=2\"}]}<\/script>\n<!-- \/ Yoast SEO plugin. -->","yoast_head_json":{"title":"Tronaron al turismo por falta de visi\u00f3n!: PRD - Los pol\u00edticos Veracruz","robots":{"index":"index","follow":"follow","max-snippet":"max-snippet:-1","max-image-preview":"max-image-preview:large","max-video-preview":"max-video-preview:-1"},"canonical":"https:\/\/lospoliticosveracruz.com\/?p=59998","og_locale":"es_ES","og_type":"article","og_title":"Tronaron al turismo por falta de visi\u00f3n!: PRD - Los pol\u00edticos Veracruz","og_description":"&nbsp; Con una ocupaci\u00f3n hotelera del tres al cuatro por ciento en Xalapa y m\u00e1s de dos mil 400 familias sin empleo, as\u00ed como la p\u00e9rdida del noventa por ciento de los trabajos directos que genera la industria tur\u00edstica en todo el estado de Veracruz, es el saldo que arroja la falta de visi\u00f3n y [&hellip;]","og_url":"https:\/\/lospoliticosveracruz.com\/?p=59998","og_site_name":"Los pol\u00edticos Veracruz","article_publisher":"https:\/\/www.facebook.com\/people\/Notimemes-de-los-Polticos\/61565672886568\/","article_published_time":"2020-09-01T17:34:47+00:00","og_image":[{"width":200,"height":200,"url":"https:\/\/lospoliticosveracruz.com\/wp-content\/uploads\/2016\/07\/Logo-Dor.jpg","type":"image\/jpeg"}],"author":"Lo viste en Los Pol\u00edticos","twitter_card":"summary_large_image","twitter_creator":"@LosPoliticosVer","twitter_site":"@LosPoliticosVer","twitter_misc":{"Escrito por":"Lo viste en Los Pol\u00edticos","Tiempo de lectura":"4 minutos"},"schema":{"@context":"https:\/\/schema.org","@graph":[{"@type":"Article","@id":"https:\/\/lospoliticosveracruz.com\/?p=59998#article","isPartOf":{"@id":"https:\/\/lospoliticosveracruz.com\/?p=59998"},"author":{"name":"Lo viste en Los Pol\u00edticos","@id":"https:\/\/lospoliticosveracruz.com\/#\/schema\/person\/b8702bb0e538456e6efd07080bf2a4a2"},"headline":"Tronaron al turismo por falta de visi\u00f3n!: PRD","datePublished":"2020-09-01T17:34:47+00:00","mainEntityOfPage":{"@id":"https:\/\/lospoliticosveracruz.com\/?p=59998"},"wordCount":831,"commentCount":0,"publisher":{"@id":"https:\/\/lospoliticosveracruz.com\/#organization"},"keywords":["Choferes","Coatzacoalcos","Daniel Lagunes Mar\u00edn","Gu\u00edas de turistas","Mart\u00ednez de la Torres","meseros","Morena","Orizaba","Poza Rica","PRD","Restauranteros","Roberto Pe\u00f1a Gonz\u00e1lez","San Rafael","Sectur","Sergio Cadena Mart\u00ednez","Veracruz","Xalapa"],"articleSection":["De Boleto"],"inLanguage":"es","potentialAction":[{"@type":"CommentAction","name":"Comment","target":["https:\/\/lospoliticosveracruz.com\/?p=59998#respond"]}]},{"@type":"WebPage","@id":"https:\/\/lospoliticosveracruz.com\/?p=59998","url":"https:\/\/lospoliticosveracruz.com\/?p=59998","name":"Tronaron al turismo por falta de visi\u00f3n!: PRD - Los pol\u00edticos Veracruz","isPartOf":{"@id":"https:\/\/lospoliticosveracruz.com\/#website"},"datePublished":"2020-09-01T17:34:47+00:00","breadcrumb":{"@id":"https:\/\/lospoliticosveracruz.com\/?p=59998#breadcrumb"},"inLanguage":"es","potentialAction":[{"@type":"ReadAction","target":["https:\/\/lospoliticosveracruz.com\/?p=59998"]}]},{"@type":"BreadcrumbList","@id":"https:\/\/lospoliticosveracruz.com\/?p=59998#breadcrumb","itemListElement":[{"@type":"ListItem","position":1,"name":"Portada","item":"https:\/\/lospoliticosveracruz.com\/"},{"@type":"ListItem","position":2,"name":"Tronaron al turismo por falta de visi\u00f3n!: PRD"}]},{"@type":"WebSite","@id":"https:\/\/lospoliticosveracruz.com\/#website","url":"https:\/\/lospoliticosveracruz.com\/","name":"Los pol\u00edticos Veracruz","description":"","publisher":{"@id":"https:\/\/lospoliticosveracruz.com\/#organization"},"potentialAction":[{"@type":"SearchAction","target":{"@type":"EntryPoint","urlTemplate":"https:\/\/lospoliticosveracruz.com\/?s={search_term_string}"},"query-input":{"@type":"PropertyValueSpecification","valueRequired":true,"valueName":"search_term_string"}}],"inLanguage":"es"},{"@type":"Organization","@id":"https:\/\/lospoliticosveracruz.com\/#organization","name":"Los pol\u00edticos Veracruz","url":"https:\/\/lospoliticosveracruz.com\/","logo":{"@type":"ImageObject","inLanguage":"es","@id":"https:\/\/lospoliticosveracruz.com\/#\/schema\/logo\/image\/","url":"https:\/\/lospoliticosveracruz.com\/wp-content\/uploads\/2025\/12\/Logo-Nuevo-LOS-POLITICOS-1.jpg","contentUrl":"https:\/\/lospoliticosveracruz.com\/wp-content\/uploads\/2025\/12\/Logo-Nuevo-LOS-POLITICOS-1.jpg","width":260,"height":70,"caption":"Los pol\u00edticos Veracruz"},"image":{"@id":"https:\/\/lospoliticosveracruz.com\/#\/schema\/logo\/image\/"},"sameAs":["https:\/\/www.facebook.com\/people\/Notimemes-de-los-Polticos\/61565672886568\/","https:\/\/x.com\/LosPoliticosVer"]},{"@type":"Person","@id":"https:\/\/lospoliticosveracruz.com\/#\/schema\/person\/b8702bb0e538456e6efd07080bf2a4a2","name":"Lo viste en Los Pol\u00edticos","image":{"@type":"ImageObject","inLanguage":"es","@id":"https:\/\/secure.gravatar.com\/avatar\/3a8de04a2656d44082be478bd6c086daa447c4651605818287b9532d3d0bd435?s=96&d=mm&r=g","url":"https:\/\/secure.gravatar.com\/avatar\/3a8de04a2656d44082be478bd6c086daa447c4651605818287b9532d3d0bd435?s=96&d=mm&r=g","contentUrl":"https:\/\/secure.gravatar.com\/avatar\/3a8de04a2656d44082be478bd6c086daa447c4651605818287b9532d3d0bd435?s=96&d=mm&r=g","caption":"Lo viste en Los Pol\u00edticos"},"url":"https:\/\/lospoliticosveracruz.com\/?author=2"}]}},"_links":{"self":[{"href":"https:\/\/lospoliticosveracruz.com\/index.php?rest_route=\/wp\/v2\/posts\/59998","targetHints":{"allow":["GET"]}}],"collection":[{"href":"https:\/\/lospoliticosveracruz.com\/index.php?rest_route=\/wp\/v2\/posts"}],"about":[{"href":"https:\/\/lospoliticosveracruz.com\/index.php?rest_route=\/wp\/v2\/types\/post"}],"author":[{"embeddable":true,"href":"https:\/\/lospoliticosveracruz.com\/index.php?rest_route=\/wp\/v2\/users\/2"}],"replies":[{"embeddable":true,"href":"https:\/\/lospoliticosveracruz.com\/index.php?rest_route=%2Fwp%2Fv2%2Fcomments&post=59998"}],"version-history":[{"count":1,"href":"https:\/\/lospoliticosveracruz.com\/index.php?rest_route=\/wp\/v2\/posts\/59998\/revisions"}],"predecessor-version":[{"id":60000,"href":"https:\/\/lospoliticosveracruz.com\/index.php?rest_route=\/wp\/v2\/posts\/59998\/revisions\/60000"}],"wp:attachment":[{"href":"https:\/\/lospoliticosveracruz.com\/index.php?rest_route=%2Fwp%2Fv2%2Fmedia&parent=59998"}],"wp:term":[{"taxonomy":"category","embeddable":true,"href":"https:\/\/lospoliticosveracruz.com\/index.php?rest_route=%2Fwp%2Fv2%2Fcategories&post=59998"},{"taxonomy":"post_tag","embeddable":true,"href":"https:\/\/lospoliticosveracruz.com\/index.php?rest_route=%2Fwp%2Fv2%2Ftags&post=59998"}],"curies":[{"name":"wp","href":"https:\/\/api.w.org\/{rel}","templated":true}]}}