{"id":60026,"date":"2020-09-02T07:02:10","date_gmt":"2020-09-02T12:02:10","guid":{"rendered":"http:\/\/www.lospoliticosveracruz.com.mx\/?p=60026"},"modified":"2020-09-02T07:02:10","modified_gmt":"2020-09-02T12:02:10","slug":"el-sexto-sentido-de-los-perros","status":"publish","type":"post","link":"https:\/\/lospoliticosveracruz.com\/?p=60026","title":{"rendered":"El Sexto Sentido de los Perros"},"content":{"rendered":"<p><strong>Maricarmen Garc\u00eda El\u00edas<\/strong><\/p>\n<p><em>Animalia<\/em><br \/>\nEntre los seres humanos, como sucede con frecuencia, en ocasiones el amor no sobrevive a las primeras etapas de convivencia, al principio en el enamoramiento todo suele ser perfecto pero si la pareja no pone todo de su parte, la relaci\u00f3n va directo al fracaso y no solo el amor de pareja puede quebrarse, tambi\u00e9n una simple amistad, una relaci\u00f3n familiar, en general cualquier relaci\u00f3n humana est\u00e1 expuesta a esa fragilidad debido al car\u00e1cter y sentimientos tan complejos de las personas.<br \/>\nHay personas distanciadas por a\u00f1os, a veces padres e hijos, debido al resentimiento, a los malos entendidos, a la mala comunicaci\u00f3n, al odio, a los celos, a la envidia, a la ausencia de amor y a tantos males que envenenan el coraz\u00f3n. En los perros no ocurre esto, los perros no muestran ninguna necesidad de teorizar sobre el amor, simplemente lo demuestran. Lo demuestran una vez y otra. Es sorprendente la habilidad de los perros para amar de una forma tan incondicional y sin complicaciones.<br \/>\nIncluso los perros maltratados aman incondicionalmente a sus crueles due\u00f1os, las palizas que reciben no hacen que los perros los quieran menos. En los perros, esta capacidad de amar es tan marcada, y est\u00e1 tan desarrollada que bien deb\u00eda ser considerado casi como otro sentido. Puede ser perfectamente una capacidad de amar por encima de lo normal, y todas las personas que vivimos junto a un perro somos afortunadas de gozar de este amor.<br \/>\nAun cuando los perros descubren todos nuestros defectos, debilidades, traiciones y crueldades, es decir, lo m\u00e1s feo del ser humano, los perros parecen amarnos con igual fuerza no parece que nos amen menos, no se alejan, no nos desprecian como por ejemplo s\u00ed lo har\u00eda una persona que pele\u00f3 con su novio o amigos(a) quienes a menudo lo primero que hacen es bloquearse en las redes sociales o lastimarse con lo que saben que al otro le duele m\u00e1s. Es por eso que una persona llega a amar tanto a su perro, por esa lealtad y ese amor que parece no tener fin, en especial los ni\u00f1os que tienen la capacidad innata para comunicarse y entenderse muy bien con los perros.<br \/>\nPero \u00bfDe d\u00f3nde viene este amor? Hay teor\u00edas que dicen que el hecho de dar de comer a cachorros y a perros adultos es la base de su cari\u00f1o hacia nosotros, similar a las teor\u00edas similares para explicar el v\u00ednculo emocional entre \u00e9l bebe y la madre). Sin embargo, una serie de experimentos realizados, ya en 1954, demostraron que la alimentaci\u00f3n no era un elemento necesario para el desarrollo del v\u00ednculo social. Para ello a un grupo de cachorros se les alimentaba autom\u00e1ticamente mediante una m\u00e1quina y a otro grupo le alimentaba una persona. Finalmente la \u00fanica diferencia que se observ\u00f3 entre los dos grupos de cachorros fue que los alimentados manualmente emitieron m\u00e1s llamadas al ver al experimentador. Por lo tanto, con este experimento, podemos ver que el amor del perro no parece condicionado solamente por lo que le demos, ni s\u00f3lo porque reconozca que somos su fuente de comida. Un perro no quiere a una m\u00e1quina que le de comida, pero s\u00ed es capaz de amar a personas que nunca le alimentaron.<br \/>\nLos perros no inhiben su cari\u00f1o lo expresan libremente, no son calculadores ni piensan sacar ventaja de nosotros. Por eso, aunque los perros no cometen los mismos errores en el amor que suelen cometer los seres humanos, s\u00ed que aman a un humano que les causa a menudo m\u00e1s sufrimiento que otra cosa. El cerebro humano es el principal \u00f3rgano sexual, pero para el perro no es as\u00ed. Uno no puede impresionar a su perro con la belleza, la riqueza, las posesiones o el poder. Nosotros podemos enamorarnos de alguien por alguna de estas cualidades. Un perro no se enamora, simplemente ama. El mundo sentimental de los perros est\u00e1 ba\u00f1ado de inocencia, pureza y ausencia de autoenga\u00f1o, algo que tienen en com\u00fan con los ni\u00f1os. Los perros muestran este cari\u00f1o desinteresado y profundo con casi cualquier persona.<br \/>\nPor todo lo anterior algunas personas mantienen que el perro es amor, que todo en ellos gira alrededor del amor y por eso es nuestro deber corresponder a este amor con amor, tratarles bien, respetar sus derechos, compadecernos de los perros en situaci\u00f3n de calle y darles alimento, agua, no atropellarlos si vamos manejando, promover su adopci\u00f3n responsable, un perro es una criatura indefensa que solo tiene amor. El amor de un perro es el amor m\u00e1s inocente, real y puro que una persona llegar\u00e1 a experimentar en toda su vida.<br \/>\ngaem80@gmail.com<\/p>\n","protected":false},"excerpt":{"rendered":"<p>Maricarmen Garc\u00eda El\u00edas Animalia Entre los seres humanos, como sucede con frecuencia, en ocasiones el amor no sobrevive a las primeras etapas de convivencia, al principio en el enamoramiento todo suele ser perfecto pero si la pareja no pone todo de su parte, la relaci\u00f3n va directo al fracaso y no solo el amor de [&hellip;]<\/p>\n","protected":false},"author":2,"featured_media":0,"comment_status":"open","ping_status":"open","sticky":false,"template":"","format":"standard","meta":{"tdm_status":"","tdm_grid_status":"","footnotes":""},"categories":[70],"tags":[12366,3350,9003,336],"class_list":{"0":"post-60026","1":"post","2":"type-post","3":"status-publish","4":"format-standard","6":"category-de-opinion","7":"tag-enamorarse","8":"tag-familia","9":"tag-maltrato","10":"tag-perros"},"yoast_head":"<!-- This site is optimized with the Yoast SEO plugin v27.4 - https:\/\/yoast.com\/product\/yoast-seo-wordpress\/ -->\n<title>El Sexto Sentido de los Perros - Los pol\u00edticos Veracruz<\/title>\n<meta name=\"robots\" content=\"index, follow, max-snippet:-1, max-image-preview:large, max-video-preview:-1\" \/>\n<link rel=\"canonical\" href=\"https:\/\/lospoliticosveracruz.com\/?p=60026\" \/>\n<meta property=\"og:locale\" content=\"es_ES\" \/>\n<meta property=\"og:type\" content=\"article\" \/>\n<meta property=\"og:title\" content=\"El Sexto Sentido de los Perros - Los pol\u00edticos Veracruz\" \/>\n<meta property=\"og:description\" content=\"Maricarmen Garc\u00eda El\u00edas Animalia Entre los seres humanos, como sucede con frecuencia, en ocasiones el amor no sobrevive a las primeras etapas de convivencia, al principio en el enamoramiento todo suele ser perfecto pero si la pareja no pone todo de su parte, la relaci\u00f3n va directo al fracaso y no solo el amor de [&hellip;]\" \/>\n<meta property=\"og:url\" content=\"https:\/\/lospoliticosveracruz.com\/?p=60026\" \/>\n<meta property=\"og:site_name\" content=\"Los pol\u00edticos Veracruz\" \/>\n<meta property=\"article:publisher\" content=\"https:\/\/www.facebook.com\/people\/Notimemes-de-los-Polticos\/61565672886568\/\" \/>\n<meta property=\"article:published_time\" content=\"2020-09-02T12:02:10+00:00\" \/>\n<meta property=\"og:image\" content=\"https:\/\/lospoliticosveracruz.com\/wp-content\/uploads\/2016\/07\/Logo-Dor.jpg\" \/>\n\t<meta property=\"og:image:width\" content=\"200\" \/>\n\t<meta property=\"og:image:height\" content=\"200\" \/>\n\t<meta property=\"og:image:type\" content=\"image\/jpeg\" \/>\n<meta name=\"author\" content=\"Lo viste en Los Pol\u00edticos\" \/>\n<meta name=\"twitter:card\" content=\"summary_large_image\" \/>\n<meta name=\"twitter:creator\" content=\"@LosPoliticosVer\" \/>\n<meta name=\"twitter:site\" content=\"@LosPoliticosVer\" \/>\n<meta name=\"twitter:label1\" content=\"Escrito por\" \/>\n\t<meta name=\"twitter:data1\" content=\"Lo viste en Los Pol\u00edticos\" \/>\n\t<meta name=\"twitter:label2\" content=\"Tiempo de lectura\" \/>\n\t<meta name=\"twitter:data2\" content=\"4 minutos\" \/>\n<script type=\"application\/ld+json\" class=\"yoast-schema-graph\">{\"@context\":\"https:\\\/\\\/schema.org\",\"@graph\":[{\"@type\":\"Article\",\"@id\":\"https:\\\/\\\/lospoliticosveracruz.com\\\/?p=60026#article\",\"isPartOf\":{\"@id\":\"https:\\\/\\\/lospoliticosveracruz.com\\\/?p=60026\"},\"author\":{\"name\":\"Lo viste en Los Pol\u00edticos\",\"@id\":\"https:\\\/\\\/lospoliticosveracruz.com\\\/#\\\/schema\\\/person\\\/b8702bb0e538456e6efd07080bf2a4a2\"},\"headline\":\"El Sexto Sentido de los Perros\",\"datePublished\":\"2020-09-02T12:02:10+00:00\",\"mainEntityOfPage\":{\"@id\":\"https:\\\/\\\/lospoliticosveracruz.com\\\/?p=60026\"},\"wordCount\":814,\"commentCount\":0,\"publisher\":{\"@id\":\"https:\\\/\\\/lospoliticosveracruz.com\\\/#organization\"},\"keywords\":[\"enamorarse\",\"Familia\",\"Maltrato\",\"perros\"],\"articleSection\":[\"De Opini\u00f3n\"],\"inLanguage\":\"es\",\"potentialAction\":[{\"@type\":\"CommentAction\",\"name\":\"Comment\",\"target\":[\"https:\\\/\\\/lospoliticosveracruz.com\\\/?p=60026#respond\"]}]},{\"@type\":\"WebPage\",\"@id\":\"https:\\\/\\\/lospoliticosveracruz.com\\\/?p=60026\",\"url\":\"https:\\\/\\\/lospoliticosveracruz.com\\\/?p=60026\",\"name\":\"El Sexto Sentido de los Perros - Los pol\u00edticos Veracruz\",\"isPartOf\":{\"@id\":\"https:\\\/\\\/lospoliticosveracruz.com\\\/#website\"},\"datePublished\":\"2020-09-02T12:02:10+00:00\",\"breadcrumb\":{\"@id\":\"https:\\\/\\\/lospoliticosveracruz.com\\\/?p=60026#breadcrumb\"},\"inLanguage\":\"es\",\"potentialAction\":[{\"@type\":\"ReadAction\",\"target\":[\"https:\\\/\\\/lospoliticosveracruz.com\\\/?p=60026\"]}]},{\"@type\":\"BreadcrumbList\",\"@id\":\"https:\\\/\\\/lospoliticosveracruz.com\\\/?p=60026#breadcrumb\",\"itemListElement\":[{\"@type\":\"ListItem\",\"position\":1,\"name\":\"Portada\",\"item\":\"https:\\\/\\\/lospoliticosveracruz.com\\\/\"},{\"@type\":\"ListItem\",\"position\":2,\"name\":\"El Sexto Sentido de los Perros\"}]},{\"@type\":\"WebSite\",\"@id\":\"https:\\\/\\\/lospoliticosveracruz.com\\\/#website\",\"url\":\"https:\\\/\\\/lospoliticosveracruz.com\\\/\",\"name\":\"Los pol\u00edticos Veracruz\",\"description\":\"\",\"publisher\":{\"@id\":\"https:\\\/\\\/lospoliticosveracruz.com\\\/#organization\"},\"potentialAction\":[{\"@type\":\"SearchAction\",\"target\":{\"@type\":\"EntryPoint\",\"urlTemplate\":\"https:\\\/\\\/lospoliticosveracruz.com\\\/?s={search_term_string}\"},\"query-input\":{\"@type\":\"PropertyValueSpecification\",\"valueRequired\":true,\"valueName\":\"search_term_string\"}}],\"inLanguage\":\"es\"},{\"@type\":\"Organization\",\"@id\":\"https:\\\/\\\/lospoliticosveracruz.com\\\/#organization\",\"name\":\"Los pol\u00edticos Veracruz\",\"url\":\"https:\\\/\\\/lospoliticosveracruz.com\\\/\",\"logo\":{\"@type\":\"ImageObject\",\"inLanguage\":\"es\",\"@id\":\"https:\\\/\\\/lospoliticosveracruz.com\\\/#\\\/schema\\\/logo\\\/image\\\/\",\"url\":\"https:\\\/\\\/lospoliticosveracruz.com\\\/wp-content\\\/uploads\\\/2025\\\/12\\\/Logo-Nuevo-LOS-POLITICOS-1.jpg\",\"contentUrl\":\"https:\\\/\\\/lospoliticosveracruz.com\\\/wp-content\\\/uploads\\\/2025\\\/12\\\/Logo-Nuevo-LOS-POLITICOS-1.jpg\",\"width\":260,\"height\":70,\"caption\":\"Los pol\u00edticos Veracruz\"},\"image\":{\"@id\":\"https:\\\/\\\/lospoliticosveracruz.com\\\/#\\\/schema\\\/logo\\\/image\\\/\"},\"sameAs\":[\"https:\\\/\\\/www.facebook.com\\\/people\\\/Notimemes-de-los-Polticos\\\/61565672886568\\\/\",\"https:\\\/\\\/x.com\\\/LosPoliticosVer\"]},{\"@type\":\"Person\",\"@id\":\"https:\\\/\\\/lospoliticosveracruz.com\\\/#\\\/schema\\\/person\\\/b8702bb0e538456e6efd07080bf2a4a2\",\"name\":\"Lo viste en Los Pol\u00edticos\",\"image\":{\"@type\":\"ImageObject\",\"inLanguage\":\"es\",\"@id\":\"https:\\\/\\\/secure.gravatar.com\\\/avatar\\\/3a8de04a2656d44082be478bd6c086daa447c4651605818287b9532d3d0bd435?s=96&d=mm&r=g\",\"url\":\"https:\\\/\\\/secure.gravatar.com\\\/avatar\\\/3a8de04a2656d44082be478bd6c086daa447c4651605818287b9532d3d0bd435?s=96&d=mm&r=g\",\"contentUrl\":\"https:\\\/\\\/secure.gravatar.com\\\/avatar\\\/3a8de04a2656d44082be478bd6c086daa447c4651605818287b9532d3d0bd435?s=96&d=mm&r=g\",\"caption\":\"Lo viste en Los Pol\u00edticos\"},\"url\":\"https:\\\/\\\/lospoliticosveracruz.com\\\/?author=2\"}]}<\/script>\n<!-- \/ Yoast SEO plugin. -->","yoast_head_json":{"title":"El Sexto Sentido de los Perros - Los pol\u00edticos Veracruz","robots":{"index":"index","follow":"follow","max-snippet":"max-snippet:-1","max-image-preview":"max-image-preview:large","max-video-preview":"max-video-preview:-1"},"canonical":"https:\/\/lospoliticosveracruz.com\/?p=60026","og_locale":"es_ES","og_type":"article","og_title":"El Sexto Sentido de los Perros - Los pol\u00edticos Veracruz","og_description":"Maricarmen Garc\u00eda El\u00edas Animalia Entre los seres humanos, como sucede con frecuencia, en ocasiones el amor no sobrevive a las primeras etapas de convivencia, al principio en el enamoramiento todo suele ser perfecto pero si la pareja no pone todo de su parte, la relaci\u00f3n va directo al fracaso y no solo el amor de [&hellip;]","og_url":"https:\/\/lospoliticosveracruz.com\/?p=60026","og_site_name":"Los pol\u00edticos Veracruz","article_publisher":"https:\/\/www.facebook.com\/people\/Notimemes-de-los-Polticos\/61565672886568\/","article_published_time":"2020-09-02T12:02:10+00:00","og_image":[{"width":200,"height":200,"url":"https:\/\/lospoliticosveracruz.com\/wp-content\/uploads\/2016\/07\/Logo-Dor.jpg","type":"image\/jpeg"}],"author":"Lo viste en Los Pol\u00edticos","twitter_card":"summary_large_image","twitter_creator":"@LosPoliticosVer","twitter_site":"@LosPoliticosVer","twitter_misc":{"Escrito por":"Lo viste en Los Pol\u00edticos","Tiempo de lectura":"4 minutos"},"schema":{"@context":"https:\/\/schema.org","@graph":[{"@type":"Article","@id":"https:\/\/lospoliticosveracruz.com\/?p=60026#article","isPartOf":{"@id":"https:\/\/lospoliticosveracruz.com\/?p=60026"},"author":{"name":"Lo viste en Los Pol\u00edticos","@id":"https:\/\/lospoliticosveracruz.com\/#\/schema\/person\/b8702bb0e538456e6efd07080bf2a4a2"},"headline":"El Sexto Sentido de los Perros","datePublished":"2020-09-02T12:02:10+00:00","mainEntityOfPage":{"@id":"https:\/\/lospoliticosveracruz.com\/?p=60026"},"wordCount":814,"commentCount":0,"publisher":{"@id":"https:\/\/lospoliticosveracruz.com\/#organization"},"keywords":["enamorarse","Familia","Maltrato","perros"],"articleSection":["De Opini\u00f3n"],"inLanguage":"es","potentialAction":[{"@type":"CommentAction","name":"Comment","target":["https:\/\/lospoliticosveracruz.com\/?p=60026#respond"]}]},{"@type":"WebPage","@id":"https:\/\/lospoliticosveracruz.com\/?p=60026","url":"https:\/\/lospoliticosveracruz.com\/?p=60026","name":"El Sexto Sentido de los Perros - Los pol\u00edticos Veracruz","isPartOf":{"@id":"https:\/\/lospoliticosveracruz.com\/#website"},"datePublished":"2020-09-02T12:02:10+00:00","breadcrumb":{"@id":"https:\/\/lospoliticosveracruz.com\/?p=60026#breadcrumb"},"inLanguage":"es","potentialAction":[{"@type":"ReadAction","target":["https:\/\/lospoliticosveracruz.com\/?p=60026"]}]},{"@type":"BreadcrumbList","@id":"https:\/\/lospoliticosveracruz.com\/?p=60026#breadcrumb","itemListElement":[{"@type":"ListItem","position":1,"name":"Portada","item":"https:\/\/lospoliticosveracruz.com\/"},{"@type":"ListItem","position":2,"name":"El Sexto Sentido de los Perros"}]},{"@type":"WebSite","@id":"https:\/\/lospoliticosveracruz.com\/#website","url":"https:\/\/lospoliticosveracruz.com\/","name":"Los pol\u00edticos Veracruz","description":"","publisher":{"@id":"https:\/\/lospoliticosveracruz.com\/#organization"},"potentialAction":[{"@type":"SearchAction","target":{"@type":"EntryPoint","urlTemplate":"https:\/\/lospoliticosveracruz.com\/?s={search_term_string}"},"query-input":{"@type":"PropertyValueSpecification","valueRequired":true,"valueName":"search_term_string"}}],"inLanguage":"es"},{"@type":"Organization","@id":"https:\/\/lospoliticosveracruz.com\/#organization","name":"Los pol\u00edticos Veracruz","url":"https:\/\/lospoliticosveracruz.com\/","logo":{"@type":"ImageObject","inLanguage":"es","@id":"https:\/\/lospoliticosveracruz.com\/#\/schema\/logo\/image\/","url":"https:\/\/lospoliticosveracruz.com\/wp-content\/uploads\/2025\/12\/Logo-Nuevo-LOS-POLITICOS-1.jpg","contentUrl":"https:\/\/lospoliticosveracruz.com\/wp-content\/uploads\/2025\/12\/Logo-Nuevo-LOS-POLITICOS-1.jpg","width":260,"height":70,"caption":"Los pol\u00edticos Veracruz"},"image":{"@id":"https:\/\/lospoliticosveracruz.com\/#\/schema\/logo\/image\/"},"sameAs":["https:\/\/www.facebook.com\/people\/Notimemes-de-los-Polticos\/61565672886568\/","https:\/\/x.com\/LosPoliticosVer"]},{"@type":"Person","@id":"https:\/\/lospoliticosveracruz.com\/#\/schema\/person\/b8702bb0e538456e6efd07080bf2a4a2","name":"Lo viste en Los Pol\u00edticos","image":{"@type":"ImageObject","inLanguage":"es","@id":"https:\/\/secure.gravatar.com\/avatar\/3a8de04a2656d44082be478bd6c086daa447c4651605818287b9532d3d0bd435?s=96&d=mm&r=g","url":"https:\/\/secure.gravatar.com\/avatar\/3a8de04a2656d44082be478bd6c086daa447c4651605818287b9532d3d0bd435?s=96&d=mm&r=g","contentUrl":"https:\/\/secure.gravatar.com\/avatar\/3a8de04a2656d44082be478bd6c086daa447c4651605818287b9532d3d0bd435?s=96&d=mm&r=g","caption":"Lo viste en Los Pol\u00edticos"},"url":"https:\/\/lospoliticosveracruz.com\/?author=2"}]}},"_links":{"self":[{"href":"https:\/\/lospoliticosveracruz.com\/index.php?rest_route=\/wp\/v2\/posts\/60026","targetHints":{"allow":["GET"]}}],"collection":[{"href":"https:\/\/lospoliticosveracruz.com\/index.php?rest_route=\/wp\/v2\/posts"}],"about":[{"href":"https:\/\/lospoliticosveracruz.com\/index.php?rest_route=\/wp\/v2\/types\/post"}],"author":[{"embeddable":true,"href":"https:\/\/lospoliticosveracruz.com\/index.php?rest_route=\/wp\/v2\/users\/2"}],"replies":[{"embeddable":true,"href":"https:\/\/lospoliticosveracruz.com\/index.php?rest_route=%2Fwp%2Fv2%2Fcomments&post=60026"}],"version-history":[{"count":2,"href":"https:\/\/lospoliticosveracruz.com\/index.php?rest_route=\/wp\/v2\/posts\/60026\/revisions"}],"predecessor-version":[{"id":60028,"href":"https:\/\/lospoliticosveracruz.com\/index.php?rest_route=\/wp\/v2\/posts\/60026\/revisions\/60028"}],"wp:attachment":[{"href":"https:\/\/lospoliticosveracruz.com\/index.php?rest_route=%2Fwp%2Fv2%2Fmedia&parent=60026"}],"wp:term":[{"taxonomy":"category","embeddable":true,"href":"https:\/\/lospoliticosveracruz.com\/index.php?rest_route=%2Fwp%2Fv2%2Fcategories&post=60026"},{"taxonomy":"post_tag","embeddable":true,"href":"https:\/\/lospoliticosveracruz.com\/index.php?rest_route=%2Fwp%2Fv2%2Ftags&post=60026"}],"curies":[{"name":"wp","href":"https:\/\/api.w.org\/{rel}","templated":true}]}}