{"id":60092,"date":"2020-09-02T14:01:12","date_gmt":"2020-09-02T19:01:12","guid":{"rendered":"http:\/\/www.lospoliticosveracruz.com.mx\/?p=60092"},"modified":"2020-09-02T14:01:12","modified_gmt":"2020-09-02T19:01:12","slug":"dos-anos-perdidos-el-verdadero-informe-dunyaska","status":"publish","type":"post","link":"https:\/\/lospoliticosveracruz.com\/?p=60092","title":{"rendered":"Dos a\u00f1os perdidos, el verdadero informe: Dunyaska"},"content":{"rendered":"<p>La diputada federal por el Distrito XII de Veracruz, Mariana Dunyaska Garc\u00eda Rojas, asever\u00f3 que frente a este segundo informe de gobierno, queda claro que no hay logros reales del gobierno encabezado por Andr\u00e9s Manuel L\u00f3pez Obrador.<br \/>\n\u201cLes vengo a presentar el otro informe, donde queda claro que el saldo que tenemos este a\u00f1o en M\u00e9xico es el peor que hemos tenido en m\u00e1s de tres d\u00e9cadas en casi todos los rubros, en especial seguridad, econom\u00eda, salud y combate a la corrupci\u00f3n, donde no importa que tantas veces repita el presidente que vamos bien, la realidad es una pared con la que no deja de toparse.\u201d<br \/>\n\u201cLa violencia con L\u00f3pez Obrador ha seguido escalando, con m\u00e1s de 60 mil muertos, mientras el presidente usa a la Guardia Nacional para perseguir migrantes en la frontera sur. Dice que no hay narcoestado, pero saluda a la mam\u00e1 del Chapo, libera a su hijo y genera una de las crisis de violencia m\u00e1s fuertes en historia reciente en Culiac\u00e1n, Sinaloa. Hoy en M\u00e9xico se acumulan los muertos, mientras el presidente abiertamente pacta con los delincuentes, les ofrece impunidad y abandona a las familias v\u00edctimas de la delincuencia organizada. Los n\u00fameros son claros: han aumentado un 70% los homicidios dolosos, un 53% las amenazas, un 50% el robo a negocios, un 25% las violaciones, mientras que los feminicidios aumentaron un 11%, encontr\u00e1ndose en su m\u00e1ximo hist\u00f3rico\u201d<br \/>\n\u201cEn materia econ\u00f3mica, el Gobierno actual ya llevaba a\u00f1o y medio en recesi\u00f3n desde antes que llegara la crisis sanitaria de COVID-19, principalmente por su incapacidad para generar inversiones y empleos en el pa\u00eds. Presume la creaci\u00f3n de 93 mil, cuando ya hemos perdido m\u00e1s de 12 millones de empleos en el pa\u00eds; 500 mil empresas al borde de la quiebra, la peor crisis econ\u00f3mica en 100 a\u00f1os, el PIB no creci\u00f3 en 2019 y en 2020 se estima que va a tener una ca\u00edda de entre el 12% y el 17%, el peor en m\u00e1s de 30 a\u00f1os; el Presidente asusta inversiones a diestra y siniestra al estigmatizar empresarios y realizando consultas patito; presume un ahorro de 500 mil millones de pesos anual, cuando el Secretario de Hacienda advierte que el Gobierno se acab\u00f3 los ahorros en el generados en las \u00faltimas d\u00e9cadas; hubo una ca\u00edda del 30% de la inversi\u00f3n en el pa\u00eds en el \u00faltimo mes, la peor desde 1993; PEMEX perdi\u00f3 606 millones de pesos y est\u00e1 en su menor nivel de producci\u00f3n en 41 a\u00f1os; la econom\u00eda familiar tuvo una reducci\u00f3n del 65% en sus ingresos; etc\u2026 Mientras el presidente persigue obras inviables como Dos Bocas, Santa Luc\u00eda y el Tren Maya, la econom\u00eda de las y los mexicanos contin\u00faa cayendo\u201d<br \/>\n\u201cLa falta de empat\u00eda con el sector salud mexicano de parte del Gobierno Federal ha sido catastr\u00f3fica para quienes se dedican en esta noble profesi\u00f3n y para la ciudadan\u00eda en general. La escasez de medicamentos para ni\u00f1os con c\u00e1ncer, los ataques al gremio m\u00e9dico desde el p\u00falpito presidencial, la falta de transparencia en la contrataci\u00f3n de m\u00e9dicos cubanos y el desastre presupuestario que ha sido la eliminaci\u00f3n del Seguro Popular y su transformaci\u00f3n en el incompleto INSABI, que ha dejado a 56 millones de pacientes de enfermedades cr\u00f3nicas, como el C\u00e1ncer y SIDA sin medicamentos o tratamiento, mientras cometen subejercicios por 10.8 millones de pesos. Todo esto sin contar el desastroso manejo de la pandemia que ya dej\u00f3 60 mil muertos, el llamado escenario catastr\u00f3fico, por un desinter\u00e9s en realizar pruebas, aislar casos y parar las actividades cuando se pod\u00eda, todo por que el Presidente y el Subsecretario Gatell decidieron que importaba m\u00e1s intentar ocultar la tragedia que salvar la vida de las y los mexicanos.\u201d<br \/>\n\u201cPrometieron que terminar\u00edan con la corrupci\u00f3n, pero en la pr\u00e1ctica, el Gobierno de Andr\u00e9s Manuel L\u00f3pez Obrador es uno de los m\u00e1s corruptos de la historia moderna de M\u00e9xico. Es corrupto al posicionar a personas sin la capacidad t\u00e9cnica en cargos especializados, como Octavio Romero en PEMEX; al utilizar votaciones fraudulentas para imponerse, como el caso de Rosario Ibarra en la CNDH; al hacer adjudicaciones directas a cercanos, como en los casos de Manuel Bartlett, Carlos Lomel\u00ed, Zo\u00e9 Robledo, Irma Er\u00e9ndira Sandoval, Ana G. Guevara y Roc\u00edo Nahle; al caer en subejercicios y dejar dependencias sin recursos, como en el caso de toda la administraci\u00f3n de Cuitl\u00e1huac Garc\u00eda Jim\u00e9nez, la CFE, PEMEX y CONAGUA; s\u00f3lo por dar algunos ejemplos. AMLO cree que por repetir un mill\u00f3n de veces que \u00e9l no es corrupto, la gente lo creer\u00e1, pero las pruebas siempre salen a la luz y el caso de su hermano P\u00edo recibiendo dinero ilegal para campa\u00f1as de un cercano de Manuel Velasco, dejo claro a todas luces que es un corrupto\u201d. Su discurso anticorrupci\u00f3n es una farsa no act\u00faa en contra de los se\u00f1alados en el pasado como Lozoya y menos en contra de sus colaboradores.<br \/>\nLa diputada concluye: \u201cDieciocho a\u00f1os en campa\u00f1a. Tres sexenios diciendo que s\u00f3lo \u00e9l ten\u00eda la f\u00f3rmula para resolver los complejos problemas de nuestro pa\u00eds, y ahora que Andr\u00e9s Manuel L\u00f3pez Obrador y Morena tienen el poder, dejan en claro que no s\u00f3lo no tienen idea de lo que hacen, sino que existen en una realidad alterna, por que no les importa gobernar, ni la ciudadan\u00eda, ni M\u00e9xico, s\u00f3lo su ambici\u00f3n por el poder que ya los est\u00e1 fracturando dentro de su partido. Mientras el pa\u00eds se hunde, el presidente presume falsos logros y busca distraernos con cualquier cosa y es tanta su soberbia que considera \u201carrogancia\u201d el no asistir a su informe, evocando al presidencialismo m\u00e1s arcaico de sometimiento. Han sido dos a\u00f1os perdidos y de cat\u00e1strofe\u201d.<\/p>\n","protected":false},"excerpt":{"rendered":"<p>La diputada federal por el Distrito XII de Veracruz, Mariana Dunyaska Garc\u00eda Rojas, asever\u00f3 que frente a este segundo informe de gobierno, queda claro que no hay logros reales del gobierno encabezado por Andr\u00e9s Manuel L\u00f3pez Obrador. \u201cLes vengo a presentar el otro informe, donde queda claro que el saldo que tenemos este a\u00f1o en [&hellip;]<\/p>\n","protected":false},"author":2,"featured_media":0,"comment_status":"open","ping_status":"open","sticky":false,"template":"","format":"standard","meta":{"tdm_status":"","tdm_grid_status":"","footnotes":""},"categories":[73],"tags":[618,296,4973,295,205,16673,19475,14643,826,13512,4345,15530,20591,5541,20590,372,12960,13466],"class_list":{"0":"post-60092","1":"post","2":"type-post","3":"status-publish","4":"format-standard","6":"category-de-boleto","7":"tag-andres-manuel-lopez-obrador","8":"tag-cancer","9":"tag-cfe","10":"tag-cndh","11":"tag-conagua","12":"tag-covid-19","13":"tag-distrito-xii-de-veracruz","14":"tag-dos-bocas","15":"tag-feminicidios","16":"tag-guardia-nacional","17":"tag-informe-de-gobierno","18":"tag-insabi","19":"tag-mama-del-chapo","20":"tag-mariana-dunyaska-garcia-rojas","21":"tag-narcoestado","22":"tag-pemex","23":"tag-santa-lucia","24":"tag-tren-maya"},"yoast_head":"<!-- This site is optimized with the Yoast SEO plugin v27.4 - https:\/\/yoast.com\/product\/yoast-seo-wordpress\/ -->\n<title>Dos a\u00f1os perdidos, el verdadero informe: Dunyaska - Los pol\u00edticos Veracruz<\/title>\n<meta name=\"robots\" content=\"index, follow, max-snippet:-1, max-image-preview:large, max-video-preview:-1\" \/>\n<link rel=\"canonical\" href=\"https:\/\/lospoliticosveracruz.com\/?p=60092\" \/>\n<meta property=\"og:locale\" content=\"es_ES\" \/>\n<meta property=\"og:type\" content=\"article\" \/>\n<meta property=\"og:title\" content=\"Dos a\u00f1os perdidos, el verdadero informe: Dunyaska - Los pol\u00edticos Veracruz\" \/>\n<meta property=\"og:description\" content=\"La diputada federal por el Distrito XII de Veracruz, Mariana Dunyaska Garc\u00eda Rojas, asever\u00f3 que frente a este segundo informe de gobierno, queda claro que no hay logros reales del gobierno encabezado por Andr\u00e9s Manuel L\u00f3pez Obrador. \u201cLes vengo a presentar el otro informe, donde queda claro que el saldo que tenemos este a\u00f1o en [&hellip;]\" \/>\n<meta property=\"og:url\" content=\"https:\/\/lospoliticosveracruz.com\/?p=60092\" \/>\n<meta property=\"og:site_name\" content=\"Los pol\u00edticos Veracruz\" \/>\n<meta property=\"article:publisher\" content=\"https:\/\/www.facebook.com\/people\/Notimemes-de-los-Polticos\/61565672886568\/\" \/>\n<meta property=\"article:published_time\" content=\"2020-09-02T19:01:12+00:00\" \/>\n<meta property=\"og:image\" content=\"https:\/\/lospoliticosveracruz.com\/wp-content\/uploads\/2016\/07\/Logo-Dor.jpg\" \/>\n\t<meta property=\"og:image:width\" content=\"200\" \/>\n\t<meta property=\"og:image:height\" content=\"200\" \/>\n\t<meta property=\"og:image:type\" content=\"image\/jpeg\" \/>\n<meta name=\"author\" content=\"Lo viste en Los Pol\u00edticos\" \/>\n<meta name=\"twitter:card\" content=\"summary_large_image\" \/>\n<meta name=\"twitter:creator\" content=\"@LosPoliticosVer\" \/>\n<meta name=\"twitter:site\" content=\"@LosPoliticosVer\" \/>\n<meta name=\"twitter:label1\" content=\"Escrito por\" \/>\n\t<meta name=\"twitter:data1\" content=\"Lo viste en Los Pol\u00edticos\" \/>\n\t<meta name=\"twitter:label2\" content=\"Tiempo de lectura\" \/>\n\t<meta name=\"twitter:data2\" content=\"5 minutos\" \/>\n<script type=\"application\/ld+json\" class=\"yoast-schema-graph\">{\"@context\":\"https:\\\/\\\/schema.org\",\"@graph\":[{\"@type\":\"Article\",\"@id\":\"https:\\\/\\\/lospoliticosveracruz.com\\\/?p=60092#article\",\"isPartOf\":{\"@id\":\"https:\\\/\\\/lospoliticosveracruz.com\\\/?p=60092\"},\"author\":{\"name\":\"Lo viste en Los Pol\u00edticos\",\"@id\":\"https:\\\/\\\/lospoliticosveracruz.com\\\/#\\\/schema\\\/person\\\/b8702bb0e538456e6efd07080bf2a4a2\"},\"headline\":\"Dos a\u00f1os perdidos, el verdadero informe: Dunyaska\",\"datePublished\":\"2020-09-02T19:01:12+00:00\",\"mainEntityOfPage\":{\"@id\":\"https:\\\/\\\/lospoliticosveracruz.com\\\/?p=60092\"},\"wordCount\":1020,\"commentCount\":0,\"publisher\":{\"@id\":\"https:\\\/\\\/lospoliticosveracruz.com\\\/#organization\"},\"keywords\":[\"Andr\u00e9s Manuel L\u00f3pez Obrador\",\"C\u00e1ncer\",\"CFE\",\"CNDH\",\"Conagua\",\"Covid 19\",\"Distrito XII de Veracruz\",\"Dos Bocas\",\"feminicidios\",\"Guardia Nacional\",\"Informe de Gobierno\",\"Insabi\",\"Mam\u00e1 del Chapo\",\"Mariana Dunyaska Garc\u00eda Rojas\",\"Narcoestado\",\"Pemex\",\"Santa Luc\u00eda\",\"Tren Maya\"],\"articleSection\":[\"De Boleto\"],\"inLanguage\":\"es\",\"potentialAction\":[{\"@type\":\"CommentAction\",\"name\":\"Comment\",\"target\":[\"https:\\\/\\\/lospoliticosveracruz.com\\\/?p=60092#respond\"]}]},{\"@type\":\"WebPage\",\"@id\":\"https:\\\/\\\/lospoliticosveracruz.com\\\/?p=60092\",\"url\":\"https:\\\/\\\/lospoliticosveracruz.com\\\/?p=60092\",\"name\":\"Dos a\u00f1os perdidos, el verdadero informe: Dunyaska - Los pol\u00edticos Veracruz\",\"isPartOf\":{\"@id\":\"https:\\\/\\\/lospoliticosveracruz.com\\\/#website\"},\"datePublished\":\"2020-09-02T19:01:12+00:00\",\"breadcrumb\":{\"@id\":\"https:\\\/\\\/lospoliticosveracruz.com\\\/?p=60092#breadcrumb\"},\"inLanguage\":\"es\",\"potentialAction\":[{\"@type\":\"ReadAction\",\"target\":[\"https:\\\/\\\/lospoliticosveracruz.com\\\/?p=60092\"]}]},{\"@type\":\"BreadcrumbList\",\"@id\":\"https:\\\/\\\/lospoliticosveracruz.com\\\/?p=60092#breadcrumb\",\"itemListElement\":[{\"@type\":\"ListItem\",\"position\":1,\"name\":\"Portada\",\"item\":\"https:\\\/\\\/lospoliticosveracruz.com\\\/\"},{\"@type\":\"ListItem\",\"position\":2,\"name\":\"Dos a\u00f1os perdidos, el verdadero informe: Dunyaska\"}]},{\"@type\":\"WebSite\",\"@id\":\"https:\\\/\\\/lospoliticosveracruz.com\\\/#website\",\"url\":\"https:\\\/\\\/lospoliticosveracruz.com\\\/\",\"name\":\"Los pol\u00edticos Veracruz\",\"description\":\"\",\"publisher\":{\"@id\":\"https:\\\/\\\/lospoliticosveracruz.com\\\/#organization\"},\"potentialAction\":[{\"@type\":\"SearchAction\",\"target\":{\"@type\":\"EntryPoint\",\"urlTemplate\":\"https:\\\/\\\/lospoliticosveracruz.com\\\/?s={search_term_string}\"},\"query-input\":{\"@type\":\"PropertyValueSpecification\",\"valueRequired\":true,\"valueName\":\"search_term_string\"}}],\"inLanguage\":\"es\"},{\"@type\":\"Organization\",\"@id\":\"https:\\\/\\\/lospoliticosveracruz.com\\\/#organization\",\"name\":\"Los pol\u00edticos Veracruz\",\"url\":\"https:\\\/\\\/lospoliticosveracruz.com\\\/\",\"logo\":{\"@type\":\"ImageObject\",\"inLanguage\":\"es\",\"@id\":\"https:\\\/\\\/lospoliticosveracruz.com\\\/#\\\/schema\\\/logo\\\/image\\\/\",\"url\":\"https:\\\/\\\/lospoliticosveracruz.com\\\/wp-content\\\/uploads\\\/2025\\\/12\\\/Logo-Nuevo-LOS-POLITICOS-1.jpg\",\"contentUrl\":\"https:\\\/\\\/lospoliticosveracruz.com\\\/wp-content\\\/uploads\\\/2025\\\/12\\\/Logo-Nuevo-LOS-POLITICOS-1.jpg\",\"width\":260,\"height\":70,\"caption\":\"Los pol\u00edticos Veracruz\"},\"image\":{\"@id\":\"https:\\\/\\\/lospoliticosveracruz.com\\\/#\\\/schema\\\/logo\\\/image\\\/\"},\"sameAs\":[\"https:\\\/\\\/www.facebook.com\\\/people\\\/Notimemes-de-los-Polticos\\\/61565672886568\\\/\",\"https:\\\/\\\/x.com\\\/LosPoliticosVer\"]},{\"@type\":\"Person\",\"@id\":\"https:\\\/\\\/lospoliticosveracruz.com\\\/#\\\/schema\\\/person\\\/b8702bb0e538456e6efd07080bf2a4a2\",\"name\":\"Lo viste en Los Pol\u00edticos\",\"image\":{\"@type\":\"ImageObject\",\"inLanguage\":\"es\",\"@id\":\"https:\\\/\\\/secure.gravatar.com\\\/avatar\\\/3a8de04a2656d44082be478bd6c086daa447c4651605818287b9532d3d0bd435?s=96&d=mm&r=g\",\"url\":\"https:\\\/\\\/secure.gravatar.com\\\/avatar\\\/3a8de04a2656d44082be478bd6c086daa447c4651605818287b9532d3d0bd435?s=96&d=mm&r=g\",\"contentUrl\":\"https:\\\/\\\/secure.gravatar.com\\\/avatar\\\/3a8de04a2656d44082be478bd6c086daa447c4651605818287b9532d3d0bd435?s=96&d=mm&r=g\",\"caption\":\"Lo viste en Los Pol\u00edticos\"},\"url\":\"https:\\\/\\\/lospoliticosveracruz.com\\\/?author=2\"}]}<\/script>\n<!-- \/ Yoast SEO plugin. -->","yoast_head_json":{"title":"Dos a\u00f1os perdidos, el verdadero informe: Dunyaska - Los pol\u00edticos Veracruz","robots":{"index":"index","follow":"follow","max-snippet":"max-snippet:-1","max-image-preview":"max-image-preview:large","max-video-preview":"max-video-preview:-1"},"canonical":"https:\/\/lospoliticosveracruz.com\/?p=60092","og_locale":"es_ES","og_type":"article","og_title":"Dos a\u00f1os perdidos, el verdadero informe: Dunyaska - Los pol\u00edticos Veracruz","og_description":"La diputada federal por el Distrito XII de Veracruz, Mariana Dunyaska Garc\u00eda Rojas, asever\u00f3 que frente a este segundo informe de gobierno, queda claro que no hay logros reales del gobierno encabezado por Andr\u00e9s Manuel L\u00f3pez Obrador. \u201cLes vengo a presentar el otro informe, donde queda claro que el saldo que tenemos este a\u00f1o en [&hellip;]","og_url":"https:\/\/lospoliticosveracruz.com\/?p=60092","og_site_name":"Los pol\u00edticos Veracruz","article_publisher":"https:\/\/www.facebook.com\/people\/Notimemes-de-los-Polticos\/61565672886568\/","article_published_time":"2020-09-02T19:01:12+00:00","og_image":[{"width":200,"height":200,"url":"https:\/\/lospoliticosveracruz.com\/wp-content\/uploads\/2016\/07\/Logo-Dor.jpg","type":"image\/jpeg"}],"author":"Lo viste en Los Pol\u00edticos","twitter_card":"summary_large_image","twitter_creator":"@LosPoliticosVer","twitter_site":"@LosPoliticosVer","twitter_misc":{"Escrito por":"Lo viste en Los Pol\u00edticos","Tiempo de lectura":"5 minutos"},"schema":{"@context":"https:\/\/schema.org","@graph":[{"@type":"Article","@id":"https:\/\/lospoliticosveracruz.com\/?p=60092#article","isPartOf":{"@id":"https:\/\/lospoliticosveracruz.com\/?p=60092"},"author":{"name":"Lo viste en Los Pol\u00edticos","@id":"https:\/\/lospoliticosveracruz.com\/#\/schema\/person\/b8702bb0e538456e6efd07080bf2a4a2"},"headline":"Dos a\u00f1os perdidos, el verdadero informe: Dunyaska","datePublished":"2020-09-02T19:01:12+00:00","mainEntityOfPage":{"@id":"https:\/\/lospoliticosveracruz.com\/?p=60092"},"wordCount":1020,"commentCount":0,"publisher":{"@id":"https:\/\/lospoliticosveracruz.com\/#organization"},"keywords":["Andr\u00e9s Manuel L\u00f3pez Obrador","C\u00e1ncer","CFE","CNDH","Conagua","Covid 19","Distrito XII de Veracruz","Dos Bocas","feminicidios","Guardia Nacional","Informe de Gobierno","Insabi","Mam\u00e1 del Chapo","Mariana Dunyaska Garc\u00eda Rojas","Narcoestado","Pemex","Santa Luc\u00eda","Tren Maya"],"articleSection":["De Boleto"],"inLanguage":"es","potentialAction":[{"@type":"CommentAction","name":"Comment","target":["https:\/\/lospoliticosveracruz.com\/?p=60092#respond"]}]},{"@type":"WebPage","@id":"https:\/\/lospoliticosveracruz.com\/?p=60092","url":"https:\/\/lospoliticosveracruz.com\/?p=60092","name":"Dos a\u00f1os perdidos, el verdadero informe: Dunyaska - Los pol\u00edticos Veracruz","isPartOf":{"@id":"https:\/\/lospoliticosveracruz.com\/#website"},"datePublished":"2020-09-02T19:01:12+00:00","breadcrumb":{"@id":"https:\/\/lospoliticosveracruz.com\/?p=60092#breadcrumb"},"inLanguage":"es","potentialAction":[{"@type":"ReadAction","target":["https:\/\/lospoliticosveracruz.com\/?p=60092"]}]},{"@type":"BreadcrumbList","@id":"https:\/\/lospoliticosveracruz.com\/?p=60092#breadcrumb","itemListElement":[{"@type":"ListItem","position":1,"name":"Portada","item":"https:\/\/lospoliticosveracruz.com\/"},{"@type":"ListItem","position":2,"name":"Dos a\u00f1os perdidos, el verdadero informe: Dunyaska"}]},{"@type":"WebSite","@id":"https:\/\/lospoliticosveracruz.com\/#website","url":"https:\/\/lospoliticosveracruz.com\/","name":"Los pol\u00edticos Veracruz","description":"","publisher":{"@id":"https:\/\/lospoliticosveracruz.com\/#organization"},"potentialAction":[{"@type":"SearchAction","target":{"@type":"EntryPoint","urlTemplate":"https:\/\/lospoliticosveracruz.com\/?s={search_term_string}"},"query-input":{"@type":"PropertyValueSpecification","valueRequired":true,"valueName":"search_term_string"}}],"inLanguage":"es"},{"@type":"Organization","@id":"https:\/\/lospoliticosveracruz.com\/#organization","name":"Los pol\u00edticos Veracruz","url":"https:\/\/lospoliticosveracruz.com\/","logo":{"@type":"ImageObject","inLanguage":"es","@id":"https:\/\/lospoliticosveracruz.com\/#\/schema\/logo\/image\/","url":"https:\/\/lospoliticosveracruz.com\/wp-content\/uploads\/2025\/12\/Logo-Nuevo-LOS-POLITICOS-1.jpg","contentUrl":"https:\/\/lospoliticosveracruz.com\/wp-content\/uploads\/2025\/12\/Logo-Nuevo-LOS-POLITICOS-1.jpg","width":260,"height":70,"caption":"Los pol\u00edticos Veracruz"},"image":{"@id":"https:\/\/lospoliticosveracruz.com\/#\/schema\/logo\/image\/"},"sameAs":["https:\/\/www.facebook.com\/people\/Notimemes-de-los-Polticos\/61565672886568\/","https:\/\/x.com\/LosPoliticosVer"]},{"@type":"Person","@id":"https:\/\/lospoliticosveracruz.com\/#\/schema\/person\/b8702bb0e538456e6efd07080bf2a4a2","name":"Lo viste en Los Pol\u00edticos","image":{"@type":"ImageObject","inLanguage":"es","@id":"https:\/\/secure.gravatar.com\/avatar\/3a8de04a2656d44082be478bd6c086daa447c4651605818287b9532d3d0bd435?s=96&d=mm&r=g","url":"https:\/\/secure.gravatar.com\/avatar\/3a8de04a2656d44082be478bd6c086daa447c4651605818287b9532d3d0bd435?s=96&d=mm&r=g","contentUrl":"https:\/\/secure.gravatar.com\/avatar\/3a8de04a2656d44082be478bd6c086daa447c4651605818287b9532d3d0bd435?s=96&d=mm&r=g","caption":"Lo viste en Los Pol\u00edticos"},"url":"https:\/\/lospoliticosveracruz.com\/?author=2"}]}},"_links":{"self":[{"href":"https:\/\/lospoliticosveracruz.com\/index.php?rest_route=\/wp\/v2\/posts\/60092","targetHints":{"allow":["GET"]}}],"collection":[{"href":"https:\/\/lospoliticosveracruz.com\/index.php?rest_route=\/wp\/v2\/posts"}],"about":[{"href":"https:\/\/lospoliticosveracruz.com\/index.php?rest_route=\/wp\/v2\/types\/post"}],"author":[{"embeddable":true,"href":"https:\/\/lospoliticosveracruz.com\/index.php?rest_route=\/wp\/v2\/users\/2"}],"replies":[{"embeddable":true,"href":"https:\/\/lospoliticosveracruz.com\/index.php?rest_route=%2Fwp%2Fv2%2Fcomments&post=60092"}],"version-history":[{"count":1,"href":"https:\/\/lospoliticosveracruz.com\/index.php?rest_route=\/wp\/v2\/posts\/60092\/revisions"}],"predecessor-version":[{"id":60095,"href":"https:\/\/lospoliticosveracruz.com\/index.php?rest_route=\/wp\/v2\/posts\/60092\/revisions\/60095"}],"wp:attachment":[{"href":"https:\/\/lospoliticosveracruz.com\/index.php?rest_route=%2Fwp%2Fv2%2Fmedia&parent=60092"}],"wp:term":[{"taxonomy":"category","embeddable":true,"href":"https:\/\/lospoliticosveracruz.com\/index.php?rest_route=%2Fwp%2Fv2%2Fcategories&post=60092"},{"taxonomy":"post_tag","embeddable":true,"href":"https:\/\/lospoliticosveracruz.com\/index.php?rest_route=%2Fwp%2Fv2%2Ftags&post=60092"}],"curies":[{"name":"wp","href":"https:\/\/api.w.org\/{rel}","templated":true}]}}