{"id":60110,"date":"2020-09-02T19:20:53","date_gmt":"2020-09-03T00:20:53","guid":{"rendered":"http:\/\/www.lospoliticosveracruz.com.mx\/?p=60110"},"modified":"2020-09-10T11:47:03","modified_gmt":"2020-09-10T16:47:03","slug":"se-mueve-cordoba-pero-con-cautela","status":"publish","type":"post","link":"https:\/\/lospoliticosveracruz.com\/?p=60110","title":{"rendered":"Se mueve C\u00f3rdoba, pero con cautela!"},"content":{"rendered":"<p>&nbsp;<\/p>\n<p>Ante el cambio en la situaci\u00f3n epidemiol\u00f3gica para C\u00f3rdoba, el Cabildo aprob\u00f3 nuevas disposiciones administrativas entre las que destacan el reinicio de actividades en gimnasios, albercas, centros deportivos, spa y centros de masajes; en estos casos ser\u00e1 bajo previa cita y sin exceder el cincuenta por ciento de su aforo.<\/p>\n<p><a href=\"http:\/\/www.lospoliticosveracruz.com.mx\/wp-content\/uploads\/2020\/09\/Sem\u00e1foro-Naranja-C\u00f3rdoba.jpg\"><img loading=\"lazy\" decoding=\"async\" class=\"alignleft size-full wp-image-60611\" src=\"http:\/\/www.lospoliticosveracruz.com.mx\/wp-content\/uploads\/2020\/09\/Sem\u00e1foro-Naranja-C\u00f3rdoba.jpg\" alt=\"Sem\u00e1foro Naranja C\u00f3rdoba\" width=\"375\" height=\"626\" \/><\/a>\u00a0 Adem\u00e1s la reinstalaci\u00f3n de tianguis, la ampliaci\u00f3n en el horario de servicios alimenticios, asimismo autoriz\u00f3 la venta de bebidas alcoh\u00f3licas al copeo en restaurantes y en negocios con consumo de alimentos.<br \/>\nEl cuerpo edilicio tambi\u00e9n autoriz\u00f3 que la presidenta Leticia L\u00f3pez Landero y el s\u00edndico Jos\u00e9 Javier Medina Rahme firmen convenio de colaboraci\u00f3n con las empresas Representaciones H. G. P y Comercializadora R\u00e1pido para que a trav\u00e9s de las tiendas de conveniencia 7\/24 y ModelHogar, se pueda realizar cobro de impuesto predial y limpia p\u00fablica.<br \/>\nLas autoridades municipales determinaron que las sanciones para las y los ciudadanos que no acaten estas disposiciones ser\u00e1n de manera gradual, iniciando con una amonestaci\u00f3n y podr\u00e1n llegar a multas de 10 y hasta 500 UMAS.<br \/>\nSe determin\u00f3 que todos los establecimientos deber\u00e1n instalar filtros sanitarios en sus accesos, adem\u00e1s de vigilar se cumplan las medidas sanitarias, entre ellas el uso obligatorio de cubreboca por parte de colaboradores y consumidores.<br \/>\nPor otra parte, con ocho votos a favor y cuatro en contra, el Cabildo aprob\u00f3 que con recursos p\u00fablicos provenientes del Fondo del Fideicomiso de Parqu\u00edmetros se inviertan m\u00e1s de nueve millones de pesos en obras municipales y compra de nuevos modelos de parqu\u00edmetros.<br \/>\nLo anterior con el objetivo de mejorar la movilidad ciudadana en el zona comercial del centro de C\u00f3rdoba con la rehabilitaci\u00f3n de banquetas de la Avenida 3 entre Calle 7 y 9, as\u00ed como de la Calle 9, entre Avenidas 1 y 3. Lo que representa una inversi\u00f3n de 4 millones 347 mil 387 pesos. Mientras que para la compra e instalaci\u00f3n de nuevos modelos de parqu\u00edmetros se invertir\u00e1n cinco millones de pesos, lo que permitir\u00e1 ampliar el servicio de zonas y espacios p\u00fablicos para estacionar autom\u00f3viles en las calles del centro.<\/p>\n","protected":false},"excerpt":{"rendered":"<p>&nbsp; Ante el cambio en la situaci\u00f3n epidemiol\u00f3gica para C\u00f3rdoba, el Cabildo aprob\u00f3 nuevas disposiciones administrativas entre las que destacan el reinicio de actividades en gimnasios, albercas, centros deportivos, spa y centros de masajes; en estos casos ser\u00e1 bajo previa cita y sin exceder el cincuenta por ciento de su aforo. \u00a0 Adem\u00e1s la reinstalaci\u00f3n [&hellip;]<\/p>\n","protected":false},"author":2,"featured_media":0,"comment_status":"open","ping_status":"open","sticky":false,"template":"","format":"standard","meta":{"tdm_status":"","tdm_grid_status":"","footnotes":""},"categories":[73],"tags":[10563,20599,20603,751,19126,20601,19645,1469,18853,7641,1344,703,18970,20600],"class_list":{"0":"post-60110","1":"post","2":"type-post","3":"status-publish","4":"format-standard","6":"category-de-boleto","7":"tag-cabildo","8":"tag-centros-deportivos","9":"tag-consumidores","10":"tag-cordoba","11":"tag-cubreboca","12":"tag-disposiciones-administrativas","13":"tag-gimnasios","14":"tag-impuesto-predial","15":"tag-jose-javier-medina-rahme","16":"tag-leticia-lopez-landero","17":"tag-limpia-publica","18":"tag-parquimetros","19":"tag-semaforo-epidemiologico","20":"tag-spa"},"yoast_head":"<!-- This site is optimized with the Yoast SEO plugin v27.4 - https:\/\/yoast.com\/product\/yoast-seo-wordpress\/ -->\n<title>Se mueve C\u00f3rdoba, pero con cautela! - Los pol\u00edticos Veracruz<\/title>\n<meta name=\"robots\" content=\"index, follow, max-snippet:-1, max-image-preview:large, max-video-preview:-1\" \/>\n<link rel=\"canonical\" href=\"https:\/\/lospoliticosveracruz.com\/?p=60110\" \/>\n<meta property=\"og:locale\" content=\"es_ES\" \/>\n<meta property=\"og:type\" content=\"article\" \/>\n<meta property=\"og:title\" content=\"Se mueve C\u00f3rdoba, pero con cautela! - Los pol\u00edticos Veracruz\" \/>\n<meta property=\"og:description\" content=\"&nbsp; Ante el cambio en la situaci\u00f3n epidemiol\u00f3gica para C\u00f3rdoba, el Cabildo aprob\u00f3 nuevas disposiciones administrativas entre las que destacan el reinicio de actividades en gimnasios, albercas, centros deportivos, spa y centros de masajes; en estos casos ser\u00e1 bajo previa cita y sin exceder el cincuenta por ciento de su aforo. \u00a0 Adem\u00e1s la reinstalaci\u00f3n [&hellip;]\" \/>\n<meta property=\"og:url\" content=\"https:\/\/lospoliticosveracruz.com\/?p=60110\" \/>\n<meta property=\"og:site_name\" content=\"Los pol\u00edticos Veracruz\" \/>\n<meta property=\"article:publisher\" content=\"https:\/\/www.facebook.com\/people\/Notimemes-de-los-Polticos\/61565672886568\/\" \/>\n<meta property=\"article:published_time\" content=\"2020-09-03T00:20:53+00:00\" \/>\n<meta property=\"article:modified_time\" content=\"2020-09-10T16:47:03+00:00\" \/>\n<meta property=\"og:image\" content=\"https:\/\/lospoliticosveracruz.com\/wp-content\/uploads\/2016\/07\/Logo-Dor.jpg\" \/>\n\t<meta property=\"og:image:width\" content=\"200\" \/>\n\t<meta property=\"og:image:height\" content=\"200\" \/>\n\t<meta property=\"og:image:type\" content=\"image\/jpeg\" \/>\n<meta name=\"author\" content=\"Lo viste en Los Pol\u00edticos\" \/>\n<meta name=\"twitter:card\" content=\"summary_large_image\" \/>\n<meta name=\"twitter:creator\" content=\"@LosPoliticosVer\" \/>\n<meta name=\"twitter:site\" content=\"@LosPoliticosVer\" \/>\n<meta name=\"twitter:label1\" content=\"Escrito por\" \/>\n\t<meta name=\"twitter:data1\" content=\"Lo viste en Los Pol\u00edticos\" \/>\n\t<meta name=\"twitter:label2\" content=\"Tiempo de lectura\" \/>\n\t<meta name=\"twitter:data2\" content=\"2 minutos\" \/>\n<script type=\"application\/ld+json\" class=\"yoast-schema-graph\">{\"@context\":\"https:\\\/\\\/schema.org\",\"@graph\":[{\"@type\":\"Article\",\"@id\":\"https:\\\/\\\/lospoliticosveracruz.com\\\/?p=60110#article\",\"isPartOf\":{\"@id\":\"https:\\\/\\\/lospoliticosveracruz.com\\\/?p=60110\"},\"author\":{\"name\":\"Lo viste en Los Pol\u00edticos\",\"@id\":\"https:\\\/\\\/lospoliticosveracruz.com\\\/#\\\/schema\\\/person\\\/b8702bb0e538456e6efd07080bf2a4a2\"},\"headline\":\"Se mueve C\u00f3rdoba, pero con cautela!\",\"datePublished\":\"2020-09-03T00:20:53+00:00\",\"dateModified\":\"2020-09-10T16:47:03+00:00\",\"mainEntityOfPage\":{\"@id\":\"https:\\\/\\\/lospoliticosveracruz.com\\\/?p=60110\"},\"wordCount\":368,\"commentCount\":0,\"publisher\":{\"@id\":\"https:\\\/\\\/lospoliticosveracruz.com\\\/#organization\"},\"keywords\":[\"Cabildo\",\"centros deportivos\",\"Consumidores\",\"C\u00f3rdoba\",\"cubreboca\",\"disposiciones administrativas\",\"Gimnasios\",\"impuesto predial\",\"Jos\u00e9 Javier Medina Rahme\",\"Leticia L\u00f3pez Landero\",\"Limpia P\u00fablica\",\"parqu\u00edmetros\",\"sem\u00e1foro epidemiol\u00f3gico\",\"spa\"],\"articleSection\":[\"De Boleto\"],\"inLanguage\":\"es\",\"potentialAction\":[{\"@type\":\"CommentAction\",\"name\":\"Comment\",\"target\":[\"https:\\\/\\\/lospoliticosveracruz.com\\\/?p=60110#respond\"]}]},{\"@type\":\"WebPage\",\"@id\":\"https:\\\/\\\/lospoliticosveracruz.com\\\/?p=60110\",\"url\":\"https:\\\/\\\/lospoliticosveracruz.com\\\/?p=60110\",\"name\":\"Se mueve C\u00f3rdoba, pero con cautela! - Los pol\u00edticos Veracruz\",\"isPartOf\":{\"@id\":\"https:\\\/\\\/lospoliticosveracruz.com\\\/#website\"},\"datePublished\":\"2020-09-03T00:20:53+00:00\",\"dateModified\":\"2020-09-10T16:47:03+00:00\",\"breadcrumb\":{\"@id\":\"https:\\\/\\\/lospoliticosveracruz.com\\\/?p=60110#breadcrumb\"},\"inLanguage\":\"es\",\"potentialAction\":[{\"@type\":\"ReadAction\",\"target\":[\"https:\\\/\\\/lospoliticosveracruz.com\\\/?p=60110\"]}]},{\"@type\":\"BreadcrumbList\",\"@id\":\"https:\\\/\\\/lospoliticosveracruz.com\\\/?p=60110#breadcrumb\",\"itemListElement\":[{\"@type\":\"ListItem\",\"position\":1,\"name\":\"Portada\",\"item\":\"https:\\\/\\\/lospoliticosveracruz.com\\\/\"},{\"@type\":\"ListItem\",\"position\":2,\"name\":\"Se mueve C\u00f3rdoba, pero con cautela!\"}]},{\"@type\":\"WebSite\",\"@id\":\"https:\\\/\\\/lospoliticosveracruz.com\\\/#website\",\"url\":\"https:\\\/\\\/lospoliticosveracruz.com\\\/\",\"name\":\"Los pol\u00edticos Veracruz\",\"description\":\"\",\"publisher\":{\"@id\":\"https:\\\/\\\/lospoliticosveracruz.com\\\/#organization\"},\"potentialAction\":[{\"@type\":\"SearchAction\",\"target\":{\"@type\":\"EntryPoint\",\"urlTemplate\":\"https:\\\/\\\/lospoliticosveracruz.com\\\/?s={search_term_string}\"},\"query-input\":{\"@type\":\"PropertyValueSpecification\",\"valueRequired\":true,\"valueName\":\"search_term_string\"}}],\"inLanguage\":\"es\"},{\"@type\":\"Organization\",\"@id\":\"https:\\\/\\\/lospoliticosveracruz.com\\\/#organization\",\"name\":\"Los pol\u00edticos Veracruz\",\"url\":\"https:\\\/\\\/lospoliticosveracruz.com\\\/\",\"logo\":{\"@type\":\"ImageObject\",\"inLanguage\":\"es\",\"@id\":\"https:\\\/\\\/lospoliticosveracruz.com\\\/#\\\/schema\\\/logo\\\/image\\\/\",\"url\":\"https:\\\/\\\/lospoliticosveracruz.com\\\/wp-content\\\/uploads\\\/2025\\\/12\\\/Logo-Nuevo-LOS-POLITICOS-1.jpg\",\"contentUrl\":\"https:\\\/\\\/lospoliticosveracruz.com\\\/wp-content\\\/uploads\\\/2025\\\/12\\\/Logo-Nuevo-LOS-POLITICOS-1.jpg\",\"width\":260,\"height\":70,\"caption\":\"Los pol\u00edticos Veracruz\"},\"image\":{\"@id\":\"https:\\\/\\\/lospoliticosveracruz.com\\\/#\\\/schema\\\/logo\\\/image\\\/\"},\"sameAs\":[\"https:\\\/\\\/www.facebook.com\\\/people\\\/Notimemes-de-los-Polticos\\\/61565672886568\\\/\",\"https:\\\/\\\/x.com\\\/LosPoliticosVer\"]},{\"@type\":\"Person\",\"@id\":\"https:\\\/\\\/lospoliticosveracruz.com\\\/#\\\/schema\\\/person\\\/b8702bb0e538456e6efd07080bf2a4a2\",\"name\":\"Lo viste en Los Pol\u00edticos\",\"image\":{\"@type\":\"ImageObject\",\"inLanguage\":\"es\",\"@id\":\"https:\\\/\\\/secure.gravatar.com\\\/avatar\\\/3a8de04a2656d44082be478bd6c086daa447c4651605818287b9532d3d0bd435?s=96&d=mm&r=g\",\"url\":\"https:\\\/\\\/secure.gravatar.com\\\/avatar\\\/3a8de04a2656d44082be478bd6c086daa447c4651605818287b9532d3d0bd435?s=96&d=mm&r=g\",\"contentUrl\":\"https:\\\/\\\/secure.gravatar.com\\\/avatar\\\/3a8de04a2656d44082be478bd6c086daa447c4651605818287b9532d3d0bd435?s=96&d=mm&r=g\",\"caption\":\"Lo viste en Los Pol\u00edticos\"},\"url\":\"https:\\\/\\\/lospoliticosveracruz.com\\\/?author=2\"}]}<\/script>\n<!-- \/ Yoast SEO plugin. -->","yoast_head_json":{"title":"Se mueve C\u00f3rdoba, pero con cautela! - Los pol\u00edticos Veracruz","robots":{"index":"index","follow":"follow","max-snippet":"max-snippet:-1","max-image-preview":"max-image-preview:large","max-video-preview":"max-video-preview:-1"},"canonical":"https:\/\/lospoliticosveracruz.com\/?p=60110","og_locale":"es_ES","og_type":"article","og_title":"Se mueve C\u00f3rdoba, pero con cautela! - Los pol\u00edticos Veracruz","og_description":"&nbsp; Ante el cambio en la situaci\u00f3n epidemiol\u00f3gica para C\u00f3rdoba, el Cabildo aprob\u00f3 nuevas disposiciones administrativas entre las que destacan el reinicio de actividades en gimnasios, albercas, centros deportivos, spa y centros de masajes; en estos casos ser\u00e1 bajo previa cita y sin exceder el cincuenta por ciento de su aforo. \u00a0 Adem\u00e1s la reinstalaci\u00f3n [&hellip;]","og_url":"https:\/\/lospoliticosveracruz.com\/?p=60110","og_site_name":"Los pol\u00edticos Veracruz","article_publisher":"https:\/\/www.facebook.com\/people\/Notimemes-de-los-Polticos\/61565672886568\/","article_published_time":"2020-09-03T00:20:53+00:00","article_modified_time":"2020-09-10T16:47:03+00:00","og_image":[{"width":200,"height":200,"url":"https:\/\/lospoliticosveracruz.com\/wp-content\/uploads\/2016\/07\/Logo-Dor.jpg","type":"image\/jpeg"}],"author":"Lo viste en Los Pol\u00edticos","twitter_card":"summary_large_image","twitter_creator":"@LosPoliticosVer","twitter_site":"@LosPoliticosVer","twitter_misc":{"Escrito por":"Lo viste en Los Pol\u00edticos","Tiempo de lectura":"2 minutos"},"schema":{"@context":"https:\/\/schema.org","@graph":[{"@type":"Article","@id":"https:\/\/lospoliticosveracruz.com\/?p=60110#article","isPartOf":{"@id":"https:\/\/lospoliticosveracruz.com\/?p=60110"},"author":{"name":"Lo viste en Los Pol\u00edticos","@id":"https:\/\/lospoliticosveracruz.com\/#\/schema\/person\/b8702bb0e538456e6efd07080bf2a4a2"},"headline":"Se mueve C\u00f3rdoba, pero con cautela!","datePublished":"2020-09-03T00:20:53+00:00","dateModified":"2020-09-10T16:47:03+00:00","mainEntityOfPage":{"@id":"https:\/\/lospoliticosveracruz.com\/?p=60110"},"wordCount":368,"commentCount":0,"publisher":{"@id":"https:\/\/lospoliticosveracruz.com\/#organization"},"keywords":["Cabildo","centros deportivos","Consumidores","C\u00f3rdoba","cubreboca","disposiciones administrativas","Gimnasios","impuesto predial","Jos\u00e9 Javier Medina Rahme","Leticia L\u00f3pez Landero","Limpia P\u00fablica","parqu\u00edmetros","sem\u00e1foro epidemiol\u00f3gico","spa"],"articleSection":["De Boleto"],"inLanguage":"es","potentialAction":[{"@type":"CommentAction","name":"Comment","target":["https:\/\/lospoliticosveracruz.com\/?p=60110#respond"]}]},{"@type":"WebPage","@id":"https:\/\/lospoliticosveracruz.com\/?p=60110","url":"https:\/\/lospoliticosveracruz.com\/?p=60110","name":"Se mueve C\u00f3rdoba, pero con cautela! - Los pol\u00edticos Veracruz","isPartOf":{"@id":"https:\/\/lospoliticosveracruz.com\/#website"},"datePublished":"2020-09-03T00:20:53+00:00","dateModified":"2020-09-10T16:47:03+00:00","breadcrumb":{"@id":"https:\/\/lospoliticosveracruz.com\/?p=60110#breadcrumb"},"inLanguage":"es","potentialAction":[{"@type":"ReadAction","target":["https:\/\/lospoliticosveracruz.com\/?p=60110"]}]},{"@type":"BreadcrumbList","@id":"https:\/\/lospoliticosveracruz.com\/?p=60110#breadcrumb","itemListElement":[{"@type":"ListItem","position":1,"name":"Portada","item":"https:\/\/lospoliticosveracruz.com\/"},{"@type":"ListItem","position":2,"name":"Se mueve C\u00f3rdoba, pero con cautela!"}]},{"@type":"WebSite","@id":"https:\/\/lospoliticosveracruz.com\/#website","url":"https:\/\/lospoliticosveracruz.com\/","name":"Los pol\u00edticos Veracruz","description":"","publisher":{"@id":"https:\/\/lospoliticosveracruz.com\/#organization"},"potentialAction":[{"@type":"SearchAction","target":{"@type":"EntryPoint","urlTemplate":"https:\/\/lospoliticosveracruz.com\/?s={search_term_string}"},"query-input":{"@type":"PropertyValueSpecification","valueRequired":true,"valueName":"search_term_string"}}],"inLanguage":"es"},{"@type":"Organization","@id":"https:\/\/lospoliticosveracruz.com\/#organization","name":"Los pol\u00edticos Veracruz","url":"https:\/\/lospoliticosveracruz.com\/","logo":{"@type":"ImageObject","inLanguage":"es","@id":"https:\/\/lospoliticosveracruz.com\/#\/schema\/logo\/image\/","url":"https:\/\/lospoliticosveracruz.com\/wp-content\/uploads\/2025\/12\/Logo-Nuevo-LOS-POLITICOS-1.jpg","contentUrl":"https:\/\/lospoliticosveracruz.com\/wp-content\/uploads\/2025\/12\/Logo-Nuevo-LOS-POLITICOS-1.jpg","width":260,"height":70,"caption":"Los pol\u00edticos Veracruz"},"image":{"@id":"https:\/\/lospoliticosveracruz.com\/#\/schema\/logo\/image\/"},"sameAs":["https:\/\/www.facebook.com\/people\/Notimemes-de-los-Polticos\/61565672886568\/","https:\/\/x.com\/LosPoliticosVer"]},{"@type":"Person","@id":"https:\/\/lospoliticosveracruz.com\/#\/schema\/person\/b8702bb0e538456e6efd07080bf2a4a2","name":"Lo viste en Los Pol\u00edticos","image":{"@type":"ImageObject","inLanguage":"es","@id":"https:\/\/secure.gravatar.com\/avatar\/3a8de04a2656d44082be478bd6c086daa447c4651605818287b9532d3d0bd435?s=96&d=mm&r=g","url":"https:\/\/secure.gravatar.com\/avatar\/3a8de04a2656d44082be478bd6c086daa447c4651605818287b9532d3d0bd435?s=96&d=mm&r=g","contentUrl":"https:\/\/secure.gravatar.com\/avatar\/3a8de04a2656d44082be478bd6c086daa447c4651605818287b9532d3d0bd435?s=96&d=mm&r=g","caption":"Lo viste en Los Pol\u00edticos"},"url":"https:\/\/lospoliticosveracruz.com\/?author=2"}]}},"_links":{"self":[{"href":"https:\/\/lospoliticosveracruz.com\/index.php?rest_route=\/wp\/v2\/posts\/60110","targetHints":{"allow":["GET"]}}],"collection":[{"href":"https:\/\/lospoliticosveracruz.com\/index.php?rest_route=\/wp\/v2\/posts"}],"about":[{"href":"https:\/\/lospoliticosveracruz.com\/index.php?rest_route=\/wp\/v2\/types\/post"}],"author":[{"embeddable":true,"href":"https:\/\/lospoliticosveracruz.com\/index.php?rest_route=\/wp\/v2\/users\/2"}],"replies":[{"embeddable":true,"href":"https:\/\/lospoliticosveracruz.com\/index.php?rest_route=%2Fwp%2Fv2%2Fcomments&post=60110"}],"version-history":[{"count":2,"href":"https:\/\/lospoliticosveracruz.com\/index.php?rest_route=\/wp\/v2\/posts\/60110\/revisions"}],"predecessor-version":[{"id":60644,"href":"https:\/\/lospoliticosveracruz.com\/index.php?rest_route=\/wp\/v2\/posts\/60110\/revisions\/60644"}],"wp:attachment":[{"href":"https:\/\/lospoliticosveracruz.com\/index.php?rest_route=%2Fwp%2Fv2%2Fmedia&parent=60110"}],"wp:term":[{"taxonomy":"category","embeddable":true,"href":"https:\/\/lospoliticosveracruz.com\/index.php?rest_route=%2Fwp%2Fv2%2Fcategories&post=60110"},{"taxonomy":"post_tag","embeddable":true,"href":"https:\/\/lospoliticosveracruz.com\/index.php?rest_route=%2Fwp%2Fv2%2Ftags&post=60110"}],"curies":[{"name":"wp","href":"https:\/\/api.w.org\/{rel}","templated":true}]}}