{"id":60147,"date":"2020-09-03T08:47:20","date_gmt":"2020-09-03T13:47:20","guid":{"rendered":"http:\/\/www.lospoliticosveracruz.com.mx\/?p=60147"},"modified":"2020-09-03T08:48:39","modified_gmt":"2020-09-03T13:48:39","slug":"el-destape-de-chiquinando","status":"publish","type":"post","link":"https:\/\/lospoliticosveracruz.com\/?p=60147","title":{"rendered":"El destape de Chiquinando"},"content":{"rendered":"<p><strong>Ricardo Ch\u00faa<\/strong><\/p>\n<p><em>Sale y vale<\/em><\/p>\n<p>&nbsp;<\/p>\n<p>CUITL\u00c1HUAC Y FERNANDO&#8230; A pesar de las diferencias de partidos y las \u00abbroncas\u00bb pol\u00edticas entre ambos&#8230; Una situaci\u00f3n es verdad&#8230; Los dos se han portado sensatos con el tema de realizar la ceremonia del \u00abGrito de Independencia\u00bb del 15 de septiembre pr\u00f3ximo, de manera virtual&#8230; Nos referimos a Cuitl\u00e1huac Garc\u00eda y Fernando Yunes, gobernador y alcalde de Veracruz, la sociedad no est\u00e1 para festejos por la pandemia del COVID, que tiene enlutado a casi 4 mil familias en la entidad, seg\u00fan cifras oficiales&#8230; No sabemos cu\u00e1ntas m\u00e1s viven esa situaci\u00f3n&#8230;<\/p>\n<p>&nbsp;<a href=\"https:\/\/www.facebook.com\/notaria61veracruz\/\"><img decoding=\"async\" src=\"http:\/\/www.lospoliticosveracruz.com.mx\/wp-content\/uploads\/2020\/07\/CINTILLO-Armando.jpg\" alt=\"\" \/><\/a><\/p>\n<p>Hay que recordar que despu\u00e9s del anuncio de Andr\u00e9s Manuel L\u00f3pez Obrador, que \u00e9l s\u00ed har\u00eda la ceremonia del \u00abGrito\u00bb en el z\u00f3calo capitalino, con s\u00f3lo 500 personas en este sitio y todos guardando su \u00absana distancia\u00bb&#8230; Una de las primeras autoridades que dijo que lo har\u00eda de manera virtual fue el presidente municipal porte\u00f1o&#8230; Se\u00f1alando que no le parec\u00eda correcto la decisi\u00f3n de L\u00f3pez Obrador, ante las cantidad de contagios por el COVID&#8230;<\/p>\n<p>Unos d\u00edas despu\u00e9s, Cuitl\u00e1huac Garc\u00eda (al que tanto hemos criticado) tambi\u00e9n tom\u00f3 una decisi\u00f3n correcta y de estadista&#8230; Hacerlo de la misma forma virtual, para no provocar una escalada de contagios por la gente que ir\u00eda a Plaza Lerdo, en Xalapa, a este festejo, decisi\u00f3n que se le aplaudi\u00f3&#8230; Al paso del tiempo, el gobierno del Estado tom\u00f3 la determinaci\u00f3n de que los ayuntamientos, la ceremonia lo llevar\u00e1n a cabo de esa manera, para evitar la propagaci\u00f3n de la pandemia&#8230; Tambi\u00e9n decisi\u00f3n correcta..<\/p>\n<p>A pesar de que despu\u00e9s vinieron unos dimes y diretes entre alcaldes y Patrocinio Cisneros por esta situaci\u00f3n&#8230; Pura \u00abgrilla\u00bb&#8230; Lo importante aqu\u00ed, es que no se va arriesgar la salud de los veracruzanos con festejos en ese d\u00eda&#8230; Veracruz est\u00e1 de luto, no de fiesta&#8230; Por eso, no se entiende la actitud de L\u00f3pez Obrador en hacerlo p\u00fablico en el z\u00f3calo&#8230; Esa decisi\u00f3n enfrenta, no une y lo pone como un incongruente&#8230; Cuitl\u00e1huac est\u00e1 mostrando m\u00e1s nivel pol\u00edtico que el Presidente en esta decisi\u00f3n&#8230; Es lo real&#8230;<\/p>\n<p>\u00bfEL DESTAPE?&#8230; Los que se dedican a la \u00abgrilla\u00bb pol\u00edtica, agarr\u00f3 desprevenidos el anunci\u00f3 que hiciera el alcalde porte\u00f1o, Fernando Yunes M\u00e1rquez, de su PRESUNTO \u00abdestape\u00bb como aspirante a gobernar Veracruz en 2024&#8230;. Cuando todav\u00eda no pasa el 2021, donde habr\u00e1 elecciones locales y federales en el pa\u00eds&#8230; Todo esto generado por un \u00abpleito\u00bb pol\u00edtico que sostiene con el gobierno estatal, directamente, con el secretario de Gobierno, Eric Cisneros, por el tema del tratamiento de la pandemia del COVID&#8230;<\/p>\n<p>El claramente hizo alusi\u00f3n que el enfrentamiento con Patrocinio es porque seg\u00fan \u00e9l, como alcalde \u00abpolitizo\u00bb el tema de salud&#8230; Situaci\u00f3n que el presidente municipal neg\u00f3 tal acci\u00f3n y ah\u00ed \u00absolt\u00f3 la bomba\u00bb que los ataques en su contra&#8230; Se deben que el gobierno de MORENA \u00ablo ven como el m\u00e1s serio aspirante al 2024 y que desde ahorita intentan bajarme\u00bb (obvio como un aspirante de oposici\u00f3n)&#8230; Y desde luego esto solt\u00f3 una serie de comentarios a favor y adversos&#8230; Pero lo dicho sali\u00f3 de la propia boca de Fernando Yunes&#8230; De nadie m\u00e1s&#8230;<\/p>\n<p>Entre las ense\u00f1anzas que daba Fernando Guti\u00e9rrez Barrios, sobre el actuar pol\u00edtico, dec\u00eda: \u00abEn la vida como en la pol\u00edtica&#8230; Todo tiene su tiempo y su momento&#8230; A lo mejor es t\u00fa tiempo, pero no t\u00fa momento y viceversa&#8230; Pero cuando se presentan ambas, s\u00fabete porque a lo mejor no tienes otra oportunidad\u00bb&#8230; Quiz\u00e1s los analistas m\u00e1s cr\u00edticos, podr\u00edan decir que Fernando Yunes se \u00abadelant\u00f3\u00bb y un \u00abchingo\u00bb a ese proceso electoral porque aun no pasan el 2021&#8230; Y no saben como va a quedar parado el PAN, partido en el que milita&#8230;<\/p>\n<p>Se puede deducir entonces que con esa declaraci\u00f3n&#8230; \u00c9l tambi\u00e9n se \u00absube a ese barco\u00bb cargo que puede disputar su hermano, Miguel \u00c1ngel, al cual algunos simpatizantes panistas de los Yunes, promueven como candidato a la alcald\u00eda de Veracruz, en sustituci\u00f3n de su hermano Fernando, aunque todo parece indicar que el ex alcalde de Boca del R\u00edo, terminar\u00e1 en otro cargo de elecci\u00f3n popular: La diputaci\u00f3n local por el distrito urbano de este puerto&#8230;<\/p>\n<p>Esa misma declaraci\u00f3n hizo que hasta grupos de \u00abguasap\u00bb hablaran hasta de un pleito familiar de los hermanos Yunes M\u00e1rquez por cuestiones pol\u00edticas (Algo m\u00e1s que falso, \u00ablas peleas son abajo, arriba los acuerdos\u00bb, recu\u00e9rdenlo)&#8230; Hubo hasta \u00abaventurados y sabiondos\u00bb pol\u00edticos (Ja Ja Ja) que \u00absoltaron\u00bb que con el \u00abdestape\u00bb de Yunes M\u00e1rquez&#8230; Provocar\u00eda un \u00abcisma\u00bb en MORENA&#8230; Que har\u00eda que L\u00f3pez Obrador, en diciembre, tomar\u00e1 la decisi\u00f3n de remover del gobierno a Cuitl\u00e1huac Garc\u00eda&#8230; Ah\u00ed nos avisan&#8230; Ja Ja Ja&#8230; Ese movimiento no se va a dar&#8230;<\/p>\n<p>Lo que se puede deducir de manera m\u00e1s sensata&#8230; Es que quiz\u00e1s el alcalde porte\u00f1o, no la midi\u00f3, ni tampoco se imagino, que lo dicho, todo lo que iba a mover pol\u00edticamente cuando aun no son los tiempos del 2024&#8230; M\u00e1s si la oposici\u00f3n no logra quitarle el poder del Congreso Local a MORENA&#8230; Y este logra tambi\u00e9n un buen n\u00famero de triunfos en las alcald\u00edas en 2021&#8230; A lo mejor, fue una frase dicha porque esta anunciando que \u00abse le van a venir encima\u00bb desde el Gobierno del Estado&#8230; Prepara camino para el \u00abmartirio\u00bb&#8230; Es REAL POL\u00cdTIK&#8230;<\/p>\n<p>Si bien es cierto, Fernando Yunes se ha mostrado con mucho tacto pol\u00edtico en su modo de actuar como alcalde&#8230; Tambi\u00e9n suele a veces en incurrir en el \u00aberror sistem\u00e1tico\u00bb que les sucede a todos los pol\u00edticos, cuando se saben presionados&#8230; Ya que \u00e9l m\u00e1s que nadie sabe, cuando un gobierno estatal quiere \u00abapretar\u00bb a un alcalde, lo hace con su cuenta p\u00fablica&#8230; Ah\u00ed es donde le pueden \u00abarreciar\u00bb los \u00abmameyazos\u00bb a un ayuntamiento&#8230; Y no por eso, provocar miedo a un Presidente para cambiar a un gobernador&#8230; M\u00e1s cuando lo tienen todo&#8230;<\/p>\n<p>Un pol\u00edtico sensato tampoco da a conocer su estrategia&#8230; Y m\u00e1s un Yunes azul&#8230; Ni siquiera para cederle el paso al hermano&#8230; Es algo que ser\u00eda muy obvio&#8230; Por eso la declaraci\u00f3n de su \u00abposible\u00bb candidatura a gobernador en 2024&#8230; Tenga algo m\u00e1s de fondo&#8230; No es que les haya \u00abganado el h\u00edgado\u00bb pero, si pensar que se prepara para la embestida de MORENA&#8230; Ya que en caso contrario, Fernando Yunes puede decir que \u00e9l nunca \u00abse destap\u00f3\u00bb&#8230; Que s\u00f3lo dijo, que los Morenos \u00ablo ven como el m\u00e1s fuerte aspirante\u00bb&#8230;. Del dicho, al hecho&#8230; Todo quedar\u00eda ah\u00ed&#8230; AMEN&#8230;<\/p>\n","protected":false},"excerpt":{"rendered":"<p>Ricardo Ch\u00faa Sale y vale &nbsp; CUITL\u00c1HUAC Y FERNANDO&#8230; A pesar de las diferencias de partidos y las \u00abbroncas\u00bb pol\u00edticas entre ambos&#8230; Una situaci\u00f3n es verdad&#8230; Los dos se han portado sensatos con el tema de realizar la ceremonia del \u00abGrito de Independencia\u00bb del 15 de septiembre pr\u00f3ximo, de manera virtual&#8230; Nos referimos a Cuitl\u00e1huac [&hellip;]<\/p>\n","protected":false},"author":2,"featured_media":0,"comment_status":"open","ping_status":"open","sticky":false,"template":"","format":"standard","meta":{"tdm_status":"","tdm_grid_status":"","footnotes":""},"categories":[70],"tags":[618,1563,20632,20634,611,818,451,20633,3397,1026,266,16929,19916],"class_list":{"0":"post-60147","1":"post","2":"type-post","3":"status-publish","4":"format-standard","6":"category-de-opinion","7":"tag-andres-manuel-lopez-obrador","8":"tag-cuitlahuac-garcia-jimenez","9":"tag-dimes-y-diretes-entre-alcaldes","10":"tag-el-destape","11":"tag-fernando-gutierrez-barrios","12":"tag-fernando-yunes-marquez","13":"tag-gobernador","14":"tag-grilla-politica","15":"tag-grito-de-independencia","16":"tag-morena","17":"tag-pan","18":"tag-pandemia","19":"tag-patrocinio-cisneros"},"yoast_head":"<!-- This site is optimized with the Yoast SEO plugin v27.4 - https:\/\/yoast.com\/product\/yoast-seo-wordpress\/ -->\n<title>El destape de Chiquinando - Los pol\u00edticos Veracruz<\/title>\n<meta name=\"robots\" content=\"index, follow, max-snippet:-1, max-image-preview:large, max-video-preview:-1\" \/>\n<link rel=\"canonical\" href=\"https:\/\/lospoliticosveracruz.com\/?p=60147\" \/>\n<meta property=\"og:locale\" content=\"es_ES\" \/>\n<meta property=\"og:type\" content=\"article\" \/>\n<meta property=\"og:title\" content=\"El destape de Chiquinando - Los pol\u00edticos Veracruz\" \/>\n<meta property=\"og:description\" content=\"Ricardo Ch\u00faa Sale y vale &nbsp; CUITL\u00c1HUAC Y FERNANDO&#8230; A pesar de las diferencias de partidos y las \u00abbroncas\u00bb pol\u00edticas entre ambos&#8230; Una situaci\u00f3n es verdad&#8230; Los dos se han portado sensatos con el tema de realizar la ceremonia del \u00abGrito de Independencia\u00bb del 15 de septiembre pr\u00f3ximo, de manera virtual&#8230; Nos referimos a Cuitl\u00e1huac [&hellip;]\" \/>\n<meta property=\"og:url\" content=\"https:\/\/lospoliticosveracruz.com\/?p=60147\" \/>\n<meta property=\"og:site_name\" content=\"Los pol\u00edticos Veracruz\" \/>\n<meta property=\"article:publisher\" content=\"https:\/\/www.facebook.com\/people\/Notimemes-de-los-Polticos\/61565672886568\/\" \/>\n<meta property=\"article:published_time\" content=\"2020-09-03T13:47:20+00:00\" \/>\n<meta property=\"article:modified_time\" content=\"2020-09-03T13:48:39+00:00\" \/>\n<meta property=\"og:image\" content=\"http:\/\/www.lospoliticosveracruz.com.mx\/wp-content\/uploads\/2020\/07\/CINTILLO-Armando.jpg\" \/>\n<meta name=\"author\" content=\"Lo viste en Los Pol\u00edticos\" \/>\n<meta name=\"twitter:card\" content=\"summary_large_image\" \/>\n<meta name=\"twitter:creator\" content=\"@LosPoliticosVer\" \/>\n<meta name=\"twitter:site\" content=\"@LosPoliticosVer\" \/>\n<meta name=\"twitter:label1\" content=\"Escrito por\" \/>\n\t<meta name=\"twitter:data1\" content=\"Lo viste en Los Pol\u00edticos\" \/>\n\t<meta name=\"twitter:label2\" content=\"Tiempo de lectura\" \/>\n\t<meta name=\"twitter:data2\" content=\"6 minutos\" \/>\n<script type=\"application\/ld+json\" class=\"yoast-schema-graph\">{\"@context\":\"https:\\\/\\\/schema.org\",\"@graph\":[{\"@type\":\"Article\",\"@id\":\"https:\\\/\\\/lospoliticosveracruz.com\\\/?p=60147#article\",\"isPartOf\":{\"@id\":\"https:\\\/\\\/lospoliticosveracruz.com\\\/?p=60147\"},\"author\":{\"name\":\"Lo viste en Los Pol\u00edticos\",\"@id\":\"https:\\\/\\\/lospoliticosveracruz.com\\\/#\\\/schema\\\/person\\\/b8702bb0e538456e6efd07080bf2a4a2\"},\"headline\":\"El destape de Chiquinando\",\"datePublished\":\"2020-09-03T13:47:20+00:00\",\"dateModified\":\"2020-09-03T13:48:39+00:00\",\"mainEntityOfPage\":{\"@id\":\"https:\\\/\\\/lospoliticosveracruz.com\\\/?p=60147\"},\"wordCount\":1170,\"commentCount\":0,\"publisher\":{\"@id\":\"https:\\\/\\\/lospoliticosveracruz.com\\\/#organization\"},\"image\":{\"@id\":\"https:\\\/\\\/lospoliticosveracruz.com\\\/?p=60147#primaryimage\"},\"thumbnailUrl\":\"http:\\\/\\\/www.lospoliticosveracruz.com.mx\\\/wp-content\\\/uploads\\\/2020\\\/07\\\/CINTILLO-Armando.jpg\",\"keywords\":[\"Andr\u00e9s Manuel L\u00f3pez Obrador\",\"Cuitl\u00e1huac Garc\u00eda Jim\u00e9nez\",\"Dimes y diretes entre alcaldes\",\"El destape\",\"Fernando Guti\u00e9rrez Barrios\",\"Fernando Yunes M\u00e1rquez\",\"gobernador\",\"Grilla pol\u00edtica\",\"Grito de Independencia\",\"Morena\",\"PAN\",\"pandemia\",\"Patrocinio Cisneros\"],\"articleSection\":[\"De Opini\u00f3n\"],\"inLanguage\":\"es\",\"potentialAction\":[{\"@type\":\"CommentAction\",\"name\":\"Comment\",\"target\":[\"https:\\\/\\\/lospoliticosveracruz.com\\\/?p=60147#respond\"]}]},{\"@type\":\"WebPage\",\"@id\":\"https:\\\/\\\/lospoliticosveracruz.com\\\/?p=60147\",\"url\":\"https:\\\/\\\/lospoliticosveracruz.com\\\/?p=60147\",\"name\":\"El destape de Chiquinando - Los pol\u00edticos Veracruz\",\"isPartOf\":{\"@id\":\"https:\\\/\\\/lospoliticosveracruz.com\\\/#website\"},\"primaryImageOfPage\":{\"@id\":\"https:\\\/\\\/lospoliticosveracruz.com\\\/?p=60147#primaryimage\"},\"image\":{\"@id\":\"https:\\\/\\\/lospoliticosveracruz.com\\\/?p=60147#primaryimage\"},\"thumbnailUrl\":\"http:\\\/\\\/www.lospoliticosveracruz.com.mx\\\/wp-content\\\/uploads\\\/2020\\\/07\\\/CINTILLO-Armando.jpg\",\"datePublished\":\"2020-09-03T13:47:20+00:00\",\"dateModified\":\"2020-09-03T13:48:39+00:00\",\"breadcrumb\":{\"@id\":\"https:\\\/\\\/lospoliticosveracruz.com\\\/?p=60147#breadcrumb\"},\"inLanguage\":\"es\",\"potentialAction\":[{\"@type\":\"ReadAction\",\"target\":[\"https:\\\/\\\/lospoliticosveracruz.com\\\/?p=60147\"]}]},{\"@type\":\"ImageObject\",\"inLanguage\":\"es\",\"@id\":\"https:\\\/\\\/lospoliticosveracruz.com\\\/?p=60147#primaryimage\",\"url\":\"http:\\\/\\\/www.lospoliticosveracruz.com.mx\\\/wp-content\\\/uploads\\\/2020\\\/07\\\/CINTILLO-Armando.jpg\",\"contentUrl\":\"http:\\\/\\\/www.lospoliticosveracruz.com.mx\\\/wp-content\\\/uploads\\\/2020\\\/07\\\/CINTILLO-Armando.jpg\"},{\"@type\":\"BreadcrumbList\",\"@id\":\"https:\\\/\\\/lospoliticosveracruz.com\\\/?p=60147#breadcrumb\",\"itemListElement\":[{\"@type\":\"ListItem\",\"position\":1,\"name\":\"Portada\",\"item\":\"https:\\\/\\\/lospoliticosveracruz.com\\\/\"},{\"@type\":\"ListItem\",\"position\":2,\"name\":\"El destape de Chiquinando\"}]},{\"@type\":\"WebSite\",\"@id\":\"https:\\\/\\\/lospoliticosveracruz.com\\\/#website\",\"url\":\"https:\\\/\\\/lospoliticosveracruz.com\\\/\",\"name\":\"Los pol\u00edticos Veracruz\",\"description\":\"\",\"publisher\":{\"@id\":\"https:\\\/\\\/lospoliticosveracruz.com\\\/#organization\"},\"potentialAction\":[{\"@type\":\"SearchAction\",\"target\":{\"@type\":\"EntryPoint\",\"urlTemplate\":\"https:\\\/\\\/lospoliticosveracruz.com\\\/?s={search_term_string}\"},\"query-input\":{\"@type\":\"PropertyValueSpecification\",\"valueRequired\":true,\"valueName\":\"search_term_string\"}}],\"inLanguage\":\"es\"},{\"@type\":\"Organization\",\"@id\":\"https:\\\/\\\/lospoliticosveracruz.com\\\/#organization\",\"name\":\"Los pol\u00edticos Veracruz\",\"url\":\"https:\\\/\\\/lospoliticosveracruz.com\\\/\",\"logo\":{\"@type\":\"ImageObject\",\"inLanguage\":\"es\",\"@id\":\"https:\\\/\\\/lospoliticosveracruz.com\\\/#\\\/schema\\\/logo\\\/image\\\/\",\"url\":\"https:\\\/\\\/lospoliticosveracruz.com\\\/wp-content\\\/uploads\\\/2025\\\/12\\\/Logo-Nuevo-LOS-POLITICOS-1.jpg\",\"contentUrl\":\"https:\\\/\\\/lospoliticosveracruz.com\\\/wp-content\\\/uploads\\\/2025\\\/12\\\/Logo-Nuevo-LOS-POLITICOS-1.jpg\",\"width\":260,\"height\":70,\"caption\":\"Los pol\u00edticos Veracruz\"},\"image\":{\"@id\":\"https:\\\/\\\/lospoliticosveracruz.com\\\/#\\\/schema\\\/logo\\\/image\\\/\"},\"sameAs\":[\"https:\\\/\\\/www.facebook.com\\\/people\\\/Notimemes-de-los-Polticos\\\/61565672886568\\\/\",\"https:\\\/\\\/x.com\\\/LosPoliticosVer\"]},{\"@type\":\"Person\",\"@id\":\"https:\\\/\\\/lospoliticosveracruz.com\\\/#\\\/schema\\\/person\\\/b8702bb0e538456e6efd07080bf2a4a2\",\"name\":\"Lo viste en Los Pol\u00edticos\",\"image\":{\"@type\":\"ImageObject\",\"inLanguage\":\"es\",\"@id\":\"https:\\\/\\\/secure.gravatar.com\\\/avatar\\\/3a8de04a2656d44082be478bd6c086daa447c4651605818287b9532d3d0bd435?s=96&d=mm&r=g\",\"url\":\"https:\\\/\\\/secure.gravatar.com\\\/avatar\\\/3a8de04a2656d44082be478bd6c086daa447c4651605818287b9532d3d0bd435?s=96&d=mm&r=g\",\"contentUrl\":\"https:\\\/\\\/secure.gravatar.com\\\/avatar\\\/3a8de04a2656d44082be478bd6c086daa447c4651605818287b9532d3d0bd435?s=96&d=mm&r=g\",\"caption\":\"Lo viste en Los Pol\u00edticos\"},\"url\":\"https:\\\/\\\/lospoliticosveracruz.com\\\/?author=2\"}]}<\/script>\n<!-- \/ Yoast SEO plugin. -->","yoast_head_json":{"title":"El destape de Chiquinando - Los pol\u00edticos Veracruz","robots":{"index":"index","follow":"follow","max-snippet":"max-snippet:-1","max-image-preview":"max-image-preview:large","max-video-preview":"max-video-preview:-1"},"canonical":"https:\/\/lospoliticosveracruz.com\/?p=60147","og_locale":"es_ES","og_type":"article","og_title":"El destape de Chiquinando - Los pol\u00edticos Veracruz","og_description":"Ricardo Ch\u00faa Sale y vale &nbsp; CUITL\u00c1HUAC Y FERNANDO&#8230; A pesar de las diferencias de partidos y las \u00abbroncas\u00bb pol\u00edticas entre ambos&#8230; Una situaci\u00f3n es verdad&#8230; Los dos se han portado sensatos con el tema de realizar la ceremonia del \u00abGrito de Independencia\u00bb del 15 de septiembre pr\u00f3ximo, de manera virtual&#8230; Nos referimos a Cuitl\u00e1huac [&hellip;]","og_url":"https:\/\/lospoliticosveracruz.com\/?p=60147","og_site_name":"Los pol\u00edticos Veracruz","article_publisher":"https:\/\/www.facebook.com\/people\/Notimemes-de-los-Polticos\/61565672886568\/","article_published_time":"2020-09-03T13:47:20+00:00","article_modified_time":"2020-09-03T13:48:39+00:00","og_image":[{"url":"http:\/\/www.lospoliticosveracruz.com.mx\/wp-content\/uploads\/2020\/07\/CINTILLO-Armando.jpg","type":"","width":"","height":""}],"author":"Lo viste en Los Pol\u00edticos","twitter_card":"summary_large_image","twitter_creator":"@LosPoliticosVer","twitter_site":"@LosPoliticosVer","twitter_misc":{"Escrito por":"Lo viste en Los Pol\u00edticos","Tiempo de lectura":"6 minutos"},"schema":{"@context":"https:\/\/schema.org","@graph":[{"@type":"Article","@id":"https:\/\/lospoliticosveracruz.com\/?p=60147#article","isPartOf":{"@id":"https:\/\/lospoliticosveracruz.com\/?p=60147"},"author":{"name":"Lo viste en Los Pol\u00edticos","@id":"https:\/\/lospoliticosveracruz.com\/#\/schema\/person\/b8702bb0e538456e6efd07080bf2a4a2"},"headline":"El destape de Chiquinando","datePublished":"2020-09-03T13:47:20+00:00","dateModified":"2020-09-03T13:48:39+00:00","mainEntityOfPage":{"@id":"https:\/\/lospoliticosveracruz.com\/?p=60147"},"wordCount":1170,"commentCount":0,"publisher":{"@id":"https:\/\/lospoliticosveracruz.com\/#organization"},"image":{"@id":"https:\/\/lospoliticosveracruz.com\/?p=60147#primaryimage"},"thumbnailUrl":"http:\/\/www.lospoliticosveracruz.com.mx\/wp-content\/uploads\/2020\/07\/CINTILLO-Armando.jpg","keywords":["Andr\u00e9s Manuel L\u00f3pez Obrador","Cuitl\u00e1huac Garc\u00eda Jim\u00e9nez","Dimes y diretes entre alcaldes","El destape","Fernando Guti\u00e9rrez Barrios","Fernando Yunes M\u00e1rquez","gobernador","Grilla pol\u00edtica","Grito de Independencia","Morena","PAN","pandemia","Patrocinio Cisneros"],"articleSection":["De Opini\u00f3n"],"inLanguage":"es","potentialAction":[{"@type":"CommentAction","name":"Comment","target":["https:\/\/lospoliticosveracruz.com\/?p=60147#respond"]}]},{"@type":"WebPage","@id":"https:\/\/lospoliticosveracruz.com\/?p=60147","url":"https:\/\/lospoliticosveracruz.com\/?p=60147","name":"El destape de Chiquinando - Los pol\u00edticos Veracruz","isPartOf":{"@id":"https:\/\/lospoliticosveracruz.com\/#website"},"primaryImageOfPage":{"@id":"https:\/\/lospoliticosveracruz.com\/?p=60147#primaryimage"},"image":{"@id":"https:\/\/lospoliticosveracruz.com\/?p=60147#primaryimage"},"thumbnailUrl":"http:\/\/www.lospoliticosveracruz.com.mx\/wp-content\/uploads\/2020\/07\/CINTILLO-Armando.jpg","datePublished":"2020-09-03T13:47:20+00:00","dateModified":"2020-09-03T13:48:39+00:00","breadcrumb":{"@id":"https:\/\/lospoliticosveracruz.com\/?p=60147#breadcrumb"},"inLanguage":"es","potentialAction":[{"@type":"ReadAction","target":["https:\/\/lospoliticosveracruz.com\/?p=60147"]}]},{"@type":"ImageObject","inLanguage":"es","@id":"https:\/\/lospoliticosveracruz.com\/?p=60147#primaryimage","url":"http:\/\/www.lospoliticosveracruz.com.mx\/wp-content\/uploads\/2020\/07\/CINTILLO-Armando.jpg","contentUrl":"http:\/\/www.lospoliticosveracruz.com.mx\/wp-content\/uploads\/2020\/07\/CINTILLO-Armando.jpg"},{"@type":"BreadcrumbList","@id":"https:\/\/lospoliticosveracruz.com\/?p=60147#breadcrumb","itemListElement":[{"@type":"ListItem","position":1,"name":"Portada","item":"https:\/\/lospoliticosveracruz.com\/"},{"@type":"ListItem","position":2,"name":"El destape de Chiquinando"}]},{"@type":"WebSite","@id":"https:\/\/lospoliticosveracruz.com\/#website","url":"https:\/\/lospoliticosveracruz.com\/","name":"Los pol\u00edticos Veracruz","description":"","publisher":{"@id":"https:\/\/lospoliticosveracruz.com\/#organization"},"potentialAction":[{"@type":"SearchAction","target":{"@type":"EntryPoint","urlTemplate":"https:\/\/lospoliticosveracruz.com\/?s={search_term_string}"},"query-input":{"@type":"PropertyValueSpecification","valueRequired":true,"valueName":"search_term_string"}}],"inLanguage":"es"},{"@type":"Organization","@id":"https:\/\/lospoliticosveracruz.com\/#organization","name":"Los pol\u00edticos Veracruz","url":"https:\/\/lospoliticosveracruz.com\/","logo":{"@type":"ImageObject","inLanguage":"es","@id":"https:\/\/lospoliticosveracruz.com\/#\/schema\/logo\/image\/","url":"https:\/\/lospoliticosveracruz.com\/wp-content\/uploads\/2025\/12\/Logo-Nuevo-LOS-POLITICOS-1.jpg","contentUrl":"https:\/\/lospoliticosveracruz.com\/wp-content\/uploads\/2025\/12\/Logo-Nuevo-LOS-POLITICOS-1.jpg","width":260,"height":70,"caption":"Los pol\u00edticos Veracruz"},"image":{"@id":"https:\/\/lospoliticosveracruz.com\/#\/schema\/logo\/image\/"},"sameAs":["https:\/\/www.facebook.com\/people\/Notimemes-de-los-Polticos\/61565672886568\/","https:\/\/x.com\/LosPoliticosVer"]},{"@type":"Person","@id":"https:\/\/lospoliticosveracruz.com\/#\/schema\/person\/b8702bb0e538456e6efd07080bf2a4a2","name":"Lo viste en Los Pol\u00edticos","image":{"@type":"ImageObject","inLanguage":"es","@id":"https:\/\/secure.gravatar.com\/avatar\/3a8de04a2656d44082be478bd6c086daa447c4651605818287b9532d3d0bd435?s=96&d=mm&r=g","url":"https:\/\/secure.gravatar.com\/avatar\/3a8de04a2656d44082be478bd6c086daa447c4651605818287b9532d3d0bd435?s=96&d=mm&r=g","contentUrl":"https:\/\/secure.gravatar.com\/avatar\/3a8de04a2656d44082be478bd6c086daa447c4651605818287b9532d3d0bd435?s=96&d=mm&r=g","caption":"Lo viste en Los Pol\u00edticos"},"url":"https:\/\/lospoliticosveracruz.com\/?author=2"}]}},"_links":{"self":[{"href":"https:\/\/lospoliticosveracruz.com\/index.php?rest_route=\/wp\/v2\/posts\/60147","targetHints":{"allow":["GET"]}}],"collection":[{"href":"https:\/\/lospoliticosveracruz.com\/index.php?rest_route=\/wp\/v2\/posts"}],"about":[{"href":"https:\/\/lospoliticosveracruz.com\/index.php?rest_route=\/wp\/v2\/types\/post"}],"author":[{"embeddable":true,"href":"https:\/\/lospoliticosveracruz.com\/index.php?rest_route=\/wp\/v2\/users\/2"}],"replies":[{"embeddable":true,"href":"https:\/\/lospoliticosveracruz.com\/index.php?rest_route=%2Fwp%2Fv2%2Fcomments&post=60147"}],"version-history":[{"count":2,"href":"https:\/\/lospoliticosveracruz.com\/index.php?rest_route=\/wp\/v2\/posts\/60147\/revisions"}],"predecessor-version":[{"id":60150,"href":"https:\/\/lospoliticosveracruz.com\/index.php?rest_route=\/wp\/v2\/posts\/60147\/revisions\/60150"}],"wp:attachment":[{"href":"https:\/\/lospoliticosveracruz.com\/index.php?rest_route=%2Fwp%2Fv2%2Fmedia&parent=60147"}],"wp:term":[{"taxonomy":"category","embeddable":true,"href":"https:\/\/lospoliticosveracruz.com\/index.php?rest_route=%2Fwp%2Fv2%2Fcategories&post=60147"},{"taxonomy":"post_tag","embeddable":true,"href":"https:\/\/lospoliticosveracruz.com\/index.php?rest_route=%2Fwp%2Fv2%2Ftags&post=60147"}],"curies":[{"name":"wp","href":"https:\/\/api.w.org\/{rel}","templated":true}]}}