{"id":60230,"date":"2020-09-04T10:07:25","date_gmt":"2020-09-04T15:07:25","guid":{"rendered":"http:\/\/www.lospoliticosveracruz.com.mx\/?p=60230"},"modified":"2020-09-10T11:39:34","modified_gmt":"2020-09-10T16:39:34","slug":"aduana-sanitaria-a-urbanos","status":"publish","type":"post","link":"https:\/\/lospoliticosveracruz.com\/?p=60230","title":{"rendered":"\u201cAduana sanitaria\u201d a \u201curbanos\u201d"},"content":{"rendered":"<p>Para verificar el cumplimiento de las disposiciones de seguridad sanitaria en el transporte, el Ayuntamiento de C\u00f3rdoba instal\u00f3 m\u00f3dulo de revisi\u00f3n m\u00e9dica voluntaria en el boulevard C\u00f3rdoba-Pe\u00f1uela en el que supervis\u00f3 el uso obligatorio de cubreboca entre usuarios y operadores, as\u00ed como la restricci\u00f3n de capacidad en el n\u00famero de pasajeros en el trasporte p\u00fablico.<\/p>\n<p><a href=\"http:\/\/www.lospoliticosveracruz.com.mx\/wp-content\/uploads\/2020\/09\/Sem\u00e1foro-Naranja-C\u00f3rdoba.jpg\"><img loading=\"lazy\" decoding=\"async\" class=\"alignleft size-full wp-image-60611\" src=\"http:\/\/www.lospoliticosveracruz.com.mx\/wp-content\/uploads\/2020\/09\/Sem\u00e1foro-Naranja-C\u00f3rdoba.jpg\" alt=\"Sem\u00e1foro Naranja C\u00f3rdoba\" width=\"375\" height=\"626\" \/><\/a>\u00a0Jos\u00e9 Sierra Silva, coordinador de la UMPC, indic\u00f3 que a pesar del cambio en la situaci\u00f3n epidemiol\u00f3gica para C\u00f3rdoba, las medidas de seguridad sanitaria se mantendr\u00e1n vigentes. Destac\u00f3 que las nuevas disposiciones administrativas aprobadas por el Cabildo tienen la finalidad procurar la salud en el municipio a partir del reinicio de actividades paulatino y ordenado.<\/p>\n<p>\u201cNo es momento de bajar la guardia, al contrario hay que reforzar las acciones y sumar la responsabilidad social para que C\u00f3rdoba permanezca en naranja y avance hacia el color amarillo en el sem\u00e1foro epidemiol\u00f3gico\u201d, coment\u00f3 el servidor p\u00fablico quien agreg\u00f3 que la presidenta municipal, Leticia L\u00f3pez Landero, ha instruido a coordinar acciones a favor de la salud.<\/p>\n<p>Al enumerar la participaci\u00f3n de personal de la Direcci\u00f3n Municipal de Tr\u00e1nsito y Seguridad Vial, de Jefatura de Salud y la Polic\u00eda Municipal en el m\u00f3dulo de revisi\u00f3n, agradeci\u00f3 a las diferentes instancias municipales la colaboraci\u00f3n y coordinaci\u00f3n para implementar acciones preventivas, sanitarias y de apoyo social en las pasadas 25 semanas.<\/p>\n<p>Adelant\u00f3 que en el marco de la disposici\u00f3n de la Secretar\u00eda de Salud durante que coloca a C\u00f3rdoba en naranja para el del 31 de agosto al 13 de septiembre, coordinadamente, diferentes instancias municipales verificar\u00e1n la aplicaci\u00f3n de medidas de seguridad sanitaria en espacios p\u00fablicos, comerciales y recreativos.<\/p>\n<p>Precis\u00f3 que adem\u00e1s del uso obligatorio de cubreboca, los establecimientos comerciales, el transporte p\u00fablico de pasajeros, los espacios recreativos y donde haya actividades sociales deber\u00e1n instalar filtros sanitarios en sus accesos, adem\u00e1s de vigilar se cumplan con el lavado frecuente de manos con agua y jab\u00f3n, por parte de colaboradores y consumidores.<\/p>\n<p>Record\u00f3 que las personas consideradas en los grupos vulnerables, mujeres embarazadas, personas menores de doce a\u00f1os o mayores de 65, as\u00ed como quienes tengan padecimientos cr\u00f3nicos como hipertensi\u00f3n, obesidad, diabetes, VIH, c\u00e1ncer o enfermedad pulmonar obstructiva, deber\u00e1n permanecer en casa el mayor tiempo posible.<\/p>\n","protected":false},"excerpt":{"rendered":"<p>Para verificar el cumplimiento de las disposiciones de seguridad sanitaria en el transporte, el Ayuntamiento de C\u00f3rdoba instal\u00f3 m\u00f3dulo de revisi\u00f3n m\u00e9dica voluntaria en el boulevard C\u00f3rdoba-Pe\u00f1uela en el que supervis\u00f3 el uso obligatorio de cubreboca entre usuarios y operadores, as\u00ed como la restricci\u00f3n de capacidad en el n\u00famero de pasajeros en el trasporte p\u00fablico. [&hellip;]<\/p>\n","protected":false},"author":2,"featured_media":0,"comment_status":"open","ping_status":"open","sticky":false,"template":"","format":"standard","meta":{"tdm_status":"","tdm_grid_status":"","footnotes":""},"categories":[73],"tags":[10563,19304,19600,17358,7641,20710,20708,18970,20709,19433],"class_list":{"0":"post-60230","1":"post","2":"type-post","3":"status-publish","4":"format-standard","6":"category-de-boleto","7":"tag-cabildo","8":"tag-cabildo-de-cordoba","9":"tag-direccion-municipal-de-transito-y-seguridad-vial","10":"tag-jose-sierra-silva","11":"tag-leticia-lopez-landero","12":"tag-salud-y-la-policia-municipal","13":"tag-seguridad-sanitaria-en-el-transporte","14":"tag-semaforo-epidemiologico","15":"tag-situacion-epidemiologica-para-cordoba","16":"tag-umpc"},"yoast_head":"<!-- This site is optimized with the Yoast SEO plugin v27.4 - https:\/\/yoast.com\/product\/yoast-seo-wordpress\/ -->\n<title>\u201cAduana sanitaria\u201d a \u201curbanos\u201d - Los pol\u00edticos Veracruz<\/title>\n<meta name=\"robots\" content=\"index, follow, max-snippet:-1, max-image-preview:large, max-video-preview:-1\" \/>\n<link rel=\"canonical\" href=\"https:\/\/lospoliticosveracruz.com\/?p=60230\" \/>\n<meta property=\"og:locale\" content=\"es_ES\" \/>\n<meta property=\"og:type\" content=\"article\" \/>\n<meta property=\"og:title\" content=\"\u201cAduana sanitaria\u201d a \u201curbanos\u201d - Los pol\u00edticos Veracruz\" \/>\n<meta property=\"og:description\" content=\"Para verificar el cumplimiento de las disposiciones de seguridad sanitaria en el transporte, el Ayuntamiento de C\u00f3rdoba instal\u00f3 m\u00f3dulo de revisi\u00f3n m\u00e9dica voluntaria en el boulevard C\u00f3rdoba-Pe\u00f1uela en el que supervis\u00f3 el uso obligatorio de cubreboca entre usuarios y operadores, as\u00ed como la restricci\u00f3n de capacidad en el n\u00famero de pasajeros en el trasporte p\u00fablico. [&hellip;]\" \/>\n<meta property=\"og:url\" content=\"https:\/\/lospoliticosveracruz.com\/?p=60230\" \/>\n<meta property=\"og:site_name\" content=\"Los pol\u00edticos Veracruz\" \/>\n<meta property=\"article:publisher\" content=\"https:\/\/www.facebook.com\/people\/Notimemes-de-los-Polticos\/61565672886568\/\" \/>\n<meta property=\"article:published_time\" content=\"2020-09-04T15:07:25+00:00\" \/>\n<meta property=\"article:modified_time\" content=\"2020-09-10T16:39:34+00:00\" \/>\n<meta property=\"og:image\" content=\"https:\/\/lospoliticosveracruz.com\/wp-content\/uploads\/2016\/07\/Logo-Dor.jpg\" \/>\n\t<meta property=\"og:image:width\" content=\"200\" \/>\n\t<meta property=\"og:image:height\" content=\"200\" \/>\n\t<meta property=\"og:image:type\" content=\"image\/jpeg\" \/>\n<meta name=\"author\" content=\"Lo viste en Los Pol\u00edticos\" \/>\n<meta name=\"twitter:card\" content=\"summary_large_image\" \/>\n<meta name=\"twitter:creator\" content=\"@LosPoliticosVer\" \/>\n<meta name=\"twitter:site\" content=\"@LosPoliticosVer\" \/>\n<meta name=\"twitter:label1\" content=\"Escrito por\" \/>\n\t<meta name=\"twitter:data1\" content=\"Lo viste en Los Pol\u00edticos\" \/>\n\t<meta name=\"twitter:label2\" content=\"Tiempo de lectura\" \/>\n\t<meta name=\"twitter:data2\" content=\"2 minutos\" \/>\n<script type=\"application\/ld+json\" class=\"yoast-schema-graph\">{\"@context\":\"https:\\\/\\\/schema.org\",\"@graph\":[{\"@type\":\"Article\",\"@id\":\"https:\\\/\\\/lospoliticosveracruz.com\\\/?p=60230#article\",\"isPartOf\":{\"@id\":\"https:\\\/\\\/lospoliticosveracruz.com\\\/?p=60230\"},\"author\":{\"name\":\"Lo viste en Los Pol\u00edticos\",\"@id\":\"https:\\\/\\\/lospoliticosveracruz.com\\\/#\\\/schema\\\/person\\\/b8702bb0e538456e6efd07080bf2a4a2\"},\"headline\":\"\u201cAduana sanitaria\u201d a \u201curbanos\u201d\",\"datePublished\":\"2020-09-04T15:07:25+00:00\",\"dateModified\":\"2020-09-10T16:39:34+00:00\",\"mainEntityOfPage\":{\"@id\":\"https:\\\/\\\/lospoliticosveracruz.com\\\/?p=60230\"},\"wordCount\":406,\"commentCount\":0,\"publisher\":{\"@id\":\"https:\\\/\\\/lospoliticosveracruz.com\\\/#organization\"},\"keywords\":[\"Cabildo\",\"Cabildo de C\u00f3rdoba\",\"Direcci\u00f3n Municipal de Tr\u00e1nsito y Seguridad Vial\",\"Jos\u00e9 Sierra Silva\",\"Leticia L\u00f3pez Landero\",\"Salud y la Polic\u00eda Municipal\",\"Seguridad sanitaria en el transporte\",\"sem\u00e1foro epidemiol\u00f3gico\",\"Situaci\u00f3n Epidemiol\u00f3gica para C\u00f3rdoba\",\"UMPC\"],\"articleSection\":[\"De Boleto\"],\"inLanguage\":\"es\",\"potentialAction\":[{\"@type\":\"CommentAction\",\"name\":\"Comment\",\"target\":[\"https:\\\/\\\/lospoliticosveracruz.com\\\/?p=60230#respond\"]}]},{\"@type\":\"WebPage\",\"@id\":\"https:\\\/\\\/lospoliticosveracruz.com\\\/?p=60230\",\"url\":\"https:\\\/\\\/lospoliticosveracruz.com\\\/?p=60230\",\"name\":\"\u201cAduana sanitaria\u201d a \u201curbanos\u201d - Los pol\u00edticos Veracruz\",\"isPartOf\":{\"@id\":\"https:\\\/\\\/lospoliticosveracruz.com\\\/#website\"},\"datePublished\":\"2020-09-04T15:07:25+00:00\",\"dateModified\":\"2020-09-10T16:39:34+00:00\",\"breadcrumb\":{\"@id\":\"https:\\\/\\\/lospoliticosveracruz.com\\\/?p=60230#breadcrumb\"},\"inLanguage\":\"es\",\"potentialAction\":[{\"@type\":\"ReadAction\",\"target\":[\"https:\\\/\\\/lospoliticosveracruz.com\\\/?p=60230\"]}]},{\"@type\":\"BreadcrumbList\",\"@id\":\"https:\\\/\\\/lospoliticosveracruz.com\\\/?p=60230#breadcrumb\",\"itemListElement\":[{\"@type\":\"ListItem\",\"position\":1,\"name\":\"Portada\",\"item\":\"https:\\\/\\\/lospoliticosveracruz.com\\\/\"},{\"@type\":\"ListItem\",\"position\":2,\"name\":\"\u201cAduana sanitaria\u201d a \u201curbanos\u201d\"}]},{\"@type\":\"WebSite\",\"@id\":\"https:\\\/\\\/lospoliticosveracruz.com\\\/#website\",\"url\":\"https:\\\/\\\/lospoliticosveracruz.com\\\/\",\"name\":\"Los pol\u00edticos Veracruz\",\"description\":\"\",\"publisher\":{\"@id\":\"https:\\\/\\\/lospoliticosveracruz.com\\\/#organization\"},\"potentialAction\":[{\"@type\":\"SearchAction\",\"target\":{\"@type\":\"EntryPoint\",\"urlTemplate\":\"https:\\\/\\\/lospoliticosveracruz.com\\\/?s={search_term_string}\"},\"query-input\":{\"@type\":\"PropertyValueSpecification\",\"valueRequired\":true,\"valueName\":\"search_term_string\"}}],\"inLanguage\":\"es\"},{\"@type\":\"Organization\",\"@id\":\"https:\\\/\\\/lospoliticosveracruz.com\\\/#organization\",\"name\":\"Los pol\u00edticos Veracruz\",\"url\":\"https:\\\/\\\/lospoliticosveracruz.com\\\/\",\"logo\":{\"@type\":\"ImageObject\",\"inLanguage\":\"es\",\"@id\":\"https:\\\/\\\/lospoliticosveracruz.com\\\/#\\\/schema\\\/logo\\\/image\\\/\",\"url\":\"https:\\\/\\\/lospoliticosveracruz.com\\\/wp-content\\\/uploads\\\/2025\\\/12\\\/Logo-Nuevo-LOS-POLITICOS-1.jpg\",\"contentUrl\":\"https:\\\/\\\/lospoliticosveracruz.com\\\/wp-content\\\/uploads\\\/2025\\\/12\\\/Logo-Nuevo-LOS-POLITICOS-1.jpg\",\"width\":260,\"height\":70,\"caption\":\"Los pol\u00edticos Veracruz\"},\"image\":{\"@id\":\"https:\\\/\\\/lospoliticosveracruz.com\\\/#\\\/schema\\\/logo\\\/image\\\/\"},\"sameAs\":[\"https:\\\/\\\/www.facebook.com\\\/people\\\/Notimemes-de-los-Polticos\\\/61565672886568\\\/\",\"https:\\\/\\\/x.com\\\/LosPoliticosVer\"]},{\"@type\":\"Person\",\"@id\":\"https:\\\/\\\/lospoliticosveracruz.com\\\/#\\\/schema\\\/person\\\/b8702bb0e538456e6efd07080bf2a4a2\",\"name\":\"Lo viste en Los Pol\u00edticos\",\"image\":{\"@type\":\"ImageObject\",\"inLanguage\":\"es\",\"@id\":\"https:\\\/\\\/secure.gravatar.com\\\/avatar\\\/3a8de04a2656d44082be478bd6c086daa447c4651605818287b9532d3d0bd435?s=96&d=mm&r=g\",\"url\":\"https:\\\/\\\/secure.gravatar.com\\\/avatar\\\/3a8de04a2656d44082be478bd6c086daa447c4651605818287b9532d3d0bd435?s=96&d=mm&r=g\",\"contentUrl\":\"https:\\\/\\\/secure.gravatar.com\\\/avatar\\\/3a8de04a2656d44082be478bd6c086daa447c4651605818287b9532d3d0bd435?s=96&d=mm&r=g\",\"caption\":\"Lo viste en Los Pol\u00edticos\"},\"url\":\"https:\\\/\\\/lospoliticosveracruz.com\\\/?author=2\"}]}<\/script>\n<!-- \/ Yoast SEO plugin. -->","yoast_head_json":{"title":"\u201cAduana sanitaria\u201d a \u201curbanos\u201d - Los pol\u00edticos Veracruz","robots":{"index":"index","follow":"follow","max-snippet":"max-snippet:-1","max-image-preview":"max-image-preview:large","max-video-preview":"max-video-preview:-1"},"canonical":"https:\/\/lospoliticosveracruz.com\/?p=60230","og_locale":"es_ES","og_type":"article","og_title":"\u201cAduana sanitaria\u201d a \u201curbanos\u201d - Los pol\u00edticos Veracruz","og_description":"Para verificar el cumplimiento de las disposiciones de seguridad sanitaria en el transporte, el Ayuntamiento de C\u00f3rdoba instal\u00f3 m\u00f3dulo de revisi\u00f3n m\u00e9dica voluntaria en el boulevard C\u00f3rdoba-Pe\u00f1uela en el que supervis\u00f3 el uso obligatorio de cubreboca entre usuarios y operadores, as\u00ed como la restricci\u00f3n de capacidad en el n\u00famero de pasajeros en el trasporte p\u00fablico. [&hellip;]","og_url":"https:\/\/lospoliticosveracruz.com\/?p=60230","og_site_name":"Los pol\u00edticos Veracruz","article_publisher":"https:\/\/www.facebook.com\/people\/Notimemes-de-los-Polticos\/61565672886568\/","article_published_time":"2020-09-04T15:07:25+00:00","article_modified_time":"2020-09-10T16:39:34+00:00","og_image":[{"width":200,"height":200,"url":"https:\/\/lospoliticosveracruz.com\/wp-content\/uploads\/2016\/07\/Logo-Dor.jpg","type":"image\/jpeg"}],"author":"Lo viste en Los Pol\u00edticos","twitter_card":"summary_large_image","twitter_creator":"@LosPoliticosVer","twitter_site":"@LosPoliticosVer","twitter_misc":{"Escrito por":"Lo viste en Los Pol\u00edticos","Tiempo de lectura":"2 minutos"},"schema":{"@context":"https:\/\/schema.org","@graph":[{"@type":"Article","@id":"https:\/\/lospoliticosveracruz.com\/?p=60230#article","isPartOf":{"@id":"https:\/\/lospoliticosveracruz.com\/?p=60230"},"author":{"name":"Lo viste en Los Pol\u00edticos","@id":"https:\/\/lospoliticosveracruz.com\/#\/schema\/person\/b8702bb0e538456e6efd07080bf2a4a2"},"headline":"\u201cAduana sanitaria\u201d a \u201curbanos\u201d","datePublished":"2020-09-04T15:07:25+00:00","dateModified":"2020-09-10T16:39:34+00:00","mainEntityOfPage":{"@id":"https:\/\/lospoliticosveracruz.com\/?p=60230"},"wordCount":406,"commentCount":0,"publisher":{"@id":"https:\/\/lospoliticosveracruz.com\/#organization"},"keywords":["Cabildo","Cabildo de C\u00f3rdoba","Direcci\u00f3n Municipal de Tr\u00e1nsito y Seguridad Vial","Jos\u00e9 Sierra Silva","Leticia L\u00f3pez Landero","Salud y la Polic\u00eda Municipal","Seguridad sanitaria en el transporte","sem\u00e1foro epidemiol\u00f3gico","Situaci\u00f3n Epidemiol\u00f3gica para C\u00f3rdoba","UMPC"],"articleSection":["De Boleto"],"inLanguage":"es","potentialAction":[{"@type":"CommentAction","name":"Comment","target":["https:\/\/lospoliticosveracruz.com\/?p=60230#respond"]}]},{"@type":"WebPage","@id":"https:\/\/lospoliticosveracruz.com\/?p=60230","url":"https:\/\/lospoliticosveracruz.com\/?p=60230","name":"\u201cAduana sanitaria\u201d a \u201curbanos\u201d - Los pol\u00edticos Veracruz","isPartOf":{"@id":"https:\/\/lospoliticosveracruz.com\/#website"},"datePublished":"2020-09-04T15:07:25+00:00","dateModified":"2020-09-10T16:39:34+00:00","breadcrumb":{"@id":"https:\/\/lospoliticosveracruz.com\/?p=60230#breadcrumb"},"inLanguage":"es","potentialAction":[{"@type":"ReadAction","target":["https:\/\/lospoliticosveracruz.com\/?p=60230"]}]},{"@type":"BreadcrumbList","@id":"https:\/\/lospoliticosveracruz.com\/?p=60230#breadcrumb","itemListElement":[{"@type":"ListItem","position":1,"name":"Portada","item":"https:\/\/lospoliticosveracruz.com\/"},{"@type":"ListItem","position":2,"name":"\u201cAduana sanitaria\u201d a \u201curbanos\u201d"}]},{"@type":"WebSite","@id":"https:\/\/lospoliticosveracruz.com\/#website","url":"https:\/\/lospoliticosveracruz.com\/","name":"Los pol\u00edticos Veracruz","description":"","publisher":{"@id":"https:\/\/lospoliticosveracruz.com\/#organization"},"potentialAction":[{"@type":"SearchAction","target":{"@type":"EntryPoint","urlTemplate":"https:\/\/lospoliticosveracruz.com\/?s={search_term_string}"},"query-input":{"@type":"PropertyValueSpecification","valueRequired":true,"valueName":"search_term_string"}}],"inLanguage":"es"},{"@type":"Organization","@id":"https:\/\/lospoliticosveracruz.com\/#organization","name":"Los pol\u00edticos Veracruz","url":"https:\/\/lospoliticosveracruz.com\/","logo":{"@type":"ImageObject","inLanguage":"es","@id":"https:\/\/lospoliticosveracruz.com\/#\/schema\/logo\/image\/","url":"https:\/\/lospoliticosveracruz.com\/wp-content\/uploads\/2025\/12\/Logo-Nuevo-LOS-POLITICOS-1.jpg","contentUrl":"https:\/\/lospoliticosveracruz.com\/wp-content\/uploads\/2025\/12\/Logo-Nuevo-LOS-POLITICOS-1.jpg","width":260,"height":70,"caption":"Los pol\u00edticos Veracruz"},"image":{"@id":"https:\/\/lospoliticosveracruz.com\/#\/schema\/logo\/image\/"},"sameAs":["https:\/\/www.facebook.com\/people\/Notimemes-de-los-Polticos\/61565672886568\/","https:\/\/x.com\/LosPoliticosVer"]},{"@type":"Person","@id":"https:\/\/lospoliticosveracruz.com\/#\/schema\/person\/b8702bb0e538456e6efd07080bf2a4a2","name":"Lo viste en Los Pol\u00edticos","image":{"@type":"ImageObject","inLanguage":"es","@id":"https:\/\/secure.gravatar.com\/avatar\/3a8de04a2656d44082be478bd6c086daa447c4651605818287b9532d3d0bd435?s=96&d=mm&r=g","url":"https:\/\/secure.gravatar.com\/avatar\/3a8de04a2656d44082be478bd6c086daa447c4651605818287b9532d3d0bd435?s=96&d=mm&r=g","contentUrl":"https:\/\/secure.gravatar.com\/avatar\/3a8de04a2656d44082be478bd6c086daa447c4651605818287b9532d3d0bd435?s=96&d=mm&r=g","caption":"Lo viste en Los Pol\u00edticos"},"url":"https:\/\/lospoliticosveracruz.com\/?author=2"}]}},"_links":{"self":[{"href":"https:\/\/lospoliticosveracruz.com\/index.php?rest_route=\/wp\/v2\/posts\/60230","targetHints":{"allow":["GET"]}}],"collection":[{"href":"https:\/\/lospoliticosveracruz.com\/index.php?rest_route=\/wp\/v2\/posts"}],"about":[{"href":"https:\/\/lospoliticosveracruz.com\/index.php?rest_route=\/wp\/v2\/types\/post"}],"author":[{"embeddable":true,"href":"https:\/\/lospoliticosveracruz.com\/index.php?rest_route=\/wp\/v2\/users\/2"}],"replies":[{"embeddable":true,"href":"https:\/\/lospoliticosveracruz.com\/index.php?rest_route=%2Fwp%2Fv2%2Fcomments&post=60230"}],"version-history":[{"count":3,"href":"https:\/\/lospoliticosveracruz.com\/index.php?rest_route=\/wp\/v2\/posts\/60230\/revisions"}],"predecessor-version":[{"id":60642,"href":"https:\/\/lospoliticosveracruz.com\/index.php?rest_route=\/wp\/v2\/posts\/60230\/revisions\/60642"}],"wp:attachment":[{"href":"https:\/\/lospoliticosveracruz.com\/index.php?rest_route=%2Fwp%2Fv2%2Fmedia&parent=60230"}],"wp:term":[{"taxonomy":"category","embeddable":true,"href":"https:\/\/lospoliticosveracruz.com\/index.php?rest_route=%2Fwp%2Fv2%2Fcategories&post=60230"},{"taxonomy":"post_tag","embeddable":true,"href":"https:\/\/lospoliticosveracruz.com\/index.php?rest_route=%2Fwp%2Fv2%2Ftags&post=60230"}],"curies":[{"name":"wp","href":"https:\/\/api.w.org\/{rel}","templated":true}]}}