{"id":60274,"date":"2020-09-05T09:49:11","date_gmt":"2020-09-05T14:49:11","guid":{"rendered":"http:\/\/www.lospoliticosveracruz.com.mx\/?p=60274"},"modified":"2020-09-05T09:51:15","modified_gmt":"2020-09-05T14:51:15","slug":"alianzas-y-venganzas","status":"publish","type":"post","link":"https:\/\/lospoliticosveracruz.com\/?p=60274","title":{"rendered":"Alianzas y venganzas"},"content":{"rendered":"<p><strong>Ricardo Chua<\/strong><\/p>\n<p><em>Sale y vale<\/em><\/p>\n<p>&nbsp;<\/p>\n<p>Un poderoso personaje que ha pasado de gobiernos priistas a panistas, regresando al PRI y ahora trabajando con MORENA&#8230; Conocedor como pocos de los \u00abentretelones\u00bb del poder pol\u00edtico en M\u00e9xico, pero sobre todo de Veracruz, confi\u00f3 que a nivel nacional, es m\u00e1s que probable, que no se de una alianza de partidos de oposici\u00f3n para tratar de ganarle la c\u00e1mara de diputados federales a los Morenos&#8230; Pero a nivel local, en esta entidad, es probable que esta coalici\u00f3n sea casi un hecho&#8230; Van por el Congreso Local y municipios&#8230;<\/p>\n<p>&nbsp;<a href=\"https:\/\/www.facebook.com\/notaria61veracruz\/\"><img decoding=\"async\" src=\"http:\/\/www.lospoliticosveracruz.com.mx\/wp-content\/uploads\/2020\/07\/CINTILLO-Armando.jpg\" alt=\"\" \/><\/a><\/p>\n<p>Sin embargo, este conocedor dice que hace \u00abfalta reventar\u00bb a varios personajes incrustados en la oposici\u00f3n para que la coalici\u00f3n prospere.. Dado que por intereses pol\u00edticos propios y por que les llegar\u00e1n al precio $$$, ser\u00e1n capaces de venderle su \u00abalma al Diablo\u00bb&#8230; Sobre todo personas que estaban en el PRI y PAN, que se fueron a operar a MORENA para que no ganara Miguel Yunes junior y, ahora, como ven que la cosa va para all\u00e1, quieren regresar a sus \u00abor\u00edgenes\u00bb&#8230; De ellos, dice, hay que cuidarse, no son confiables y son propensos a la traici\u00f3n..<\/p>\n<p>Adem\u00e1s se\u00f1ala que de no concretarse una alianza opositora a nivel nacional&#8230; Es muy probable, seg\u00fan los c\u00e1lculos, que el PRD pierda su registro como partido porque no alcanzar\u00e1 ni el 3 por ciento, Michoac\u00e1n, no le dar\u00e1 los votos necesarios&#8230; Y que al verse tan disminuido electoralmente entonces, con esos n\u00fameros, ya ni le interesan al PAN, ya para qu\u00e9 negociar con \u00abLos Chuchos\u00bb que a\u00fan mantienen el control del perredismo nacional&#8230; Si ya son \u00abarchivos muertos\u00bb&#8230;<\/p>\n<p>Seguramente en esas mismas tendencias har\u00e1 que a nivel nacional&#8230; El PRI va solo como partido pol\u00edtico&#8230; \u00abAlito\u00bb alias Alejandro Moreno, as\u00ed lo est\u00e1 dejando entrever para la elecci\u00f3n local&#8230; Al priismo si le alcanzar\u00e1n los n\u00fameros para mantener su registro como organismo pol\u00edtico y quiz\u00e1s hasta crezca 8 puntos m\u00e1s, en comparaci\u00f3n del 2018&#8230; Sin querer, el campechano puede entregar buenas cuentas&#8230; S\u00f3lo falta que esa futura bancada priista sea m\u00e1s poderosa y que sucumbe a sus \u00f3rdenes e intereses&#8230;<\/p>\n<p>Los otros partidos como el PT, PES y hasta el PVEM con todo y las alianzas con MORENA van a perder el registro porque esos partidos a nivel nacional, tampoco alcanzar\u00e1n el 3 por ciento de la votaci\u00f3n total en el pa\u00eds en 2021&#8230; As\u00ed de claro est\u00e1 el tema en esta elecci\u00f3n federal&#8230;. Caso contrario en Veracruz&#8230; Donde habr\u00e1 una correlaci\u00f3n de fuerzas de manera extra\u00f1a&#8230; Que har\u00e1n que el PRD por lo menos mantenga su registro ante el OPLE&#8230; El \u00abVerde\u00bb posiblemente no alcance ni el 3 por ciento para la elecci\u00f3n local, lo mismo quiz\u00e1s le pase al PT&#8230;<\/p>\n<p>Otro que puede perder mucho en Veracruz, comenta, es inclusive, Dante Delgado, quien sufrir\u00e1 posiblemente el desprecio ciudadano por no acompa\u00f1ar a los dem\u00e1s partidos de oposici\u00f3n en su lucha contra MORENA y la 4T&#8230; Lo pueden castigar por irse s\u00f3lo a la elecci\u00f3n&#8230; M\u00e1s en el Estado, que habr\u00e1 procesos federales y locales&#8230; Ya que a nivel nacional tambi\u00e9n MC qued\u00f3 muy \u00abgolpeado\u00bb con el tema Nuevo Le\u00f3n&#8230; Donde ese senador acusado de \u00abmachista\u00bb, perdi\u00f3 una oportunidad para ganar la gubernatura&#8230;<\/p>\n<p>As\u00ed que en este escenario local en Veracruz&#8230; Puede que MORENA quede muy mal trecho&#8230; Con un PRI que se levanta de la \u00ablona\u00bb&#8230; Adem\u00e1s con un PAN dividido con \u00abM\u00e9xico Libre\u00bb en Veracruz, un PRD que calm\u00f3 sus \u00abtribus\u00bb&#8230; Donde el PT, PVEM, PES&#8230; No \u00abpintan\u00bb para el 2021&#8230; Y m\u00e1s que no tendr\u00e1n el \u00abjale\u00bb de los Morenos&#8230; Las circunstancias ser\u00e1n muy distintas en este proceso local en la entidad&#8230; Las \u00abcartas\u00bb est\u00e1n echadas&#8230; Y se reducir\u00e1 el espectro de partidos en Veracruz y todo M\u00e9xico rumbo al 2024&#8230;<\/p>\n<p>Ya que en MORENA lo que no han evaluado, es que el da\u00f1o hecho al grupo pol\u00edtico del senador, Ricardo Monreal, su coordinador en la bancada del Senado, al querer inhabilitar a como d\u00e9 lugar a Alejandro Rojas D\u00edaz-Dur\u00e1n, para se quede como dirigente nacional de este organismo&#8230; Adem\u00e1s de que el INE le meti\u00f3 el \u00abmameyazo\u00bb de no darle el registro a Fuerza M\u00e9xico, el partido que \u00ablideraba\u00bb Pedro Haces, del grupo pol\u00edtico de Monreal&#8230; La respuesta a esas \u00abpeque\u00f1eces\u00bb por parte del senador, no las esperan los Morenos&#8230;<\/p>\n<p>Pero no s\u00f3lo ser\u00e1 Monreal sino tambi\u00e9n la maestra, Elba Esther Gordillo, con sus Redes Sociales Progresistas, ambos van a buscar \u00abdesquitarse\u00bb de alguna otra forma&#8230; No contra el PAN, PRI o PRD&#8230; \u00bfContra qui\u00e9n creen?&#8230; Eso es m\u00e1s que obvio&#8230; Contra el partido que tiene el poder&#8230; Y a pesar de que la maestra ya est\u00e1 de edad avanzada&#8230; Monreal no y se tendr\u00e1 que reinventar \u00abrompiendo\u00bb con MORENA en 2022, cuando se haga la Consulta P\u00fablica si se va o no Andr\u00e9s Manuel L\u00f3pez Obrador de la Presidencia de M\u00e9xico&#8230; \u00abMATAR O MORIR\u00bb&#8230;<\/p>\n<p>Sin Monreal al 100 por ciento&#8230; Dejando ver y dejando pasar&#8230; Con un pie fuera en 2022&#8230; Este partido puede perder a su mejor operador pol\u00edtico para las campa\u00f1as venideras, hasta el 2024.. Veracruz ser\u00eda uno de los estados afectados&#8230; Rocio Nahle perder\u00eda un aliado circunstancial y con los enconos en contra que tendr\u00e1 por ejercer el poder en todo el sexenio&#8230; Su camino ser\u00e1 complicado&#8230; M\u00e1s si en 2021 no salen bien librados los Morenos electoralmente&#8230; Tanto en la elecci\u00f3n federal como la local&#8230;<\/p>\n<p>De esa manera, s\u00f3lo falta que la oposici\u00f3n encauce el voto ciudadano a su favor&#8230; Ya que MORENA con sus conflictos internos y los que tienen con el INE&#8230; Es ah\u00ed donde los partidos opositores pueden aprovechar y posicionarse como una opci\u00f3n real&#8230;. Y m\u00e1s si Monreal empieza s\u00f3lo a cumplir con su labor en el Senado y empieza a visualizar otros \u00abhorizontes\u00bb&#8230; Ya que en MORENA no lo han sabido valorar.. Ricardo Monreal en este momento, es un \u00abanimal\u00bb herido&#8230; Y por eso, es m\u00e1s peligroso&#8230; DIOS LOS BENDIGA CON UN ENEMIGO AS\u00cd&#8230;<\/p>\n<p>PD&#8230; Hay que recordar que en Veracruz, los senadores de MORENA: Gloria S\u00e1nchez y el propio Ricardo Ahued, aunque los nieguen, est\u00e1n bajo la \u00abcomarca\u00bb que comanda Monreal&#8230; Este se ha mantenido alejado de todo el grupo pol\u00edtico que manda en el Estado, a excepci\u00f3n de Rocio Nahle&#8230; Monreal no s\u00f3lo es cercano a Fidel Herrera sino tambi\u00e9n a Dante Delgado&#8230; As\u00ed que no sea la de \u00abmalas\u00bb y veamos un \u00abcisma\u00bb al interior de los Morenos en \u00abJarochilandia\u00bb provocado desde el Senado&#8230; Para el zacatecano eso es \u00abpan comido\u00bb&#8230; AMEN&#8230;<\/p>\n","protected":false},"excerpt":{"rendered":"<p>Ricardo Chua Sale y vale &nbsp; Un poderoso personaje que ha pasado de gobiernos priistas a panistas, regresando al PRI y ahora trabajando con MORENA&#8230; Conocedor como pocos de los \u00abentretelones\u00bb del poder pol\u00edtico en M\u00e9xico, pero sobre todo de Veracruz, confi\u00f3 que a nivel nacional, es m\u00e1s que probable, que no se de una [&hellip;]<\/p>\n","protected":false},"author":2,"featured_media":0,"comment_status":"open","ping_status":"open","sticky":false,"template":"","format":"standard","meta":{"tdm_status":"","tdm_grid_status":"","footnotes":""},"categories":[70],"tags":[17426,14170,618,2219,2005,19335,79,13336,554,6443,20751,20750,1026,20749,3272,266,437,107,251,2289,264,2812,13604,10353,3578,195],"class_list":{"0":"post-60274","1":"post","2":"type-post","3":"status-publish","4":"format-standard","6":"category-de-opinion","7":"tag-4t","8":"tag-alejandro-moreno","9":"tag-andres-manuel-lopez-obrador","10":"tag-dante-delgado","11":"tag-elba-esther-gordillo","12":"tag-elecciones-2021","13":"tag-fidel-herrera","14":"tag-gloria-sanchez","15":"tag-ine","16":"tag-mc","17":"tag-mexico-rumbo-al-2024","18":"tag-miguel-yunes","19":"tag-morena","20":"tag-ongreso-local-de-veracruz","21":"tag-ople","22":"tag-pan","23":"tag-pes","24":"tag-prd","25":"tag-pri","26":"tag-pt","27":"tag-pvem","28":"tag-ricardo-ahued-bardahuil","29":"tag-ricardo-chua","30":"tag-ricardo-monreal","31":"tag-rocio-nahle","32":"tag-veracruz"},"yoast_head":"<!-- This site is optimized with the Yoast SEO plugin v27.4 - https:\/\/yoast.com\/product\/yoast-seo-wordpress\/ -->\n<title>Alianzas y venganzas - Los pol\u00edticos Veracruz<\/title>\n<meta name=\"robots\" content=\"index, follow, max-snippet:-1, max-image-preview:large, max-video-preview:-1\" \/>\n<link rel=\"canonical\" href=\"https:\/\/lospoliticosveracruz.com\/?p=60274\" \/>\n<meta property=\"og:locale\" content=\"es_ES\" \/>\n<meta property=\"og:type\" content=\"article\" \/>\n<meta property=\"og:title\" content=\"Alianzas y venganzas - Los pol\u00edticos Veracruz\" \/>\n<meta property=\"og:description\" content=\"Ricardo Chua Sale y vale &nbsp; Un poderoso personaje que ha pasado de gobiernos priistas a panistas, regresando al PRI y ahora trabajando con MORENA&#8230; Conocedor como pocos de los \u00abentretelones\u00bb del poder pol\u00edtico en M\u00e9xico, pero sobre todo de Veracruz, confi\u00f3 que a nivel nacional, es m\u00e1s que probable, que no se de una [&hellip;]\" \/>\n<meta property=\"og:url\" content=\"https:\/\/lospoliticosveracruz.com\/?p=60274\" \/>\n<meta property=\"og:site_name\" content=\"Los pol\u00edticos Veracruz\" \/>\n<meta property=\"article:publisher\" content=\"https:\/\/www.facebook.com\/people\/Notimemes-de-los-Polticos\/61565672886568\/\" \/>\n<meta property=\"article:published_time\" content=\"2020-09-05T14:49:11+00:00\" \/>\n<meta property=\"article:modified_time\" content=\"2020-09-05T14:51:15+00:00\" \/>\n<meta property=\"og:image\" content=\"http:\/\/www.lospoliticosveracruz.com.mx\/wp-content\/uploads\/2020\/07\/CINTILLO-Armando.jpg\" \/>\n<meta name=\"author\" content=\"Lo viste en Los Pol\u00edticos\" \/>\n<meta name=\"twitter:card\" content=\"summary_large_image\" \/>\n<meta name=\"twitter:creator\" content=\"@LosPoliticosVer\" \/>\n<meta name=\"twitter:site\" content=\"@LosPoliticosVer\" \/>\n<meta name=\"twitter:label1\" content=\"Escrito por\" \/>\n\t<meta name=\"twitter:data1\" content=\"Lo viste en Los Pol\u00edticos\" \/>\n\t<meta name=\"twitter:label2\" content=\"Tiempo de lectura\" \/>\n\t<meta name=\"twitter:data2\" content=\"6 minutos\" \/>\n<script type=\"application\/ld+json\" class=\"yoast-schema-graph\">{\"@context\":\"https:\\\/\\\/schema.org\",\"@graph\":[{\"@type\":\"Article\",\"@id\":\"https:\\\/\\\/lospoliticosveracruz.com\\\/?p=60274#article\",\"isPartOf\":{\"@id\":\"https:\\\/\\\/lospoliticosveracruz.com\\\/?p=60274\"},\"author\":{\"name\":\"Lo viste en Los Pol\u00edticos\",\"@id\":\"https:\\\/\\\/lospoliticosveracruz.com\\\/#\\\/schema\\\/person\\\/b8702bb0e538456e6efd07080bf2a4a2\"},\"headline\":\"Alianzas y venganzas\",\"datePublished\":\"2020-09-05T14:49:11+00:00\",\"dateModified\":\"2020-09-05T14:51:15+00:00\",\"mainEntityOfPage\":{\"@id\":\"https:\\\/\\\/lospoliticosveracruz.com\\\/?p=60274\"},\"wordCount\":1159,\"commentCount\":0,\"publisher\":{\"@id\":\"https:\\\/\\\/lospoliticosveracruz.com\\\/#organization\"},\"image\":{\"@id\":\"https:\\\/\\\/lospoliticosveracruz.com\\\/?p=60274#primaryimage\"},\"thumbnailUrl\":\"http:\\\/\\\/www.lospoliticosveracruz.com.mx\\\/wp-content\\\/uploads\\\/2020\\\/07\\\/CINTILLO-Armando.jpg\",\"keywords\":[\"4T\",\"Alejandro Moreno\",\"Andr\u00e9s Manuel L\u00f3pez Obrador\",\"Dante Delgado\",\"Elba Esther Gordillo\",\"Elecciones 2021\",\"Fidel Herrera\",\"Gloria S\u00e1nchez\",\"INE\",\"MC\",\"M\u00e9xico rumbo al 2024\",\"Miguel Yunes\",\"Morena\",\"ongreso Local de Veracruz\",\"OPLE\",\"PAN\",\"PES\",\"PRD\",\"PRI\",\"PT\",\"PVEM\",\"Ricardo Ahued Bardahuil\",\"Ricardo Ch\u00faa\",\"Ricardo Monreal\",\"Roc\u00edo Nahle\",\"Veracruz\"],\"articleSection\":[\"De Opini\u00f3n\"],\"inLanguage\":\"es\",\"potentialAction\":[{\"@type\":\"CommentAction\",\"name\":\"Comment\",\"target\":[\"https:\\\/\\\/lospoliticosveracruz.com\\\/?p=60274#respond\"]}]},{\"@type\":\"WebPage\",\"@id\":\"https:\\\/\\\/lospoliticosveracruz.com\\\/?p=60274\",\"url\":\"https:\\\/\\\/lospoliticosveracruz.com\\\/?p=60274\",\"name\":\"Alianzas y venganzas - Los pol\u00edticos Veracruz\",\"isPartOf\":{\"@id\":\"https:\\\/\\\/lospoliticosveracruz.com\\\/#website\"},\"primaryImageOfPage\":{\"@id\":\"https:\\\/\\\/lospoliticosveracruz.com\\\/?p=60274#primaryimage\"},\"image\":{\"@id\":\"https:\\\/\\\/lospoliticosveracruz.com\\\/?p=60274#primaryimage\"},\"thumbnailUrl\":\"http:\\\/\\\/www.lospoliticosveracruz.com.mx\\\/wp-content\\\/uploads\\\/2020\\\/07\\\/CINTILLO-Armando.jpg\",\"datePublished\":\"2020-09-05T14:49:11+00:00\",\"dateModified\":\"2020-09-05T14:51:15+00:00\",\"breadcrumb\":{\"@id\":\"https:\\\/\\\/lospoliticosveracruz.com\\\/?p=60274#breadcrumb\"},\"inLanguage\":\"es\",\"potentialAction\":[{\"@type\":\"ReadAction\",\"target\":[\"https:\\\/\\\/lospoliticosveracruz.com\\\/?p=60274\"]}]},{\"@type\":\"ImageObject\",\"inLanguage\":\"es\",\"@id\":\"https:\\\/\\\/lospoliticosveracruz.com\\\/?p=60274#primaryimage\",\"url\":\"http:\\\/\\\/www.lospoliticosveracruz.com.mx\\\/wp-content\\\/uploads\\\/2020\\\/07\\\/CINTILLO-Armando.jpg\",\"contentUrl\":\"http:\\\/\\\/www.lospoliticosveracruz.com.mx\\\/wp-content\\\/uploads\\\/2020\\\/07\\\/CINTILLO-Armando.jpg\"},{\"@type\":\"BreadcrumbList\",\"@id\":\"https:\\\/\\\/lospoliticosveracruz.com\\\/?p=60274#breadcrumb\",\"itemListElement\":[{\"@type\":\"ListItem\",\"position\":1,\"name\":\"Portada\",\"item\":\"https:\\\/\\\/lospoliticosveracruz.com\\\/\"},{\"@type\":\"ListItem\",\"position\":2,\"name\":\"Alianzas y venganzas\"}]},{\"@type\":\"WebSite\",\"@id\":\"https:\\\/\\\/lospoliticosveracruz.com\\\/#website\",\"url\":\"https:\\\/\\\/lospoliticosveracruz.com\\\/\",\"name\":\"Los pol\u00edticos Veracruz\",\"description\":\"\",\"publisher\":{\"@id\":\"https:\\\/\\\/lospoliticosveracruz.com\\\/#organization\"},\"potentialAction\":[{\"@type\":\"SearchAction\",\"target\":{\"@type\":\"EntryPoint\",\"urlTemplate\":\"https:\\\/\\\/lospoliticosveracruz.com\\\/?s={search_term_string}\"},\"query-input\":{\"@type\":\"PropertyValueSpecification\",\"valueRequired\":true,\"valueName\":\"search_term_string\"}}],\"inLanguage\":\"es\"},{\"@type\":\"Organization\",\"@id\":\"https:\\\/\\\/lospoliticosveracruz.com\\\/#organization\",\"name\":\"Los pol\u00edticos Veracruz\",\"url\":\"https:\\\/\\\/lospoliticosveracruz.com\\\/\",\"logo\":{\"@type\":\"ImageObject\",\"inLanguage\":\"es\",\"@id\":\"https:\\\/\\\/lospoliticosveracruz.com\\\/#\\\/schema\\\/logo\\\/image\\\/\",\"url\":\"https:\\\/\\\/lospoliticosveracruz.com\\\/wp-content\\\/uploads\\\/2025\\\/12\\\/Logo-Nuevo-LOS-POLITICOS-1.jpg\",\"contentUrl\":\"https:\\\/\\\/lospoliticosveracruz.com\\\/wp-content\\\/uploads\\\/2025\\\/12\\\/Logo-Nuevo-LOS-POLITICOS-1.jpg\",\"width\":260,\"height\":70,\"caption\":\"Los pol\u00edticos Veracruz\"},\"image\":{\"@id\":\"https:\\\/\\\/lospoliticosveracruz.com\\\/#\\\/schema\\\/logo\\\/image\\\/\"},\"sameAs\":[\"https:\\\/\\\/www.facebook.com\\\/people\\\/Notimemes-de-los-Polticos\\\/61565672886568\\\/\",\"https:\\\/\\\/x.com\\\/LosPoliticosVer\"]},{\"@type\":\"Person\",\"@id\":\"https:\\\/\\\/lospoliticosveracruz.com\\\/#\\\/schema\\\/person\\\/b8702bb0e538456e6efd07080bf2a4a2\",\"name\":\"Lo viste en Los Pol\u00edticos\",\"image\":{\"@type\":\"ImageObject\",\"inLanguage\":\"es\",\"@id\":\"https:\\\/\\\/secure.gravatar.com\\\/avatar\\\/3a8de04a2656d44082be478bd6c086daa447c4651605818287b9532d3d0bd435?s=96&d=mm&r=g\",\"url\":\"https:\\\/\\\/secure.gravatar.com\\\/avatar\\\/3a8de04a2656d44082be478bd6c086daa447c4651605818287b9532d3d0bd435?s=96&d=mm&r=g\",\"contentUrl\":\"https:\\\/\\\/secure.gravatar.com\\\/avatar\\\/3a8de04a2656d44082be478bd6c086daa447c4651605818287b9532d3d0bd435?s=96&d=mm&r=g\",\"caption\":\"Lo viste en Los Pol\u00edticos\"},\"url\":\"https:\\\/\\\/lospoliticosveracruz.com\\\/?author=2\"}]}<\/script>\n<!-- \/ Yoast SEO plugin. -->","yoast_head_json":{"title":"Alianzas y venganzas - Los pol\u00edticos Veracruz","robots":{"index":"index","follow":"follow","max-snippet":"max-snippet:-1","max-image-preview":"max-image-preview:large","max-video-preview":"max-video-preview:-1"},"canonical":"https:\/\/lospoliticosveracruz.com\/?p=60274","og_locale":"es_ES","og_type":"article","og_title":"Alianzas y venganzas - Los pol\u00edticos Veracruz","og_description":"Ricardo Chua Sale y vale &nbsp; Un poderoso personaje que ha pasado de gobiernos priistas a panistas, regresando al PRI y ahora trabajando con MORENA&#8230; Conocedor como pocos de los \u00abentretelones\u00bb del poder pol\u00edtico en M\u00e9xico, pero sobre todo de Veracruz, confi\u00f3 que a nivel nacional, es m\u00e1s que probable, que no se de una [&hellip;]","og_url":"https:\/\/lospoliticosveracruz.com\/?p=60274","og_site_name":"Los pol\u00edticos Veracruz","article_publisher":"https:\/\/www.facebook.com\/people\/Notimemes-de-los-Polticos\/61565672886568\/","article_published_time":"2020-09-05T14:49:11+00:00","article_modified_time":"2020-09-05T14:51:15+00:00","og_image":[{"url":"http:\/\/www.lospoliticosveracruz.com.mx\/wp-content\/uploads\/2020\/07\/CINTILLO-Armando.jpg","type":"","width":"","height":""}],"author":"Lo viste en Los Pol\u00edticos","twitter_card":"summary_large_image","twitter_creator":"@LosPoliticosVer","twitter_site":"@LosPoliticosVer","twitter_misc":{"Escrito por":"Lo viste en Los Pol\u00edticos","Tiempo de lectura":"6 minutos"},"schema":{"@context":"https:\/\/schema.org","@graph":[{"@type":"Article","@id":"https:\/\/lospoliticosveracruz.com\/?p=60274#article","isPartOf":{"@id":"https:\/\/lospoliticosveracruz.com\/?p=60274"},"author":{"name":"Lo viste en Los Pol\u00edticos","@id":"https:\/\/lospoliticosveracruz.com\/#\/schema\/person\/b8702bb0e538456e6efd07080bf2a4a2"},"headline":"Alianzas y venganzas","datePublished":"2020-09-05T14:49:11+00:00","dateModified":"2020-09-05T14:51:15+00:00","mainEntityOfPage":{"@id":"https:\/\/lospoliticosveracruz.com\/?p=60274"},"wordCount":1159,"commentCount":0,"publisher":{"@id":"https:\/\/lospoliticosveracruz.com\/#organization"},"image":{"@id":"https:\/\/lospoliticosveracruz.com\/?p=60274#primaryimage"},"thumbnailUrl":"http:\/\/www.lospoliticosveracruz.com.mx\/wp-content\/uploads\/2020\/07\/CINTILLO-Armando.jpg","keywords":["4T","Alejandro Moreno","Andr\u00e9s Manuel L\u00f3pez Obrador","Dante Delgado","Elba Esther Gordillo","Elecciones 2021","Fidel Herrera","Gloria S\u00e1nchez","INE","MC","M\u00e9xico rumbo al 2024","Miguel Yunes","Morena","ongreso Local de Veracruz","OPLE","PAN","PES","PRD","PRI","PT","PVEM","Ricardo Ahued Bardahuil","Ricardo Ch\u00faa","Ricardo Monreal","Roc\u00edo Nahle","Veracruz"],"articleSection":["De Opini\u00f3n"],"inLanguage":"es","potentialAction":[{"@type":"CommentAction","name":"Comment","target":["https:\/\/lospoliticosveracruz.com\/?p=60274#respond"]}]},{"@type":"WebPage","@id":"https:\/\/lospoliticosveracruz.com\/?p=60274","url":"https:\/\/lospoliticosveracruz.com\/?p=60274","name":"Alianzas y venganzas - Los pol\u00edticos Veracruz","isPartOf":{"@id":"https:\/\/lospoliticosveracruz.com\/#website"},"primaryImageOfPage":{"@id":"https:\/\/lospoliticosveracruz.com\/?p=60274#primaryimage"},"image":{"@id":"https:\/\/lospoliticosveracruz.com\/?p=60274#primaryimage"},"thumbnailUrl":"http:\/\/www.lospoliticosveracruz.com.mx\/wp-content\/uploads\/2020\/07\/CINTILLO-Armando.jpg","datePublished":"2020-09-05T14:49:11+00:00","dateModified":"2020-09-05T14:51:15+00:00","breadcrumb":{"@id":"https:\/\/lospoliticosveracruz.com\/?p=60274#breadcrumb"},"inLanguage":"es","potentialAction":[{"@type":"ReadAction","target":["https:\/\/lospoliticosveracruz.com\/?p=60274"]}]},{"@type":"ImageObject","inLanguage":"es","@id":"https:\/\/lospoliticosveracruz.com\/?p=60274#primaryimage","url":"http:\/\/www.lospoliticosveracruz.com.mx\/wp-content\/uploads\/2020\/07\/CINTILLO-Armando.jpg","contentUrl":"http:\/\/www.lospoliticosveracruz.com.mx\/wp-content\/uploads\/2020\/07\/CINTILLO-Armando.jpg"},{"@type":"BreadcrumbList","@id":"https:\/\/lospoliticosveracruz.com\/?p=60274#breadcrumb","itemListElement":[{"@type":"ListItem","position":1,"name":"Portada","item":"https:\/\/lospoliticosveracruz.com\/"},{"@type":"ListItem","position":2,"name":"Alianzas y venganzas"}]},{"@type":"WebSite","@id":"https:\/\/lospoliticosveracruz.com\/#website","url":"https:\/\/lospoliticosveracruz.com\/","name":"Los pol\u00edticos Veracruz","description":"","publisher":{"@id":"https:\/\/lospoliticosveracruz.com\/#organization"},"potentialAction":[{"@type":"SearchAction","target":{"@type":"EntryPoint","urlTemplate":"https:\/\/lospoliticosveracruz.com\/?s={search_term_string}"},"query-input":{"@type":"PropertyValueSpecification","valueRequired":true,"valueName":"search_term_string"}}],"inLanguage":"es"},{"@type":"Organization","@id":"https:\/\/lospoliticosveracruz.com\/#organization","name":"Los pol\u00edticos Veracruz","url":"https:\/\/lospoliticosveracruz.com\/","logo":{"@type":"ImageObject","inLanguage":"es","@id":"https:\/\/lospoliticosveracruz.com\/#\/schema\/logo\/image\/","url":"https:\/\/lospoliticosveracruz.com\/wp-content\/uploads\/2025\/12\/Logo-Nuevo-LOS-POLITICOS-1.jpg","contentUrl":"https:\/\/lospoliticosveracruz.com\/wp-content\/uploads\/2025\/12\/Logo-Nuevo-LOS-POLITICOS-1.jpg","width":260,"height":70,"caption":"Los pol\u00edticos Veracruz"},"image":{"@id":"https:\/\/lospoliticosveracruz.com\/#\/schema\/logo\/image\/"},"sameAs":["https:\/\/www.facebook.com\/people\/Notimemes-de-los-Polticos\/61565672886568\/","https:\/\/x.com\/LosPoliticosVer"]},{"@type":"Person","@id":"https:\/\/lospoliticosveracruz.com\/#\/schema\/person\/b8702bb0e538456e6efd07080bf2a4a2","name":"Lo viste en Los Pol\u00edticos","image":{"@type":"ImageObject","inLanguage":"es","@id":"https:\/\/secure.gravatar.com\/avatar\/3a8de04a2656d44082be478bd6c086daa447c4651605818287b9532d3d0bd435?s=96&d=mm&r=g","url":"https:\/\/secure.gravatar.com\/avatar\/3a8de04a2656d44082be478bd6c086daa447c4651605818287b9532d3d0bd435?s=96&d=mm&r=g","contentUrl":"https:\/\/secure.gravatar.com\/avatar\/3a8de04a2656d44082be478bd6c086daa447c4651605818287b9532d3d0bd435?s=96&d=mm&r=g","caption":"Lo viste en Los Pol\u00edticos"},"url":"https:\/\/lospoliticosveracruz.com\/?author=2"}]}},"_links":{"self":[{"href":"https:\/\/lospoliticosveracruz.com\/index.php?rest_route=\/wp\/v2\/posts\/60274","targetHints":{"allow":["GET"]}}],"collection":[{"href":"https:\/\/lospoliticosveracruz.com\/index.php?rest_route=\/wp\/v2\/posts"}],"about":[{"href":"https:\/\/lospoliticosveracruz.com\/index.php?rest_route=\/wp\/v2\/types\/post"}],"author":[{"embeddable":true,"href":"https:\/\/lospoliticosveracruz.com\/index.php?rest_route=\/wp\/v2\/users\/2"}],"replies":[{"embeddable":true,"href":"https:\/\/lospoliticosveracruz.com\/index.php?rest_route=%2Fwp%2Fv2%2Fcomments&post=60274"}],"version-history":[{"count":3,"href":"https:\/\/lospoliticosveracruz.com\/index.php?rest_route=\/wp\/v2\/posts\/60274\/revisions"}],"predecessor-version":[{"id":60278,"href":"https:\/\/lospoliticosveracruz.com\/index.php?rest_route=\/wp\/v2\/posts\/60274\/revisions\/60278"}],"wp:attachment":[{"href":"https:\/\/lospoliticosveracruz.com\/index.php?rest_route=%2Fwp%2Fv2%2Fmedia&parent=60274"}],"wp:term":[{"taxonomy":"category","embeddable":true,"href":"https:\/\/lospoliticosveracruz.com\/index.php?rest_route=%2Fwp%2Fv2%2Fcategories&post=60274"},{"taxonomy":"post_tag","embeddable":true,"href":"https:\/\/lospoliticosveracruz.com\/index.php?rest_route=%2Fwp%2Fv2%2Ftags&post=60274"}],"curies":[{"name":"wp","href":"https:\/\/api.w.org\/{rel}","templated":true}]}}