{"id":60320,"date":"2020-09-05T18:27:44","date_gmt":"2020-09-05T23:27:44","guid":{"rendered":"http:\/\/www.lospoliticosveracruz.com.mx\/?p=60320"},"modified":"2020-09-10T11:31:26","modified_gmt":"2020-09-10T16:31:26","slug":"les-cayo-lety-con-la-despensa","status":"publish","type":"post","link":"https:\/\/lospoliticosveracruz.com\/?p=60320","title":{"rendered":"Les cay\u00f3 Lety con la despensa!"},"content":{"rendered":"<p>&nbsp;<\/p>\n<p>La presidenta municipal de C\u00f3rdoba, Leticia L\u00f3pez Landero encabez\u00f3 la entrega de apoyos del Programa Municipal de Subsidio Alimentario a m\u00e1s de mil familias de las comunidades rurales El Baj\u00edo, Loma Chica, Ojo de Agua, Lagunilla y Cervantes y Lozada, con el objetivo de garantizar el derecho a la alimentaci\u00f3n de la poblaci\u00f3n vulnerable del municipio durante la emergencia sanitaria por COVID &#8211; 19.<\/p>\n<p><a href=\"http:\/\/www.lospoliticosveracruz.com.mx\/wp-content\/uploads\/2020\/09\/Sem\u00e1foro-Naranja-C\u00f3rdoba.jpg\"><img loading=\"lazy\" decoding=\"async\" class=\"alignleft size-full wp-image-60611\" src=\"http:\/\/www.lospoliticosveracruz.com.mx\/wp-content\/uploads\/2020\/09\/Sem\u00e1foro-Naranja-C\u00f3rdoba.jpg\" alt=\"Sem\u00e1foro Naranja C\u00f3rdoba\" width=\"375\" height=\"626\" \/><\/a>\u00a0De igual forma anunci\u00f3 la implementaci\u00f3n de un programa para dotar de atados de l\u00e1mina de zinc o tinacos para el almacenamiento de agua a la poblaci\u00f3n que lo requiera para mejorar su calidad de vida, programa que se activar\u00e1 a trav\u00e9s de las Agencias y SubAgencias municipales para hacer una entrega ordenada y transparente de los apoyos.<\/p>\n<p>L\u00f3pez Landero destac\u00f3 que en esta entrega de apoyos alimentarios se distribuyeron m\u00e1s de 600 conos de huevo y cerca de 500 despensas secas, que se suman a las m\u00e1s de 35 mil entregas que se han hecho a trav\u00e9s del Programa de Subsidio Alimentario en el municipio durante la emergencia sanitaria a trav\u00e9s de la Direcci\u00f3n de Desarrollo Social.<\/p>\n<p>La presidenta municipal Leticia Lopez destac\u00f3 que ahora que la situaci\u00f3n epidemiol\u00f3gica para C\u00f3rdoba cambi\u00f3 de rojo a naranja se podr\u00e1n retomar diversas actividades econ\u00f3micas, sin embargo, se deben mantener las medidas sanitarias para prevenir la propagaci\u00f3n del COVID-19 entre la poblaci\u00f3n y volver al sem\u00e1foro rojo, como el uso del cubreboca, lavado constante de manos y distancia m\u00ednima de dos metros entre personas.<\/p>\n<p>Habitantes de las comunidades visitadas, como Evarista Flores y Mar\u00eda Margarita Pe\u00f1a, de Ojo de Agua; Ferm\u00edn C\u00e1rdenas, subagente de Loma Chica; Isabel Arroyo y Demetria Ambros\u00eda Ju\u00e1rez, de El Bajio, agradecieron el apoyo recibido por parte de las autoridades municipales al asegurar que desde que inici\u00f3 la administraci\u00f3n actual la zona serrana ha tenido un desarrollo importante con obras y acciones que mejoran su vida.<\/p>\n<p>La presidenta Leticia L\u00f3pez Landero estuvo acompa\u00f1ada de los directores Maximino Garc\u00eda Guzm\u00e1n, Mariana Sol\u00eds Reyes, Juan Jos\u00e9 Vallejo Garay, Jorge L\u00f3pez Tress, Joaqu\u00edn Gonz\u00e1lez y Antonio Morales Salinas, a quienes comprometi\u00f3 a trabajar para beneficio de todo C\u00f3rdoba.<\/p>\n","protected":false},"excerpt":{"rendered":"<p>&nbsp; La presidenta municipal de C\u00f3rdoba, Leticia L\u00f3pez Landero encabez\u00f3 la entrega de apoyos del Programa Municipal de Subsidio Alimentario a m\u00e1s de mil familias de las comunidades rurales El Baj\u00edo, Loma Chica, Ojo de Agua, Lagunilla y Cervantes y Lozada, con el objetivo de garantizar el derecho a la alimentaci\u00f3n de la poblaci\u00f3n vulnerable [&hellip;]<\/p>\n","protected":false},"author":2,"featured_media":0,"comment_status":"open","ping_status":"open","sticky":false,"template":"","format":"standard","meta":{"tdm_status":"","tdm_grid_status":"","footnotes":""},"categories":[73],"tags":[751,20801,20802,18828,17194,7641,17242,20800,17241],"class_list":{"0":"post-60320","1":"post","2":"type-post","3":"status-publish","4":"format-standard","6":"category-de-boleto","7":"tag-cordoba","8":"tag-garcia-guzman","9":"tag-joaquin-gonzalez","10":"tag-jorge-lopez-tress","11":"tag-juan-jose-vallejo-garay","12":"tag-leticia-lopez-landero","13":"tag-mariana-solis-reyes","14":"tag-situacion-epidemiologica","15":"tag-subsidio-alimentario"},"yoast_head":"<!-- This site is optimized with the Yoast SEO plugin v27.4 - https:\/\/yoast.com\/product\/yoast-seo-wordpress\/ -->\n<title>Les cay\u00f3 Lety con la despensa! - Los pol\u00edticos Veracruz<\/title>\n<meta name=\"robots\" content=\"index, follow, max-snippet:-1, max-image-preview:large, max-video-preview:-1\" \/>\n<link rel=\"canonical\" href=\"https:\/\/lospoliticosveracruz.com\/?p=60320\" \/>\n<meta property=\"og:locale\" content=\"es_ES\" \/>\n<meta property=\"og:type\" content=\"article\" \/>\n<meta property=\"og:title\" content=\"Les cay\u00f3 Lety con la despensa! - Los pol\u00edticos Veracruz\" \/>\n<meta property=\"og:description\" content=\"&nbsp; La presidenta municipal de C\u00f3rdoba, Leticia L\u00f3pez Landero encabez\u00f3 la entrega de apoyos del Programa Municipal de Subsidio Alimentario a m\u00e1s de mil familias de las comunidades rurales El Baj\u00edo, Loma Chica, Ojo de Agua, Lagunilla y Cervantes y Lozada, con el objetivo de garantizar el derecho a la alimentaci\u00f3n de la poblaci\u00f3n vulnerable [&hellip;]\" \/>\n<meta property=\"og:url\" content=\"https:\/\/lospoliticosveracruz.com\/?p=60320\" \/>\n<meta property=\"og:site_name\" content=\"Los pol\u00edticos Veracruz\" \/>\n<meta property=\"article:publisher\" content=\"https:\/\/www.facebook.com\/people\/Notimemes-de-los-Polticos\/61565672886568\/\" \/>\n<meta property=\"article:published_time\" content=\"2020-09-05T23:27:44+00:00\" \/>\n<meta property=\"article:modified_time\" content=\"2020-09-10T16:31:26+00:00\" \/>\n<meta property=\"og:image\" content=\"https:\/\/lospoliticosveracruz.com\/wp-content\/uploads\/2016\/07\/Logo-Dor.jpg\" \/>\n\t<meta property=\"og:image:width\" content=\"200\" \/>\n\t<meta property=\"og:image:height\" content=\"200\" \/>\n\t<meta property=\"og:image:type\" content=\"image\/jpeg\" \/>\n<meta name=\"author\" content=\"Lo viste en Los Pol\u00edticos\" \/>\n<meta name=\"twitter:card\" content=\"summary_large_image\" \/>\n<meta name=\"twitter:creator\" content=\"@LosPoliticosVer\" \/>\n<meta name=\"twitter:site\" content=\"@LosPoliticosVer\" \/>\n<meta name=\"twitter:label1\" content=\"Escrito por\" \/>\n\t<meta name=\"twitter:data1\" content=\"Lo viste en Los Pol\u00edticos\" \/>\n\t<meta name=\"twitter:label2\" content=\"Tiempo de lectura\" \/>\n\t<meta name=\"twitter:data2\" content=\"2 minutos\" \/>\n<script type=\"application\/ld+json\" class=\"yoast-schema-graph\">{\"@context\":\"https:\\\/\\\/schema.org\",\"@graph\":[{\"@type\":\"Article\",\"@id\":\"https:\\\/\\\/lospoliticosveracruz.com\\\/?p=60320#article\",\"isPartOf\":{\"@id\":\"https:\\\/\\\/lospoliticosveracruz.com\\\/?p=60320\"},\"author\":{\"name\":\"Lo viste en Los Pol\u00edticos\",\"@id\":\"https:\\\/\\\/lospoliticosveracruz.com\\\/#\\\/schema\\\/person\\\/b8702bb0e538456e6efd07080bf2a4a2\"},\"headline\":\"Les cay\u00f3 Lety con la despensa!\",\"datePublished\":\"2020-09-05T23:27:44+00:00\",\"dateModified\":\"2020-09-10T16:31:26+00:00\",\"mainEntityOfPage\":{\"@id\":\"https:\\\/\\\/lospoliticosveracruz.com\\\/?p=60320\"},\"wordCount\":395,\"commentCount\":0,\"publisher\":{\"@id\":\"https:\\\/\\\/lospoliticosveracruz.com\\\/#organization\"},\"keywords\":[\"C\u00f3rdoba\",\"Garc\u00eda Guzm\u00e1n\",\"Joaqu\u00edn Gonz\u00e1lez\",\"Jorge L\u00f3pez Tress\",\"Juan Jos\u00e9 Vallejo Garay\",\"Leticia L\u00f3pez Landero\",\"Mariana Sol\u00eds Reyes\",\"Situaci\u00f3n epidemiol\u00f3gica\",\"Subsidio Alimentario\"],\"articleSection\":[\"De Boleto\"],\"inLanguage\":\"es\",\"potentialAction\":[{\"@type\":\"CommentAction\",\"name\":\"Comment\",\"target\":[\"https:\\\/\\\/lospoliticosveracruz.com\\\/?p=60320#respond\"]}]},{\"@type\":\"WebPage\",\"@id\":\"https:\\\/\\\/lospoliticosveracruz.com\\\/?p=60320\",\"url\":\"https:\\\/\\\/lospoliticosveracruz.com\\\/?p=60320\",\"name\":\"Les cay\u00f3 Lety con la despensa! - Los pol\u00edticos Veracruz\",\"isPartOf\":{\"@id\":\"https:\\\/\\\/lospoliticosveracruz.com\\\/#website\"},\"datePublished\":\"2020-09-05T23:27:44+00:00\",\"dateModified\":\"2020-09-10T16:31:26+00:00\",\"breadcrumb\":{\"@id\":\"https:\\\/\\\/lospoliticosveracruz.com\\\/?p=60320#breadcrumb\"},\"inLanguage\":\"es\",\"potentialAction\":[{\"@type\":\"ReadAction\",\"target\":[\"https:\\\/\\\/lospoliticosveracruz.com\\\/?p=60320\"]}]},{\"@type\":\"BreadcrumbList\",\"@id\":\"https:\\\/\\\/lospoliticosveracruz.com\\\/?p=60320#breadcrumb\",\"itemListElement\":[{\"@type\":\"ListItem\",\"position\":1,\"name\":\"Portada\",\"item\":\"https:\\\/\\\/lospoliticosveracruz.com\\\/\"},{\"@type\":\"ListItem\",\"position\":2,\"name\":\"Les cay\u00f3 Lety con la despensa!\"}]},{\"@type\":\"WebSite\",\"@id\":\"https:\\\/\\\/lospoliticosveracruz.com\\\/#website\",\"url\":\"https:\\\/\\\/lospoliticosveracruz.com\\\/\",\"name\":\"Los pol\u00edticos Veracruz\",\"description\":\"\",\"publisher\":{\"@id\":\"https:\\\/\\\/lospoliticosveracruz.com\\\/#organization\"},\"potentialAction\":[{\"@type\":\"SearchAction\",\"target\":{\"@type\":\"EntryPoint\",\"urlTemplate\":\"https:\\\/\\\/lospoliticosveracruz.com\\\/?s={search_term_string}\"},\"query-input\":{\"@type\":\"PropertyValueSpecification\",\"valueRequired\":true,\"valueName\":\"search_term_string\"}}],\"inLanguage\":\"es\"},{\"@type\":\"Organization\",\"@id\":\"https:\\\/\\\/lospoliticosveracruz.com\\\/#organization\",\"name\":\"Los pol\u00edticos Veracruz\",\"url\":\"https:\\\/\\\/lospoliticosveracruz.com\\\/\",\"logo\":{\"@type\":\"ImageObject\",\"inLanguage\":\"es\",\"@id\":\"https:\\\/\\\/lospoliticosveracruz.com\\\/#\\\/schema\\\/logo\\\/image\\\/\",\"url\":\"https:\\\/\\\/lospoliticosveracruz.com\\\/wp-content\\\/uploads\\\/2025\\\/12\\\/Logo-Nuevo-LOS-POLITICOS-1.jpg\",\"contentUrl\":\"https:\\\/\\\/lospoliticosveracruz.com\\\/wp-content\\\/uploads\\\/2025\\\/12\\\/Logo-Nuevo-LOS-POLITICOS-1.jpg\",\"width\":260,\"height\":70,\"caption\":\"Los pol\u00edticos Veracruz\"},\"image\":{\"@id\":\"https:\\\/\\\/lospoliticosveracruz.com\\\/#\\\/schema\\\/logo\\\/image\\\/\"},\"sameAs\":[\"https:\\\/\\\/www.facebook.com\\\/people\\\/Notimemes-de-los-Polticos\\\/61565672886568\\\/\",\"https:\\\/\\\/x.com\\\/LosPoliticosVer\"]},{\"@type\":\"Person\",\"@id\":\"https:\\\/\\\/lospoliticosveracruz.com\\\/#\\\/schema\\\/person\\\/b8702bb0e538456e6efd07080bf2a4a2\",\"name\":\"Lo viste en Los Pol\u00edticos\",\"image\":{\"@type\":\"ImageObject\",\"inLanguage\":\"es\",\"@id\":\"https:\\\/\\\/secure.gravatar.com\\\/avatar\\\/3a8de04a2656d44082be478bd6c086daa447c4651605818287b9532d3d0bd435?s=96&d=mm&r=g\",\"url\":\"https:\\\/\\\/secure.gravatar.com\\\/avatar\\\/3a8de04a2656d44082be478bd6c086daa447c4651605818287b9532d3d0bd435?s=96&d=mm&r=g\",\"contentUrl\":\"https:\\\/\\\/secure.gravatar.com\\\/avatar\\\/3a8de04a2656d44082be478bd6c086daa447c4651605818287b9532d3d0bd435?s=96&d=mm&r=g\",\"caption\":\"Lo viste en Los Pol\u00edticos\"},\"url\":\"https:\\\/\\\/lospoliticosveracruz.com\\\/?author=2\"}]}<\/script>\n<!-- \/ Yoast SEO plugin. -->","yoast_head_json":{"title":"Les cay\u00f3 Lety con la despensa! - Los pol\u00edticos Veracruz","robots":{"index":"index","follow":"follow","max-snippet":"max-snippet:-1","max-image-preview":"max-image-preview:large","max-video-preview":"max-video-preview:-1"},"canonical":"https:\/\/lospoliticosveracruz.com\/?p=60320","og_locale":"es_ES","og_type":"article","og_title":"Les cay\u00f3 Lety con la despensa! - Los pol\u00edticos Veracruz","og_description":"&nbsp; La presidenta municipal de C\u00f3rdoba, Leticia L\u00f3pez Landero encabez\u00f3 la entrega de apoyos del Programa Municipal de Subsidio Alimentario a m\u00e1s de mil familias de las comunidades rurales El Baj\u00edo, Loma Chica, Ojo de Agua, Lagunilla y Cervantes y Lozada, con el objetivo de garantizar el derecho a la alimentaci\u00f3n de la poblaci\u00f3n vulnerable [&hellip;]","og_url":"https:\/\/lospoliticosveracruz.com\/?p=60320","og_site_name":"Los pol\u00edticos Veracruz","article_publisher":"https:\/\/www.facebook.com\/people\/Notimemes-de-los-Polticos\/61565672886568\/","article_published_time":"2020-09-05T23:27:44+00:00","article_modified_time":"2020-09-10T16:31:26+00:00","og_image":[{"width":200,"height":200,"url":"https:\/\/lospoliticosveracruz.com\/wp-content\/uploads\/2016\/07\/Logo-Dor.jpg","type":"image\/jpeg"}],"author":"Lo viste en Los Pol\u00edticos","twitter_card":"summary_large_image","twitter_creator":"@LosPoliticosVer","twitter_site":"@LosPoliticosVer","twitter_misc":{"Escrito por":"Lo viste en Los Pol\u00edticos","Tiempo de lectura":"2 minutos"},"schema":{"@context":"https:\/\/schema.org","@graph":[{"@type":"Article","@id":"https:\/\/lospoliticosveracruz.com\/?p=60320#article","isPartOf":{"@id":"https:\/\/lospoliticosveracruz.com\/?p=60320"},"author":{"name":"Lo viste en Los Pol\u00edticos","@id":"https:\/\/lospoliticosveracruz.com\/#\/schema\/person\/b8702bb0e538456e6efd07080bf2a4a2"},"headline":"Les cay\u00f3 Lety con la despensa!","datePublished":"2020-09-05T23:27:44+00:00","dateModified":"2020-09-10T16:31:26+00:00","mainEntityOfPage":{"@id":"https:\/\/lospoliticosveracruz.com\/?p=60320"},"wordCount":395,"commentCount":0,"publisher":{"@id":"https:\/\/lospoliticosveracruz.com\/#organization"},"keywords":["C\u00f3rdoba","Garc\u00eda Guzm\u00e1n","Joaqu\u00edn Gonz\u00e1lez","Jorge L\u00f3pez Tress","Juan Jos\u00e9 Vallejo Garay","Leticia L\u00f3pez Landero","Mariana Sol\u00eds Reyes","Situaci\u00f3n epidemiol\u00f3gica","Subsidio Alimentario"],"articleSection":["De Boleto"],"inLanguage":"es","potentialAction":[{"@type":"CommentAction","name":"Comment","target":["https:\/\/lospoliticosveracruz.com\/?p=60320#respond"]}]},{"@type":"WebPage","@id":"https:\/\/lospoliticosveracruz.com\/?p=60320","url":"https:\/\/lospoliticosveracruz.com\/?p=60320","name":"Les cay\u00f3 Lety con la despensa! - Los pol\u00edticos Veracruz","isPartOf":{"@id":"https:\/\/lospoliticosveracruz.com\/#website"},"datePublished":"2020-09-05T23:27:44+00:00","dateModified":"2020-09-10T16:31:26+00:00","breadcrumb":{"@id":"https:\/\/lospoliticosveracruz.com\/?p=60320#breadcrumb"},"inLanguage":"es","potentialAction":[{"@type":"ReadAction","target":["https:\/\/lospoliticosveracruz.com\/?p=60320"]}]},{"@type":"BreadcrumbList","@id":"https:\/\/lospoliticosveracruz.com\/?p=60320#breadcrumb","itemListElement":[{"@type":"ListItem","position":1,"name":"Portada","item":"https:\/\/lospoliticosveracruz.com\/"},{"@type":"ListItem","position":2,"name":"Les cay\u00f3 Lety con la despensa!"}]},{"@type":"WebSite","@id":"https:\/\/lospoliticosveracruz.com\/#website","url":"https:\/\/lospoliticosveracruz.com\/","name":"Los pol\u00edticos Veracruz","description":"","publisher":{"@id":"https:\/\/lospoliticosveracruz.com\/#organization"},"potentialAction":[{"@type":"SearchAction","target":{"@type":"EntryPoint","urlTemplate":"https:\/\/lospoliticosveracruz.com\/?s={search_term_string}"},"query-input":{"@type":"PropertyValueSpecification","valueRequired":true,"valueName":"search_term_string"}}],"inLanguage":"es"},{"@type":"Organization","@id":"https:\/\/lospoliticosveracruz.com\/#organization","name":"Los pol\u00edticos Veracruz","url":"https:\/\/lospoliticosveracruz.com\/","logo":{"@type":"ImageObject","inLanguage":"es","@id":"https:\/\/lospoliticosveracruz.com\/#\/schema\/logo\/image\/","url":"https:\/\/lospoliticosveracruz.com\/wp-content\/uploads\/2025\/12\/Logo-Nuevo-LOS-POLITICOS-1.jpg","contentUrl":"https:\/\/lospoliticosveracruz.com\/wp-content\/uploads\/2025\/12\/Logo-Nuevo-LOS-POLITICOS-1.jpg","width":260,"height":70,"caption":"Los pol\u00edticos Veracruz"},"image":{"@id":"https:\/\/lospoliticosveracruz.com\/#\/schema\/logo\/image\/"},"sameAs":["https:\/\/www.facebook.com\/people\/Notimemes-de-los-Polticos\/61565672886568\/","https:\/\/x.com\/LosPoliticosVer"]},{"@type":"Person","@id":"https:\/\/lospoliticosveracruz.com\/#\/schema\/person\/b8702bb0e538456e6efd07080bf2a4a2","name":"Lo viste en Los Pol\u00edticos","image":{"@type":"ImageObject","inLanguage":"es","@id":"https:\/\/secure.gravatar.com\/avatar\/3a8de04a2656d44082be478bd6c086daa447c4651605818287b9532d3d0bd435?s=96&d=mm&r=g","url":"https:\/\/secure.gravatar.com\/avatar\/3a8de04a2656d44082be478bd6c086daa447c4651605818287b9532d3d0bd435?s=96&d=mm&r=g","contentUrl":"https:\/\/secure.gravatar.com\/avatar\/3a8de04a2656d44082be478bd6c086daa447c4651605818287b9532d3d0bd435?s=96&d=mm&r=g","caption":"Lo viste en Los Pol\u00edticos"},"url":"https:\/\/lospoliticosveracruz.com\/?author=2"}]}},"_links":{"self":[{"href":"https:\/\/lospoliticosveracruz.com\/index.php?rest_route=\/wp\/v2\/posts\/60320","targetHints":{"allow":["GET"]}}],"collection":[{"href":"https:\/\/lospoliticosveracruz.com\/index.php?rest_route=\/wp\/v2\/posts"}],"about":[{"href":"https:\/\/lospoliticosveracruz.com\/index.php?rest_route=\/wp\/v2\/types\/post"}],"author":[{"embeddable":true,"href":"https:\/\/lospoliticosveracruz.com\/index.php?rest_route=\/wp\/v2\/users\/2"}],"replies":[{"embeddable":true,"href":"https:\/\/lospoliticosveracruz.com\/index.php?rest_route=%2Fwp%2Fv2%2Fcomments&post=60320"}],"version-history":[{"count":2,"href":"https:\/\/lospoliticosveracruz.com\/index.php?rest_route=\/wp\/v2\/posts\/60320\/revisions"}],"predecessor-version":[{"id":60640,"href":"https:\/\/lospoliticosveracruz.com\/index.php?rest_route=\/wp\/v2\/posts\/60320\/revisions\/60640"}],"wp:attachment":[{"href":"https:\/\/lospoliticosveracruz.com\/index.php?rest_route=%2Fwp%2Fv2%2Fmedia&parent=60320"}],"wp:term":[{"taxonomy":"category","embeddable":true,"href":"https:\/\/lospoliticosveracruz.com\/index.php?rest_route=%2Fwp%2Fv2%2Fcategories&post=60320"},{"taxonomy":"post_tag","embeddable":true,"href":"https:\/\/lospoliticosveracruz.com\/index.php?rest_route=%2Fwp%2Fv2%2Ftags&post=60320"}],"curies":[{"name":"wp","href":"https:\/\/api.w.org\/{rel}","templated":true}]}}