{"id":60327,"date":"2020-09-06T10:44:07","date_gmt":"2020-09-06T15:44:07","guid":{"rendered":"http:\/\/www.lospoliticosveracruz.com.mx\/?p=60327"},"modified":"2020-09-06T10:44:07","modified_gmt":"2020-09-06T15:44:07","slug":"la-ruleta-rusa-de-dante","status":"publish","type":"post","link":"https:\/\/lospoliticosveracruz.com\/?p=60327","title":{"rendered":"La ruleta rusa de Dante"},"content":{"rendered":"<p><strong>Ricardo Ch\u00faa<\/strong><\/p>\n<p><em>Sale y Vale<\/em><\/p>\n<p>UNA BUENA&#8230; Las medidas de sanitizaci\u00f3n del servicio del transporte p\u00fablico en la zona conurbada de Veracruz y Boca del R\u00edo, que realizaron ayer por la ma\u00f1ana, autoridades de la Direcci\u00f3n de Transporte P\u00fablico del Estado y la Procuradur\u00eda del Medio Ambiente&#8230; Fue una buena medida, ya que pasaron por las \u00abarmas\u00bb a camiones del servicio urbano y taxis, que prestan sus servicios en la zona, que es junto con Xalapa, donde se tienen los m\u00e1s altos \u00edndices de contagios del COVID-19&#8230; Esos actos son m\u00e1s que necesarios&#8230;<\/p>\n<p>Hay que reconocer que esto es una buena medida para el beneficio ciudadano&#8230; Los que ocupan este servicio son personas de condiciones m\u00e1s precarias econ\u00f3micamente&#8230; Y todos los d\u00edas, arriesgan su salud al utilizarlos porque el contagio de Coronavirus no perdona a nadie&#8230; Ojal\u00e1 acaben las \u00abgrillas\u00bb y realicen m\u00e1s acciones as\u00ed&#8230; Una buena para Miguel Angel Lara Flores y Javier Azcoitia, de la Direcci\u00f3n del Transporte P\u00fablico y del propio, Sergio Rodriguez, titular del PMA&#8230; Ojal\u00e1 eso logre evitar m\u00e1s contagios en Veracruz y Boca del R\u00edo&#8230;<\/p>\n<p>LA OTRA OPOSICI\u00d3N&#8230; Una \u00abruleta rusa\u00bb se jugar\u00e1 Movimiento Ciudadano en el pr\u00f3ximo proceso electoral local&#8230; Si en Veracruz, al final, decide ir s\u00f3lo como partido pol\u00edtico&#8230; Y no en alianza como se prev\u00e9 vayan los otros organismos de oposici\u00f3n a MORENA para enfrentarlos en 2021&#8230; Sobre todo porque haciendo n\u00fameros&#8230; El MC en la entidad veracruzana, s\u00f3lo es un partido de 50 mil votos&#8230;.<\/p>\n<p>Esa es una cifra que tuvo en los proceso electorales locales del 2016, 2017 y 2018&#8230; Lo que signific\u00f3 perder el registro local en Veracruz&#8230; De all\u00ed, que sea m\u00e1s que imposible que se tenga un resultado diferente en el proceso venidero&#8230; Si es que no va en alianza&#8230; Es m\u00e1s, si nos vamos a otros estados del sur-sureste, este organismo no tiene una participaci\u00f3n real en Oaxaca (Pese a que la gobernaron con Gabino Cue), Campeche, Tabasco, Quintana Roo y Yucat\u00e1n, donde hab\u00edan tenido presencia&#8230; Ahora el panorama para el 2021 es distinto&#8230;<\/p>\n<p>Sobre todo porque adem\u00e1s como partido pol\u00edtico nacional&#8230; Su fuerza real con Enrique Alfaro como gobernador de Jalisco, la percepci\u00f3n p\u00fablica le bajo en demas\u00eda&#8230; Cuando fue L\u00f3pez Obrador aquella entidad&#8230; Y el gobernador no fue lo \u00abaguerrido\u00bb que hab\u00eda sido d\u00edas antes que le quemaron la puerta del palacio de Gobierno&#8230; Y hasta los jaliciencies lo acusaron de \u00abentreguista\u00bb al Presidente&#8230; A lo mejor fue una decisi\u00f3n pol\u00edticamente correcta&#8230; Pero a la sociedad que no quiere a MORENA, lo vio de otra manera,,,, En el pecado lleva la penitencia&#8230;<\/p>\n<p>Tambi\u00e9n las \u00faltimas encuestas no colocan bien a Movimiento Ciudadano en Colima y Nayarit&#8230; Como los hab\u00edan colocado a principios del a\u00f1o&#8230; Le anuncian que ha ca\u00eddo en esos estados en su percepci\u00f3n p\u00fablica favorable&#8230; Algo tiene que hacer la dirigencia nacional de este partido, para que en el proceso electoral venidero, no pierdan su registro como partido pol\u00edtico nacional&#8230; Si no act\u00faan de manera visceral&#8230; Movimiento Ciudadano con su aporte con candidatos cercanos a la sociedad puede ser el \u00abfiel de la balanza\u00bb de la oposici\u00f3n..<\/p>\n<p>El escenario es muy distinto a 2003, 2009 y 2015 cuando Movimiento Ciudadano creci\u00f3 entre la sociedad&#8230; Lo ve\u00edan como real opci\u00f3n y se esperaba mucho de ellos y sus candidatos para el 2021&#8230; Pero con las acciones de sus figuras pol\u00edticas (excepto Dante), han logrado que eso que lograron permear entre la sociedad, se haya perdido&#8230; Y ahora el problema como organismo pol\u00edtico, ir en una elecci\u00f3n de manera solitaria&#8230; Ya no les da&#8230; Al menos, as\u00ed se ve el panorama si la enfrenta sola&#8230; Si va en coalici\u00f3n, las cosas pueden cambiar&#8230;AMEN&#8230;<\/p>\n<p>EL REGRESO&#8230; Muchos se\u00f1alaron que el tema se\u00f1alado en espacio anteriores&#8230; Que el PRI puede recuperarse electoralmente en Veracruz&#8230; S\u00f3lo es un \u00absue\u00f1o tropical\u00bb de los que tienen el \u00abcoraz\u00f3n rojo, pero part\u00edo\u00bb&#8230; Pero a diferencia de otros organismos&#8230; El priismo busca coaliciones locales fuertes en Veracruz&#8230; Con el PAN y PRD por lo menos&#8230; No importando que en este momento, tengan que ceder.. Quieren votos y recuperar para la oposici\u00f3n el Congreso Local&#8230; Y desde luego repartirse las alcald\u00edas&#8230; REAL POLITIK&#8230;<\/p>\n<p>Obvio es que si van en alianza&#8230; El PRI en la medida de lo posible dejar\u00e1 que en esas negociaciones pueda pactar con el PAN-Yunes y PAN-\u00abChapito\u00bb Guzm\u00e1n&#8230; Aunado que lo mismo har\u00e1n con Sergio Cadena&#8230; Es la manera de ir mermando el poder de MORENA y ganando posiciones locales&#8230; Ya que a nivel nacional, ser\u00e1 poco probable que el PRI pueda perder el registro como partido&#8230; No as\u00ed el PRD&#8230; Es el que corre el riesgo&#8230;<\/p>\n<p>Y negociar\u00e1 con el PAN-Yunes porque es ese grupo es una fuerza real pol\u00edtica opositora en Veracruz&#8230; No solo en el puerto y Boca del R\u00edo&#8230; Lo mismo con Joaqu\u00edn Guzm\u00e1n porque es el que tiene el poder del PAN estatal&#8230; Ya que no se van a arriesgar a perder la oportunidad hist\u00f3rica que tienen de quitarle el control del Congreso Local a MORENA&#8230; Y por no negociar con uno de los grupos, capaz que despu\u00e9s salen con que \u00abse los dije, sin mi pierden\u00bb.. Por eso la declaraci\u00f3n de Fernando Yunes, \u00abtensa\u00bb no el 2021 sino el 2024&#8230;<\/p>\n<p>Adem\u00e1s de que aprovechando la decisi\u00f3n que tom\u00f3 el INE de negarle el registro a \u00abM\u00e9xico Libre\u00bb, el partido de Felipe Calder\u00f3n&#8230; Sin querer, esto puede ser aprovechado por partidos opositores para que en Veracruz&#8230; Presionen al OPLE de negarles m\u00e1s registros a partidos \u00abfantasmas\u00bb o unipersonales.. Que al final, buscar aliarse con MORENA&#8230; Para seguir contando con registro y prerrogativas.. Producto de su relaci\u00f3n con los actuales hombres del poder&#8230;<\/p>\n<p>Por eso, es que se augura que al PRI no le va ir mal en 2021&#8230; Ya que la idiosincrasia del veracruzano, aunque liberal, es de acciones conservadoras&#8230; Hasta la gente humilde se\u00f1ala que los que est\u00e1n hartos de Morena, le van a votar al PRI&#8230; Ya que antes, donde se supone estaban peor, viv\u00edan mejor y les alcanzaba para hacer sus 3 comidas y gastos extras&#8230; Ahora ni esos tres alimentos, menos los gastos&#8230; Ese famoso \u00abvoto \u00fatil\u00bb ahora no ser\u00eda para los partidos de izquierda&#8230; Que cosas tiene la vida&#8230; DIOS NOS AGARRE CONFESADOS..<\/p>\n","protected":false},"excerpt":{"rendered":"<p>Ricardo Ch\u00faa Sale y Vale UNA BUENA&#8230; Las medidas de sanitizaci\u00f3n del servicio del transporte p\u00fablico en la zona conurbada de Veracruz y Boca del R\u00edo, que realizaron ayer por la ma\u00f1ana, autoridades de la Direcci\u00f3n de Transporte P\u00fablico del Estado y la Procuradur\u00eda del Medio Ambiente&#8230; Fue una buena medida, ya que pasaron por [&hellip;]<\/p>\n","protected":false},"author":2,"featured_media":0,"comment_status":"open","ping_status":"open","sticky":false,"template":"","format":"standard","meta":{"tdm_status":"","tdm_grid_status":"","footnotes":""},"categories":[70],"tags":[601,2230,3814,16673,8644,18843,9841,2699,20806,1003,20805,1026,2327,3816,1215,251,17791,3970,13604,15095,7887,807,6424,2231,195,96,5360],"class_list":{"0":"post-60327","1":"post","2":"type-post","3":"status-publish","4":"format-standard","6":"category-de-opinion","7":"tag-boca-del-rio","8":"tag-campeche","9":"tag-colima","10":"tag-covid-19","11":"tag-direccion-de-transporte-publico","12":"tag-encovid-19-infancia","13":"tag-enrique-alfaro","14":"tag-gabino-cue","15":"tag-javier-azcoitia","16":"tag-lopez-obrador","17":"tag-miguel-angel-lara-flores","18":"tag-morena","19":"tag-movimiento-ciudadano","20":"tag-nayarit","21":"tag-oaxaca","22":"tag-pri","23":"tag-procuraduria-del-medio-ambiente","24":"tag-quintana-roo","25":"tag-ricardo-chua","26":"tag-sergio-cadena","27":"tag-sergio-cadena-martinez","28":"tag-sergio-rodriguez-cortes","29":"tag-servicio-urbano","30":"tag-tabasco","31":"tag-veracruz","32":"tag-xalapa","33":"tag-yucatan"},"yoast_head":"<!-- This site is optimized with the Yoast SEO plugin v27.4 - https:\/\/yoast.com\/product\/yoast-seo-wordpress\/ -->\n<title>La ruleta rusa de Dante - Los pol\u00edticos Veracruz<\/title>\n<meta name=\"robots\" content=\"index, follow, max-snippet:-1, max-image-preview:large, max-video-preview:-1\" \/>\n<link rel=\"canonical\" href=\"https:\/\/lospoliticosveracruz.com\/?p=60327\" \/>\n<meta property=\"og:locale\" content=\"es_ES\" \/>\n<meta property=\"og:type\" content=\"article\" \/>\n<meta property=\"og:title\" content=\"La ruleta rusa de Dante - Los pol\u00edticos Veracruz\" \/>\n<meta property=\"og:description\" content=\"Ricardo Ch\u00faa Sale y Vale UNA BUENA&#8230; Las medidas de sanitizaci\u00f3n del servicio del transporte p\u00fablico en la zona conurbada de Veracruz y Boca del R\u00edo, que realizaron ayer por la ma\u00f1ana, autoridades de la Direcci\u00f3n de Transporte P\u00fablico del Estado y la Procuradur\u00eda del Medio Ambiente&#8230; Fue una buena medida, ya que pasaron por [&hellip;]\" \/>\n<meta property=\"og:url\" content=\"https:\/\/lospoliticosveracruz.com\/?p=60327\" \/>\n<meta property=\"og:site_name\" content=\"Los pol\u00edticos Veracruz\" \/>\n<meta property=\"article:publisher\" content=\"https:\/\/www.facebook.com\/people\/Notimemes-de-los-Polticos\/61565672886568\/\" \/>\n<meta property=\"article:published_time\" content=\"2020-09-06T15:44:07+00:00\" \/>\n<meta property=\"og:image\" content=\"https:\/\/lospoliticosveracruz.com\/wp-content\/uploads\/2016\/07\/Logo-Dor.jpg\" \/>\n\t<meta property=\"og:image:width\" content=\"200\" \/>\n\t<meta property=\"og:image:height\" content=\"200\" \/>\n\t<meta property=\"og:image:type\" content=\"image\/jpeg\" \/>\n<meta name=\"author\" content=\"Lo viste en Los Pol\u00edticos\" \/>\n<meta name=\"twitter:card\" content=\"summary_large_image\" \/>\n<meta name=\"twitter:creator\" content=\"@LosPoliticosVer\" \/>\n<meta name=\"twitter:site\" content=\"@LosPoliticosVer\" \/>\n<meta name=\"twitter:label1\" content=\"Escrito por\" \/>\n\t<meta name=\"twitter:data1\" content=\"Lo viste en Los Pol\u00edticos\" \/>\n\t<meta name=\"twitter:label2\" content=\"Tiempo de lectura\" \/>\n\t<meta name=\"twitter:data2\" content=\"6 minutos\" \/>\n<script type=\"application\/ld+json\" class=\"yoast-schema-graph\">{\"@context\":\"https:\\\/\\\/schema.org\",\"@graph\":[{\"@type\":\"Article\",\"@id\":\"https:\\\/\\\/lospoliticosveracruz.com\\\/?p=60327#article\",\"isPartOf\":{\"@id\":\"https:\\\/\\\/lospoliticosveracruz.com\\\/?p=60327\"},\"author\":{\"name\":\"Lo viste en Los Pol\u00edticos\",\"@id\":\"https:\\\/\\\/lospoliticosveracruz.com\\\/#\\\/schema\\\/person\\\/b8702bb0e538456e6efd07080bf2a4a2\"},\"headline\":\"La ruleta rusa de Dante\",\"datePublished\":\"2020-09-06T15:44:07+00:00\",\"mainEntityOfPage\":{\"@id\":\"https:\\\/\\\/lospoliticosveracruz.com\\\/?p=60327\"},\"wordCount\":1111,\"commentCount\":0,\"publisher\":{\"@id\":\"https:\\\/\\\/lospoliticosveracruz.com\\\/#organization\"},\"keywords\":[\"Boca del R\u00edo\",\"Campeche\",\"Colima\",\"Covid 19\",\"Direcci\u00f3n de Transporte P\u00fablico\",\"Encovid-19 Infancia\",\"Enrique Alfaro\",\"Gabino Cu\u00e9\",\"Javier Azcoitia\",\"L\u00f3pez Obrador\",\"Miguel Angel Lara Flores\",\"Morena\",\"Movimiento Ciudadano\",\"Nayarit\",\"Oaxaca\",\"PRI\",\"Procuradur\u00eda del Medio Ambiente\",\"Quintana Roo\",\"Ricardo Ch\u00faa\",\"Sergio Cadena\",\"Sergio Cadena Mart\u00ednez\",\"Sergio Rodr\u00edguez Cort\u00e9s\",\"Servicio Urbano\",\"Tabasco\",\"Veracruz\",\"Xalapa\",\"Yucat\u00e1n\"],\"articleSection\":[\"De Opini\u00f3n\"],\"inLanguage\":\"es\",\"potentialAction\":[{\"@type\":\"CommentAction\",\"name\":\"Comment\",\"target\":[\"https:\\\/\\\/lospoliticosveracruz.com\\\/?p=60327#respond\"]}]},{\"@type\":\"WebPage\",\"@id\":\"https:\\\/\\\/lospoliticosveracruz.com\\\/?p=60327\",\"url\":\"https:\\\/\\\/lospoliticosveracruz.com\\\/?p=60327\",\"name\":\"La ruleta rusa de Dante - Los pol\u00edticos Veracruz\",\"isPartOf\":{\"@id\":\"https:\\\/\\\/lospoliticosveracruz.com\\\/#website\"},\"datePublished\":\"2020-09-06T15:44:07+00:00\",\"breadcrumb\":{\"@id\":\"https:\\\/\\\/lospoliticosveracruz.com\\\/?p=60327#breadcrumb\"},\"inLanguage\":\"es\",\"potentialAction\":[{\"@type\":\"ReadAction\",\"target\":[\"https:\\\/\\\/lospoliticosveracruz.com\\\/?p=60327\"]}]},{\"@type\":\"BreadcrumbList\",\"@id\":\"https:\\\/\\\/lospoliticosveracruz.com\\\/?p=60327#breadcrumb\",\"itemListElement\":[{\"@type\":\"ListItem\",\"position\":1,\"name\":\"Portada\",\"item\":\"https:\\\/\\\/lospoliticosveracruz.com\\\/\"},{\"@type\":\"ListItem\",\"position\":2,\"name\":\"La ruleta rusa de Dante\"}]},{\"@type\":\"WebSite\",\"@id\":\"https:\\\/\\\/lospoliticosveracruz.com\\\/#website\",\"url\":\"https:\\\/\\\/lospoliticosveracruz.com\\\/\",\"name\":\"Los pol\u00edticos Veracruz\",\"description\":\"\",\"publisher\":{\"@id\":\"https:\\\/\\\/lospoliticosveracruz.com\\\/#organization\"},\"potentialAction\":[{\"@type\":\"SearchAction\",\"target\":{\"@type\":\"EntryPoint\",\"urlTemplate\":\"https:\\\/\\\/lospoliticosveracruz.com\\\/?s={search_term_string}\"},\"query-input\":{\"@type\":\"PropertyValueSpecification\",\"valueRequired\":true,\"valueName\":\"search_term_string\"}}],\"inLanguage\":\"es\"},{\"@type\":\"Organization\",\"@id\":\"https:\\\/\\\/lospoliticosveracruz.com\\\/#organization\",\"name\":\"Los pol\u00edticos Veracruz\",\"url\":\"https:\\\/\\\/lospoliticosveracruz.com\\\/\",\"logo\":{\"@type\":\"ImageObject\",\"inLanguage\":\"es\",\"@id\":\"https:\\\/\\\/lospoliticosveracruz.com\\\/#\\\/schema\\\/logo\\\/image\\\/\",\"url\":\"https:\\\/\\\/lospoliticosveracruz.com\\\/wp-content\\\/uploads\\\/2025\\\/12\\\/Logo-Nuevo-LOS-POLITICOS-1.jpg\",\"contentUrl\":\"https:\\\/\\\/lospoliticosveracruz.com\\\/wp-content\\\/uploads\\\/2025\\\/12\\\/Logo-Nuevo-LOS-POLITICOS-1.jpg\",\"width\":260,\"height\":70,\"caption\":\"Los pol\u00edticos Veracruz\"},\"image\":{\"@id\":\"https:\\\/\\\/lospoliticosveracruz.com\\\/#\\\/schema\\\/logo\\\/image\\\/\"},\"sameAs\":[\"https:\\\/\\\/www.facebook.com\\\/people\\\/Notimemes-de-los-Polticos\\\/61565672886568\\\/\",\"https:\\\/\\\/x.com\\\/LosPoliticosVer\"]},{\"@type\":\"Person\",\"@id\":\"https:\\\/\\\/lospoliticosveracruz.com\\\/#\\\/schema\\\/person\\\/b8702bb0e538456e6efd07080bf2a4a2\",\"name\":\"Lo viste en Los Pol\u00edticos\",\"image\":{\"@type\":\"ImageObject\",\"inLanguage\":\"es\",\"@id\":\"https:\\\/\\\/secure.gravatar.com\\\/avatar\\\/3a8de04a2656d44082be478bd6c086daa447c4651605818287b9532d3d0bd435?s=96&d=mm&r=g\",\"url\":\"https:\\\/\\\/secure.gravatar.com\\\/avatar\\\/3a8de04a2656d44082be478bd6c086daa447c4651605818287b9532d3d0bd435?s=96&d=mm&r=g\",\"contentUrl\":\"https:\\\/\\\/secure.gravatar.com\\\/avatar\\\/3a8de04a2656d44082be478bd6c086daa447c4651605818287b9532d3d0bd435?s=96&d=mm&r=g\",\"caption\":\"Lo viste en Los Pol\u00edticos\"},\"url\":\"https:\\\/\\\/lospoliticosveracruz.com\\\/?author=2\"}]}<\/script>\n<!-- \/ Yoast SEO plugin. -->","yoast_head_json":{"title":"La ruleta rusa de Dante - Los pol\u00edticos Veracruz","robots":{"index":"index","follow":"follow","max-snippet":"max-snippet:-1","max-image-preview":"max-image-preview:large","max-video-preview":"max-video-preview:-1"},"canonical":"https:\/\/lospoliticosveracruz.com\/?p=60327","og_locale":"es_ES","og_type":"article","og_title":"La ruleta rusa de Dante - Los pol\u00edticos Veracruz","og_description":"Ricardo Ch\u00faa Sale y Vale UNA BUENA&#8230; Las medidas de sanitizaci\u00f3n del servicio del transporte p\u00fablico en la zona conurbada de Veracruz y Boca del R\u00edo, que realizaron ayer por la ma\u00f1ana, autoridades de la Direcci\u00f3n de Transporte P\u00fablico del Estado y la Procuradur\u00eda del Medio Ambiente&#8230; Fue una buena medida, ya que pasaron por [&hellip;]","og_url":"https:\/\/lospoliticosveracruz.com\/?p=60327","og_site_name":"Los pol\u00edticos Veracruz","article_publisher":"https:\/\/www.facebook.com\/people\/Notimemes-de-los-Polticos\/61565672886568\/","article_published_time":"2020-09-06T15:44:07+00:00","og_image":[{"width":200,"height":200,"url":"https:\/\/lospoliticosveracruz.com\/wp-content\/uploads\/2016\/07\/Logo-Dor.jpg","type":"image\/jpeg"}],"author":"Lo viste en Los Pol\u00edticos","twitter_card":"summary_large_image","twitter_creator":"@LosPoliticosVer","twitter_site":"@LosPoliticosVer","twitter_misc":{"Escrito por":"Lo viste en Los Pol\u00edticos","Tiempo de lectura":"6 minutos"},"schema":{"@context":"https:\/\/schema.org","@graph":[{"@type":"Article","@id":"https:\/\/lospoliticosveracruz.com\/?p=60327#article","isPartOf":{"@id":"https:\/\/lospoliticosveracruz.com\/?p=60327"},"author":{"name":"Lo viste en Los Pol\u00edticos","@id":"https:\/\/lospoliticosveracruz.com\/#\/schema\/person\/b8702bb0e538456e6efd07080bf2a4a2"},"headline":"La ruleta rusa de Dante","datePublished":"2020-09-06T15:44:07+00:00","mainEntityOfPage":{"@id":"https:\/\/lospoliticosveracruz.com\/?p=60327"},"wordCount":1111,"commentCount":0,"publisher":{"@id":"https:\/\/lospoliticosveracruz.com\/#organization"},"keywords":["Boca del R\u00edo","Campeche","Colima","Covid 19","Direcci\u00f3n de Transporte P\u00fablico","Encovid-19 Infancia","Enrique Alfaro","Gabino Cu\u00e9","Javier Azcoitia","L\u00f3pez Obrador","Miguel Angel Lara Flores","Morena","Movimiento Ciudadano","Nayarit","Oaxaca","PRI","Procuradur\u00eda del Medio Ambiente","Quintana Roo","Ricardo Ch\u00faa","Sergio Cadena","Sergio Cadena Mart\u00ednez","Sergio Rodr\u00edguez Cort\u00e9s","Servicio Urbano","Tabasco","Veracruz","Xalapa","Yucat\u00e1n"],"articleSection":["De Opini\u00f3n"],"inLanguage":"es","potentialAction":[{"@type":"CommentAction","name":"Comment","target":["https:\/\/lospoliticosveracruz.com\/?p=60327#respond"]}]},{"@type":"WebPage","@id":"https:\/\/lospoliticosveracruz.com\/?p=60327","url":"https:\/\/lospoliticosveracruz.com\/?p=60327","name":"La ruleta rusa de Dante - Los pol\u00edticos Veracruz","isPartOf":{"@id":"https:\/\/lospoliticosveracruz.com\/#website"},"datePublished":"2020-09-06T15:44:07+00:00","breadcrumb":{"@id":"https:\/\/lospoliticosveracruz.com\/?p=60327#breadcrumb"},"inLanguage":"es","potentialAction":[{"@type":"ReadAction","target":["https:\/\/lospoliticosveracruz.com\/?p=60327"]}]},{"@type":"BreadcrumbList","@id":"https:\/\/lospoliticosveracruz.com\/?p=60327#breadcrumb","itemListElement":[{"@type":"ListItem","position":1,"name":"Portada","item":"https:\/\/lospoliticosveracruz.com\/"},{"@type":"ListItem","position":2,"name":"La ruleta rusa de Dante"}]},{"@type":"WebSite","@id":"https:\/\/lospoliticosveracruz.com\/#website","url":"https:\/\/lospoliticosveracruz.com\/","name":"Los pol\u00edticos Veracruz","description":"","publisher":{"@id":"https:\/\/lospoliticosveracruz.com\/#organization"},"potentialAction":[{"@type":"SearchAction","target":{"@type":"EntryPoint","urlTemplate":"https:\/\/lospoliticosveracruz.com\/?s={search_term_string}"},"query-input":{"@type":"PropertyValueSpecification","valueRequired":true,"valueName":"search_term_string"}}],"inLanguage":"es"},{"@type":"Organization","@id":"https:\/\/lospoliticosveracruz.com\/#organization","name":"Los pol\u00edticos Veracruz","url":"https:\/\/lospoliticosveracruz.com\/","logo":{"@type":"ImageObject","inLanguage":"es","@id":"https:\/\/lospoliticosveracruz.com\/#\/schema\/logo\/image\/","url":"https:\/\/lospoliticosveracruz.com\/wp-content\/uploads\/2025\/12\/Logo-Nuevo-LOS-POLITICOS-1.jpg","contentUrl":"https:\/\/lospoliticosveracruz.com\/wp-content\/uploads\/2025\/12\/Logo-Nuevo-LOS-POLITICOS-1.jpg","width":260,"height":70,"caption":"Los pol\u00edticos Veracruz"},"image":{"@id":"https:\/\/lospoliticosveracruz.com\/#\/schema\/logo\/image\/"},"sameAs":["https:\/\/www.facebook.com\/people\/Notimemes-de-los-Polticos\/61565672886568\/","https:\/\/x.com\/LosPoliticosVer"]},{"@type":"Person","@id":"https:\/\/lospoliticosveracruz.com\/#\/schema\/person\/b8702bb0e538456e6efd07080bf2a4a2","name":"Lo viste en Los Pol\u00edticos","image":{"@type":"ImageObject","inLanguage":"es","@id":"https:\/\/secure.gravatar.com\/avatar\/3a8de04a2656d44082be478bd6c086daa447c4651605818287b9532d3d0bd435?s=96&d=mm&r=g","url":"https:\/\/secure.gravatar.com\/avatar\/3a8de04a2656d44082be478bd6c086daa447c4651605818287b9532d3d0bd435?s=96&d=mm&r=g","contentUrl":"https:\/\/secure.gravatar.com\/avatar\/3a8de04a2656d44082be478bd6c086daa447c4651605818287b9532d3d0bd435?s=96&d=mm&r=g","caption":"Lo viste en Los Pol\u00edticos"},"url":"https:\/\/lospoliticosveracruz.com\/?author=2"}]}},"_links":{"self":[{"href":"https:\/\/lospoliticosveracruz.com\/index.php?rest_route=\/wp\/v2\/posts\/60327","targetHints":{"allow":["GET"]}}],"collection":[{"href":"https:\/\/lospoliticosveracruz.com\/index.php?rest_route=\/wp\/v2\/posts"}],"about":[{"href":"https:\/\/lospoliticosveracruz.com\/index.php?rest_route=\/wp\/v2\/types\/post"}],"author":[{"embeddable":true,"href":"https:\/\/lospoliticosveracruz.com\/index.php?rest_route=\/wp\/v2\/users\/2"}],"replies":[{"embeddable":true,"href":"https:\/\/lospoliticosveracruz.com\/index.php?rest_route=%2Fwp%2Fv2%2Fcomments&post=60327"}],"version-history":[{"count":2,"href":"https:\/\/lospoliticosveracruz.com\/index.php?rest_route=\/wp\/v2\/posts\/60327\/revisions"}],"predecessor-version":[{"id":60330,"href":"https:\/\/lospoliticosveracruz.com\/index.php?rest_route=\/wp\/v2\/posts\/60327\/revisions\/60330"}],"wp:attachment":[{"href":"https:\/\/lospoliticosveracruz.com\/index.php?rest_route=%2Fwp%2Fv2%2Fmedia&parent=60327"}],"wp:term":[{"taxonomy":"category","embeddable":true,"href":"https:\/\/lospoliticosveracruz.com\/index.php?rest_route=%2Fwp%2Fv2%2Fcategories&post=60327"},{"taxonomy":"post_tag","embeddable":true,"href":"https:\/\/lospoliticosveracruz.com\/index.php?rest_route=%2Fwp%2Fv2%2Ftags&post=60327"}],"curies":[{"name":"wp","href":"https:\/\/api.w.org\/{rel}","templated":true}]}}