{"id":60383,"date":"2020-09-06T22:48:56","date_gmt":"2020-09-07T03:48:56","guid":{"rendered":"http:\/\/www.lospoliticosveracruz.com.mx\/?p=60383"},"modified":"2020-09-06T22:48:56","modified_gmt":"2020-09-07T03:48:56","slug":"justicia-para-mariana","status":"publish","type":"post","link":"https:\/\/lospoliticosveracruz.com\/?p=60383","title":{"rendered":"Justicia para Mariana"},"content":{"rendered":"<p><strong>Lorena Pi\u00f1\u00f3n Rivera<\/strong><br \/>\n<em>Consummatum Est<\/em><\/p>\n<p>&nbsp;<br \/>\nMariana hab\u00eda preferido hospedarse en un hotel, para evitar cualquier posibilidad de contagiar a sus hijas y a su anciana madre. Sus d\u00edas de descanso se permit\u00eda ir por las tardes a su domicilio y hac\u00edan un picnic a distancia. Ella se quedaba en la banca del jard\u00edn que se encontraba al pie del balc\u00f3n en donde pod\u00eda platicar con sus peque\u00f1as y recibir el aliento de su mam\u00e1.<br \/>\nAs\u00ed fueron casi 4 meses, mientras Mariana cumpl\u00eda con sus labores como enfermera en el pabell\u00f3n de enfermos de coronavirus, ubicado en un hospital del IMSS en el Estado de M\u00e9xico. La semana pasada en la videollamada colectiva familiar, mi primo platic\u00f3 sobre las vicisitudes que estaban sorteando sus vecinas, pues Mariana finalmente se hab\u00eda contagiado y estaban a punto de conectarla a un respirador.<br \/>\nEste pasado mi\u00e9rcoles, Mariana, de 38 a\u00f1os de edad, se extingui\u00f3. La tragedia ha dejado hu\u00e9rfanas a dos ni\u00f1as de 9 y 11 a\u00f1os. Adicionalmente, la abuela se encuentra en riesgo m\u00e1ximo porque tiene m\u00e1s de 70 a\u00f1os y es diab\u00e9tica. Toda vida que se apaga con motivo de la pandemia es lamentable, pero la muerte de un profesional de la salud implica que disminuye la capacidad de las instituciones de salud para atender a m\u00e1s enfermos.<br \/>\nLa historia de Mariana es terrible. En M\u00e9xico mueren los trabajadores del sector salud 6 veces m\u00e1s que en China \u2013pa\u00eds donde se origin\u00f3 la pandemia\u2013,m\u00e1s del doble que en Italia y 5 veces m\u00e1s que los Estados Unidos -la naci\u00f3n con mayor \u00edndice mundial de contagios-. Para poner esto a\u00fan m\u00e1s en perspectiva, mientras en China el 4 por ciento del personal sanitario se contagi\u00f3 durante la etapa m\u00e1s \u00e1lgida de la pandemia, en M\u00e9xico el porcentaje ha variado mensualmente entre el 21 y el 23 por ciento de trabajadores de la salud que presentan la infecci\u00f3n por coronavirus.<br \/>\nSi en promedio un enfermero o enfermera tienen a su cargo el cuidado de 6 pacientes internados, su incapacidad o muerte puede desencadenar muchos fallecimientos m\u00e1s porque no pueden asistir a personas que se encuentran en condiciones cr\u00edticas.<br \/>\nDe acuerdo a un estudio elaborado por Mexicanos contra la corrupci\u00f3n y la impunidad A.C., \u00abUna parte de los contagios y muertes por Covid entre el personal sanitario se debe a la exposici\u00f3n a una gran carga viral durante periodos largos. Otra parte se debe a la falta de insumos de protecci\u00f3n, como son los cubrebocas N95 (la autoridad sanitaria s\u00f3lo entreg\u00f3 un tercio de los necesarios). Pero en gran medida estos contagios y decesos son producto de una deficiente capacitaci\u00f3n e insuficiente entrenamiento para que el personal de salubridad sepa c\u00f3mo cuidarse y prevenir el contagio.\u00bb<br \/>\nEs lamentable que la autoridad sanitaria federal haya ca\u00eddo en estas omisiones, con las consecuencias fatales descritas. Desgraciadamente, no hay certeza de que los contagios est\u00e9n en una tendencia de disminuci\u00f3n. Por cierto, la familia de Mariana no podr\u00e1 recibir el seguro por 50 mil pesos que anunci\u00f3 el Presidente L\u00f3pez Obrador en mayo pasado, puesto que esa p\u00f3liza s\u00f3lo estaba vigente para los que hayan muerto entre el 1 de abril y hasta el 31 de agosto pasado. Justicia para Mariana y para todos los profesionales del sector salud.<br \/>\nConsummatum: La Comisi\u00f3n de Prerrogativas y Partidos Pol\u00edticos del INE inform\u00f3 que el PRI es el instituto pol\u00edtico que cuenta con el mayor n\u00famero de afiliados en el pa\u00eds, con m\u00e1s de dos millones registrados. Con el liderazgo de Alejandro Moreno, el tricolor se confirma como el partido opositor de mayores simpat\u00edas en el pa\u00eds.<\/p>\n<p>Tw: @lorenapignon<br \/>\nSecretaria Nacional de Gesti\u00f3n Social del PRI<\/p>\n","protected":false},"excerpt":{"rendered":"<p>Lorena Pi\u00f1\u00f3n Rivera Consummatum Est &nbsp; Mariana hab\u00eda preferido hospedarse en un hotel, para evitar cualquier posibilidad de contagiar a sus hijas y a su anciana madre. Sus d\u00edas de descanso se permit\u00eda ir por las tardes a su domicilio y hac\u00edan un picnic a distancia. Ella se quedaba en la banca del jard\u00edn que [&hellip;]<\/p>\n","protected":false},"author":2,"featured_media":0,"comment_status":"open","ping_status":"open","sticky":false,"template":"","format":"standard","meta":{"tdm_status":"","tdm_grid_status":"","footnotes":""},"categories":[70],"tags":[14170,811,16264,20833,20830,554,4770,20832,395,16929,15575,19767,251,1090],"class_list":{"0":"post-60383","1":"post","2":"type-post","3":"status-publish","4":"format-standard","6":"category-de-opinion","7":"tag-alejandro-moreno","8":"tag-china","9":"tag-coronavirus","10":"tag-cubrebocas-n95","11":"tag-imss-estado-de-mexico","12":"tag-ine","13":"tag-lorena-pinon-rivera","14":"tag-mexicanos-contra-la-corrupcion-y-la-impunidad-a-c","15":"tag-mexico","16":"tag-pandemia","17":"tag-poliza","18":"tag-presidente-lopez-obrador","19":"tag-pri","20":"tag-sector-salud"},"yoast_head":"<!-- This site is optimized with the Yoast SEO plugin v27.4 - https:\/\/yoast.com\/product\/yoast-seo-wordpress\/ -->\n<title>Justicia para Mariana - Los pol\u00edticos Veracruz<\/title>\n<meta name=\"robots\" content=\"index, follow, max-snippet:-1, max-image-preview:large, max-video-preview:-1\" \/>\n<link rel=\"canonical\" href=\"https:\/\/lospoliticosveracruz.com\/?p=60383\" \/>\n<meta property=\"og:locale\" content=\"es_ES\" \/>\n<meta property=\"og:type\" content=\"article\" \/>\n<meta property=\"og:title\" content=\"Justicia para Mariana - Los pol\u00edticos Veracruz\" \/>\n<meta property=\"og:description\" content=\"Lorena Pi\u00f1\u00f3n Rivera Consummatum Est &nbsp; Mariana hab\u00eda preferido hospedarse en un hotel, para evitar cualquier posibilidad de contagiar a sus hijas y a su anciana madre. Sus d\u00edas de descanso se permit\u00eda ir por las tardes a su domicilio y hac\u00edan un picnic a distancia. Ella se quedaba en la banca del jard\u00edn que [&hellip;]\" \/>\n<meta property=\"og:url\" content=\"https:\/\/lospoliticosveracruz.com\/?p=60383\" \/>\n<meta property=\"og:site_name\" content=\"Los pol\u00edticos Veracruz\" \/>\n<meta property=\"article:publisher\" content=\"https:\/\/www.facebook.com\/people\/Notimemes-de-los-Polticos\/61565672886568\/\" \/>\n<meta property=\"article:published_time\" content=\"2020-09-07T03:48:56+00:00\" \/>\n<meta property=\"og:image\" content=\"https:\/\/lospoliticosveracruz.com\/wp-content\/uploads\/2016\/07\/Logo-Dor.jpg\" \/>\n\t<meta property=\"og:image:width\" content=\"200\" \/>\n\t<meta property=\"og:image:height\" content=\"200\" \/>\n\t<meta property=\"og:image:type\" content=\"image\/jpeg\" \/>\n<meta name=\"author\" content=\"Lo viste en Los Pol\u00edticos\" \/>\n<meta name=\"twitter:card\" content=\"summary_large_image\" \/>\n<meta name=\"twitter:creator\" content=\"@LosPoliticosVer\" \/>\n<meta name=\"twitter:site\" content=\"@LosPoliticosVer\" \/>\n<meta name=\"twitter:label1\" content=\"Escrito por\" \/>\n\t<meta name=\"twitter:data1\" content=\"Lo viste en Los Pol\u00edticos\" \/>\n\t<meta name=\"twitter:label2\" content=\"Tiempo de lectura\" \/>\n\t<meta name=\"twitter:data2\" content=\"3 minutos\" \/>\n<script type=\"application\/ld+json\" class=\"yoast-schema-graph\">{\"@context\":\"https:\\\/\\\/schema.org\",\"@graph\":[{\"@type\":\"Article\",\"@id\":\"https:\\\/\\\/lospoliticosveracruz.com\\\/?p=60383#article\",\"isPartOf\":{\"@id\":\"https:\\\/\\\/lospoliticosveracruz.com\\\/?p=60383\"},\"author\":{\"name\":\"Lo viste en Los Pol\u00edticos\",\"@id\":\"https:\\\/\\\/lospoliticosveracruz.com\\\/#\\\/schema\\\/person\\\/b8702bb0e538456e6efd07080bf2a4a2\"},\"headline\":\"Justicia para Mariana\",\"datePublished\":\"2020-09-07T03:48:56+00:00\",\"mainEntityOfPage\":{\"@id\":\"https:\\\/\\\/lospoliticosveracruz.com\\\/?p=60383\"},\"wordCount\":654,\"commentCount\":0,\"publisher\":{\"@id\":\"https:\\\/\\\/lospoliticosveracruz.com\\\/#organization\"},\"keywords\":[\"Alejandro Moreno\",\"China\",\"coronavirus\",\"cubrebocas N95\",\"IMSS Estado de M\u00e9xico\",\"INE\",\"Lorena Pi\u00f1\u00f3n Rivera\",\"Mexicanos contra la corrupci\u00f3n y la impunidad A.C\",\"M\u00e9xico\",\"pandemia\",\"p\u00f3liza\",\"Presidente L\u00f3pez Obrador\",\"PRI\",\"Sector Salud\"],\"articleSection\":[\"De Opini\u00f3n\"],\"inLanguage\":\"es\",\"potentialAction\":[{\"@type\":\"CommentAction\",\"name\":\"Comment\",\"target\":[\"https:\\\/\\\/lospoliticosveracruz.com\\\/?p=60383#respond\"]}]},{\"@type\":\"WebPage\",\"@id\":\"https:\\\/\\\/lospoliticosveracruz.com\\\/?p=60383\",\"url\":\"https:\\\/\\\/lospoliticosveracruz.com\\\/?p=60383\",\"name\":\"Justicia para Mariana - Los pol\u00edticos Veracruz\",\"isPartOf\":{\"@id\":\"https:\\\/\\\/lospoliticosveracruz.com\\\/#website\"},\"datePublished\":\"2020-09-07T03:48:56+00:00\",\"breadcrumb\":{\"@id\":\"https:\\\/\\\/lospoliticosveracruz.com\\\/?p=60383#breadcrumb\"},\"inLanguage\":\"es\",\"potentialAction\":[{\"@type\":\"ReadAction\",\"target\":[\"https:\\\/\\\/lospoliticosveracruz.com\\\/?p=60383\"]}]},{\"@type\":\"BreadcrumbList\",\"@id\":\"https:\\\/\\\/lospoliticosveracruz.com\\\/?p=60383#breadcrumb\",\"itemListElement\":[{\"@type\":\"ListItem\",\"position\":1,\"name\":\"Portada\",\"item\":\"https:\\\/\\\/lospoliticosveracruz.com\\\/\"},{\"@type\":\"ListItem\",\"position\":2,\"name\":\"Justicia para Mariana\"}]},{\"@type\":\"WebSite\",\"@id\":\"https:\\\/\\\/lospoliticosveracruz.com\\\/#website\",\"url\":\"https:\\\/\\\/lospoliticosveracruz.com\\\/\",\"name\":\"Los pol\u00edticos Veracruz\",\"description\":\"\",\"publisher\":{\"@id\":\"https:\\\/\\\/lospoliticosveracruz.com\\\/#organization\"},\"potentialAction\":[{\"@type\":\"SearchAction\",\"target\":{\"@type\":\"EntryPoint\",\"urlTemplate\":\"https:\\\/\\\/lospoliticosveracruz.com\\\/?s={search_term_string}\"},\"query-input\":{\"@type\":\"PropertyValueSpecification\",\"valueRequired\":true,\"valueName\":\"search_term_string\"}}],\"inLanguage\":\"es\"},{\"@type\":\"Organization\",\"@id\":\"https:\\\/\\\/lospoliticosveracruz.com\\\/#organization\",\"name\":\"Los pol\u00edticos Veracruz\",\"url\":\"https:\\\/\\\/lospoliticosveracruz.com\\\/\",\"logo\":{\"@type\":\"ImageObject\",\"inLanguage\":\"es\",\"@id\":\"https:\\\/\\\/lospoliticosveracruz.com\\\/#\\\/schema\\\/logo\\\/image\\\/\",\"url\":\"https:\\\/\\\/lospoliticosveracruz.com\\\/wp-content\\\/uploads\\\/2025\\\/12\\\/Logo-Nuevo-LOS-POLITICOS-1.jpg\",\"contentUrl\":\"https:\\\/\\\/lospoliticosveracruz.com\\\/wp-content\\\/uploads\\\/2025\\\/12\\\/Logo-Nuevo-LOS-POLITICOS-1.jpg\",\"width\":260,\"height\":70,\"caption\":\"Los pol\u00edticos Veracruz\"},\"image\":{\"@id\":\"https:\\\/\\\/lospoliticosveracruz.com\\\/#\\\/schema\\\/logo\\\/image\\\/\"},\"sameAs\":[\"https:\\\/\\\/www.facebook.com\\\/people\\\/Notimemes-de-los-Polticos\\\/61565672886568\\\/\",\"https:\\\/\\\/x.com\\\/LosPoliticosVer\"]},{\"@type\":\"Person\",\"@id\":\"https:\\\/\\\/lospoliticosveracruz.com\\\/#\\\/schema\\\/person\\\/b8702bb0e538456e6efd07080bf2a4a2\",\"name\":\"Lo viste en Los Pol\u00edticos\",\"image\":{\"@type\":\"ImageObject\",\"inLanguage\":\"es\",\"@id\":\"https:\\\/\\\/secure.gravatar.com\\\/avatar\\\/3a8de04a2656d44082be478bd6c086daa447c4651605818287b9532d3d0bd435?s=96&d=mm&r=g\",\"url\":\"https:\\\/\\\/secure.gravatar.com\\\/avatar\\\/3a8de04a2656d44082be478bd6c086daa447c4651605818287b9532d3d0bd435?s=96&d=mm&r=g\",\"contentUrl\":\"https:\\\/\\\/secure.gravatar.com\\\/avatar\\\/3a8de04a2656d44082be478bd6c086daa447c4651605818287b9532d3d0bd435?s=96&d=mm&r=g\",\"caption\":\"Lo viste en Los Pol\u00edticos\"},\"url\":\"https:\\\/\\\/lospoliticosveracruz.com\\\/?author=2\"}]}<\/script>\n<!-- \/ Yoast SEO plugin. -->","yoast_head_json":{"title":"Justicia para Mariana - Los pol\u00edticos Veracruz","robots":{"index":"index","follow":"follow","max-snippet":"max-snippet:-1","max-image-preview":"max-image-preview:large","max-video-preview":"max-video-preview:-1"},"canonical":"https:\/\/lospoliticosveracruz.com\/?p=60383","og_locale":"es_ES","og_type":"article","og_title":"Justicia para Mariana - Los pol\u00edticos Veracruz","og_description":"Lorena Pi\u00f1\u00f3n Rivera Consummatum Est &nbsp; Mariana hab\u00eda preferido hospedarse en un hotel, para evitar cualquier posibilidad de contagiar a sus hijas y a su anciana madre. Sus d\u00edas de descanso se permit\u00eda ir por las tardes a su domicilio y hac\u00edan un picnic a distancia. Ella se quedaba en la banca del jard\u00edn que [&hellip;]","og_url":"https:\/\/lospoliticosveracruz.com\/?p=60383","og_site_name":"Los pol\u00edticos Veracruz","article_publisher":"https:\/\/www.facebook.com\/people\/Notimemes-de-los-Polticos\/61565672886568\/","article_published_time":"2020-09-07T03:48:56+00:00","og_image":[{"width":200,"height":200,"url":"https:\/\/lospoliticosveracruz.com\/wp-content\/uploads\/2016\/07\/Logo-Dor.jpg","type":"image\/jpeg"}],"author":"Lo viste en Los Pol\u00edticos","twitter_card":"summary_large_image","twitter_creator":"@LosPoliticosVer","twitter_site":"@LosPoliticosVer","twitter_misc":{"Escrito por":"Lo viste en Los Pol\u00edticos","Tiempo de lectura":"3 minutos"},"schema":{"@context":"https:\/\/schema.org","@graph":[{"@type":"Article","@id":"https:\/\/lospoliticosveracruz.com\/?p=60383#article","isPartOf":{"@id":"https:\/\/lospoliticosveracruz.com\/?p=60383"},"author":{"name":"Lo viste en Los Pol\u00edticos","@id":"https:\/\/lospoliticosveracruz.com\/#\/schema\/person\/b8702bb0e538456e6efd07080bf2a4a2"},"headline":"Justicia para Mariana","datePublished":"2020-09-07T03:48:56+00:00","mainEntityOfPage":{"@id":"https:\/\/lospoliticosveracruz.com\/?p=60383"},"wordCount":654,"commentCount":0,"publisher":{"@id":"https:\/\/lospoliticosveracruz.com\/#organization"},"keywords":["Alejandro Moreno","China","coronavirus","cubrebocas N95","IMSS Estado de M\u00e9xico","INE","Lorena Pi\u00f1\u00f3n Rivera","Mexicanos contra la corrupci\u00f3n y la impunidad A.C","M\u00e9xico","pandemia","p\u00f3liza","Presidente L\u00f3pez Obrador","PRI","Sector Salud"],"articleSection":["De Opini\u00f3n"],"inLanguage":"es","potentialAction":[{"@type":"CommentAction","name":"Comment","target":["https:\/\/lospoliticosveracruz.com\/?p=60383#respond"]}]},{"@type":"WebPage","@id":"https:\/\/lospoliticosveracruz.com\/?p=60383","url":"https:\/\/lospoliticosveracruz.com\/?p=60383","name":"Justicia para Mariana - Los pol\u00edticos Veracruz","isPartOf":{"@id":"https:\/\/lospoliticosveracruz.com\/#website"},"datePublished":"2020-09-07T03:48:56+00:00","breadcrumb":{"@id":"https:\/\/lospoliticosveracruz.com\/?p=60383#breadcrumb"},"inLanguage":"es","potentialAction":[{"@type":"ReadAction","target":["https:\/\/lospoliticosveracruz.com\/?p=60383"]}]},{"@type":"BreadcrumbList","@id":"https:\/\/lospoliticosveracruz.com\/?p=60383#breadcrumb","itemListElement":[{"@type":"ListItem","position":1,"name":"Portada","item":"https:\/\/lospoliticosveracruz.com\/"},{"@type":"ListItem","position":2,"name":"Justicia para Mariana"}]},{"@type":"WebSite","@id":"https:\/\/lospoliticosveracruz.com\/#website","url":"https:\/\/lospoliticosveracruz.com\/","name":"Los pol\u00edticos Veracruz","description":"","publisher":{"@id":"https:\/\/lospoliticosveracruz.com\/#organization"},"potentialAction":[{"@type":"SearchAction","target":{"@type":"EntryPoint","urlTemplate":"https:\/\/lospoliticosveracruz.com\/?s={search_term_string}"},"query-input":{"@type":"PropertyValueSpecification","valueRequired":true,"valueName":"search_term_string"}}],"inLanguage":"es"},{"@type":"Organization","@id":"https:\/\/lospoliticosveracruz.com\/#organization","name":"Los pol\u00edticos Veracruz","url":"https:\/\/lospoliticosveracruz.com\/","logo":{"@type":"ImageObject","inLanguage":"es","@id":"https:\/\/lospoliticosveracruz.com\/#\/schema\/logo\/image\/","url":"https:\/\/lospoliticosveracruz.com\/wp-content\/uploads\/2025\/12\/Logo-Nuevo-LOS-POLITICOS-1.jpg","contentUrl":"https:\/\/lospoliticosveracruz.com\/wp-content\/uploads\/2025\/12\/Logo-Nuevo-LOS-POLITICOS-1.jpg","width":260,"height":70,"caption":"Los pol\u00edticos Veracruz"},"image":{"@id":"https:\/\/lospoliticosveracruz.com\/#\/schema\/logo\/image\/"},"sameAs":["https:\/\/www.facebook.com\/people\/Notimemes-de-los-Polticos\/61565672886568\/","https:\/\/x.com\/LosPoliticosVer"]},{"@type":"Person","@id":"https:\/\/lospoliticosveracruz.com\/#\/schema\/person\/b8702bb0e538456e6efd07080bf2a4a2","name":"Lo viste en Los Pol\u00edticos","image":{"@type":"ImageObject","inLanguage":"es","@id":"https:\/\/secure.gravatar.com\/avatar\/3a8de04a2656d44082be478bd6c086daa447c4651605818287b9532d3d0bd435?s=96&d=mm&r=g","url":"https:\/\/secure.gravatar.com\/avatar\/3a8de04a2656d44082be478bd6c086daa447c4651605818287b9532d3d0bd435?s=96&d=mm&r=g","contentUrl":"https:\/\/secure.gravatar.com\/avatar\/3a8de04a2656d44082be478bd6c086daa447c4651605818287b9532d3d0bd435?s=96&d=mm&r=g","caption":"Lo viste en Los Pol\u00edticos"},"url":"https:\/\/lospoliticosveracruz.com\/?author=2"}]}},"_links":{"self":[{"href":"https:\/\/lospoliticosveracruz.com\/index.php?rest_route=\/wp\/v2\/posts\/60383","targetHints":{"allow":["GET"]}}],"collection":[{"href":"https:\/\/lospoliticosveracruz.com\/index.php?rest_route=\/wp\/v2\/posts"}],"about":[{"href":"https:\/\/lospoliticosveracruz.com\/index.php?rest_route=\/wp\/v2\/types\/post"}],"author":[{"embeddable":true,"href":"https:\/\/lospoliticosveracruz.com\/index.php?rest_route=\/wp\/v2\/users\/2"}],"replies":[{"embeddable":true,"href":"https:\/\/lospoliticosveracruz.com\/index.php?rest_route=%2Fwp%2Fv2%2Fcomments&post=60383"}],"version-history":[{"count":1,"href":"https:\/\/lospoliticosveracruz.com\/index.php?rest_route=\/wp\/v2\/posts\/60383\/revisions"}],"predecessor-version":[{"id":60387,"href":"https:\/\/lospoliticosveracruz.com\/index.php?rest_route=\/wp\/v2\/posts\/60383\/revisions\/60387"}],"wp:attachment":[{"href":"https:\/\/lospoliticosveracruz.com\/index.php?rest_route=%2Fwp%2Fv2%2Fmedia&parent=60383"}],"wp:term":[{"taxonomy":"category","embeddable":true,"href":"https:\/\/lospoliticosveracruz.com\/index.php?rest_route=%2Fwp%2Fv2%2Fcategories&post=60383"},{"taxonomy":"post_tag","embeddable":true,"href":"https:\/\/lospoliticosveracruz.com\/index.php?rest_route=%2Fwp%2Fv2%2Ftags&post=60383"}],"curies":[{"name":"wp","href":"https:\/\/api.w.org\/{rel}","templated":true}]}}