{"id":60395,"date":"2020-09-07T08:26:52","date_gmt":"2020-09-07T13:26:52","guid":{"rendered":"http:\/\/www.lospoliticosveracruz.com.mx\/?p=60395"},"modified":"2020-09-07T08:26:52","modified_gmt":"2020-09-07T13:26:52","slug":"limpieza-acuatica","status":"publish","type":"post","link":"https:\/\/lospoliticosveracruz.com\/?p=60395","title":{"rendered":"Limpieza acu\u00e1tica!"},"content":{"rendered":"<p>Los sistemas lagunares del estado ser\u00e1n desazolvados a petici\u00f3n de las cooperativas pesqueras para elevar su producci\u00f3n pesquera, ostionera y camaronera, anunci\u00f3 el delegado de programas de Desarrollo en el estado, Manuel Huerta Ladr\u00f3n de Guevara, luego de recorrer con funcionarios de SEMARNAT, SEMAR y CONAPESCA el Canal del Nanche en Alvarado que ser\u00e1 dragado en los pr\u00f3ximos d\u00edas.<br \/>\nLos trabajos se realizar\u00e1n una vez que se concluyan los estudios batim\u00e9tricos que son realizados e inmediatamente elaborar los calendarios de trabajo por parte de las dependencias que atienden este sector de la producci\u00f3n, en coordinaci\u00f3n con los pescadores y las autoridades locales.<br \/>\nEl delegado Manuel Huerta inform\u00f3 que en d\u00edas anteriores se realiz\u00f3 una visita a la Laguna La Mancha en Actopan con t\u00e9cnicos especialistas para atender el problema de azolvamiento que impide la entrada de agua de mar a ese cuerpo de agua y provoca una baja producci\u00f3n pesquera en perjuicio de los pescadores de la zona.<br \/>\n\u201cSe canaliz\u00f3 esta petici\u00f3n a la SEMARNAT, Marina y CONAPESCA y est\u00e1 atendi\u00e9ndose el problema. Pronto, se dar\u00e1 a conocer el inicio de los trabajos de desazolvamiento, no solamente en La Mancha, tambi\u00e9n en las Laguna de Mandinga y de Tamiahua\u201d, agreg\u00f3 el funcionario federal. Se trata de preservar estos sistemas lagunares, agreg\u00f3 Huerta.<br \/>\nEn su intervenci\u00f3n, el ingeniero Jos\u00e9 \u00c1ngel P\u00e9rez Montoya, de CONAPESCA, dijo que el trabajo en el Canal del Nanche consiste es retirar sedimentos que obstruyen dos tubos de dos metros de di\u00e1metro que cruzan la carretera para fluya el agua de mar hacia la Laguna Camaronera, y el teniente Mario T\u00e9llez, de la SEMAR, indic\u00f3 que realizan acciones a favor del mejoramiento y bienestar de las comunidades pesqueras afectadas por este tipo de problemas.<br \/>\nHuerta coment\u00f3 que estos trabajos se est\u00e1n realizando con la cooperaci\u00f3n de la comunidad y de las cooperativas pesqueras quienes hicieron la petici\u00f3n. Adem\u00e1s, destac\u00f3 la prontitud con la se estableci\u00f3 la coordinaci\u00f3n para la realizaci\u00f3n de los trabajos.<br \/>\n\u201cEn Mandinga fuimos a rescatar peticiones que no eran atendidas desde el 2014, mientras que en la Mancha nos comentaron que llevan pidiendo desde el 2006 que se realicen estas obras. Lo importante es que tanto CONAPESCA y la Marina traen un ritmo de trabajo muy importante para iniciar este programa piloto emprendido por instrucci\u00f3n federal\u201d, indic\u00f3 finalmente.<\/p>\n","protected":false},"excerpt":{"rendered":"<p>Los sistemas lagunares del estado ser\u00e1n desazolvados a petici\u00f3n de las cooperativas pesqueras para elevar su producci\u00f3n pesquera, ostionera y camaronera, anunci\u00f3 el delegado de programas de Desarrollo en el estado, Manuel Huerta Ladr\u00f3n de Guevara, luego de recorrer con funcionarios de SEMARNAT, SEMAR y CONAPESCA el Canal del Nanche en Alvarado que ser\u00e1 dragado [&hellip;]<\/p>\n","protected":false},"author":2,"featured_media":0,"comment_status":"open","ping_status":"open","sticky":false,"template":"","format":"standard","meta":{"tdm_status":"","tdm_grid_status":"","footnotes":""},"categories":[73],"tags":[20854,20851,20852,1850,20850,20849,20853,4908,20855],"class_list":{"0":"post-60395","1":"post","2":"type-post","3":"status-publish","4":"format-standard","6":"category-de-boleto","7":"tag-canal-del-nanche","8":"tag-cooperativas-pesqueras","9":"tag-desazolvados","10":"tag-manuel-huerta-ladron-de-guevara","11":"tag-produccion-pesquera","12":"tag-programas-de-desarrollo","13":"tag-semar-y-conapesca","14":"tag-semarnat","15":"tag-sistemas-lagunares"},"yoast_head":"<!-- This site is optimized with the Yoast SEO plugin v27.4 - https:\/\/yoast.com\/product\/yoast-seo-wordpress\/ -->\n<title>Limpieza acu\u00e1tica! - Los pol\u00edticos Veracruz<\/title>\n<meta name=\"robots\" content=\"index, follow, max-snippet:-1, max-image-preview:large, max-video-preview:-1\" \/>\n<link rel=\"canonical\" href=\"https:\/\/lospoliticosveracruz.com\/?p=60395\" \/>\n<meta property=\"og:locale\" content=\"es_ES\" \/>\n<meta property=\"og:type\" content=\"article\" \/>\n<meta property=\"og:title\" content=\"Limpieza acu\u00e1tica! - Los pol\u00edticos Veracruz\" \/>\n<meta property=\"og:description\" content=\"Los sistemas lagunares del estado ser\u00e1n desazolvados a petici\u00f3n de las cooperativas pesqueras para elevar su producci\u00f3n pesquera, ostionera y camaronera, anunci\u00f3 el delegado de programas de Desarrollo en el estado, Manuel Huerta Ladr\u00f3n de Guevara, luego de recorrer con funcionarios de SEMARNAT, SEMAR y CONAPESCA el Canal del Nanche en Alvarado que ser\u00e1 dragado [&hellip;]\" \/>\n<meta property=\"og:url\" content=\"https:\/\/lospoliticosveracruz.com\/?p=60395\" \/>\n<meta property=\"og:site_name\" content=\"Los pol\u00edticos Veracruz\" \/>\n<meta property=\"article:publisher\" content=\"https:\/\/www.facebook.com\/people\/Notimemes-de-los-Polticos\/61565672886568\/\" \/>\n<meta property=\"article:published_time\" content=\"2020-09-07T13:26:52+00:00\" \/>\n<meta property=\"og:image\" content=\"https:\/\/lospoliticosveracruz.com\/wp-content\/uploads\/2016\/07\/Logo-Dor.jpg\" \/>\n\t<meta property=\"og:image:width\" content=\"200\" \/>\n\t<meta property=\"og:image:height\" content=\"200\" \/>\n\t<meta property=\"og:image:type\" content=\"image\/jpeg\" \/>\n<meta name=\"author\" content=\"Lo viste en Los Pol\u00edticos\" \/>\n<meta name=\"twitter:card\" content=\"summary_large_image\" \/>\n<meta name=\"twitter:creator\" content=\"@LosPoliticosVer\" \/>\n<meta name=\"twitter:site\" content=\"@LosPoliticosVer\" \/>\n<meta name=\"twitter:label1\" content=\"Escrito por\" \/>\n\t<meta name=\"twitter:data1\" content=\"Lo viste en Los Pol\u00edticos\" \/>\n\t<meta name=\"twitter:label2\" content=\"Tiempo de lectura\" \/>\n\t<meta name=\"twitter:data2\" content=\"2 minutos\" \/>\n<script type=\"application\/ld+json\" class=\"yoast-schema-graph\">{\"@context\":\"https:\\\/\\\/schema.org\",\"@graph\":[{\"@type\":\"Article\",\"@id\":\"https:\\\/\\\/lospoliticosveracruz.com\\\/?p=60395#article\",\"isPartOf\":{\"@id\":\"https:\\\/\\\/lospoliticosveracruz.com\\\/?p=60395\"},\"author\":{\"name\":\"Lo viste en Los Pol\u00edticos\",\"@id\":\"https:\\\/\\\/lospoliticosveracruz.com\\\/#\\\/schema\\\/person\\\/b8702bb0e538456e6efd07080bf2a4a2\"},\"headline\":\"Limpieza acu\u00e1tica!\",\"datePublished\":\"2020-09-07T13:26:52+00:00\",\"mainEntityOfPage\":{\"@id\":\"https:\\\/\\\/lospoliticosveracruz.com\\\/?p=60395\"},\"wordCount\":412,\"commentCount\":0,\"publisher\":{\"@id\":\"https:\\\/\\\/lospoliticosveracruz.com\\\/#organization\"},\"keywords\":[\"Canal del Nanche\",\"Cooperativas pesqueras\",\"Desazolvados\",\"Manuel Huerta Ladr\u00f3n de Guevara\",\"Producci\u00f3n pesquera\",\"Programas de Desarrollo\",\"SEMAR y CONAPESCA\",\"Semarnat\",\"Sistemas lagunares\"],\"articleSection\":[\"De Boleto\"],\"inLanguage\":\"es\",\"potentialAction\":[{\"@type\":\"CommentAction\",\"name\":\"Comment\",\"target\":[\"https:\\\/\\\/lospoliticosveracruz.com\\\/?p=60395#respond\"]}]},{\"@type\":\"WebPage\",\"@id\":\"https:\\\/\\\/lospoliticosveracruz.com\\\/?p=60395\",\"url\":\"https:\\\/\\\/lospoliticosveracruz.com\\\/?p=60395\",\"name\":\"Limpieza acu\u00e1tica! - Los pol\u00edticos Veracruz\",\"isPartOf\":{\"@id\":\"https:\\\/\\\/lospoliticosveracruz.com\\\/#website\"},\"datePublished\":\"2020-09-07T13:26:52+00:00\",\"breadcrumb\":{\"@id\":\"https:\\\/\\\/lospoliticosveracruz.com\\\/?p=60395#breadcrumb\"},\"inLanguage\":\"es\",\"potentialAction\":[{\"@type\":\"ReadAction\",\"target\":[\"https:\\\/\\\/lospoliticosveracruz.com\\\/?p=60395\"]}]},{\"@type\":\"BreadcrumbList\",\"@id\":\"https:\\\/\\\/lospoliticosveracruz.com\\\/?p=60395#breadcrumb\",\"itemListElement\":[{\"@type\":\"ListItem\",\"position\":1,\"name\":\"Portada\",\"item\":\"https:\\\/\\\/lospoliticosveracruz.com\\\/\"},{\"@type\":\"ListItem\",\"position\":2,\"name\":\"Limpieza acu\u00e1tica!\"}]},{\"@type\":\"WebSite\",\"@id\":\"https:\\\/\\\/lospoliticosveracruz.com\\\/#website\",\"url\":\"https:\\\/\\\/lospoliticosveracruz.com\\\/\",\"name\":\"Los pol\u00edticos Veracruz\",\"description\":\"\",\"publisher\":{\"@id\":\"https:\\\/\\\/lospoliticosveracruz.com\\\/#organization\"},\"potentialAction\":[{\"@type\":\"SearchAction\",\"target\":{\"@type\":\"EntryPoint\",\"urlTemplate\":\"https:\\\/\\\/lospoliticosveracruz.com\\\/?s={search_term_string}\"},\"query-input\":{\"@type\":\"PropertyValueSpecification\",\"valueRequired\":true,\"valueName\":\"search_term_string\"}}],\"inLanguage\":\"es\"},{\"@type\":\"Organization\",\"@id\":\"https:\\\/\\\/lospoliticosveracruz.com\\\/#organization\",\"name\":\"Los pol\u00edticos Veracruz\",\"url\":\"https:\\\/\\\/lospoliticosveracruz.com\\\/\",\"logo\":{\"@type\":\"ImageObject\",\"inLanguage\":\"es\",\"@id\":\"https:\\\/\\\/lospoliticosveracruz.com\\\/#\\\/schema\\\/logo\\\/image\\\/\",\"url\":\"https:\\\/\\\/lospoliticosveracruz.com\\\/wp-content\\\/uploads\\\/2025\\\/12\\\/Logo-Nuevo-LOS-POLITICOS-1.jpg\",\"contentUrl\":\"https:\\\/\\\/lospoliticosveracruz.com\\\/wp-content\\\/uploads\\\/2025\\\/12\\\/Logo-Nuevo-LOS-POLITICOS-1.jpg\",\"width\":260,\"height\":70,\"caption\":\"Los pol\u00edticos Veracruz\"},\"image\":{\"@id\":\"https:\\\/\\\/lospoliticosveracruz.com\\\/#\\\/schema\\\/logo\\\/image\\\/\"},\"sameAs\":[\"https:\\\/\\\/www.facebook.com\\\/people\\\/Notimemes-de-los-Polticos\\\/61565672886568\\\/\",\"https:\\\/\\\/x.com\\\/LosPoliticosVer\"]},{\"@type\":\"Person\",\"@id\":\"https:\\\/\\\/lospoliticosveracruz.com\\\/#\\\/schema\\\/person\\\/b8702bb0e538456e6efd07080bf2a4a2\",\"name\":\"Lo viste en Los Pol\u00edticos\",\"image\":{\"@type\":\"ImageObject\",\"inLanguage\":\"es\",\"@id\":\"https:\\\/\\\/secure.gravatar.com\\\/avatar\\\/3a8de04a2656d44082be478bd6c086daa447c4651605818287b9532d3d0bd435?s=96&d=mm&r=g\",\"url\":\"https:\\\/\\\/secure.gravatar.com\\\/avatar\\\/3a8de04a2656d44082be478bd6c086daa447c4651605818287b9532d3d0bd435?s=96&d=mm&r=g\",\"contentUrl\":\"https:\\\/\\\/secure.gravatar.com\\\/avatar\\\/3a8de04a2656d44082be478bd6c086daa447c4651605818287b9532d3d0bd435?s=96&d=mm&r=g\",\"caption\":\"Lo viste en Los Pol\u00edticos\"},\"url\":\"https:\\\/\\\/lospoliticosveracruz.com\\\/?author=2\"}]}<\/script>\n<!-- \/ Yoast SEO plugin. -->","yoast_head_json":{"title":"Limpieza acu\u00e1tica! - Los pol\u00edticos Veracruz","robots":{"index":"index","follow":"follow","max-snippet":"max-snippet:-1","max-image-preview":"max-image-preview:large","max-video-preview":"max-video-preview:-1"},"canonical":"https:\/\/lospoliticosveracruz.com\/?p=60395","og_locale":"es_ES","og_type":"article","og_title":"Limpieza acu\u00e1tica! - Los pol\u00edticos Veracruz","og_description":"Los sistemas lagunares del estado ser\u00e1n desazolvados a petici\u00f3n de las cooperativas pesqueras para elevar su producci\u00f3n pesquera, ostionera y camaronera, anunci\u00f3 el delegado de programas de Desarrollo en el estado, Manuel Huerta Ladr\u00f3n de Guevara, luego de recorrer con funcionarios de SEMARNAT, SEMAR y CONAPESCA el Canal del Nanche en Alvarado que ser\u00e1 dragado [&hellip;]","og_url":"https:\/\/lospoliticosveracruz.com\/?p=60395","og_site_name":"Los pol\u00edticos Veracruz","article_publisher":"https:\/\/www.facebook.com\/people\/Notimemes-de-los-Polticos\/61565672886568\/","article_published_time":"2020-09-07T13:26:52+00:00","og_image":[{"width":200,"height":200,"url":"https:\/\/lospoliticosveracruz.com\/wp-content\/uploads\/2016\/07\/Logo-Dor.jpg","type":"image\/jpeg"}],"author":"Lo viste en Los Pol\u00edticos","twitter_card":"summary_large_image","twitter_creator":"@LosPoliticosVer","twitter_site":"@LosPoliticosVer","twitter_misc":{"Escrito por":"Lo viste en Los Pol\u00edticos","Tiempo de lectura":"2 minutos"},"schema":{"@context":"https:\/\/schema.org","@graph":[{"@type":"Article","@id":"https:\/\/lospoliticosveracruz.com\/?p=60395#article","isPartOf":{"@id":"https:\/\/lospoliticosveracruz.com\/?p=60395"},"author":{"name":"Lo viste en Los Pol\u00edticos","@id":"https:\/\/lospoliticosveracruz.com\/#\/schema\/person\/b8702bb0e538456e6efd07080bf2a4a2"},"headline":"Limpieza acu\u00e1tica!","datePublished":"2020-09-07T13:26:52+00:00","mainEntityOfPage":{"@id":"https:\/\/lospoliticosveracruz.com\/?p=60395"},"wordCount":412,"commentCount":0,"publisher":{"@id":"https:\/\/lospoliticosveracruz.com\/#organization"},"keywords":["Canal del Nanche","Cooperativas pesqueras","Desazolvados","Manuel Huerta Ladr\u00f3n de Guevara","Producci\u00f3n pesquera","Programas de Desarrollo","SEMAR y CONAPESCA","Semarnat","Sistemas lagunares"],"articleSection":["De Boleto"],"inLanguage":"es","potentialAction":[{"@type":"CommentAction","name":"Comment","target":["https:\/\/lospoliticosveracruz.com\/?p=60395#respond"]}]},{"@type":"WebPage","@id":"https:\/\/lospoliticosveracruz.com\/?p=60395","url":"https:\/\/lospoliticosveracruz.com\/?p=60395","name":"Limpieza acu\u00e1tica! - Los pol\u00edticos Veracruz","isPartOf":{"@id":"https:\/\/lospoliticosveracruz.com\/#website"},"datePublished":"2020-09-07T13:26:52+00:00","breadcrumb":{"@id":"https:\/\/lospoliticosveracruz.com\/?p=60395#breadcrumb"},"inLanguage":"es","potentialAction":[{"@type":"ReadAction","target":["https:\/\/lospoliticosveracruz.com\/?p=60395"]}]},{"@type":"BreadcrumbList","@id":"https:\/\/lospoliticosveracruz.com\/?p=60395#breadcrumb","itemListElement":[{"@type":"ListItem","position":1,"name":"Portada","item":"https:\/\/lospoliticosveracruz.com\/"},{"@type":"ListItem","position":2,"name":"Limpieza acu\u00e1tica!"}]},{"@type":"WebSite","@id":"https:\/\/lospoliticosveracruz.com\/#website","url":"https:\/\/lospoliticosveracruz.com\/","name":"Los pol\u00edticos Veracruz","description":"","publisher":{"@id":"https:\/\/lospoliticosveracruz.com\/#organization"},"potentialAction":[{"@type":"SearchAction","target":{"@type":"EntryPoint","urlTemplate":"https:\/\/lospoliticosveracruz.com\/?s={search_term_string}"},"query-input":{"@type":"PropertyValueSpecification","valueRequired":true,"valueName":"search_term_string"}}],"inLanguage":"es"},{"@type":"Organization","@id":"https:\/\/lospoliticosveracruz.com\/#organization","name":"Los pol\u00edticos Veracruz","url":"https:\/\/lospoliticosveracruz.com\/","logo":{"@type":"ImageObject","inLanguage":"es","@id":"https:\/\/lospoliticosveracruz.com\/#\/schema\/logo\/image\/","url":"https:\/\/lospoliticosveracruz.com\/wp-content\/uploads\/2025\/12\/Logo-Nuevo-LOS-POLITICOS-1.jpg","contentUrl":"https:\/\/lospoliticosveracruz.com\/wp-content\/uploads\/2025\/12\/Logo-Nuevo-LOS-POLITICOS-1.jpg","width":260,"height":70,"caption":"Los pol\u00edticos Veracruz"},"image":{"@id":"https:\/\/lospoliticosveracruz.com\/#\/schema\/logo\/image\/"},"sameAs":["https:\/\/www.facebook.com\/people\/Notimemes-de-los-Polticos\/61565672886568\/","https:\/\/x.com\/LosPoliticosVer"]},{"@type":"Person","@id":"https:\/\/lospoliticosveracruz.com\/#\/schema\/person\/b8702bb0e538456e6efd07080bf2a4a2","name":"Lo viste en Los Pol\u00edticos","image":{"@type":"ImageObject","inLanguage":"es","@id":"https:\/\/secure.gravatar.com\/avatar\/3a8de04a2656d44082be478bd6c086daa447c4651605818287b9532d3d0bd435?s=96&d=mm&r=g","url":"https:\/\/secure.gravatar.com\/avatar\/3a8de04a2656d44082be478bd6c086daa447c4651605818287b9532d3d0bd435?s=96&d=mm&r=g","contentUrl":"https:\/\/secure.gravatar.com\/avatar\/3a8de04a2656d44082be478bd6c086daa447c4651605818287b9532d3d0bd435?s=96&d=mm&r=g","caption":"Lo viste en Los Pol\u00edticos"},"url":"https:\/\/lospoliticosveracruz.com\/?author=2"}]}},"_links":{"self":[{"href":"https:\/\/lospoliticosveracruz.com\/index.php?rest_route=\/wp\/v2\/posts\/60395","targetHints":{"allow":["GET"]}}],"collection":[{"href":"https:\/\/lospoliticosveracruz.com\/index.php?rest_route=\/wp\/v2\/posts"}],"about":[{"href":"https:\/\/lospoliticosveracruz.com\/index.php?rest_route=\/wp\/v2\/types\/post"}],"author":[{"embeddable":true,"href":"https:\/\/lospoliticosveracruz.com\/index.php?rest_route=\/wp\/v2\/users\/2"}],"replies":[{"embeddable":true,"href":"https:\/\/lospoliticosveracruz.com\/index.php?rest_route=%2Fwp%2Fv2%2Fcomments&post=60395"}],"version-history":[{"count":1,"href":"https:\/\/lospoliticosveracruz.com\/index.php?rest_route=\/wp\/v2\/posts\/60395\/revisions"}],"predecessor-version":[{"id":60396,"href":"https:\/\/lospoliticosveracruz.com\/index.php?rest_route=\/wp\/v2\/posts\/60395\/revisions\/60396"}],"wp:attachment":[{"href":"https:\/\/lospoliticosveracruz.com\/index.php?rest_route=%2Fwp%2Fv2%2Fmedia&parent=60395"}],"wp:term":[{"taxonomy":"category","embeddable":true,"href":"https:\/\/lospoliticosveracruz.com\/index.php?rest_route=%2Fwp%2Fv2%2Fcategories&post=60395"},{"taxonomy":"post_tag","embeddable":true,"href":"https:\/\/lospoliticosveracruz.com\/index.php?rest_route=%2Fwp%2Fv2%2Ftags&post=60395"}],"curies":[{"name":"wp","href":"https:\/\/api.w.org\/{rel}","templated":true}]}}