{"id":60535,"date":"2020-09-09T10:11:59","date_gmt":"2020-09-09T15:11:59","guid":{"rendered":"http:\/\/www.lospoliticosveracruz.com.mx\/?p=60535"},"modified":"2020-09-09T10:14:08","modified_gmt":"2020-09-09T15:14:08","slug":"las-promesas-morenas","status":"publish","type":"post","link":"https:\/\/lospoliticosveracruz.com\/?p=60535","title":{"rendered":"Las promesas morenas"},"content":{"rendered":"<p><strong>Ricardo Ch\u00faa<\/strong><br \/>\n<em>Sale y Vale<\/em><\/p>\n<p>&nbsp;<\/p>\n<p>OJO&#8230; Si en Veracruz van a una contienda electoral local, los partidos de oposici\u00f3n sin coalici\u00f3n total, de poco servir\u00e1 que s\u00f3lo dos organismos hagan alianza porque le dar\u00e1n a MORENA la oportunidad de quedarse con casi todo de nuevo&#8230; Es decir, una gran mayor\u00eda de diputaciones locales y muchas alcald\u00edas que en alianza ahorita las tendr\u00edan perdidas&#8230; Por eso, el PAN, PRI y PRD no deben ir solos o en alianza bipartita&#8230;. Ya que si no es tripartita, no tiene caso hacerlo&#8230; As\u00ed van a valer&#8230;<\/p>\n<p>&nbsp;<a href=\"https:\/\/www.facebook.com\/notaria61veracruz\/\"><img decoding=\"async\" src=\"http:\/\/www.lospoliticosveracruz.com.mx\/wp-content\/uploads\/2020\/07\/CINTILLO-Armando.jpg\" alt=\"\" \/><\/a><\/p>\n<p>De nada le servir\u00eda al PRD ir s\u00f3lo con el PAN y sin el PRI o viceversa&#8230; Estos tres partidos tienen que ir en conjunto para defenderse de la \u00abavalancha\u00bb que se viene en Veracruz por la elecci\u00f3n&#8230; M\u00e1s si va a pegada al proceso federal&#8230; Al cual MORENA le meter\u00e1 toda la \u00abcarne al asador\u00bb&#8230; Y ya dentro de los procesos, en distritos donde la oposici\u00f3n no est\u00e9 fuerte y no gane si van solos, le estar\u00e1n entregando esa demarcaci\u00f3n a los Morenos&#8230; Por eso, al menos la alianza en el proceso local tiene que ser total&#8230; Sino no sirve de nada&#8230; AMEN&#8230;<\/p>\n<p>LAS PROMESAS MORENAS&#8230; En esta contienda al interior de MORENA en el pa\u00eds y Veracruz para renovar las dirigencias nacionales y estatales de este partido pol\u00edtico.. Se est\u00e1 dando un fen\u00f3meno normal, que sucede cuando se presentan estos procesos partidistas y que sus grupos al interior buscan ganar la lucha de poder&#8230; Sobre todo el que \u00abprometer no empobrece\u00bb&#8230; Una t\u00e1ctica 100 por ciento priistas&#8230; Ya lo est\u00e1n haciendo con las candidaturas locales y hasta federales&#8230;<br \/>\nLo malo para los grupos pol\u00edticos de MORENA que se est\u00e1n dejando \u00abembaucar\u00bb por los personajes que buscan la dirigencia nacional, y vienen a Veracruz a buscar el voto de sus consejeros y militantes, es que les prometen hacerlos candidatos a diputados federales por algunos distritos&#8230; Y como piensan que la elecci\u00f3n podr\u00eda ser como la del 2018, que ganaron hasta los que salieron sorteados por \u00abt\u00f3mbolas\u00bb&#8230; Pues creen en los dichos por los aspirantes a la presidencia nacional de este partido&#8230; Todo es lo mismo&#8230;<br \/>\nLo que no saben los grupos de Morenos en Veracruz&#8230; Es que el que quede como l\u00edder nacional de MORENA, el que sea, no tocar\u00e1 ni \u00abbaranda\u00bb con el tema de las candidaturas&#8230; Todas ellas ser\u00e1n elegidas por el Presidente, Andr\u00e9s Manuel L\u00f3pez Obrador, y nadie en ese partido se va a oponer, que coloque los 300 candidatos a diputados federales en el mismo n\u00famero de distritos&#8230; Esa situaci\u00f3n ya est\u00e1 \u00abcantada\u00bb&#8230; AMLO va a cuidar su elecci\u00f3n y ganar su c\u00e1mara de diputados federales,,, No se va arriesgar&#8230;<br \/>\nEn cuanto a la presidencia del comit\u00e9 estatal, los que aspiran a ese cargo tambi\u00e9n hacen lo mismo, prometiendo espacios en las candidaturas a diputados locales&#8230; Situaci\u00f3n que se ve muy dif\u00edcil que las puedan cumplir.. Ya que al candidato perdedor, no le van a respetar nada y el ganador tendr\u00e1 que negociar, si es que le permiten hacerlo con Palacio de Gobierno, y si le aceptan ser\u00e1 dos o tres distritos cuanto mucho&#8230; De esa manera, quedar\u00e1 mal.. S\u00f3lo podr\u00e1 ofrecer carteras dentro del partido&#8230; No en otro lado&#8230;<br \/>\nEsa ser\u00e1 la manera de actuar en MORENA y su gobierno&#8230; Ya que ellos vienen de ser una \u00abherencia\u00bb del PRD, donde sus \u00abtribus\u00bb de anta\u00f1o llevaron a ese partido a donde est\u00e1&#8230; Ahora los Morenos viven esa misma situaci\u00f3n&#8230; No se ponen de acuerdo y no tienen el total control pol\u00edtico de sus grupos.. Por eso, las candidaturas ser\u00e1n otorgadas por los personajes que detentan el poder y ser\u00e1n imposiciones&#8230; De otra manera, habr\u00e1 muchas \u00abexplosiones\u00bb al exterior&#8230; \u00bfY que esperaban?&#8230; \u00bfFlores?&#8230; Es el viejo PRD..<br \/>\nAs\u00ed que no le busquen m\u00e1s&#8230; Los que ya se sienten candidatos a alcaldes o diputados locales en MORENA en Veracruz&#8230; Mejor esperen y observen como termina este proceso al interior de ese partido&#8230; As\u00ed no sufrir\u00e1n de desilusiones pol\u00edticas&#8230; Pero tambi\u00e9n toquen puertas de sus \u00abpadrinos\u00bb pol\u00edticos en el Gobierno del Estado, ya que sin ellos, simplemente, no llegan ni a ser tomados en cuenta, ni como \u00abjefes de manzana\u00bb&#8230; Los jugadores cambian, el juego no&#8230; EL DEDAZO SIGUE&#8230;<\/p>\n<p>LA LUCHA EN TSJE&#8230;La lucha en el poder judicial de Veracruz contin\u00faa y con todo entre sus magistrados&#8230; Y las quejas por los procedimientos ilegales que est\u00e1n sufriendo desde el Congreso Local, ya est\u00e1n siendo denunciados a la propia Suprema Corte de Justicia de la Naci\u00f3n y al Senado de la Rep\u00fablica&#8230; Sobre todo la promovida por la Magistrada, Concepci\u00f3n Flores, que fue la que present\u00f3 Controversia Constitucional porque los diputados locales de MORENA incurren en desacato&#8230;<br \/>\nEsta Controversia la present\u00f3 Concepci\u00f3n Flores en apoyo a los Magistrados que intentaron remover desde la Legislatura del Estado, a pesar de que estos mismos estaban amparados por la justicia federal, para meter a otros&#8230;. Y ahora est\u00e1n en una disputa legal, que de proceder esta controversia ante la SCJN.. Se va a ir todos los diputados locales que votaron por los nuevos Magistrados, ya que a pesar de que sab\u00edan que estaban amparados aun as\u00ed cometieron esa ilegalidad&#8230; A lo mejor no terminan su cargo&#8230; Los destituyen&#8230;<br \/>\nSeg\u00fan se dec\u00eda que los afectados ser\u00edan solamente el presidente de la mesa directiva del Congreso Local, Ruben R\u00edos y el presidente de la Junta de Coordinaci\u00f3n Pol\u00edtica (JUCUPO), Juan Javier G\u00f3mez Cazar\u00edn&#8230; Pero el tema, no es as\u00ed&#8230; Si procede, la falta legal ser\u00e1 de todos los legisladores que votaron por los \u00abnuevos\u00bb integrantes del Poder Judicial y que no pueden tomar protesta porque los otros magistrados se ampararon&#8230; As\u00ed que los diputados cometer\u00edan una delito considerado como: \u00abIncumplimiento de un deber legal\u00bb&#8230; Los destituir\u00edan por desacato&#8230; AMEN&#8230;<br \/>\nPD&#8230; Los m\u00e1s de 35 mil afiliados en Veracruz bajo el mando de Juan de Dios S\u00e1nchez Abreu, el \u00abGordito de Oro\u00bb, de la \u00abFundaci\u00f3n Alternativa\u00bb que liderea, uno de los principales \u00abalquimistas\u00bb electorales del pa\u00eds, C\u00e9sar Augusto Santiago, son los que presionan para que esta fundaci\u00f3n impugne la decisi\u00f3n del INE, de no otorgarles el registro como partido pol\u00edtico, se\u00f1alando como culpable al director de Prerrogativas, Patricio Ballado, de haberlos bloqueado para obtener el registro&#8230; Otro grupo m\u00e1s que suma a la lucha y se va al Tribunal Electoral para que los reconozcan como organizaci\u00f3n pol\u00edtica&#8230;<\/p>\n","protected":false},"excerpt":{"rendered":"<p>Ricardo Ch\u00faa Sale y Vale &nbsp; OJO&#8230; Si en Veracruz van a una contienda electoral local, los partidos de oposici\u00f3n sin coalici\u00f3n total, de poco servir\u00e1 que s\u00f3lo dos organismos hagan alianza porque le dar\u00e1n a MORENA la oportunidad de quedarse con casi todo de nuevo&#8230; Es decir, una gran mayor\u00eda de diputaciones locales y [&hellip;]<\/p>\n","protected":false},"author":2,"featured_media":0,"comment_status":"open","ping_status":"open","sticky":false,"template":"","format":"standard","meta":{"tdm_status":"","tdm_grid_status":"","footnotes":""},"categories":[70],"tags":[618,20982,819,20981,20984,436,12695,19481,1026,20351,266,20985,19822,107,314,797,251,13604,20983,1315,6361,6738],"class_list":{"0":"post-60535","1":"post","2":"type-post","3":"status-publish","4":"format-standard","6":"category-de-opinion","7":"tag-andres-manuel-lopez-obrador","8":"tag-concepcion-flores","9":"tag-congreso-local","10":"tag-dirigencias-nacionales-y-estatales","11":"tag-gordito-de-oro","12":"tag-juan-de-dios-sanchez-abreu","13":"tag-juan-javier-gomez-cazarin","14":"tag-magistrada","15":"tag-morena","16":"tag-morena-en-veracruz","17":"tag-pan","18":"tag-patricio-ballado","19":"tag-poder-judicial-de-veracruz","20":"tag-prd","21":"tag-prerrogativas","22":"tag-presidente","23":"tag-pri","24":"tag-ricardo-chua","25":"tag-ruben-rios","26":"tag-senado-de-la-republica","27":"tag-suprema-corte-de-justicia-de-la-nacion","28":"tag-tsje"},"yoast_head":"<!-- This site is optimized with the Yoast SEO plugin v27.4 - https:\/\/yoast.com\/product\/yoast-seo-wordpress\/ -->\n<title>Las promesas morenas - Los pol\u00edticos Veracruz<\/title>\n<meta name=\"robots\" content=\"index, follow, max-snippet:-1, max-image-preview:large, max-video-preview:-1\" \/>\n<link rel=\"canonical\" href=\"https:\/\/lospoliticosveracruz.com\/?p=60535\" \/>\n<meta property=\"og:locale\" content=\"es_ES\" \/>\n<meta property=\"og:type\" content=\"article\" \/>\n<meta property=\"og:title\" content=\"Las promesas morenas - Los pol\u00edticos Veracruz\" \/>\n<meta property=\"og:description\" content=\"Ricardo Ch\u00faa Sale y Vale &nbsp; OJO&#8230; Si en Veracruz van a una contienda electoral local, los partidos de oposici\u00f3n sin coalici\u00f3n total, de poco servir\u00e1 que s\u00f3lo dos organismos hagan alianza porque le dar\u00e1n a MORENA la oportunidad de quedarse con casi todo de nuevo&#8230; Es decir, una gran mayor\u00eda de diputaciones locales y [&hellip;]\" \/>\n<meta property=\"og:url\" content=\"https:\/\/lospoliticosveracruz.com\/?p=60535\" \/>\n<meta property=\"og:site_name\" content=\"Los pol\u00edticos Veracruz\" \/>\n<meta property=\"article:publisher\" content=\"https:\/\/www.facebook.com\/people\/Notimemes-de-los-Polticos\/61565672886568\/\" \/>\n<meta property=\"article:published_time\" content=\"2020-09-09T15:11:59+00:00\" \/>\n<meta property=\"article:modified_time\" content=\"2020-09-09T15:14:08+00:00\" \/>\n<meta property=\"og:image\" content=\"http:\/\/www.lospoliticosveracruz.com.mx\/wp-content\/uploads\/2020\/07\/CINTILLO-Armando.jpg\" \/>\n<meta name=\"author\" content=\"Lo viste en Los Pol\u00edticos\" \/>\n<meta name=\"twitter:card\" content=\"summary_large_image\" \/>\n<meta name=\"twitter:creator\" content=\"@LosPoliticosVer\" \/>\n<meta name=\"twitter:site\" content=\"@LosPoliticosVer\" \/>\n<meta name=\"twitter:label1\" content=\"Escrito por\" \/>\n\t<meta name=\"twitter:data1\" content=\"Lo viste en Los Pol\u00edticos\" \/>\n\t<meta name=\"twitter:label2\" content=\"Tiempo de lectura\" \/>\n\t<meta name=\"twitter:data2\" content=\"6 minutos\" \/>\n<script type=\"application\/ld+json\" class=\"yoast-schema-graph\">{\"@context\":\"https:\\\/\\\/schema.org\",\"@graph\":[{\"@type\":\"Article\",\"@id\":\"https:\\\/\\\/lospoliticosveracruz.com\\\/?p=60535#article\",\"isPartOf\":{\"@id\":\"https:\\\/\\\/lospoliticosveracruz.com\\\/?p=60535\"},\"author\":{\"name\":\"Lo viste en Los Pol\u00edticos\",\"@id\":\"https:\\\/\\\/lospoliticosveracruz.com\\\/#\\\/schema\\\/person\\\/b8702bb0e538456e6efd07080bf2a4a2\"},\"headline\":\"Las promesas morenas\",\"datePublished\":\"2020-09-09T15:11:59+00:00\",\"dateModified\":\"2020-09-09T15:14:08+00:00\",\"mainEntityOfPage\":{\"@id\":\"https:\\\/\\\/lospoliticosveracruz.com\\\/?p=60535\"},\"wordCount\":1135,\"commentCount\":0,\"publisher\":{\"@id\":\"https:\\\/\\\/lospoliticosveracruz.com\\\/#organization\"},\"image\":{\"@id\":\"https:\\\/\\\/lospoliticosveracruz.com\\\/?p=60535#primaryimage\"},\"thumbnailUrl\":\"http:\\\/\\\/www.lospoliticosveracruz.com.mx\\\/wp-content\\\/uploads\\\/2020\\\/07\\\/CINTILLO-Armando.jpg\",\"keywords\":[\"Andr\u00e9s Manuel L\u00f3pez Obrador\",\"Concepci\u00f3n Flores\",\"Congreso local\",\"Dirigencias nacionales y estatales\",\"Gordito de Oro\",\"Juan de Dios S\u00e1nchez Abreu\",\"Juan Javier G\u00f3mez Cazar\u00edn\",\"Magistrada\",\"Morena\",\"Morena en Veracruz\",\"PAN\",\"Patricio Ballado\",\"Poder Judicial de Veracruz\",\"PRD\",\"prerrogativas\",\"Presidente\",\"PRI\",\"Ricardo Ch\u00faa\",\"Ruben R\u00edos\",\"Senado de la Rep\u00fablica\",\"Suprema Corte de Justicia de la Naci\u00f3n\",\"TSJE\"],\"articleSection\":[\"De Opini\u00f3n\"],\"inLanguage\":\"es\",\"potentialAction\":[{\"@type\":\"CommentAction\",\"name\":\"Comment\",\"target\":[\"https:\\\/\\\/lospoliticosveracruz.com\\\/?p=60535#respond\"]}]},{\"@type\":\"WebPage\",\"@id\":\"https:\\\/\\\/lospoliticosveracruz.com\\\/?p=60535\",\"url\":\"https:\\\/\\\/lospoliticosveracruz.com\\\/?p=60535\",\"name\":\"Las promesas morenas - Los pol\u00edticos Veracruz\",\"isPartOf\":{\"@id\":\"https:\\\/\\\/lospoliticosveracruz.com\\\/#website\"},\"primaryImageOfPage\":{\"@id\":\"https:\\\/\\\/lospoliticosveracruz.com\\\/?p=60535#primaryimage\"},\"image\":{\"@id\":\"https:\\\/\\\/lospoliticosveracruz.com\\\/?p=60535#primaryimage\"},\"thumbnailUrl\":\"http:\\\/\\\/www.lospoliticosveracruz.com.mx\\\/wp-content\\\/uploads\\\/2020\\\/07\\\/CINTILLO-Armando.jpg\",\"datePublished\":\"2020-09-09T15:11:59+00:00\",\"dateModified\":\"2020-09-09T15:14:08+00:00\",\"breadcrumb\":{\"@id\":\"https:\\\/\\\/lospoliticosveracruz.com\\\/?p=60535#breadcrumb\"},\"inLanguage\":\"es\",\"potentialAction\":[{\"@type\":\"ReadAction\",\"target\":[\"https:\\\/\\\/lospoliticosveracruz.com\\\/?p=60535\"]}]},{\"@type\":\"ImageObject\",\"inLanguage\":\"es\",\"@id\":\"https:\\\/\\\/lospoliticosveracruz.com\\\/?p=60535#primaryimage\",\"url\":\"http:\\\/\\\/www.lospoliticosveracruz.com.mx\\\/wp-content\\\/uploads\\\/2020\\\/07\\\/CINTILLO-Armando.jpg\",\"contentUrl\":\"http:\\\/\\\/www.lospoliticosveracruz.com.mx\\\/wp-content\\\/uploads\\\/2020\\\/07\\\/CINTILLO-Armando.jpg\"},{\"@type\":\"BreadcrumbList\",\"@id\":\"https:\\\/\\\/lospoliticosveracruz.com\\\/?p=60535#breadcrumb\",\"itemListElement\":[{\"@type\":\"ListItem\",\"position\":1,\"name\":\"Portada\",\"item\":\"https:\\\/\\\/lospoliticosveracruz.com\\\/\"},{\"@type\":\"ListItem\",\"position\":2,\"name\":\"Las promesas morenas\"}]},{\"@type\":\"WebSite\",\"@id\":\"https:\\\/\\\/lospoliticosveracruz.com\\\/#website\",\"url\":\"https:\\\/\\\/lospoliticosveracruz.com\\\/\",\"name\":\"Los pol\u00edticos Veracruz\",\"description\":\"\",\"publisher\":{\"@id\":\"https:\\\/\\\/lospoliticosveracruz.com\\\/#organization\"},\"potentialAction\":[{\"@type\":\"SearchAction\",\"target\":{\"@type\":\"EntryPoint\",\"urlTemplate\":\"https:\\\/\\\/lospoliticosveracruz.com\\\/?s={search_term_string}\"},\"query-input\":{\"@type\":\"PropertyValueSpecification\",\"valueRequired\":true,\"valueName\":\"search_term_string\"}}],\"inLanguage\":\"es\"},{\"@type\":\"Organization\",\"@id\":\"https:\\\/\\\/lospoliticosveracruz.com\\\/#organization\",\"name\":\"Los pol\u00edticos Veracruz\",\"url\":\"https:\\\/\\\/lospoliticosveracruz.com\\\/\",\"logo\":{\"@type\":\"ImageObject\",\"inLanguage\":\"es\",\"@id\":\"https:\\\/\\\/lospoliticosveracruz.com\\\/#\\\/schema\\\/logo\\\/image\\\/\",\"url\":\"https:\\\/\\\/lospoliticosveracruz.com\\\/wp-content\\\/uploads\\\/2025\\\/12\\\/Logo-Nuevo-LOS-POLITICOS-1.jpg\",\"contentUrl\":\"https:\\\/\\\/lospoliticosveracruz.com\\\/wp-content\\\/uploads\\\/2025\\\/12\\\/Logo-Nuevo-LOS-POLITICOS-1.jpg\",\"width\":260,\"height\":70,\"caption\":\"Los pol\u00edticos Veracruz\"},\"image\":{\"@id\":\"https:\\\/\\\/lospoliticosveracruz.com\\\/#\\\/schema\\\/logo\\\/image\\\/\"},\"sameAs\":[\"https:\\\/\\\/www.facebook.com\\\/people\\\/Notimemes-de-los-Polticos\\\/61565672886568\\\/\",\"https:\\\/\\\/x.com\\\/LosPoliticosVer\"]},{\"@type\":\"Person\",\"@id\":\"https:\\\/\\\/lospoliticosveracruz.com\\\/#\\\/schema\\\/person\\\/b8702bb0e538456e6efd07080bf2a4a2\",\"name\":\"Lo viste en Los Pol\u00edticos\",\"image\":{\"@type\":\"ImageObject\",\"inLanguage\":\"es\",\"@id\":\"https:\\\/\\\/secure.gravatar.com\\\/avatar\\\/3a8de04a2656d44082be478bd6c086daa447c4651605818287b9532d3d0bd435?s=96&d=mm&r=g\",\"url\":\"https:\\\/\\\/secure.gravatar.com\\\/avatar\\\/3a8de04a2656d44082be478bd6c086daa447c4651605818287b9532d3d0bd435?s=96&d=mm&r=g\",\"contentUrl\":\"https:\\\/\\\/secure.gravatar.com\\\/avatar\\\/3a8de04a2656d44082be478bd6c086daa447c4651605818287b9532d3d0bd435?s=96&d=mm&r=g\",\"caption\":\"Lo viste en Los Pol\u00edticos\"},\"url\":\"https:\\\/\\\/lospoliticosveracruz.com\\\/?author=2\"}]}<\/script>\n<!-- \/ Yoast SEO plugin. -->","yoast_head_json":{"title":"Las promesas morenas - Los pol\u00edticos Veracruz","robots":{"index":"index","follow":"follow","max-snippet":"max-snippet:-1","max-image-preview":"max-image-preview:large","max-video-preview":"max-video-preview:-1"},"canonical":"https:\/\/lospoliticosveracruz.com\/?p=60535","og_locale":"es_ES","og_type":"article","og_title":"Las promesas morenas - Los pol\u00edticos Veracruz","og_description":"Ricardo Ch\u00faa Sale y Vale &nbsp; OJO&#8230; Si en Veracruz van a una contienda electoral local, los partidos de oposici\u00f3n sin coalici\u00f3n total, de poco servir\u00e1 que s\u00f3lo dos organismos hagan alianza porque le dar\u00e1n a MORENA la oportunidad de quedarse con casi todo de nuevo&#8230; Es decir, una gran mayor\u00eda de diputaciones locales y [&hellip;]","og_url":"https:\/\/lospoliticosveracruz.com\/?p=60535","og_site_name":"Los pol\u00edticos Veracruz","article_publisher":"https:\/\/www.facebook.com\/people\/Notimemes-de-los-Polticos\/61565672886568\/","article_published_time":"2020-09-09T15:11:59+00:00","article_modified_time":"2020-09-09T15:14:08+00:00","og_image":[{"url":"http:\/\/www.lospoliticosveracruz.com.mx\/wp-content\/uploads\/2020\/07\/CINTILLO-Armando.jpg","type":"","width":"","height":""}],"author":"Lo viste en Los Pol\u00edticos","twitter_card":"summary_large_image","twitter_creator":"@LosPoliticosVer","twitter_site":"@LosPoliticosVer","twitter_misc":{"Escrito por":"Lo viste en Los Pol\u00edticos","Tiempo de lectura":"6 minutos"},"schema":{"@context":"https:\/\/schema.org","@graph":[{"@type":"Article","@id":"https:\/\/lospoliticosveracruz.com\/?p=60535#article","isPartOf":{"@id":"https:\/\/lospoliticosveracruz.com\/?p=60535"},"author":{"name":"Lo viste en Los Pol\u00edticos","@id":"https:\/\/lospoliticosveracruz.com\/#\/schema\/person\/b8702bb0e538456e6efd07080bf2a4a2"},"headline":"Las promesas morenas","datePublished":"2020-09-09T15:11:59+00:00","dateModified":"2020-09-09T15:14:08+00:00","mainEntityOfPage":{"@id":"https:\/\/lospoliticosveracruz.com\/?p=60535"},"wordCount":1135,"commentCount":0,"publisher":{"@id":"https:\/\/lospoliticosveracruz.com\/#organization"},"image":{"@id":"https:\/\/lospoliticosveracruz.com\/?p=60535#primaryimage"},"thumbnailUrl":"http:\/\/www.lospoliticosveracruz.com.mx\/wp-content\/uploads\/2020\/07\/CINTILLO-Armando.jpg","keywords":["Andr\u00e9s Manuel L\u00f3pez Obrador","Concepci\u00f3n Flores","Congreso local","Dirigencias nacionales y estatales","Gordito de Oro","Juan de Dios S\u00e1nchez Abreu","Juan Javier G\u00f3mez Cazar\u00edn","Magistrada","Morena","Morena en Veracruz","PAN","Patricio Ballado","Poder Judicial de Veracruz","PRD","prerrogativas","Presidente","PRI","Ricardo Ch\u00faa","Ruben R\u00edos","Senado de la Rep\u00fablica","Suprema Corte de Justicia de la Naci\u00f3n","TSJE"],"articleSection":["De Opini\u00f3n"],"inLanguage":"es","potentialAction":[{"@type":"CommentAction","name":"Comment","target":["https:\/\/lospoliticosveracruz.com\/?p=60535#respond"]}]},{"@type":"WebPage","@id":"https:\/\/lospoliticosveracruz.com\/?p=60535","url":"https:\/\/lospoliticosveracruz.com\/?p=60535","name":"Las promesas morenas - Los pol\u00edticos Veracruz","isPartOf":{"@id":"https:\/\/lospoliticosveracruz.com\/#website"},"primaryImageOfPage":{"@id":"https:\/\/lospoliticosveracruz.com\/?p=60535#primaryimage"},"image":{"@id":"https:\/\/lospoliticosveracruz.com\/?p=60535#primaryimage"},"thumbnailUrl":"http:\/\/www.lospoliticosveracruz.com.mx\/wp-content\/uploads\/2020\/07\/CINTILLO-Armando.jpg","datePublished":"2020-09-09T15:11:59+00:00","dateModified":"2020-09-09T15:14:08+00:00","breadcrumb":{"@id":"https:\/\/lospoliticosveracruz.com\/?p=60535#breadcrumb"},"inLanguage":"es","potentialAction":[{"@type":"ReadAction","target":["https:\/\/lospoliticosveracruz.com\/?p=60535"]}]},{"@type":"ImageObject","inLanguage":"es","@id":"https:\/\/lospoliticosveracruz.com\/?p=60535#primaryimage","url":"http:\/\/www.lospoliticosveracruz.com.mx\/wp-content\/uploads\/2020\/07\/CINTILLO-Armando.jpg","contentUrl":"http:\/\/www.lospoliticosveracruz.com.mx\/wp-content\/uploads\/2020\/07\/CINTILLO-Armando.jpg"},{"@type":"BreadcrumbList","@id":"https:\/\/lospoliticosveracruz.com\/?p=60535#breadcrumb","itemListElement":[{"@type":"ListItem","position":1,"name":"Portada","item":"https:\/\/lospoliticosveracruz.com\/"},{"@type":"ListItem","position":2,"name":"Las promesas morenas"}]},{"@type":"WebSite","@id":"https:\/\/lospoliticosveracruz.com\/#website","url":"https:\/\/lospoliticosveracruz.com\/","name":"Los pol\u00edticos Veracruz","description":"","publisher":{"@id":"https:\/\/lospoliticosveracruz.com\/#organization"},"potentialAction":[{"@type":"SearchAction","target":{"@type":"EntryPoint","urlTemplate":"https:\/\/lospoliticosveracruz.com\/?s={search_term_string}"},"query-input":{"@type":"PropertyValueSpecification","valueRequired":true,"valueName":"search_term_string"}}],"inLanguage":"es"},{"@type":"Organization","@id":"https:\/\/lospoliticosveracruz.com\/#organization","name":"Los pol\u00edticos Veracruz","url":"https:\/\/lospoliticosveracruz.com\/","logo":{"@type":"ImageObject","inLanguage":"es","@id":"https:\/\/lospoliticosveracruz.com\/#\/schema\/logo\/image\/","url":"https:\/\/lospoliticosveracruz.com\/wp-content\/uploads\/2025\/12\/Logo-Nuevo-LOS-POLITICOS-1.jpg","contentUrl":"https:\/\/lospoliticosveracruz.com\/wp-content\/uploads\/2025\/12\/Logo-Nuevo-LOS-POLITICOS-1.jpg","width":260,"height":70,"caption":"Los pol\u00edticos Veracruz"},"image":{"@id":"https:\/\/lospoliticosveracruz.com\/#\/schema\/logo\/image\/"},"sameAs":["https:\/\/www.facebook.com\/people\/Notimemes-de-los-Polticos\/61565672886568\/","https:\/\/x.com\/LosPoliticosVer"]},{"@type":"Person","@id":"https:\/\/lospoliticosveracruz.com\/#\/schema\/person\/b8702bb0e538456e6efd07080bf2a4a2","name":"Lo viste en Los Pol\u00edticos","image":{"@type":"ImageObject","inLanguage":"es","@id":"https:\/\/secure.gravatar.com\/avatar\/3a8de04a2656d44082be478bd6c086daa447c4651605818287b9532d3d0bd435?s=96&d=mm&r=g","url":"https:\/\/secure.gravatar.com\/avatar\/3a8de04a2656d44082be478bd6c086daa447c4651605818287b9532d3d0bd435?s=96&d=mm&r=g","contentUrl":"https:\/\/secure.gravatar.com\/avatar\/3a8de04a2656d44082be478bd6c086daa447c4651605818287b9532d3d0bd435?s=96&d=mm&r=g","caption":"Lo viste en Los Pol\u00edticos"},"url":"https:\/\/lospoliticosveracruz.com\/?author=2"}]}},"_links":{"self":[{"href":"https:\/\/lospoliticosveracruz.com\/index.php?rest_route=\/wp\/v2\/posts\/60535","targetHints":{"allow":["GET"]}}],"collection":[{"href":"https:\/\/lospoliticosveracruz.com\/index.php?rest_route=\/wp\/v2\/posts"}],"about":[{"href":"https:\/\/lospoliticosveracruz.com\/index.php?rest_route=\/wp\/v2\/types\/post"}],"author":[{"embeddable":true,"href":"https:\/\/lospoliticosveracruz.com\/index.php?rest_route=\/wp\/v2\/users\/2"}],"replies":[{"embeddable":true,"href":"https:\/\/lospoliticosveracruz.com\/index.php?rest_route=%2Fwp%2Fv2%2Fcomments&post=60535"}],"version-history":[{"count":2,"href":"https:\/\/lospoliticosveracruz.com\/index.php?rest_route=\/wp\/v2\/posts\/60535\/revisions"}],"predecessor-version":[{"id":60538,"href":"https:\/\/lospoliticosveracruz.com\/index.php?rest_route=\/wp\/v2\/posts\/60535\/revisions\/60538"}],"wp:attachment":[{"href":"https:\/\/lospoliticosveracruz.com\/index.php?rest_route=%2Fwp%2Fv2%2Fmedia&parent=60535"}],"wp:term":[{"taxonomy":"category","embeddable":true,"href":"https:\/\/lospoliticosveracruz.com\/index.php?rest_route=%2Fwp%2Fv2%2Fcategories&post=60535"},{"taxonomy":"post_tag","embeddable":true,"href":"https:\/\/lospoliticosveracruz.com\/index.php?rest_route=%2Fwp%2Fv2%2Ftags&post=60535"}],"curies":[{"name":"wp","href":"https:\/\/api.w.org\/{rel}","templated":true}]}}