{"id":60655,"date":"2020-09-10T13:41:34","date_gmt":"2020-09-10T18:41:34","guid":{"rendered":"http:\/\/www.lospoliticosveracruz.com.mx\/?p=60655"},"modified":"2020-09-10T13:41:34","modified_gmt":"2020-09-10T18:41:34","slug":"senales-en-los-tuxtlas","status":"publish","type":"post","link":"https:\/\/lospoliticosveracruz.com\/?p=60655","title":{"rendered":"Se\u00f1ales en Los Tuxtlas"},"content":{"rendered":"<p><strong>Eduardo Venegas Naranjo<\/strong><br \/>\n<em>Aqu\u00ed entre Nos<\/em><\/p>\n<p>&nbsp;<\/p>\n<p>Este mi\u00e9rcoles, la c\u00fapula pol\u00edtica de MORENA estuvo en la zona de los Tuxtlas. La primera reuni\u00f3n fue en el municipio de \u00c1ngel R. Cabada y posteriormente en Santiago Tuxtla. El objetivo es cerrar filas y encaminar a la dirigencia estatal de ese partido pol\u00edtico a Esteban Ram\u00edrez Zepeta, quien estuvo respaldado por los diputados Juan Javier G\u00f3mez Cazar\u00edn y Deisy Juan Antonio. Sin duda son se\u00f1ales de que trae el apoyo de quienes mandan, gobiernan y toman determinaciones en la 4T.<br \/>\nDurante ese encuentro tuvimos la oportunidad de entablar una importante conversaci\u00f3n con dos personajes que sin duda estar\u00e1n en las boletas de los pr\u00f3ximos comicios en sus respectivos municipios por Morena: Fabi\u00e1n C\u00e1rdenas, por Lerdo de Tejada; y Julio C\u00e9sar Garc\u00eda Machucho, por \u00c1ngel R. Cabada.<\/p>\n<p>&nbsp;<\/p>\n<p><a href=\"http:\/\/www.lospoliticosveracruz.com.mx\/wp-content\/uploads\/2020\/09\/2.jpg\"><img loading=\"lazy\" decoding=\"async\" class=\" size-full wp-image-60656 aligncenter\" src=\"http:\/\/www.lospoliticosveracruz.com.mx\/wp-content\/uploads\/2020\/09\/2.jpg\" alt=\"2\" width=\"600\" height=\"320\" \/><\/a><\/p>\n<p>&nbsp;<\/p>\n<p>Fabi\u00e1n va por Lerdo<br \/>\nFabi\u00e1n C\u00e1rdenas es un empresario reconocido en Lerdo de Tejada, luego del ingenio San Pedro, sus negocios son la segunda creaci\u00f3n de empleos. Es conocido y reconocido por sus paisanos.<br \/>\nEs un hombre amable, respetable, cuenta con el respaldo de los sectores pol\u00edticos y su proyecto se consolida gracias a su liderazgo, como empresario ha sido un hombre limpio, que se ha manejado por buen camino; tiene alianzas y pactos con representantes importantes de Lerdo de Tejada que sin duda ven en \u00e9l la mejor opci\u00f3n para gobernar el municipio.<br \/>\nFabi\u00e1n es amigo, noble, leal, tuvimos una breve conversaci\u00f3n con \u00e9l y nos dimos cuenta de su habilidad y liderazgo para tejer redes en pro de su proyecto; tiene todo el respaldo de la 4T, en esta momento los tiene de aliados, sin duda llevar\u00e1 la bandera de Morena debido a que tiene todas las preferencias electorales.<\/p>\n<p>Julio Garc\u00eda por Cabada<br \/>\nEn \u00c1ngel R. Cabada hay diversos grupos que presumen tener el control y poder, lo cierto es que las \u00faltimas encuestas posicionan a Julio C\u00e9sar Garc\u00eda Machucho, con toda la simpat\u00eda para abanderar el partido de Morena en busca de la presidencia municipal de este importante municipio.<br \/>\nAnte la opacidad y desastre de la oposici\u00f3n, Julio es un hombre recto de trabajo y conocido; su familia es respetable, todas las piezas est\u00e1n dadas para que sea el candidato de Morena, cuenta con el respaldo del diputado, Juan Javier G\u00f3mez Cazar\u00edn, y la c\u00fapula de este partido.<br \/>\nEn el 2021 Cabada tendr\u00e1 la oportunidad de decidir por una buena persona que lleve un buen rumbo a esta demarcaci\u00f3n; Julio C\u00e9sar ha demostrado ser un aliado de su gente, desde su trinchera apoya y beneficia a causas nobles.<br \/>\nEste mi\u00e9rcoles Garc\u00eda Machucho demostr\u00f3 liderazgo, logrando reunir a personajes importantes de este municipio para consolidar el proyecto de Esteban Ram\u00edrez Zepeta.<\/p>\n","protected":false},"excerpt":{"rendered":"<p>Eduardo Venegas Naranjo Aqu\u00ed entre Nos &nbsp; Este mi\u00e9rcoles, la c\u00fapula pol\u00edtica de MORENA estuvo en la zona de los Tuxtlas. La primera reuni\u00f3n fue en el municipio de \u00c1ngel R. Cabada y posteriormente en Santiago Tuxtla. El objetivo es cerrar filas y encaminar a la dirigencia estatal de ese partido pol\u00edtico a Esteban Ram\u00edrez [&hellip;]<\/p>\n","protected":false},"author":2,"featured_media":0,"comment_status":"open","ping_status":"open","sticky":false,"template":"","format":"standard","meta":{"tdm_status":"","tdm_grid_status":"","footnotes":""},"categories":[70],"tags":[17426,2913,13443,17053,21068,1779,12695,1780,1026],"class_list":{"0":"post-60655","1":"post","2":"type-post","3":"status-publish","4":"format-standard","6":"category-de-opinion","7":"tag-4t","8":"tag-angel-r-cabada","9":"tag-deisy-juan-antonio","10":"tag-esteban-ramirez-zepeta","11":"tag-fabian-cardenas","12":"tag-ingenio-san-pedro","13":"tag-juan-javier-gomez-cazarin","14":"tag-lerdo-de-tejada","15":"tag-morena"},"yoast_head":"<!-- This site is optimized with the Yoast SEO plugin v27.4 - https:\/\/yoast.com\/product\/yoast-seo-wordpress\/ -->\n<title>Se\u00f1ales en Los Tuxtlas - Los pol\u00edticos Veracruz<\/title>\n<meta name=\"robots\" content=\"index, follow, max-snippet:-1, max-image-preview:large, max-video-preview:-1\" \/>\n<link rel=\"canonical\" href=\"https:\/\/lospoliticosveracruz.com\/?p=60655\" \/>\n<meta property=\"og:locale\" content=\"es_ES\" \/>\n<meta property=\"og:type\" content=\"article\" \/>\n<meta property=\"og:title\" content=\"Se\u00f1ales en Los Tuxtlas - Los pol\u00edticos Veracruz\" \/>\n<meta property=\"og:description\" content=\"Eduardo Venegas Naranjo Aqu\u00ed entre Nos &nbsp; Este mi\u00e9rcoles, la c\u00fapula pol\u00edtica de MORENA estuvo en la zona de los Tuxtlas. La primera reuni\u00f3n fue en el municipio de \u00c1ngel R. Cabada y posteriormente en Santiago Tuxtla. El objetivo es cerrar filas y encaminar a la dirigencia estatal de ese partido pol\u00edtico a Esteban Ram\u00edrez [&hellip;]\" \/>\n<meta property=\"og:url\" content=\"https:\/\/lospoliticosveracruz.com\/?p=60655\" \/>\n<meta property=\"og:site_name\" content=\"Los pol\u00edticos Veracruz\" \/>\n<meta property=\"article:publisher\" content=\"https:\/\/www.facebook.com\/people\/Notimemes-de-los-Polticos\/61565672886568\/\" \/>\n<meta property=\"article:published_time\" content=\"2020-09-10T18:41:34+00:00\" \/>\n<meta property=\"og:image\" content=\"http:\/\/www.lospoliticosveracruz.com.mx\/wp-content\/uploads\/2020\/09\/2.jpg\" \/>\n<meta name=\"author\" content=\"Lo viste en Los Pol\u00edticos\" \/>\n<meta name=\"twitter:card\" content=\"summary_large_image\" \/>\n<meta name=\"twitter:creator\" content=\"@LosPoliticosVer\" \/>\n<meta name=\"twitter:site\" content=\"@LosPoliticosVer\" \/>\n<meta name=\"twitter:label1\" content=\"Escrito por\" \/>\n\t<meta name=\"twitter:data1\" content=\"Lo viste en Los Pol\u00edticos\" \/>\n\t<meta name=\"twitter:label2\" content=\"Tiempo de lectura\" \/>\n\t<meta name=\"twitter:data2\" content=\"2 minutos\" \/>\n<script type=\"application\/ld+json\" class=\"yoast-schema-graph\">{\"@context\":\"https:\\\/\\\/schema.org\",\"@graph\":[{\"@type\":\"Article\",\"@id\":\"https:\\\/\\\/lospoliticosveracruz.com\\\/?p=60655#article\",\"isPartOf\":{\"@id\":\"https:\\\/\\\/lospoliticosveracruz.com\\\/?p=60655\"},\"author\":{\"name\":\"Lo viste en Los Pol\u00edticos\",\"@id\":\"https:\\\/\\\/lospoliticosveracruz.com\\\/#\\\/schema\\\/person\\\/b8702bb0e538456e6efd07080bf2a4a2\"},\"headline\":\"Se\u00f1ales en Los Tuxtlas\",\"datePublished\":\"2020-09-10T18:41:34+00:00\",\"mainEntityOfPage\":{\"@id\":\"https:\\\/\\\/lospoliticosveracruz.com\\\/?p=60655\"},\"wordCount\":492,\"commentCount\":0,\"publisher\":{\"@id\":\"https:\\\/\\\/lospoliticosveracruz.com\\\/#organization\"},\"image\":{\"@id\":\"https:\\\/\\\/lospoliticosveracruz.com\\\/?p=60655#primaryimage\"},\"thumbnailUrl\":\"http:\\\/\\\/www.lospoliticosveracruz.com.mx\\\/wp-content\\\/uploads\\\/2020\\\/09\\\/2.jpg\",\"keywords\":[\"4T\",\"\u00c1ngel R. Cabada\",\"Deisy Juan Antonio\",\"Esteban Ram\u00edrez Zepeta\",\"Fabi\u00e1n C\u00e1rdenas\",\"ingenio San Pedro\",\"Juan Javier G\u00f3mez Cazar\u00edn\",\"Lerdo de Tejada\",\"Morena\"],\"articleSection\":[\"De Opini\u00f3n\"],\"inLanguage\":\"es\",\"potentialAction\":[{\"@type\":\"CommentAction\",\"name\":\"Comment\",\"target\":[\"https:\\\/\\\/lospoliticosveracruz.com\\\/?p=60655#respond\"]}]},{\"@type\":\"WebPage\",\"@id\":\"https:\\\/\\\/lospoliticosveracruz.com\\\/?p=60655\",\"url\":\"https:\\\/\\\/lospoliticosveracruz.com\\\/?p=60655\",\"name\":\"Se\u00f1ales en Los Tuxtlas - Los pol\u00edticos Veracruz\",\"isPartOf\":{\"@id\":\"https:\\\/\\\/lospoliticosveracruz.com\\\/#website\"},\"primaryImageOfPage\":{\"@id\":\"https:\\\/\\\/lospoliticosveracruz.com\\\/?p=60655#primaryimage\"},\"image\":{\"@id\":\"https:\\\/\\\/lospoliticosveracruz.com\\\/?p=60655#primaryimage\"},\"thumbnailUrl\":\"http:\\\/\\\/www.lospoliticosveracruz.com.mx\\\/wp-content\\\/uploads\\\/2020\\\/09\\\/2.jpg\",\"datePublished\":\"2020-09-10T18:41:34+00:00\",\"breadcrumb\":{\"@id\":\"https:\\\/\\\/lospoliticosveracruz.com\\\/?p=60655#breadcrumb\"},\"inLanguage\":\"es\",\"potentialAction\":[{\"@type\":\"ReadAction\",\"target\":[\"https:\\\/\\\/lospoliticosveracruz.com\\\/?p=60655\"]}]},{\"@type\":\"ImageObject\",\"inLanguage\":\"es\",\"@id\":\"https:\\\/\\\/lospoliticosveracruz.com\\\/?p=60655#primaryimage\",\"url\":\"http:\\\/\\\/www.lospoliticosveracruz.com.mx\\\/wp-content\\\/uploads\\\/2020\\\/09\\\/2.jpg\",\"contentUrl\":\"http:\\\/\\\/www.lospoliticosveracruz.com.mx\\\/wp-content\\\/uploads\\\/2020\\\/09\\\/2.jpg\"},{\"@type\":\"BreadcrumbList\",\"@id\":\"https:\\\/\\\/lospoliticosveracruz.com\\\/?p=60655#breadcrumb\",\"itemListElement\":[{\"@type\":\"ListItem\",\"position\":1,\"name\":\"Portada\",\"item\":\"https:\\\/\\\/lospoliticosveracruz.com\\\/\"},{\"@type\":\"ListItem\",\"position\":2,\"name\":\"Se\u00f1ales en Los Tuxtlas\"}]},{\"@type\":\"WebSite\",\"@id\":\"https:\\\/\\\/lospoliticosveracruz.com\\\/#website\",\"url\":\"https:\\\/\\\/lospoliticosveracruz.com\\\/\",\"name\":\"Los pol\u00edticos Veracruz\",\"description\":\"\",\"publisher\":{\"@id\":\"https:\\\/\\\/lospoliticosveracruz.com\\\/#organization\"},\"potentialAction\":[{\"@type\":\"SearchAction\",\"target\":{\"@type\":\"EntryPoint\",\"urlTemplate\":\"https:\\\/\\\/lospoliticosveracruz.com\\\/?s={search_term_string}\"},\"query-input\":{\"@type\":\"PropertyValueSpecification\",\"valueRequired\":true,\"valueName\":\"search_term_string\"}}],\"inLanguage\":\"es\"},{\"@type\":\"Organization\",\"@id\":\"https:\\\/\\\/lospoliticosveracruz.com\\\/#organization\",\"name\":\"Los pol\u00edticos Veracruz\",\"url\":\"https:\\\/\\\/lospoliticosveracruz.com\\\/\",\"logo\":{\"@type\":\"ImageObject\",\"inLanguage\":\"es\",\"@id\":\"https:\\\/\\\/lospoliticosveracruz.com\\\/#\\\/schema\\\/logo\\\/image\\\/\",\"url\":\"https:\\\/\\\/lospoliticosveracruz.com\\\/wp-content\\\/uploads\\\/2025\\\/12\\\/Logo-Nuevo-LOS-POLITICOS-1.jpg\",\"contentUrl\":\"https:\\\/\\\/lospoliticosveracruz.com\\\/wp-content\\\/uploads\\\/2025\\\/12\\\/Logo-Nuevo-LOS-POLITICOS-1.jpg\",\"width\":260,\"height\":70,\"caption\":\"Los pol\u00edticos Veracruz\"},\"image\":{\"@id\":\"https:\\\/\\\/lospoliticosveracruz.com\\\/#\\\/schema\\\/logo\\\/image\\\/\"},\"sameAs\":[\"https:\\\/\\\/www.facebook.com\\\/people\\\/Notimemes-de-los-Polticos\\\/61565672886568\\\/\",\"https:\\\/\\\/x.com\\\/LosPoliticosVer\"]},{\"@type\":\"Person\",\"@id\":\"https:\\\/\\\/lospoliticosveracruz.com\\\/#\\\/schema\\\/person\\\/b8702bb0e538456e6efd07080bf2a4a2\",\"name\":\"Lo viste en Los Pol\u00edticos\",\"image\":{\"@type\":\"ImageObject\",\"inLanguage\":\"es\",\"@id\":\"https:\\\/\\\/secure.gravatar.com\\\/avatar\\\/3a8de04a2656d44082be478bd6c086daa447c4651605818287b9532d3d0bd435?s=96&d=mm&r=g\",\"url\":\"https:\\\/\\\/secure.gravatar.com\\\/avatar\\\/3a8de04a2656d44082be478bd6c086daa447c4651605818287b9532d3d0bd435?s=96&d=mm&r=g\",\"contentUrl\":\"https:\\\/\\\/secure.gravatar.com\\\/avatar\\\/3a8de04a2656d44082be478bd6c086daa447c4651605818287b9532d3d0bd435?s=96&d=mm&r=g\",\"caption\":\"Lo viste en Los Pol\u00edticos\"},\"url\":\"https:\\\/\\\/lospoliticosveracruz.com\\\/?author=2\"}]}<\/script>\n<!-- \/ Yoast SEO plugin. -->","yoast_head_json":{"title":"Se\u00f1ales en Los Tuxtlas - Los pol\u00edticos Veracruz","robots":{"index":"index","follow":"follow","max-snippet":"max-snippet:-1","max-image-preview":"max-image-preview:large","max-video-preview":"max-video-preview:-1"},"canonical":"https:\/\/lospoliticosveracruz.com\/?p=60655","og_locale":"es_ES","og_type":"article","og_title":"Se\u00f1ales en Los Tuxtlas - Los pol\u00edticos Veracruz","og_description":"Eduardo Venegas Naranjo Aqu\u00ed entre Nos &nbsp; Este mi\u00e9rcoles, la c\u00fapula pol\u00edtica de MORENA estuvo en la zona de los Tuxtlas. La primera reuni\u00f3n fue en el municipio de \u00c1ngel R. Cabada y posteriormente en Santiago Tuxtla. El objetivo es cerrar filas y encaminar a la dirigencia estatal de ese partido pol\u00edtico a Esteban Ram\u00edrez [&hellip;]","og_url":"https:\/\/lospoliticosveracruz.com\/?p=60655","og_site_name":"Los pol\u00edticos Veracruz","article_publisher":"https:\/\/www.facebook.com\/people\/Notimemes-de-los-Polticos\/61565672886568\/","article_published_time":"2020-09-10T18:41:34+00:00","og_image":[{"url":"http:\/\/www.lospoliticosveracruz.com.mx\/wp-content\/uploads\/2020\/09\/2.jpg","type":"","width":"","height":""}],"author":"Lo viste en Los Pol\u00edticos","twitter_card":"summary_large_image","twitter_creator":"@LosPoliticosVer","twitter_site":"@LosPoliticosVer","twitter_misc":{"Escrito por":"Lo viste en Los Pol\u00edticos","Tiempo de lectura":"2 minutos"},"schema":{"@context":"https:\/\/schema.org","@graph":[{"@type":"Article","@id":"https:\/\/lospoliticosveracruz.com\/?p=60655#article","isPartOf":{"@id":"https:\/\/lospoliticosveracruz.com\/?p=60655"},"author":{"name":"Lo viste en Los Pol\u00edticos","@id":"https:\/\/lospoliticosveracruz.com\/#\/schema\/person\/b8702bb0e538456e6efd07080bf2a4a2"},"headline":"Se\u00f1ales en Los Tuxtlas","datePublished":"2020-09-10T18:41:34+00:00","mainEntityOfPage":{"@id":"https:\/\/lospoliticosveracruz.com\/?p=60655"},"wordCount":492,"commentCount":0,"publisher":{"@id":"https:\/\/lospoliticosveracruz.com\/#organization"},"image":{"@id":"https:\/\/lospoliticosveracruz.com\/?p=60655#primaryimage"},"thumbnailUrl":"http:\/\/www.lospoliticosveracruz.com.mx\/wp-content\/uploads\/2020\/09\/2.jpg","keywords":["4T","\u00c1ngel R. Cabada","Deisy Juan Antonio","Esteban Ram\u00edrez Zepeta","Fabi\u00e1n C\u00e1rdenas","ingenio San Pedro","Juan Javier G\u00f3mez Cazar\u00edn","Lerdo de Tejada","Morena"],"articleSection":["De Opini\u00f3n"],"inLanguage":"es","potentialAction":[{"@type":"CommentAction","name":"Comment","target":["https:\/\/lospoliticosveracruz.com\/?p=60655#respond"]}]},{"@type":"WebPage","@id":"https:\/\/lospoliticosveracruz.com\/?p=60655","url":"https:\/\/lospoliticosveracruz.com\/?p=60655","name":"Se\u00f1ales en Los Tuxtlas - Los pol\u00edticos Veracruz","isPartOf":{"@id":"https:\/\/lospoliticosveracruz.com\/#website"},"primaryImageOfPage":{"@id":"https:\/\/lospoliticosveracruz.com\/?p=60655#primaryimage"},"image":{"@id":"https:\/\/lospoliticosveracruz.com\/?p=60655#primaryimage"},"thumbnailUrl":"http:\/\/www.lospoliticosveracruz.com.mx\/wp-content\/uploads\/2020\/09\/2.jpg","datePublished":"2020-09-10T18:41:34+00:00","breadcrumb":{"@id":"https:\/\/lospoliticosveracruz.com\/?p=60655#breadcrumb"},"inLanguage":"es","potentialAction":[{"@type":"ReadAction","target":["https:\/\/lospoliticosveracruz.com\/?p=60655"]}]},{"@type":"ImageObject","inLanguage":"es","@id":"https:\/\/lospoliticosveracruz.com\/?p=60655#primaryimage","url":"http:\/\/www.lospoliticosveracruz.com.mx\/wp-content\/uploads\/2020\/09\/2.jpg","contentUrl":"http:\/\/www.lospoliticosveracruz.com.mx\/wp-content\/uploads\/2020\/09\/2.jpg"},{"@type":"BreadcrumbList","@id":"https:\/\/lospoliticosveracruz.com\/?p=60655#breadcrumb","itemListElement":[{"@type":"ListItem","position":1,"name":"Portada","item":"https:\/\/lospoliticosveracruz.com\/"},{"@type":"ListItem","position":2,"name":"Se\u00f1ales en Los Tuxtlas"}]},{"@type":"WebSite","@id":"https:\/\/lospoliticosveracruz.com\/#website","url":"https:\/\/lospoliticosveracruz.com\/","name":"Los pol\u00edticos Veracruz","description":"","publisher":{"@id":"https:\/\/lospoliticosveracruz.com\/#organization"},"potentialAction":[{"@type":"SearchAction","target":{"@type":"EntryPoint","urlTemplate":"https:\/\/lospoliticosveracruz.com\/?s={search_term_string}"},"query-input":{"@type":"PropertyValueSpecification","valueRequired":true,"valueName":"search_term_string"}}],"inLanguage":"es"},{"@type":"Organization","@id":"https:\/\/lospoliticosveracruz.com\/#organization","name":"Los pol\u00edticos Veracruz","url":"https:\/\/lospoliticosveracruz.com\/","logo":{"@type":"ImageObject","inLanguage":"es","@id":"https:\/\/lospoliticosveracruz.com\/#\/schema\/logo\/image\/","url":"https:\/\/lospoliticosveracruz.com\/wp-content\/uploads\/2025\/12\/Logo-Nuevo-LOS-POLITICOS-1.jpg","contentUrl":"https:\/\/lospoliticosveracruz.com\/wp-content\/uploads\/2025\/12\/Logo-Nuevo-LOS-POLITICOS-1.jpg","width":260,"height":70,"caption":"Los pol\u00edticos Veracruz"},"image":{"@id":"https:\/\/lospoliticosveracruz.com\/#\/schema\/logo\/image\/"},"sameAs":["https:\/\/www.facebook.com\/people\/Notimemes-de-los-Polticos\/61565672886568\/","https:\/\/x.com\/LosPoliticosVer"]},{"@type":"Person","@id":"https:\/\/lospoliticosveracruz.com\/#\/schema\/person\/b8702bb0e538456e6efd07080bf2a4a2","name":"Lo viste en Los Pol\u00edticos","image":{"@type":"ImageObject","inLanguage":"es","@id":"https:\/\/secure.gravatar.com\/avatar\/3a8de04a2656d44082be478bd6c086daa447c4651605818287b9532d3d0bd435?s=96&d=mm&r=g","url":"https:\/\/secure.gravatar.com\/avatar\/3a8de04a2656d44082be478bd6c086daa447c4651605818287b9532d3d0bd435?s=96&d=mm&r=g","contentUrl":"https:\/\/secure.gravatar.com\/avatar\/3a8de04a2656d44082be478bd6c086daa447c4651605818287b9532d3d0bd435?s=96&d=mm&r=g","caption":"Lo viste en Los Pol\u00edticos"},"url":"https:\/\/lospoliticosveracruz.com\/?author=2"}]}},"_links":{"self":[{"href":"https:\/\/lospoliticosveracruz.com\/index.php?rest_route=\/wp\/v2\/posts\/60655","targetHints":{"allow":["GET"]}}],"collection":[{"href":"https:\/\/lospoliticosveracruz.com\/index.php?rest_route=\/wp\/v2\/posts"}],"about":[{"href":"https:\/\/lospoliticosveracruz.com\/index.php?rest_route=\/wp\/v2\/types\/post"}],"author":[{"embeddable":true,"href":"https:\/\/lospoliticosveracruz.com\/index.php?rest_route=\/wp\/v2\/users\/2"}],"replies":[{"embeddable":true,"href":"https:\/\/lospoliticosveracruz.com\/index.php?rest_route=%2Fwp%2Fv2%2Fcomments&post=60655"}],"version-history":[{"count":1,"href":"https:\/\/lospoliticosveracruz.com\/index.php?rest_route=\/wp\/v2\/posts\/60655\/revisions"}],"predecessor-version":[{"id":60658,"href":"https:\/\/lospoliticosveracruz.com\/index.php?rest_route=\/wp\/v2\/posts\/60655\/revisions\/60658"}],"wp:attachment":[{"href":"https:\/\/lospoliticosveracruz.com\/index.php?rest_route=%2Fwp%2Fv2%2Fmedia&parent=60655"}],"wp:term":[{"taxonomy":"category","embeddable":true,"href":"https:\/\/lospoliticosveracruz.com\/index.php?rest_route=%2Fwp%2Fv2%2Fcategories&post=60655"},{"taxonomy":"post_tag","embeddable":true,"href":"https:\/\/lospoliticosveracruz.com\/index.php?rest_route=%2Fwp%2Fv2%2Ftags&post=60655"}],"curies":[{"name":"wp","href":"https:\/\/api.w.org\/{rel}","templated":true}]}}