{"id":60659,"date":"2020-09-10T15:15:39","date_gmt":"2020-09-10T20:15:39","guid":{"rendered":"http:\/\/www.lospoliticosveracruz.com.mx\/?p=60659"},"modified":"2020-09-10T15:15:39","modified_gmt":"2020-09-10T20:15:39","slug":"alerta-permanente-por-si-las-lluvias","status":"publish","type":"post","link":"https:\/\/lospoliticosveracruz.com\/?p=60659","title":{"rendered":"Alerta permanente&#8230; por si las lluvias!"},"content":{"rendered":"<p>&nbsp;<\/p>\n<p>La Unidad Municipal de Protecci\u00f3n Civil (UMPC) del Ayuntamiento de C\u00f3rdoba inform\u00f3 que la lluvia registrada esta madrugada ocasion\u00f3 deslaves, anegaciones y afectaciones menores en casas particulares, por lo que dos personas solicitaron ser trasladadas a un albergue temporal, y se efectuaron acciones preventivas en diferentes puntos del municipio.<br \/>\n<a href=\"http:\/\/www.lospoliticosveracruz.com.mx\/wp-content\/uploads\/2020\/09\/Sem\u00e1foro-Naranja-C\u00f3rdoba.jpg\"><img loading=\"lazy\" decoding=\"async\" class=\"alignleft size-full wp-image-60611\" src=\"http:\/\/www.lospoliticosveracruz.com.mx\/wp-content\/uploads\/2020\/09\/Sem\u00e1foro-Naranja-C\u00f3rdoba.jpg\" alt=\"Sem\u00e1foro Naranja C\u00f3rdoba\" width=\"375\" height=\"626\" \/><\/a>\u00a0La UMPC atendi\u00f3 cuatro reportes de deslave ocurridos en el Fraccionamiento Virginia, la colonia Venustiano Carranza, la comunidad Acayotla y en la ribera del r\u00edo San Antonio. En los reportes atendidos no se ocurrieron afectaciones a personas o a vida animal.<br \/>\nEl corte a la circulaci\u00f3n vehicular debido al deslave de ladera en la carretera que comunica a C\u00f3rdoba con la comunidad Acayotla fue atendido con apoyo de maquinaria de la Direcci\u00f3n Municipal de Desarrollo Urbano y Obras P\u00fablicas del Ayuntamiento.<br \/>\nProtecci\u00f3n Civil C\u00f3rdoba indic\u00f3 que se atendi\u00f3 reporte en Calle 12, entre Avenidas 6 y 6-A, de la colonia Venustiano Carranza, donde deslave afect\u00f3 parcialmente una vivienda. A su vez, en Calle 12, entre Avenidas 4 y 6, una pareja solicit\u00f3 su traslado a un refugio temporal ante el riesgo de que se agravara deslizamiento de tierra por las condiciones del terreno.<br \/>\nEl equipo de primeros respondientes atendi\u00f3 reporte en avenida Primavera y avenida Jobo del Fraccionamiento Virginia, donde un deslave afect\u00f3 acera y carpeta de rodamiento, adem\u00e1s de ocasionar un tap\u00f3n en el arroyo adyacente. En la zona se remolc\u00f3 veh\u00edculo para prevenir que se deslizara hacia la ladera por estar aparcada sobre la parte afectada.<br \/>\nPC se\u00f1al\u00f3 que se present\u00f3 escurrimiento de agua hacia vivienda en Andador 8, retorno 10 del INFONAVIT Santa Margarita, sin que se presentaran da\u00f1os a personas o animales. Asimismo indic\u00f3 que la lluvia provoc\u00f3 afectaciones menores en viviendas de la colonia Margarita Mor\u00e1n C\u00f3rdova, sitio en el que la descarga pluvial proveniente de terrenos m\u00e1s altos fluy\u00f3 de la calle ampliaci\u00f3n Margarita hasta la calle de la entrada, abarcando aproximadamente 20 manzanas.<br \/>\nPor instrucciones de la presidenta municipal, Leticia L\u00f3pez Landero, la UMPC se encuentra en alerta ante pron\u00f3sticos del Servicio Meteorol\u00f3gico Nacional respecto a alta probabilidad de que contin\u00faen las lluvias y tormentas hacia el fin de semana.<br \/>\nSe hizo un llamado a la ciudadan\u00eda a estar pendientes de los reportes climatol\u00f3gicos y reforzar las medidas preventivas como limpieza de alcantarillas, drenajes y cunetas, impermeabilizar techados y despejarlos de objetos pesados o que puedan ser desplazados por el viento.<\/p>\n","protected":false},"excerpt":{"rendered":"<p>&nbsp; La Unidad Municipal de Protecci\u00f3n Civil (UMPC) del Ayuntamiento de C\u00f3rdoba inform\u00f3 que la lluvia registrada esta madrugada ocasion\u00f3 deslaves, anegaciones y afectaciones menores en casas particulares, por lo que dos personas solicitaron ser trasladadas a un albergue temporal, y se efectuaron acciones preventivas en diferentes puntos del municipio. \u00a0La UMPC atendi\u00f3 cuatro reportes [&hellip;]<\/p>\n","protected":false},"author":2,"featured_media":0,"comment_status":"open","ping_status":"open","sticky":false,"template":"","format":"standard","meta":{"tdm_status":"","tdm_grid_status":"","footnotes":""},"categories":[73],"tags":[21069,919,7641,21070,19433,17387],"class_list":{"0":"post-60659","1":"post","2":"type-post","3":"status-publish","4":"format-standard","6":"category-de-boleto","7":"tag-corte-circulacion-vehicular","8":"tag-desarrollo-urbano","9":"tag-leticia-lopez-landero","10":"tag-obras-publicas-del-ayuntamiento","11":"tag-umpc","12":"tag-unidad-municipal-de-proteccion-civil"},"yoast_head":"<!-- This site is optimized with the Yoast SEO plugin v27.4 - https:\/\/yoast.com\/product\/yoast-seo-wordpress\/ -->\n<title>Alerta permanente... por si las lluvias! - Los pol\u00edticos Veracruz<\/title>\n<meta name=\"robots\" content=\"index, follow, max-snippet:-1, max-image-preview:large, max-video-preview:-1\" \/>\n<link rel=\"canonical\" href=\"https:\/\/lospoliticosveracruz.com\/?p=60659\" \/>\n<meta property=\"og:locale\" content=\"es_ES\" \/>\n<meta property=\"og:type\" content=\"article\" \/>\n<meta property=\"og:title\" content=\"Alerta permanente... por si las lluvias! - Los pol\u00edticos Veracruz\" \/>\n<meta property=\"og:description\" content=\"&nbsp; La Unidad Municipal de Protecci\u00f3n Civil (UMPC) del Ayuntamiento de C\u00f3rdoba inform\u00f3 que la lluvia registrada esta madrugada ocasion\u00f3 deslaves, anegaciones y afectaciones menores en casas particulares, por lo que dos personas solicitaron ser trasladadas a un albergue temporal, y se efectuaron acciones preventivas en diferentes puntos del municipio. \u00a0La UMPC atendi\u00f3 cuatro reportes [&hellip;]\" \/>\n<meta property=\"og:url\" content=\"https:\/\/lospoliticosveracruz.com\/?p=60659\" \/>\n<meta property=\"og:site_name\" content=\"Los pol\u00edticos Veracruz\" \/>\n<meta property=\"article:publisher\" content=\"https:\/\/www.facebook.com\/people\/Notimemes-de-los-Polticos\/61565672886568\/\" \/>\n<meta property=\"article:published_time\" content=\"2020-09-10T20:15:39+00:00\" \/>\n<meta property=\"og:image\" content=\"https:\/\/lospoliticosveracruz.com\/wp-content\/uploads\/2016\/07\/Logo-Dor.jpg\" \/>\n\t<meta property=\"og:image:width\" content=\"200\" \/>\n\t<meta property=\"og:image:height\" content=\"200\" \/>\n\t<meta property=\"og:image:type\" content=\"image\/jpeg\" \/>\n<meta name=\"author\" content=\"Lo viste en Los Pol\u00edticos\" \/>\n<meta name=\"twitter:card\" content=\"summary_large_image\" \/>\n<meta name=\"twitter:creator\" content=\"@LosPoliticosVer\" \/>\n<meta name=\"twitter:site\" content=\"@LosPoliticosVer\" \/>\n<meta name=\"twitter:label1\" content=\"Escrito por\" \/>\n\t<meta name=\"twitter:data1\" content=\"Lo viste en Los Pol\u00edticos\" \/>\n\t<meta name=\"twitter:label2\" content=\"Tiempo de lectura\" \/>\n\t<meta name=\"twitter:data2\" content=\"2 minutos\" \/>\n<script type=\"application\/ld+json\" class=\"yoast-schema-graph\">{\"@context\":\"https:\\\/\\\/schema.org\",\"@graph\":[{\"@type\":\"Article\",\"@id\":\"https:\\\/\\\/lospoliticosveracruz.com\\\/?p=60659#article\",\"isPartOf\":{\"@id\":\"https:\\\/\\\/lospoliticosveracruz.com\\\/?p=60659\"},\"author\":{\"name\":\"Lo viste en Los Pol\u00edticos\",\"@id\":\"https:\\\/\\\/lospoliticosveracruz.com\\\/#\\\/schema\\\/person\\\/b8702bb0e538456e6efd07080bf2a4a2\"},\"headline\":\"Alerta permanente&#8230; por si las lluvias!\",\"datePublished\":\"2020-09-10T20:15:39+00:00\",\"mainEntityOfPage\":{\"@id\":\"https:\\\/\\\/lospoliticosveracruz.com\\\/?p=60659\"},\"wordCount\":420,\"commentCount\":0,\"publisher\":{\"@id\":\"https:\\\/\\\/lospoliticosveracruz.com\\\/#organization\"},\"keywords\":[\"Corte circulaci\u00f3n vehicular\",\"Desarrollo Urbano\",\"Leticia L\u00f3pez Landero\",\"Obras P\u00fablicas del Ayuntamiento\",\"UMPC\",\"Unidad Municipal de Protecci\u00f3n Civil\"],\"articleSection\":[\"De Boleto\"],\"inLanguage\":\"es\",\"potentialAction\":[{\"@type\":\"CommentAction\",\"name\":\"Comment\",\"target\":[\"https:\\\/\\\/lospoliticosveracruz.com\\\/?p=60659#respond\"]}]},{\"@type\":\"WebPage\",\"@id\":\"https:\\\/\\\/lospoliticosveracruz.com\\\/?p=60659\",\"url\":\"https:\\\/\\\/lospoliticosveracruz.com\\\/?p=60659\",\"name\":\"Alerta permanente... por si las lluvias! - Los pol\u00edticos Veracruz\",\"isPartOf\":{\"@id\":\"https:\\\/\\\/lospoliticosveracruz.com\\\/#website\"},\"datePublished\":\"2020-09-10T20:15:39+00:00\",\"breadcrumb\":{\"@id\":\"https:\\\/\\\/lospoliticosveracruz.com\\\/?p=60659#breadcrumb\"},\"inLanguage\":\"es\",\"potentialAction\":[{\"@type\":\"ReadAction\",\"target\":[\"https:\\\/\\\/lospoliticosveracruz.com\\\/?p=60659\"]}]},{\"@type\":\"BreadcrumbList\",\"@id\":\"https:\\\/\\\/lospoliticosveracruz.com\\\/?p=60659#breadcrumb\",\"itemListElement\":[{\"@type\":\"ListItem\",\"position\":1,\"name\":\"Portada\",\"item\":\"https:\\\/\\\/lospoliticosveracruz.com\\\/\"},{\"@type\":\"ListItem\",\"position\":2,\"name\":\"Alerta permanente&#8230; por si las lluvias!\"}]},{\"@type\":\"WebSite\",\"@id\":\"https:\\\/\\\/lospoliticosveracruz.com\\\/#website\",\"url\":\"https:\\\/\\\/lospoliticosveracruz.com\\\/\",\"name\":\"Los pol\u00edticos Veracruz\",\"description\":\"\",\"publisher\":{\"@id\":\"https:\\\/\\\/lospoliticosveracruz.com\\\/#organization\"},\"potentialAction\":[{\"@type\":\"SearchAction\",\"target\":{\"@type\":\"EntryPoint\",\"urlTemplate\":\"https:\\\/\\\/lospoliticosveracruz.com\\\/?s={search_term_string}\"},\"query-input\":{\"@type\":\"PropertyValueSpecification\",\"valueRequired\":true,\"valueName\":\"search_term_string\"}}],\"inLanguage\":\"es\"},{\"@type\":\"Organization\",\"@id\":\"https:\\\/\\\/lospoliticosveracruz.com\\\/#organization\",\"name\":\"Los pol\u00edticos Veracruz\",\"url\":\"https:\\\/\\\/lospoliticosveracruz.com\\\/\",\"logo\":{\"@type\":\"ImageObject\",\"inLanguage\":\"es\",\"@id\":\"https:\\\/\\\/lospoliticosveracruz.com\\\/#\\\/schema\\\/logo\\\/image\\\/\",\"url\":\"https:\\\/\\\/lospoliticosveracruz.com\\\/wp-content\\\/uploads\\\/2025\\\/12\\\/Logo-Nuevo-LOS-POLITICOS-1.jpg\",\"contentUrl\":\"https:\\\/\\\/lospoliticosveracruz.com\\\/wp-content\\\/uploads\\\/2025\\\/12\\\/Logo-Nuevo-LOS-POLITICOS-1.jpg\",\"width\":260,\"height\":70,\"caption\":\"Los pol\u00edticos Veracruz\"},\"image\":{\"@id\":\"https:\\\/\\\/lospoliticosveracruz.com\\\/#\\\/schema\\\/logo\\\/image\\\/\"},\"sameAs\":[\"https:\\\/\\\/www.facebook.com\\\/people\\\/Notimemes-de-los-Polticos\\\/61565672886568\\\/\",\"https:\\\/\\\/x.com\\\/LosPoliticosVer\"]},{\"@type\":\"Person\",\"@id\":\"https:\\\/\\\/lospoliticosveracruz.com\\\/#\\\/schema\\\/person\\\/b8702bb0e538456e6efd07080bf2a4a2\",\"name\":\"Lo viste en Los Pol\u00edticos\",\"image\":{\"@type\":\"ImageObject\",\"inLanguage\":\"es\",\"@id\":\"https:\\\/\\\/secure.gravatar.com\\\/avatar\\\/3a8de04a2656d44082be478bd6c086daa447c4651605818287b9532d3d0bd435?s=96&d=mm&r=g\",\"url\":\"https:\\\/\\\/secure.gravatar.com\\\/avatar\\\/3a8de04a2656d44082be478bd6c086daa447c4651605818287b9532d3d0bd435?s=96&d=mm&r=g\",\"contentUrl\":\"https:\\\/\\\/secure.gravatar.com\\\/avatar\\\/3a8de04a2656d44082be478bd6c086daa447c4651605818287b9532d3d0bd435?s=96&d=mm&r=g\",\"caption\":\"Lo viste en Los Pol\u00edticos\"},\"url\":\"https:\\\/\\\/lospoliticosveracruz.com\\\/?author=2\"}]}<\/script>\n<!-- \/ Yoast SEO plugin. -->","yoast_head_json":{"title":"Alerta permanente... por si las lluvias! - Los pol\u00edticos Veracruz","robots":{"index":"index","follow":"follow","max-snippet":"max-snippet:-1","max-image-preview":"max-image-preview:large","max-video-preview":"max-video-preview:-1"},"canonical":"https:\/\/lospoliticosveracruz.com\/?p=60659","og_locale":"es_ES","og_type":"article","og_title":"Alerta permanente... por si las lluvias! - Los pol\u00edticos Veracruz","og_description":"&nbsp; La Unidad Municipal de Protecci\u00f3n Civil (UMPC) del Ayuntamiento de C\u00f3rdoba inform\u00f3 que la lluvia registrada esta madrugada ocasion\u00f3 deslaves, anegaciones y afectaciones menores en casas particulares, por lo que dos personas solicitaron ser trasladadas a un albergue temporal, y se efectuaron acciones preventivas en diferentes puntos del municipio. \u00a0La UMPC atendi\u00f3 cuatro reportes [&hellip;]","og_url":"https:\/\/lospoliticosveracruz.com\/?p=60659","og_site_name":"Los pol\u00edticos Veracruz","article_publisher":"https:\/\/www.facebook.com\/people\/Notimemes-de-los-Polticos\/61565672886568\/","article_published_time":"2020-09-10T20:15:39+00:00","og_image":[{"width":200,"height":200,"url":"https:\/\/lospoliticosveracruz.com\/wp-content\/uploads\/2016\/07\/Logo-Dor.jpg","type":"image\/jpeg"}],"author":"Lo viste en Los Pol\u00edticos","twitter_card":"summary_large_image","twitter_creator":"@LosPoliticosVer","twitter_site":"@LosPoliticosVer","twitter_misc":{"Escrito por":"Lo viste en Los Pol\u00edticos","Tiempo de lectura":"2 minutos"},"schema":{"@context":"https:\/\/schema.org","@graph":[{"@type":"Article","@id":"https:\/\/lospoliticosveracruz.com\/?p=60659#article","isPartOf":{"@id":"https:\/\/lospoliticosveracruz.com\/?p=60659"},"author":{"name":"Lo viste en Los Pol\u00edticos","@id":"https:\/\/lospoliticosveracruz.com\/#\/schema\/person\/b8702bb0e538456e6efd07080bf2a4a2"},"headline":"Alerta permanente&#8230; por si las lluvias!","datePublished":"2020-09-10T20:15:39+00:00","mainEntityOfPage":{"@id":"https:\/\/lospoliticosveracruz.com\/?p=60659"},"wordCount":420,"commentCount":0,"publisher":{"@id":"https:\/\/lospoliticosveracruz.com\/#organization"},"keywords":["Corte circulaci\u00f3n vehicular","Desarrollo Urbano","Leticia L\u00f3pez Landero","Obras P\u00fablicas del Ayuntamiento","UMPC","Unidad Municipal de Protecci\u00f3n Civil"],"articleSection":["De Boleto"],"inLanguage":"es","potentialAction":[{"@type":"CommentAction","name":"Comment","target":["https:\/\/lospoliticosveracruz.com\/?p=60659#respond"]}]},{"@type":"WebPage","@id":"https:\/\/lospoliticosveracruz.com\/?p=60659","url":"https:\/\/lospoliticosveracruz.com\/?p=60659","name":"Alerta permanente... por si las lluvias! - Los pol\u00edticos Veracruz","isPartOf":{"@id":"https:\/\/lospoliticosveracruz.com\/#website"},"datePublished":"2020-09-10T20:15:39+00:00","breadcrumb":{"@id":"https:\/\/lospoliticosveracruz.com\/?p=60659#breadcrumb"},"inLanguage":"es","potentialAction":[{"@type":"ReadAction","target":["https:\/\/lospoliticosveracruz.com\/?p=60659"]}]},{"@type":"BreadcrumbList","@id":"https:\/\/lospoliticosveracruz.com\/?p=60659#breadcrumb","itemListElement":[{"@type":"ListItem","position":1,"name":"Portada","item":"https:\/\/lospoliticosveracruz.com\/"},{"@type":"ListItem","position":2,"name":"Alerta permanente&#8230; por si las lluvias!"}]},{"@type":"WebSite","@id":"https:\/\/lospoliticosveracruz.com\/#website","url":"https:\/\/lospoliticosveracruz.com\/","name":"Los pol\u00edticos Veracruz","description":"","publisher":{"@id":"https:\/\/lospoliticosveracruz.com\/#organization"},"potentialAction":[{"@type":"SearchAction","target":{"@type":"EntryPoint","urlTemplate":"https:\/\/lospoliticosveracruz.com\/?s={search_term_string}"},"query-input":{"@type":"PropertyValueSpecification","valueRequired":true,"valueName":"search_term_string"}}],"inLanguage":"es"},{"@type":"Organization","@id":"https:\/\/lospoliticosveracruz.com\/#organization","name":"Los pol\u00edticos Veracruz","url":"https:\/\/lospoliticosveracruz.com\/","logo":{"@type":"ImageObject","inLanguage":"es","@id":"https:\/\/lospoliticosveracruz.com\/#\/schema\/logo\/image\/","url":"https:\/\/lospoliticosveracruz.com\/wp-content\/uploads\/2025\/12\/Logo-Nuevo-LOS-POLITICOS-1.jpg","contentUrl":"https:\/\/lospoliticosveracruz.com\/wp-content\/uploads\/2025\/12\/Logo-Nuevo-LOS-POLITICOS-1.jpg","width":260,"height":70,"caption":"Los pol\u00edticos Veracruz"},"image":{"@id":"https:\/\/lospoliticosveracruz.com\/#\/schema\/logo\/image\/"},"sameAs":["https:\/\/www.facebook.com\/people\/Notimemes-de-los-Polticos\/61565672886568\/","https:\/\/x.com\/LosPoliticosVer"]},{"@type":"Person","@id":"https:\/\/lospoliticosveracruz.com\/#\/schema\/person\/b8702bb0e538456e6efd07080bf2a4a2","name":"Lo viste en Los Pol\u00edticos","image":{"@type":"ImageObject","inLanguage":"es","@id":"https:\/\/secure.gravatar.com\/avatar\/3a8de04a2656d44082be478bd6c086daa447c4651605818287b9532d3d0bd435?s=96&d=mm&r=g","url":"https:\/\/secure.gravatar.com\/avatar\/3a8de04a2656d44082be478bd6c086daa447c4651605818287b9532d3d0bd435?s=96&d=mm&r=g","contentUrl":"https:\/\/secure.gravatar.com\/avatar\/3a8de04a2656d44082be478bd6c086daa447c4651605818287b9532d3d0bd435?s=96&d=mm&r=g","caption":"Lo viste en Los Pol\u00edticos"},"url":"https:\/\/lospoliticosveracruz.com\/?author=2"}]}},"_links":{"self":[{"href":"https:\/\/lospoliticosveracruz.com\/index.php?rest_route=\/wp\/v2\/posts\/60659","targetHints":{"allow":["GET"]}}],"collection":[{"href":"https:\/\/lospoliticosveracruz.com\/index.php?rest_route=\/wp\/v2\/posts"}],"about":[{"href":"https:\/\/lospoliticosveracruz.com\/index.php?rest_route=\/wp\/v2\/types\/post"}],"author":[{"embeddable":true,"href":"https:\/\/lospoliticosveracruz.com\/index.php?rest_route=\/wp\/v2\/users\/2"}],"replies":[{"embeddable":true,"href":"https:\/\/lospoliticosveracruz.com\/index.php?rest_route=%2Fwp%2Fv2%2Fcomments&post=60659"}],"version-history":[{"count":1,"href":"https:\/\/lospoliticosveracruz.com\/index.php?rest_route=\/wp\/v2\/posts\/60659\/revisions"}],"predecessor-version":[{"id":60661,"href":"https:\/\/lospoliticosveracruz.com\/index.php?rest_route=\/wp\/v2\/posts\/60659\/revisions\/60661"}],"wp:attachment":[{"href":"https:\/\/lospoliticosveracruz.com\/index.php?rest_route=%2Fwp%2Fv2%2Fmedia&parent=60659"}],"wp:term":[{"taxonomy":"category","embeddable":true,"href":"https:\/\/lospoliticosveracruz.com\/index.php?rest_route=%2Fwp%2Fv2%2Fcategories&post=60659"},{"taxonomy":"post_tag","embeddable":true,"href":"https:\/\/lospoliticosveracruz.com\/index.php?rest_route=%2Fwp%2Fv2%2Ftags&post=60659"}],"curies":[{"name":"wp","href":"https:\/\/api.w.org\/{rel}","templated":true}]}}