{"id":60675,"date":"2020-09-10T23:14:23","date_gmt":"2020-09-11T04:14:23","guid":{"rendered":"http:\/\/www.lospoliticosveracruz.com.mx\/?p=60675"},"modified":"2020-09-10T23:14:59","modified_gmt":"2020-09-11T04:14:59","slug":"hacia-una-imparticion-de-justicia-moderna-y-eficaz","status":"publish","type":"post","link":"https:\/\/lospoliticosveracruz.com\/?p=60675","title":{"rendered":"Hacia una impartici\u00f3n de justicia moderna y eficaz"},"content":{"rendered":"<p><strong>Felipe de Jes\u00fas Fern\u00e1ndez Basilio<\/strong><br \/>\n<em>Desde A Janela<\/em><\/p>\n<p>&nbsp;<\/p>\n<p>Como consecuencia de la cultura del terror que se manifest\u00f3 a ra\u00edz de la pandemia que todav\u00eda est\u00e1 presente en el mundo, muchas cosas cambiaron y aunque la mayor\u00eda fueron para mal debido al terrorismo medi\u00e1tico, es preciso reconocer que algunas lo hicieron para mejorar.<br \/>\nY es que los grandes cambios, sobre todos los tecnol\u00f3gicos, siempre han estado ligados a eventos traum\u00e1ticos principalmente a las guerras y en segundo lugar a eventos naturales como el que estamos viviendo.<br \/>\nNo hay que olvidar que los caminos se desarrollaron y luego modernizaron para movilizar tropas m\u00e1s r\u00e1pido, lo mismo sucedi\u00f3 con el ferrocarril, con los barcos y hasta la aviaci\u00f3n que conocemos hoy en d\u00eda tiene un origen militar.<br \/>\nCon la tecnolog\u00eda de las comunicaciones pas\u00f3 algo similar, la internet surgi\u00f3 como un modo de comunicaci\u00f3n militar al igual que en su momento lo hicieron los tel\u00e9grafos y las frecuencias radiales y todos los medios de comunicaci\u00f3n que les antecedieron.<br \/>\nPues de esa misma manera, en gran parte del mundo e incluso de nuestro pa\u00eds la evoluci\u00f3n en la impartici\u00f3n de justicia es ya una realidad y la justicia electr\u00f3nica est\u00e1 llegando para quedarse.<br \/>\nComo sucedi\u00f3 en muchas de las tecnolog\u00edas que se mencionaron al principio, la justicia electr\u00f3nica tuvo una fase experimental lenta y aletargada, tan solo en nuestro pa\u00eds algunos procesos administrativos se llevaban de esa manera y de manera muy relegada los amparos.<br \/>\nDigo que muy relegada porque, aunque ya llevaba el juicio de amparo en versi\u00f3n electr\u00f3nica casi tres cuartos de d\u00e9cada, la realidad es que ni autoridades ni litigantes se lo tomaron muy en serio y tan es as\u00ed que aunque desde 2013 exist\u00edan las firmas electr\u00f3nicas en el Poder Judicial de la Federaci\u00f3n, hasta relativamente hace poco tiempo se pudieron utilizar.<br \/>\nSin embargo, lleg\u00f3 la pandemia y despu\u00e9s de una desorganizaci\u00f3n como de tres meses, la impartici\u00f3n de justicia en el fuero federal se volc\u00f3 totalmente hacia la justicia en versi\u00f3n digital e incluso ahora revocan domicilios f\u00edsicos cuando se autoriza una cuenta electr\u00f3nica para recibir notificaciones y ya es innecesario consular f\u00edsicamente los expedientes, porque los mismo est\u00e1n \u00edntegramente disponibles en cualquier ordenador, incluyendo escritos de las partes.<br \/>\nComo consecuencia de ese cambio, ya no se necesita acudir al \u00f3rgano jurisdiccional casi para nada ni mucho menos pedir copias ni simples ni certificadas de cualquier resoluci\u00f3n o constancia de un expediente, debido a que las mismas llegan autentificadas con la firma electr\u00f3nica del funcionario que las emiti\u00f3 a la cuenta de usuario del abogado que est\u00e9 a cargo del asunto.<br \/>\nTan solo con eso es f\u00e1cil darse cuenta del ahorro de tiempo, recursos naturales (papel) y econ\u00f3micos que la impartici\u00f3n de justicia representa tanto para los justiciables como para sus abogados y para el Estado y ya sin mencionar que la justicia se vuelve a impartir en los tiempos legales.<br \/>\nPero mientras tanto \u00bfQu\u00e9 sucede en Veracruz?, la respuesta es nada, porque aqu\u00ed ni a los legisladores ni a los juzgadores les interesa el justiciable y lo \u00fanico que han atinado a hacer es crear una simulaci\u00f3n jur\u00eddica en la que se aparenta que abogados y jueces trabajan sin resolver de fondo el problema de los justiciables.<br \/>\nY es que hay una gradual apertura para recibir todo tipo de escritos (eso s\u00ed impresos), publicar sentencias y autos incluso con el sentido que tienen \u00e9stos pero sin correr t\u00e9rminos procesales; lo cual da como resultado que tanto abogados como servidores p\u00fablicos de los \u00f3rganos jurisdiccionales hagan de cuenta que trabajan pero al no correr t\u00e9rminos procesales ninguna resoluci\u00f3n llegar\u00e1 a ser eficaz, puesto que carecer\u00e1 de la firmeza necesaria para exigir su cumplimiento, en pocas palabras la justicia no se imparte.<br \/>\nPero lo que m\u00e1s llama la atenci\u00f3n es que casi nadie clama por digitalizar la impartici\u00f3n de justicia en el Estado, no se molesta ni a diputados ni a magistrados y ninguno de esos actores dice o propone algo al respecto y solamente est\u00e1n apoltronados en sus c\u00f3modos sillones esperando a que la pandemia ceda y mientras tanto cobran sus jugosos emolumentos.<br \/>\nEs decir que por su cortedad de miras solamente est\u00e1n esperando a que se acabe la pandemia y alg\u00fan d\u00eda volver a abrir como antes, cuando la realidad es que las cosas ya cambiaron y mucho ya que no sabemos cu\u00e1ndo dejar\u00e1 de ser peligrosa la pandemia o si vendr\u00e1n otras mutaciones de la misma que obliguen a cerrar nuevamente las actividades.<br \/>\nPor ello lo que se deber\u00eda ya de pensar y con urgencia no es en lo que ya pas\u00f3, sino en que eso mismo ya no vuelva a ocurrir y para ello lo que se necesita es legislar y aplicar la justicia digital en todos los juicios que a la fecha son escritos, porque aparte de las bondades que en p\u00e1rrafos anteriores se mencionaron, la impartici\u00f3n de justicia no se ver\u00eda seriamente afectada por otro cierre de actividades.<br \/>\nAunado a que mucha de la peque\u00f1a corrupci\u00f3n (aclaro que al decir peque\u00f1a no me refiero a su tama\u00f1o que no lo es tanto sino a que se da en los eslabones m\u00e1s bajos del aparato judicial como lo son los escribientes) que hoy en d\u00eda existe en los juzgados, con la implementaci\u00f3n y operaci\u00f3n de expedientes digitales ser\u00eda pr\u00e1cticamente erradicada.<br \/>\nY este \u00faltimo punto debe de ser muy relevante para la mayor\u00eda legislativa que hoy por hoy existe en el Congreso de Veracruz, ya que un d\u00eda s\u00ed y otro tambi\u00e9n dicen que su objetivo principal es extirpar la corrupci\u00f3n que viene desde el pasado, aqu\u00ed tienen una verdadera oportunidad se\u00f1ores legisladores.<br \/>\nY si los legisladores o los magistrados (algunos muy estudiosos, por cierto) no lo hacen, ya es tiempo de construir una iniciativa ciudadana para modernizar verdaderamente a la justicia veracruzana.<br \/>\nLlevamos medio a\u00f1o sin impartici\u00f3n de justicia, \u00bfCu\u00e1nto tiempo m\u00e1s acumularemos con este problema?<br \/>\nfelfebas@gmail.com<br \/>\nTwitter: @FelipeFBasilio<\/p>\n","protected":false},"excerpt":{"rendered":"<p>Felipe de Jes\u00fas Fern\u00e1ndez Basilio Desde A Janela &nbsp; Como consecuencia de la cultura del terror que se manifest\u00f3 a ra\u00edz de la pandemia que todav\u00eda est\u00e1 presente en el mundo, muchas cosas cambiaron y aunque la mayor\u00eda fueron para mal debido al terrorismo medi\u00e1tico, es preciso reconocer que algunas lo hicieron para mejorar. Y [&hellip;]<\/p>\n","protected":false},"author":2,"featured_media":0,"comment_status":"open","ping_status":"open","sticky":false,"template":"","format":"standard","meta":{"tdm_status":"","tdm_grid_status":"","footnotes":""},"categories":[70],"tags":[393,21081,12710,21080,21083,17766,16929,82,195],"class_list":{"0":"post-60675","1":"post","2":"type-post","3":"status-publish","4":"format-standard","6":"category-de-opinion","7":"tag-congreso-de-veracruz","8":"tag-digitalizar-la-imparticion-de-justicia","9":"tag-felipe-de-jesus-fernandez-basilio","10":"tag-firmas-electronicas","11":"tag-justicia-veracruzana","12":"tag-juzgados","13":"tag-pandemia","14":"tag-poder-judicial","15":"tag-veracruz"},"yoast_head":"<!-- This site is optimized with the Yoast SEO plugin v27.4 - https:\/\/yoast.com\/product\/yoast-seo-wordpress\/ -->\n<title>Hacia una impartici\u00f3n de justicia moderna y eficaz - Los pol\u00edticos Veracruz<\/title>\n<meta name=\"robots\" content=\"index, follow, max-snippet:-1, max-image-preview:large, max-video-preview:-1\" \/>\n<link rel=\"canonical\" href=\"https:\/\/lospoliticosveracruz.com\/?p=60675\" \/>\n<meta property=\"og:locale\" content=\"es_ES\" \/>\n<meta property=\"og:type\" content=\"article\" \/>\n<meta property=\"og:title\" content=\"Hacia una impartici\u00f3n de justicia moderna y eficaz - Los pol\u00edticos Veracruz\" \/>\n<meta property=\"og:description\" content=\"Felipe de Jes\u00fas Fern\u00e1ndez Basilio Desde A Janela &nbsp; Como consecuencia de la cultura del terror que se manifest\u00f3 a ra\u00edz de la pandemia que todav\u00eda est\u00e1 presente en el mundo, muchas cosas cambiaron y aunque la mayor\u00eda fueron para mal debido al terrorismo medi\u00e1tico, es preciso reconocer que algunas lo hicieron para mejorar. Y [&hellip;]\" \/>\n<meta property=\"og:url\" content=\"https:\/\/lospoliticosveracruz.com\/?p=60675\" \/>\n<meta property=\"og:site_name\" content=\"Los pol\u00edticos Veracruz\" \/>\n<meta property=\"article:publisher\" content=\"https:\/\/www.facebook.com\/people\/Notimemes-de-los-Polticos\/61565672886568\/\" \/>\n<meta property=\"article:published_time\" content=\"2020-09-11T04:14:23+00:00\" \/>\n<meta property=\"article:modified_time\" content=\"2020-09-11T04:14:59+00:00\" \/>\n<meta property=\"og:image\" content=\"https:\/\/lospoliticosveracruz.com\/wp-content\/uploads\/2016\/07\/Logo-Dor.jpg\" \/>\n\t<meta property=\"og:image:width\" content=\"200\" \/>\n\t<meta property=\"og:image:height\" content=\"200\" \/>\n\t<meta property=\"og:image:type\" content=\"image\/jpeg\" \/>\n<meta name=\"author\" content=\"Lo viste en Los Pol\u00edticos\" \/>\n<meta name=\"twitter:card\" content=\"summary_large_image\" \/>\n<meta name=\"twitter:creator\" content=\"@LosPoliticosVer\" \/>\n<meta name=\"twitter:site\" content=\"@LosPoliticosVer\" \/>\n<meta name=\"twitter:label1\" content=\"Escrito por\" \/>\n\t<meta name=\"twitter:data1\" content=\"Lo viste en Los Pol\u00edticos\" \/>\n\t<meta name=\"twitter:label2\" content=\"Tiempo de lectura\" \/>\n\t<meta name=\"twitter:data2\" content=\"5 minutos\" \/>\n<script type=\"application\/ld+json\" class=\"yoast-schema-graph\">{\"@context\":\"https:\\\/\\\/schema.org\",\"@graph\":[{\"@type\":\"Article\",\"@id\":\"https:\\\/\\\/lospoliticosveracruz.com\\\/?p=60675#article\",\"isPartOf\":{\"@id\":\"https:\\\/\\\/lospoliticosveracruz.com\\\/?p=60675\"},\"author\":{\"name\":\"Lo viste en Los Pol\u00edticos\",\"@id\":\"https:\\\/\\\/lospoliticosveracruz.com\\\/#\\\/schema\\\/person\\\/b8702bb0e538456e6efd07080bf2a4a2\"},\"headline\":\"Hacia una impartici\u00f3n de justicia moderna y eficaz\",\"datePublished\":\"2020-09-11T04:14:23+00:00\",\"dateModified\":\"2020-09-11T04:14:59+00:00\",\"mainEntityOfPage\":{\"@id\":\"https:\\\/\\\/lospoliticosveracruz.com\\\/?p=60675\"},\"wordCount\":1077,\"commentCount\":0,\"publisher\":{\"@id\":\"https:\\\/\\\/lospoliticosveracruz.com\\\/#organization\"},\"keywords\":[\"Congreso de Veracruz\",\"Digitalizar la impartici\u00f3n de justicia\",\"Felipe de Jes\u00fas Fern\u00e1ndez Basilio\",\"Firmas electr\u00f3nicas\",\"Justicia veracruzana\",\"juzgados\",\"pandemia\",\"Poder Judicial\",\"Veracruz\"],\"articleSection\":[\"De Opini\u00f3n\"],\"inLanguage\":\"es\",\"potentialAction\":[{\"@type\":\"CommentAction\",\"name\":\"Comment\",\"target\":[\"https:\\\/\\\/lospoliticosveracruz.com\\\/?p=60675#respond\"]}]},{\"@type\":\"WebPage\",\"@id\":\"https:\\\/\\\/lospoliticosveracruz.com\\\/?p=60675\",\"url\":\"https:\\\/\\\/lospoliticosveracruz.com\\\/?p=60675\",\"name\":\"Hacia una impartici\u00f3n de justicia moderna y eficaz - Los pol\u00edticos Veracruz\",\"isPartOf\":{\"@id\":\"https:\\\/\\\/lospoliticosveracruz.com\\\/#website\"},\"datePublished\":\"2020-09-11T04:14:23+00:00\",\"dateModified\":\"2020-09-11T04:14:59+00:00\",\"breadcrumb\":{\"@id\":\"https:\\\/\\\/lospoliticosveracruz.com\\\/?p=60675#breadcrumb\"},\"inLanguage\":\"es\",\"potentialAction\":[{\"@type\":\"ReadAction\",\"target\":[\"https:\\\/\\\/lospoliticosveracruz.com\\\/?p=60675\"]}]},{\"@type\":\"BreadcrumbList\",\"@id\":\"https:\\\/\\\/lospoliticosveracruz.com\\\/?p=60675#breadcrumb\",\"itemListElement\":[{\"@type\":\"ListItem\",\"position\":1,\"name\":\"Portada\",\"item\":\"https:\\\/\\\/lospoliticosveracruz.com\\\/\"},{\"@type\":\"ListItem\",\"position\":2,\"name\":\"Hacia una impartici\u00f3n de justicia moderna y eficaz\"}]},{\"@type\":\"WebSite\",\"@id\":\"https:\\\/\\\/lospoliticosveracruz.com\\\/#website\",\"url\":\"https:\\\/\\\/lospoliticosveracruz.com\\\/\",\"name\":\"Los pol\u00edticos Veracruz\",\"description\":\"\",\"publisher\":{\"@id\":\"https:\\\/\\\/lospoliticosveracruz.com\\\/#organization\"},\"potentialAction\":[{\"@type\":\"SearchAction\",\"target\":{\"@type\":\"EntryPoint\",\"urlTemplate\":\"https:\\\/\\\/lospoliticosveracruz.com\\\/?s={search_term_string}\"},\"query-input\":{\"@type\":\"PropertyValueSpecification\",\"valueRequired\":true,\"valueName\":\"search_term_string\"}}],\"inLanguage\":\"es\"},{\"@type\":\"Organization\",\"@id\":\"https:\\\/\\\/lospoliticosveracruz.com\\\/#organization\",\"name\":\"Los pol\u00edticos Veracruz\",\"url\":\"https:\\\/\\\/lospoliticosveracruz.com\\\/\",\"logo\":{\"@type\":\"ImageObject\",\"inLanguage\":\"es\",\"@id\":\"https:\\\/\\\/lospoliticosveracruz.com\\\/#\\\/schema\\\/logo\\\/image\\\/\",\"url\":\"https:\\\/\\\/lospoliticosveracruz.com\\\/wp-content\\\/uploads\\\/2025\\\/12\\\/Logo-Nuevo-LOS-POLITICOS-1.jpg\",\"contentUrl\":\"https:\\\/\\\/lospoliticosveracruz.com\\\/wp-content\\\/uploads\\\/2025\\\/12\\\/Logo-Nuevo-LOS-POLITICOS-1.jpg\",\"width\":260,\"height\":70,\"caption\":\"Los pol\u00edticos Veracruz\"},\"image\":{\"@id\":\"https:\\\/\\\/lospoliticosveracruz.com\\\/#\\\/schema\\\/logo\\\/image\\\/\"},\"sameAs\":[\"https:\\\/\\\/www.facebook.com\\\/people\\\/Notimemes-de-los-Polticos\\\/61565672886568\\\/\",\"https:\\\/\\\/x.com\\\/LosPoliticosVer\"]},{\"@type\":\"Person\",\"@id\":\"https:\\\/\\\/lospoliticosveracruz.com\\\/#\\\/schema\\\/person\\\/b8702bb0e538456e6efd07080bf2a4a2\",\"name\":\"Lo viste en Los Pol\u00edticos\",\"image\":{\"@type\":\"ImageObject\",\"inLanguage\":\"es\",\"@id\":\"https:\\\/\\\/secure.gravatar.com\\\/avatar\\\/3a8de04a2656d44082be478bd6c086daa447c4651605818287b9532d3d0bd435?s=96&d=mm&r=g\",\"url\":\"https:\\\/\\\/secure.gravatar.com\\\/avatar\\\/3a8de04a2656d44082be478bd6c086daa447c4651605818287b9532d3d0bd435?s=96&d=mm&r=g\",\"contentUrl\":\"https:\\\/\\\/secure.gravatar.com\\\/avatar\\\/3a8de04a2656d44082be478bd6c086daa447c4651605818287b9532d3d0bd435?s=96&d=mm&r=g\",\"caption\":\"Lo viste en Los Pol\u00edticos\"},\"url\":\"https:\\\/\\\/lospoliticosveracruz.com\\\/?author=2\"}]}<\/script>\n<!-- \/ Yoast SEO plugin. -->","yoast_head_json":{"title":"Hacia una impartici\u00f3n de justicia moderna y eficaz - Los pol\u00edticos Veracruz","robots":{"index":"index","follow":"follow","max-snippet":"max-snippet:-1","max-image-preview":"max-image-preview:large","max-video-preview":"max-video-preview:-1"},"canonical":"https:\/\/lospoliticosveracruz.com\/?p=60675","og_locale":"es_ES","og_type":"article","og_title":"Hacia una impartici\u00f3n de justicia moderna y eficaz - Los pol\u00edticos Veracruz","og_description":"Felipe de Jes\u00fas Fern\u00e1ndez Basilio Desde A Janela &nbsp; Como consecuencia de la cultura del terror que se manifest\u00f3 a ra\u00edz de la pandemia que todav\u00eda est\u00e1 presente en el mundo, muchas cosas cambiaron y aunque la mayor\u00eda fueron para mal debido al terrorismo medi\u00e1tico, es preciso reconocer que algunas lo hicieron para mejorar. Y [&hellip;]","og_url":"https:\/\/lospoliticosveracruz.com\/?p=60675","og_site_name":"Los pol\u00edticos Veracruz","article_publisher":"https:\/\/www.facebook.com\/people\/Notimemes-de-los-Polticos\/61565672886568\/","article_published_time":"2020-09-11T04:14:23+00:00","article_modified_time":"2020-09-11T04:14:59+00:00","og_image":[{"width":200,"height":200,"url":"https:\/\/lospoliticosveracruz.com\/wp-content\/uploads\/2016\/07\/Logo-Dor.jpg","type":"image\/jpeg"}],"author":"Lo viste en Los Pol\u00edticos","twitter_card":"summary_large_image","twitter_creator":"@LosPoliticosVer","twitter_site":"@LosPoliticosVer","twitter_misc":{"Escrito por":"Lo viste en Los Pol\u00edticos","Tiempo de lectura":"5 minutos"},"schema":{"@context":"https:\/\/schema.org","@graph":[{"@type":"Article","@id":"https:\/\/lospoliticosveracruz.com\/?p=60675#article","isPartOf":{"@id":"https:\/\/lospoliticosveracruz.com\/?p=60675"},"author":{"name":"Lo viste en Los Pol\u00edticos","@id":"https:\/\/lospoliticosveracruz.com\/#\/schema\/person\/b8702bb0e538456e6efd07080bf2a4a2"},"headline":"Hacia una impartici\u00f3n de justicia moderna y eficaz","datePublished":"2020-09-11T04:14:23+00:00","dateModified":"2020-09-11T04:14:59+00:00","mainEntityOfPage":{"@id":"https:\/\/lospoliticosveracruz.com\/?p=60675"},"wordCount":1077,"commentCount":0,"publisher":{"@id":"https:\/\/lospoliticosveracruz.com\/#organization"},"keywords":["Congreso de Veracruz","Digitalizar la impartici\u00f3n de justicia","Felipe de Jes\u00fas Fern\u00e1ndez Basilio","Firmas electr\u00f3nicas","Justicia veracruzana","juzgados","pandemia","Poder Judicial","Veracruz"],"articleSection":["De Opini\u00f3n"],"inLanguage":"es","potentialAction":[{"@type":"CommentAction","name":"Comment","target":["https:\/\/lospoliticosveracruz.com\/?p=60675#respond"]}]},{"@type":"WebPage","@id":"https:\/\/lospoliticosveracruz.com\/?p=60675","url":"https:\/\/lospoliticosveracruz.com\/?p=60675","name":"Hacia una impartici\u00f3n de justicia moderna y eficaz - Los pol\u00edticos Veracruz","isPartOf":{"@id":"https:\/\/lospoliticosveracruz.com\/#website"},"datePublished":"2020-09-11T04:14:23+00:00","dateModified":"2020-09-11T04:14:59+00:00","breadcrumb":{"@id":"https:\/\/lospoliticosveracruz.com\/?p=60675#breadcrumb"},"inLanguage":"es","potentialAction":[{"@type":"ReadAction","target":["https:\/\/lospoliticosveracruz.com\/?p=60675"]}]},{"@type":"BreadcrumbList","@id":"https:\/\/lospoliticosveracruz.com\/?p=60675#breadcrumb","itemListElement":[{"@type":"ListItem","position":1,"name":"Portada","item":"https:\/\/lospoliticosveracruz.com\/"},{"@type":"ListItem","position":2,"name":"Hacia una impartici\u00f3n de justicia moderna y eficaz"}]},{"@type":"WebSite","@id":"https:\/\/lospoliticosveracruz.com\/#website","url":"https:\/\/lospoliticosveracruz.com\/","name":"Los pol\u00edticos Veracruz","description":"","publisher":{"@id":"https:\/\/lospoliticosveracruz.com\/#organization"},"potentialAction":[{"@type":"SearchAction","target":{"@type":"EntryPoint","urlTemplate":"https:\/\/lospoliticosveracruz.com\/?s={search_term_string}"},"query-input":{"@type":"PropertyValueSpecification","valueRequired":true,"valueName":"search_term_string"}}],"inLanguage":"es"},{"@type":"Organization","@id":"https:\/\/lospoliticosveracruz.com\/#organization","name":"Los pol\u00edticos Veracruz","url":"https:\/\/lospoliticosveracruz.com\/","logo":{"@type":"ImageObject","inLanguage":"es","@id":"https:\/\/lospoliticosveracruz.com\/#\/schema\/logo\/image\/","url":"https:\/\/lospoliticosveracruz.com\/wp-content\/uploads\/2025\/12\/Logo-Nuevo-LOS-POLITICOS-1.jpg","contentUrl":"https:\/\/lospoliticosveracruz.com\/wp-content\/uploads\/2025\/12\/Logo-Nuevo-LOS-POLITICOS-1.jpg","width":260,"height":70,"caption":"Los pol\u00edticos Veracruz"},"image":{"@id":"https:\/\/lospoliticosveracruz.com\/#\/schema\/logo\/image\/"},"sameAs":["https:\/\/www.facebook.com\/people\/Notimemes-de-los-Polticos\/61565672886568\/","https:\/\/x.com\/LosPoliticosVer"]},{"@type":"Person","@id":"https:\/\/lospoliticosveracruz.com\/#\/schema\/person\/b8702bb0e538456e6efd07080bf2a4a2","name":"Lo viste en Los Pol\u00edticos","image":{"@type":"ImageObject","inLanguage":"es","@id":"https:\/\/secure.gravatar.com\/avatar\/3a8de04a2656d44082be478bd6c086daa447c4651605818287b9532d3d0bd435?s=96&d=mm&r=g","url":"https:\/\/secure.gravatar.com\/avatar\/3a8de04a2656d44082be478bd6c086daa447c4651605818287b9532d3d0bd435?s=96&d=mm&r=g","contentUrl":"https:\/\/secure.gravatar.com\/avatar\/3a8de04a2656d44082be478bd6c086daa447c4651605818287b9532d3d0bd435?s=96&d=mm&r=g","caption":"Lo viste en Los Pol\u00edticos"},"url":"https:\/\/lospoliticosveracruz.com\/?author=2"}]}},"_links":{"self":[{"href":"https:\/\/lospoliticosveracruz.com\/index.php?rest_route=\/wp\/v2\/posts\/60675","targetHints":{"allow":["GET"]}}],"collection":[{"href":"https:\/\/lospoliticosveracruz.com\/index.php?rest_route=\/wp\/v2\/posts"}],"about":[{"href":"https:\/\/lospoliticosveracruz.com\/index.php?rest_route=\/wp\/v2\/types\/post"}],"author":[{"embeddable":true,"href":"https:\/\/lospoliticosveracruz.com\/index.php?rest_route=\/wp\/v2\/users\/2"}],"replies":[{"embeddable":true,"href":"https:\/\/lospoliticosveracruz.com\/index.php?rest_route=%2Fwp%2Fv2%2Fcomments&post=60675"}],"version-history":[{"count":1,"href":"https:\/\/lospoliticosveracruz.com\/index.php?rest_route=\/wp\/v2\/posts\/60675\/revisions"}],"predecessor-version":[{"id":60676,"href":"https:\/\/lospoliticosveracruz.com\/index.php?rest_route=\/wp\/v2\/posts\/60675\/revisions\/60676"}],"wp:attachment":[{"href":"https:\/\/lospoliticosveracruz.com\/index.php?rest_route=%2Fwp%2Fv2%2Fmedia&parent=60675"}],"wp:term":[{"taxonomy":"category","embeddable":true,"href":"https:\/\/lospoliticosveracruz.com\/index.php?rest_route=%2Fwp%2Fv2%2Fcategories&post=60675"},{"taxonomy":"post_tag","embeddable":true,"href":"https:\/\/lospoliticosveracruz.com\/index.php?rest_route=%2Fwp%2Fv2%2Ftags&post=60675"}],"curies":[{"name":"wp","href":"https:\/\/api.w.org\/{rel}","templated":true}]}}