{"id":60766,"date":"2020-09-13T10:52:57","date_gmt":"2020-09-13T15:52:57","guid":{"rendered":"http:\/\/www.lospoliticosveracruz.com.mx\/?p=60766"},"modified":"2020-09-13T10:53:59","modified_gmt":"2020-09-13T15:53:59","slug":"cuic-embarcado-por-attolini","status":"publish","type":"post","link":"https:\/\/lospoliticosveracruz.com\/?p=60766","title":{"rendered":"Cuic, embarcado por Attolini"},"content":{"rendered":"<p><strong>Ricardo Ch\u00faa<\/strong><\/p>\n<p><em>Sale y Vale<\/em><\/p>\n<p>OJO&#8230; La t\u00e1ctica de David Velasco Chedraui ocupada en Xalapa para unir a grupos empresariales y hombres de dinero de Veracruz&#8230; Para buscar hacer un frente contra MORENA para las elecciones del 2021&#8230; Llevando a \u00abricos y sabrosos\u00bb como los aspirantes de partidos de oposici\u00f3n o en alianza opositora para alcald\u00edas y diputaciones locales, ya est\u00e1n rindiendo \u00abfrutos\u00bb&#8230; Ya se est\u00e1 dando un caso similar en MInatitlan&#8230; Donde ese grupo de empresarios impulsan a Nicol\u00e1s Ruiz, por el PAN&#8230; Un personaje muy \u00abpesudo\u00bb de la regi\u00f3n&#8230;<br \/>\n<a href=\"https:\/\/www.facebook.com\/notaria61veracruz\/\"><img decoding=\"async\" src=\"http:\/\/www.lospoliticosveracruz.com.mx\/wp-content\/uploads\/2020\/07\/CINTILLO-Armando.jpg\" alt=\"\" \/><\/a><\/p>\n<p>Todo parece indicar, que as\u00ed como David Velasco podr\u00eda ir por el PRD a la alcald\u00eda de Xalapa&#8230; Nicol\u00e1s Ruiz lo har\u00eda por MInatitl\u00e1n, es un empresario ligado a los Yunes azules en la regi\u00f3n&#8230; Y si las cosas no cambian, en Orizaba, se vislumbra, que de nuevo podr\u00eda repetir, el famoso \u00abEmperador\u00bb, Juan Manuel D\u00edez Francos&#8230; Mientras por C\u00f3rdoba, hay la posibilidad, que impulsen al empresario, Arcadio Andrade&#8230; El apellido lo dice todo, por las famosas cafeter\u00edas en Veracruz&#8230; Que tambi\u00e9n se anda moviendo en la ciudad de \u00abLos 30 Caballeros\u00bb&#8230;<\/p>\n<p>De esa manera, se vendr\u00eda orquestando un movimiento pol\u00edtico-empresarial en Veracruz.. Obvio fuera de MORENA, pero dentro de la alianza opositora para presentarle a la ciudadan\u00eda caras que han dado resultado (Orizaba de D\u00edez Francos) y personajes que son la de iniciativa privada, pero que est\u00e1n viendo que no hay un gobierno para todos&#8230; S\u00f3lo para unos cuantos&#8230; Por eso, los \u00abricos y sabrosos\u00bb se van a presentar como una opci\u00f3n ciudadana, inmersos en la alianza PRI-PAN-PRD&#8230; Hagan sus apuestas&#8230;Y Juan Jos\u00e9 Sierra Alvarez&#8230; \u00bfNo juega?&#8230;<\/p>\n<p>MORALMENTE DERROTADO&#8230; Qui\u00e9n le haya pedido a Antonio Attolini que hablara bien del gobernador, Cuitl\u00e1huac Garc\u00eda Jim\u00e9nez, en su visita a Veracruz, este s\u00e1bado por la ma\u00f1ana, d\u00e1ndole para arriba&#8230; Es su enemigo o peor a\u00fan que Atolinni lo haya hecho por cuenta propia&#8230; En vez de ensalzar, le \u00abmeti\u00f3 el pie\u00bb&#8230; Lo repetimos, Cuitl\u00e1huac se hab\u00eda mantenido alejado del tema de la lucha por la dirigencia nacional de MORENA&#8230; Ni en s\u00e1bado o domingos, d\u00edas inh\u00e1biles, se hab\u00eda pronunciado por nadie&#8230; Y viene este cuate y lo embarca&#8230; Pa ayuda&#8230;<\/p>\n<p>Sobre todo ahora que Cuitl\u00e1huac est\u00e1 a la vista de todos, por ser uno de los 6 gobernadores del pa\u00eds, que salieron de MORENA y que se supone quieren hacer las cosas distintas al PRI, PAN o PRD, y no meterse en estos procesos internos de su partido, para que la \u00absangre no les llegue al r\u00edo\u00bb&#8230; Viene a Atolinni y lo mete en el proceso.. \u00abHablando\u00bb bien de \u00e9l, cuando un d\u00eda anterior, Alejandro Rojas D\u00edaz Dur\u00e1n, lo hab\u00eda fustigado&#8230; Y ahora este lo defiende&#8230;\u00bfQu\u00e9 necesidad?&#8230;<\/p>\n<p>En este momento, los gobernadores de MORENA est\u00e1n m\u00e1s \u00abendebles\u00bb que nunca porque son los mandatarios de L\u00f3pez Obrador&#8230; Cualquier falla, a nivel nacional resalta y las cobran&#8230; Todos se han mantenido callados, sobre el asunto de la dirigencia nacional y no han creado conflictos&#8230; Pero si los comienzan a inmiscuirlos, los saldos no saldr\u00e1n buenos para ellos&#8230; Ya son gobierno&#8230; As\u00ed que Atolinni no le hizo un gran favor a Cuitl\u00e1huac, s\u00f3lo le dio \u00abcarne fresca\u00bb a sus detractores&#8230; Qui\u00e9n lo mand\u00f3&#8230;<\/p>\n<p>Adem\u00e1s la figura de Atolinni, no es la del 2018, un cr\u00edtico y luchador social&#8230; Ahora s\u00f3lo se ve como un \u00abaplaudidor\u00bb de la 4T&#8230; Que lo metieron a la competencia en la dirigencia nacional de MORENA para hacer \u00abbulto\u00bb y sin posibilidad&#8230; S\u00f3lo hay que ver su visita a Xalapa, pas\u00f3 desapercibida&#8230;. El ex funcionario del IMSS parec\u00eda \u00abpol\u00edtico en desgracia\u00bb&#8230; Ya ni siquiera a los de su movimiento social mueve, ahora no tiene de otra que volver hacer lo mismo: Aplaudir&#8230; Pero con su fama, un respaldo de Atolinni, ya parece \u00abEl beso del Diablo\u00bb&#8230;<\/p>\n<p>EL DILEMA&#8230; \u00bfQu\u00e9 hacer?&#8230; Dejar que la pandemia sanitaria del Coronavirus tenga a todos en casa y resguardo para bajar los \u00edndices de contagio o empezar la reapertura comercial en todos los puntos de Veracruz para evitar, la m\u00e1s severa crisis econ\u00f3mica de la historia en la entidad&#8230; \u00bfQu\u00e9 hacer?&#8230; Ese debe ser el dilema del gobierno estatal y municipales de Veracruz&#8230; Ya que no hay para cuando se encuentre una vacuna para este mal, al menos, este a\u00f1o&#8230; Y ya la DEPRESI\u00d3N ECON\u00d3MICA se est\u00e1 dejando sentir en serio en el Estado&#8230;<\/p>\n<p>Una crisis de esta magnitud no la resiste nadie&#8230; Ni Trump con todo el poder\u00edo econ\u00f3mico, ni Europa donde los contagios de nuevo est\u00e1n a la alza en algunas regiones de ese continente&#8230; Menos un gobierno como el de L\u00f3pez Obrador, tan aceptado hace 2 a\u00f1os y ahora con una popularidad a medias&#8230; As\u00ed que esta disyuntiva la tendr\u00e1n que resolver y pronto&#8230; La sociedad no puede estar m\u00e1s en sus hogares, urge la reactivaci\u00f3n econ\u00f3mica sino nos lleva el rancho en Chiapas de Andr\u00e9s Manuel&#8230; La resistencia de \u00abQu\u00e9date en casa\u00bb, ya no funciona&#8230;<\/p>\n<p>Al gobernador Cuitl\u00e1huac Garc\u00eda no le queda de otra que reunirse con todos los alcaldes de la entidad&#8230; Los que les cae bien, los que les cae mal y a quienes no hace caso o no \u00abpela\u00bb como se dice en Veracruz&#8230; Tienen que establecer alg\u00fan tipo de medida de \u00abrescate\u00bb para la reactivaci\u00f3n econ\u00f3mica, buscando cuidar la salud de los veracruzanos&#8230; Ya que en caso contrario, los primeros reclamos ser\u00e1n para los alcaldes, pero despu\u00e9s todos apuntar\u00edan al Gobierno del Estado y eso ser\u00eda un caos&#8230; La cosa ya est\u00e1 que \u00abarde\u00bb en materia econ\u00f3mica&#8230;<\/p>\n<p>Estas reuniones donde se tomen acuerdos son m\u00e1s que necesarias en estos dos niveles de gobierno: Estatal y municipal&#8230; La sociedad est\u00e1 muy desesperada por la recesi\u00f3n econ\u00f3mica que se vive y no ven para cuando saldr\u00e1n&#8230; Aqu\u00ed se trata de beneficiar a la ciudadana&#8230; Y no que el gobernador se ponga hacer amigo de alcaldes, con los cuales no se lleva&#8230; Lo importante es que, por ejemplo, junto con Fernando Yunes intente sacar de \u00absem\u00e1foro rojo\u00bb al puerto de Veracruz&#8230; Y que ese acuerdo, no les produzca urticaria a ambos..<\/p>\n<p>Es hora que todos los pol\u00edticos&#8230; No importa el partido que militen&#8230; Lleguen a un consenso estatal de las acciones necesarias para intentar detener los contagios, que ahora que se acerca la temporada invernal, no se vaya a presentar un \u00abrebrote\u00bb de casos y sobre todo que la reactivaci\u00f3n econ\u00f3mica se pueda dar antes de que llegue diciembre&#8230; Sino muchas familias no tendr\u00e1n un \u00abbuen\u00bb fin de a\u00f1o&#8230; Es momento de convertirse en estadistas, las elecciones son en el 2021&#8230; Y si contin\u00faan as\u00ed&#8230; Hay que ver si llegan&#8230; De ellos depende.. AMEN&#8230;<\/p>\n","protected":false},"excerpt":{"rendered":"<p>Ricardo Ch\u00faa Sale y Vale OJO&#8230; La t\u00e1ctica de David Velasco Chedraui ocupada en Xalapa para unir a grupos empresariales y hombres de dinero de Veracruz&#8230; Para buscar hacer un frente contra MORENA para las elecciones del 2021&#8230; Llevando a \u00abricos y sabrosos\u00bb como los aspirantes de partidos de oposici\u00f3n o en alianza opositora para [&hellip;]<\/p>\n","protected":false},"author":2,"featured_media":0,"comment_status":"open","ping_status":"open","sticky":false,"template":"","format":"standard","meta":{"tdm_status":"","tdm_grid_status":"","footnotes":""},"categories":[70],"tags":[1563,407,11467,1640,373,1026,7684,13604,96],"class_list":{"0":"post-60766","1":"post","2":"type-post","3":"status-publish","4":"format-standard","6":"category-de-opinion","7":"tag-cuitlahuac-garcia-jimenez","8":"tag-david-velasco-chedraui","9":"tag-juan-jose-sierra-alvarez","10":"tag-juan-manuel-diez-francos","11":"tag-minatitlan","12":"tag-morena","13":"tag-nicolas-ruiz-rosete","14":"tag-ricardo-chua","15":"tag-xalapa"},"yoast_head":"<!-- This site is optimized with the Yoast SEO plugin v27.4 - https:\/\/yoast.com\/product\/yoast-seo-wordpress\/ -->\n<title>Cuic, embarcado por Attolini - Los pol\u00edticos Veracruz<\/title>\n<meta name=\"robots\" content=\"index, follow, max-snippet:-1, max-image-preview:large, max-video-preview:-1\" \/>\n<link rel=\"canonical\" href=\"https:\/\/lospoliticosveracruz.com\/?p=60766\" \/>\n<meta property=\"og:locale\" content=\"es_ES\" \/>\n<meta property=\"og:type\" content=\"article\" \/>\n<meta property=\"og:title\" content=\"Cuic, embarcado por Attolini - Los pol\u00edticos Veracruz\" \/>\n<meta property=\"og:description\" content=\"Ricardo Ch\u00faa Sale y Vale OJO&#8230; La t\u00e1ctica de David Velasco Chedraui ocupada en Xalapa para unir a grupos empresariales y hombres de dinero de Veracruz&#8230; Para buscar hacer un frente contra MORENA para las elecciones del 2021&#8230; Llevando a \u00abricos y sabrosos\u00bb como los aspirantes de partidos de oposici\u00f3n o en alianza opositora para [&hellip;]\" \/>\n<meta property=\"og:url\" content=\"https:\/\/lospoliticosveracruz.com\/?p=60766\" \/>\n<meta property=\"og:site_name\" content=\"Los pol\u00edticos Veracruz\" \/>\n<meta property=\"article:publisher\" content=\"https:\/\/www.facebook.com\/people\/Notimemes-de-los-Polticos\/61565672886568\/\" \/>\n<meta property=\"article:published_time\" content=\"2020-09-13T15:52:57+00:00\" \/>\n<meta property=\"article:modified_time\" content=\"2020-09-13T15:53:59+00:00\" \/>\n<meta property=\"og:image\" content=\"http:\/\/www.lospoliticosveracruz.com.mx\/wp-content\/uploads\/2020\/07\/CINTILLO-Armando.jpg\" \/>\n<meta name=\"author\" content=\"Lo viste en Los Pol\u00edticos\" \/>\n<meta name=\"twitter:card\" content=\"summary_large_image\" \/>\n<meta name=\"twitter:creator\" content=\"@LosPoliticosVer\" \/>\n<meta name=\"twitter:site\" content=\"@LosPoliticosVer\" \/>\n<meta name=\"twitter:label1\" content=\"Escrito por\" \/>\n\t<meta name=\"twitter:data1\" content=\"Lo viste en Los Pol\u00edticos\" \/>\n\t<meta name=\"twitter:label2\" content=\"Tiempo de lectura\" \/>\n\t<meta name=\"twitter:data2\" content=\"6 minutos\" \/>\n<script type=\"application\/ld+json\" class=\"yoast-schema-graph\">{\"@context\":\"https:\\\/\\\/schema.org\",\"@graph\":[{\"@type\":\"Article\",\"@id\":\"https:\\\/\\\/lospoliticosveracruz.com\\\/?p=60766#article\",\"isPartOf\":{\"@id\":\"https:\\\/\\\/lospoliticosveracruz.com\\\/?p=60766\"},\"author\":{\"name\":\"Lo viste en Los Pol\u00edticos\",\"@id\":\"https:\\\/\\\/lospoliticosveracruz.com\\\/#\\\/schema\\\/person\\\/b8702bb0e538456e6efd07080bf2a4a2\"},\"headline\":\"Cuic, embarcado por Attolini\",\"datePublished\":\"2020-09-13T15:52:57+00:00\",\"dateModified\":\"2020-09-13T15:53:59+00:00\",\"mainEntityOfPage\":{\"@id\":\"https:\\\/\\\/lospoliticosveracruz.com\\\/?p=60766\"},\"wordCount\":1191,\"commentCount\":0,\"publisher\":{\"@id\":\"https:\\\/\\\/lospoliticosveracruz.com\\\/#organization\"},\"image\":{\"@id\":\"https:\\\/\\\/lospoliticosveracruz.com\\\/?p=60766#primaryimage\"},\"thumbnailUrl\":\"http:\\\/\\\/www.lospoliticosveracruz.com.mx\\\/wp-content\\\/uploads\\\/2020\\\/07\\\/CINTILLO-Armando.jpg\",\"keywords\":[\"Cuitl\u00e1huac Garc\u00eda Jim\u00e9nez\",\"David Velasco Chedraui\",\"Juan Jos\u00e9 Sierra \u00c1lvarez\",\"Juan Manuel Diez Francos\",\"Minatitl\u00e1n\",\"Morena\",\"Nicol\u00e1s Ruiz Rosete\",\"Ricardo Ch\u00faa\",\"Xalapa\"],\"articleSection\":[\"De Opini\u00f3n\"],\"inLanguage\":\"es\",\"potentialAction\":[{\"@type\":\"CommentAction\",\"name\":\"Comment\",\"target\":[\"https:\\\/\\\/lospoliticosveracruz.com\\\/?p=60766#respond\"]}]},{\"@type\":\"WebPage\",\"@id\":\"https:\\\/\\\/lospoliticosveracruz.com\\\/?p=60766\",\"url\":\"https:\\\/\\\/lospoliticosveracruz.com\\\/?p=60766\",\"name\":\"Cuic, embarcado por Attolini - Los pol\u00edticos Veracruz\",\"isPartOf\":{\"@id\":\"https:\\\/\\\/lospoliticosveracruz.com\\\/#website\"},\"primaryImageOfPage\":{\"@id\":\"https:\\\/\\\/lospoliticosveracruz.com\\\/?p=60766#primaryimage\"},\"image\":{\"@id\":\"https:\\\/\\\/lospoliticosveracruz.com\\\/?p=60766#primaryimage\"},\"thumbnailUrl\":\"http:\\\/\\\/www.lospoliticosveracruz.com.mx\\\/wp-content\\\/uploads\\\/2020\\\/07\\\/CINTILLO-Armando.jpg\",\"datePublished\":\"2020-09-13T15:52:57+00:00\",\"dateModified\":\"2020-09-13T15:53:59+00:00\",\"breadcrumb\":{\"@id\":\"https:\\\/\\\/lospoliticosveracruz.com\\\/?p=60766#breadcrumb\"},\"inLanguage\":\"es\",\"potentialAction\":[{\"@type\":\"ReadAction\",\"target\":[\"https:\\\/\\\/lospoliticosveracruz.com\\\/?p=60766\"]}]},{\"@type\":\"ImageObject\",\"inLanguage\":\"es\",\"@id\":\"https:\\\/\\\/lospoliticosveracruz.com\\\/?p=60766#primaryimage\",\"url\":\"http:\\\/\\\/www.lospoliticosveracruz.com.mx\\\/wp-content\\\/uploads\\\/2020\\\/07\\\/CINTILLO-Armando.jpg\",\"contentUrl\":\"http:\\\/\\\/www.lospoliticosveracruz.com.mx\\\/wp-content\\\/uploads\\\/2020\\\/07\\\/CINTILLO-Armando.jpg\"},{\"@type\":\"BreadcrumbList\",\"@id\":\"https:\\\/\\\/lospoliticosveracruz.com\\\/?p=60766#breadcrumb\",\"itemListElement\":[{\"@type\":\"ListItem\",\"position\":1,\"name\":\"Portada\",\"item\":\"https:\\\/\\\/lospoliticosveracruz.com\\\/\"},{\"@type\":\"ListItem\",\"position\":2,\"name\":\"Cuic, embarcado por Attolini\"}]},{\"@type\":\"WebSite\",\"@id\":\"https:\\\/\\\/lospoliticosveracruz.com\\\/#website\",\"url\":\"https:\\\/\\\/lospoliticosveracruz.com\\\/\",\"name\":\"Los pol\u00edticos Veracruz\",\"description\":\"\",\"publisher\":{\"@id\":\"https:\\\/\\\/lospoliticosveracruz.com\\\/#organization\"},\"potentialAction\":[{\"@type\":\"SearchAction\",\"target\":{\"@type\":\"EntryPoint\",\"urlTemplate\":\"https:\\\/\\\/lospoliticosveracruz.com\\\/?s={search_term_string}\"},\"query-input\":{\"@type\":\"PropertyValueSpecification\",\"valueRequired\":true,\"valueName\":\"search_term_string\"}}],\"inLanguage\":\"es\"},{\"@type\":\"Organization\",\"@id\":\"https:\\\/\\\/lospoliticosveracruz.com\\\/#organization\",\"name\":\"Los pol\u00edticos Veracruz\",\"url\":\"https:\\\/\\\/lospoliticosveracruz.com\\\/\",\"logo\":{\"@type\":\"ImageObject\",\"inLanguage\":\"es\",\"@id\":\"https:\\\/\\\/lospoliticosveracruz.com\\\/#\\\/schema\\\/logo\\\/image\\\/\",\"url\":\"https:\\\/\\\/lospoliticosveracruz.com\\\/wp-content\\\/uploads\\\/2025\\\/12\\\/Logo-Nuevo-LOS-POLITICOS-1.jpg\",\"contentUrl\":\"https:\\\/\\\/lospoliticosveracruz.com\\\/wp-content\\\/uploads\\\/2025\\\/12\\\/Logo-Nuevo-LOS-POLITICOS-1.jpg\",\"width\":260,\"height\":70,\"caption\":\"Los pol\u00edticos Veracruz\"},\"image\":{\"@id\":\"https:\\\/\\\/lospoliticosveracruz.com\\\/#\\\/schema\\\/logo\\\/image\\\/\"},\"sameAs\":[\"https:\\\/\\\/www.facebook.com\\\/people\\\/Notimemes-de-los-Polticos\\\/61565672886568\\\/\",\"https:\\\/\\\/x.com\\\/LosPoliticosVer\"]},{\"@type\":\"Person\",\"@id\":\"https:\\\/\\\/lospoliticosveracruz.com\\\/#\\\/schema\\\/person\\\/b8702bb0e538456e6efd07080bf2a4a2\",\"name\":\"Lo viste en Los Pol\u00edticos\",\"image\":{\"@type\":\"ImageObject\",\"inLanguage\":\"es\",\"@id\":\"https:\\\/\\\/secure.gravatar.com\\\/avatar\\\/3a8de04a2656d44082be478bd6c086daa447c4651605818287b9532d3d0bd435?s=96&d=mm&r=g\",\"url\":\"https:\\\/\\\/secure.gravatar.com\\\/avatar\\\/3a8de04a2656d44082be478bd6c086daa447c4651605818287b9532d3d0bd435?s=96&d=mm&r=g\",\"contentUrl\":\"https:\\\/\\\/secure.gravatar.com\\\/avatar\\\/3a8de04a2656d44082be478bd6c086daa447c4651605818287b9532d3d0bd435?s=96&d=mm&r=g\",\"caption\":\"Lo viste en Los Pol\u00edticos\"},\"url\":\"https:\\\/\\\/lospoliticosveracruz.com\\\/?author=2\"}]}<\/script>\n<!-- \/ Yoast SEO plugin. -->","yoast_head_json":{"title":"Cuic, embarcado por Attolini - Los pol\u00edticos Veracruz","robots":{"index":"index","follow":"follow","max-snippet":"max-snippet:-1","max-image-preview":"max-image-preview:large","max-video-preview":"max-video-preview:-1"},"canonical":"https:\/\/lospoliticosveracruz.com\/?p=60766","og_locale":"es_ES","og_type":"article","og_title":"Cuic, embarcado por Attolini - Los pol\u00edticos Veracruz","og_description":"Ricardo Ch\u00faa Sale y Vale OJO&#8230; La t\u00e1ctica de David Velasco Chedraui ocupada en Xalapa para unir a grupos empresariales y hombres de dinero de Veracruz&#8230; Para buscar hacer un frente contra MORENA para las elecciones del 2021&#8230; Llevando a \u00abricos y sabrosos\u00bb como los aspirantes de partidos de oposici\u00f3n o en alianza opositora para [&hellip;]","og_url":"https:\/\/lospoliticosveracruz.com\/?p=60766","og_site_name":"Los pol\u00edticos Veracruz","article_publisher":"https:\/\/www.facebook.com\/people\/Notimemes-de-los-Polticos\/61565672886568\/","article_published_time":"2020-09-13T15:52:57+00:00","article_modified_time":"2020-09-13T15:53:59+00:00","og_image":[{"url":"http:\/\/www.lospoliticosveracruz.com.mx\/wp-content\/uploads\/2020\/07\/CINTILLO-Armando.jpg","type":"","width":"","height":""}],"author":"Lo viste en Los Pol\u00edticos","twitter_card":"summary_large_image","twitter_creator":"@LosPoliticosVer","twitter_site":"@LosPoliticosVer","twitter_misc":{"Escrito por":"Lo viste en Los Pol\u00edticos","Tiempo de lectura":"6 minutos"},"schema":{"@context":"https:\/\/schema.org","@graph":[{"@type":"Article","@id":"https:\/\/lospoliticosveracruz.com\/?p=60766#article","isPartOf":{"@id":"https:\/\/lospoliticosveracruz.com\/?p=60766"},"author":{"name":"Lo viste en Los Pol\u00edticos","@id":"https:\/\/lospoliticosveracruz.com\/#\/schema\/person\/b8702bb0e538456e6efd07080bf2a4a2"},"headline":"Cuic, embarcado por Attolini","datePublished":"2020-09-13T15:52:57+00:00","dateModified":"2020-09-13T15:53:59+00:00","mainEntityOfPage":{"@id":"https:\/\/lospoliticosveracruz.com\/?p=60766"},"wordCount":1191,"commentCount":0,"publisher":{"@id":"https:\/\/lospoliticosveracruz.com\/#organization"},"image":{"@id":"https:\/\/lospoliticosveracruz.com\/?p=60766#primaryimage"},"thumbnailUrl":"http:\/\/www.lospoliticosveracruz.com.mx\/wp-content\/uploads\/2020\/07\/CINTILLO-Armando.jpg","keywords":["Cuitl\u00e1huac Garc\u00eda Jim\u00e9nez","David Velasco Chedraui","Juan Jos\u00e9 Sierra \u00c1lvarez","Juan Manuel Diez Francos","Minatitl\u00e1n","Morena","Nicol\u00e1s Ruiz Rosete","Ricardo Ch\u00faa","Xalapa"],"articleSection":["De Opini\u00f3n"],"inLanguage":"es","potentialAction":[{"@type":"CommentAction","name":"Comment","target":["https:\/\/lospoliticosveracruz.com\/?p=60766#respond"]}]},{"@type":"WebPage","@id":"https:\/\/lospoliticosveracruz.com\/?p=60766","url":"https:\/\/lospoliticosveracruz.com\/?p=60766","name":"Cuic, embarcado por Attolini - Los pol\u00edticos Veracruz","isPartOf":{"@id":"https:\/\/lospoliticosveracruz.com\/#website"},"primaryImageOfPage":{"@id":"https:\/\/lospoliticosveracruz.com\/?p=60766#primaryimage"},"image":{"@id":"https:\/\/lospoliticosveracruz.com\/?p=60766#primaryimage"},"thumbnailUrl":"http:\/\/www.lospoliticosveracruz.com.mx\/wp-content\/uploads\/2020\/07\/CINTILLO-Armando.jpg","datePublished":"2020-09-13T15:52:57+00:00","dateModified":"2020-09-13T15:53:59+00:00","breadcrumb":{"@id":"https:\/\/lospoliticosveracruz.com\/?p=60766#breadcrumb"},"inLanguage":"es","potentialAction":[{"@type":"ReadAction","target":["https:\/\/lospoliticosveracruz.com\/?p=60766"]}]},{"@type":"ImageObject","inLanguage":"es","@id":"https:\/\/lospoliticosveracruz.com\/?p=60766#primaryimage","url":"http:\/\/www.lospoliticosveracruz.com.mx\/wp-content\/uploads\/2020\/07\/CINTILLO-Armando.jpg","contentUrl":"http:\/\/www.lospoliticosveracruz.com.mx\/wp-content\/uploads\/2020\/07\/CINTILLO-Armando.jpg"},{"@type":"BreadcrumbList","@id":"https:\/\/lospoliticosveracruz.com\/?p=60766#breadcrumb","itemListElement":[{"@type":"ListItem","position":1,"name":"Portada","item":"https:\/\/lospoliticosveracruz.com\/"},{"@type":"ListItem","position":2,"name":"Cuic, embarcado por Attolini"}]},{"@type":"WebSite","@id":"https:\/\/lospoliticosveracruz.com\/#website","url":"https:\/\/lospoliticosveracruz.com\/","name":"Los pol\u00edticos Veracruz","description":"","publisher":{"@id":"https:\/\/lospoliticosveracruz.com\/#organization"},"potentialAction":[{"@type":"SearchAction","target":{"@type":"EntryPoint","urlTemplate":"https:\/\/lospoliticosveracruz.com\/?s={search_term_string}"},"query-input":{"@type":"PropertyValueSpecification","valueRequired":true,"valueName":"search_term_string"}}],"inLanguage":"es"},{"@type":"Organization","@id":"https:\/\/lospoliticosveracruz.com\/#organization","name":"Los pol\u00edticos Veracruz","url":"https:\/\/lospoliticosveracruz.com\/","logo":{"@type":"ImageObject","inLanguage":"es","@id":"https:\/\/lospoliticosveracruz.com\/#\/schema\/logo\/image\/","url":"https:\/\/lospoliticosveracruz.com\/wp-content\/uploads\/2025\/12\/Logo-Nuevo-LOS-POLITICOS-1.jpg","contentUrl":"https:\/\/lospoliticosveracruz.com\/wp-content\/uploads\/2025\/12\/Logo-Nuevo-LOS-POLITICOS-1.jpg","width":260,"height":70,"caption":"Los pol\u00edticos Veracruz"},"image":{"@id":"https:\/\/lospoliticosveracruz.com\/#\/schema\/logo\/image\/"},"sameAs":["https:\/\/www.facebook.com\/people\/Notimemes-de-los-Polticos\/61565672886568\/","https:\/\/x.com\/LosPoliticosVer"]},{"@type":"Person","@id":"https:\/\/lospoliticosveracruz.com\/#\/schema\/person\/b8702bb0e538456e6efd07080bf2a4a2","name":"Lo viste en Los Pol\u00edticos","image":{"@type":"ImageObject","inLanguage":"es","@id":"https:\/\/secure.gravatar.com\/avatar\/3a8de04a2656d44082be478bd6c086daa447c4651605818287b9532d3d0bd435?s=96&d=mm&r=g","url":"https:\/\/secure.gravatar.com\/avatar\/3a8de04a2656d44082be478bd6c086daa447c4651605818287b9532d3d0bd435?s=96&d=mm&r=g","contentUrl":"https:\/\/secure.gravatar.com\/avatar\/3a8de04a2656d44082be478bd6c086daa447c4651605818287b9532d3d0bd435?s=96&d=mm&r=g","caption":"Lo viste en Los Pol\u00edticos"},"url":"https:\/\/lospoliticosveracruz.com\/?author=2"}]}},"_links":{"self":[{"href":"https:\/\/lospoliticosveracruz.com\/index.php?rest_route=\/wp\/v2\/posts\/60766","targetHints":{"allow":["GET"]}}],"collection":[{"href":"https:\/\/lospoliticosveracruz.com\/index.php?rest_route=\/wp\/v2\/posts"}],"about":[{"href":"https:\/\/lospoliticosveracruz.com\/index.php?rest_route=\/wp\/v2\/types\/post"}],"author":[{"embeddable":true,"href":"https:\/\/lospoliticosveracruz.com\/index.php?rest_route=\/wp\/v2\/users\/2"}],"replies":[{"embeddable":true,"href":"https:\/\/lospoliticosveracruz.com\/index.php?rest_route=%2Fwp%2Fv2%2Fcomments&post=60766"}],"version-history":[{"count":2,"href":"https:\/\/lospoliticosveracruz.com\/index.php?rest_route=\/wp\/v2\/posts\/60766\/revisions"}],"predecessor-version":[{"id":60769,"href":"https:\/\/lospoliticosveracruz.com\/index.php?rest_route=\/wp\/v2\/posts\/60766\/revisions\/60769"}],"wp:attachment":[{"href":"https:\/\/lospoliticosveracruz.com\/index.php?rest_route=%2Fwp%2Fv2%2Fmedia&parent=60766"}],"wp:term":[{"taxonomy":"category","embeddable":true,"href":"https:\/\/lospoliticosveracruz.com\/index.php?rest_route=%2Fwp%2Fv2%2Fcategories&post=60766"},{"taxonomy":"post_tag","embeddable":true,"href":"https:\/\/lospoliticosveracruz.com\/index.php?rest_route=%2Fwp%2Fv2%2Ftags&post=60766"}],"curies":[{"name":"wp","href":"https:\/\/api.w.org\/{rel}","templated":true}]}}