{"id":60811,"date":"2020-09-13T19:57:44","date_gmt":"2020-09-14T00:57:44","guid":{"rendered":"http:\/\/www.lospoliticosveracruz.com.mx\/?p=60811"},"modified":"2020-09-13T19:57:44","modified_gmt":"2020-09-14T00:57:44","slug":"discurso-de-amlo-contrario-al-presupuesto-dunyaska","status":"publish","type":"post","link":"https:\/\/lospoliticosveracruz.com\/?p=60811","title":{"rendered":"Discurso de AMLO, contrario al Presupuesto: Dunyaska"},"content":{"rendered":"<p>La Diputada Federal por el Distrito XII de Veracruz, Mariana Dunyaska Garc\u00eda Rojas, critic\u00f3 la asignaci\u00f3n de recursos propuestas por la Secretar\u00eda de Hacienda y Cr\u00e9dito P\u00fablico, se\u00f1alando el desplazo de recursos rumbo a las Obras Prioritarias del Presidente:<\/p>\n<p>\u201cM\u00e9xico est\u00e1 en llamas por la inseguridad incontrolable con m\u00e1s de 60,000 muertos por que el presidente no tiene una estrategia, para despues desaparecer 4mil mdp del FORTASEG que dotaba de recursos de seguridad a los municipios. Pero decide invertir 36mil mdp en el Tren Maya como motor tur\u00edstico, a pesar de no tener estudios de impacto ambiental ni plan ejecutivo, mientras que pa\u00edses como EUA, mandan advertencias para que sus turistas no visiten M\u00e9xico por la inseguridad rampante.\u201d<\/p>\n<p>\u201cAs\u00ed como este ejemplo, hay cientos de incongruencias entre el presupuesto y el discurso presidencial. La educaci\u00f3n no es prioridad, Eliminan recursos para Escuelas de Tiempo Completo (5mil mdp), Excelencia educativa (1,039mdp), Atenci\u00f3n Educativa a la Poblaci\u00f3n Migrante (92.5mdp), Fromaci\u00f3n y Certificaci\u00f3n para el Trabajo (3,656mdp), Seguro M\u00e9dico Siglo XXI (1,984mdp), Programa de Salud y Bienestar Comunitario (77mdp), Operativos de Prevenci\u00f3n y Disuasi\u00f3n del Delito (25mil mdp), entre muchos otros programas, mientras decide invertir 102mil mdp del presupuesto en Santa Luc\u00eda, Dos Bocas y el Tren Maya, que carecen de estudios de impacto ambiental, proyecto ejecutivo, certidumbre financiera y que incluso no ver\u00e1n la luz en en este sexenio\u201d<\/p>\n<p>La diputada federal agreg\u00f3 que la situaci\u00f3n presupuestaria en Veracruz representa recortes alarmantes: se olvida de los pueblos originarios, del campo, de la salud,de la gran necesidad de infraestructura, y lo peor de la seguridad p\u00fablica mientras Veracruz encabeza los secuestros y es segundo lugar nacional en Feminicidios.<br \/>\n\u201cEl presupuesto tiene una reducci\u00f3n para el Estado del 7%, que contiene recortes preocupantes como la desaparici\u00f3n del Ramo de Protecci\u00f3n Social de la Salud (2,736mdp), el Programa de Aseguramiento Agropecuario (14.4mdp), Programa de Derechos Ind\u00edgenas (7.8mdp, Programa para el Fortalecimiento Econ\u00f3mico de los Pueblos y Comunidades Ind\u00edgenas (34.7mdp), Apoyo a la Educaci\u00f3n indigena (25mdp), Infraestructura de Seguridad P\u00fablica (62.2mdp), Reconstrucci\u00f3n y Conservaci\u00f3n de Carreteras (489.3mdp) Rehabilitaci\u00f3n y Modernizaci\u00f3n de Presas (49.8mdp), entre otros.\u201d<\/p>\n<p>Mariana Dunyaska termina haciendo un se\u00f1alamiento al Gobernador Cuitl\u00e1huac Garc\u00eda Jim\u00e9nez: \u201cLos servidores p\u00fablicos somos electos por y para la ciudadan\u00eda que representamos, y frente al embate presupuestario contra el Estado de Veracruz, hoy debemos alzar la voz por la ciudadan\u00eda veracruzana que se ver\u00e1 afectada por estos recortes. Hago un atento y respetuoso llamado al Cuitl\u00e1huac Garc\u00eda para que exija a la federaci\u00f3n se le asignen los recursos necesarios para el Estado, recuerde gobernador que usted se debe al Pueblo de Veracruz, y no al mandato de Macuspana municipio al que por cierto le incrementa su presupuesto.\u201d<\/p>\n","protected":false},"excerpt":{"rendered":"<p>La Diputada Federal por el Distrito XII de Veracruz, Mariana Dunyaska Garc\u00eda Rojas, critic\u00f3 la asignaci\u00f3n de recursos propuestas por la Secretar\u00eda de Hacienda y Cr\u00e9dito P\u00fablico, se\u00f1alando el desplazo de recursos rumbo a las Obras Prioritarias del Presidente: \u201cM\u00e9xico est\u00e1 en llamas por la inseguridad incontrolable con m\u00e1s de 60,000 muertos por que el [&hellip;]<\/p>\n","protected":false},"author":2,"featured_media":0,"comment_status":"open","ping_status":"open","sticky":false,"template":"","format":"standard","meta":{"tdm_status":"","tdm_grid_status":"","footnotes":""},"categories":[73],"tags":[5541,12960,6605,13466,195],"class_list":{"0":"post-60811","1":"post","2":"type-post","3":"status-publish","4":"format-standard","6":"category-de-boleto","7":"tag-mariana-dunyaska-garcia-rojas","8":"tag-santa-lucia","9":"tag-secretaria-de-hacienda-y-credito-publico","10":"tag-tren-maya","11":"tag-veracruz"},"yoast_head":"<!-- This site is optimized with the Yoast SEO plugin v27.4 - https:\/\/yoast.com\/product\/yoast-seo-wordpress\/ -->\n<title>Discurso de AMLO, contrario al Presupuesto: Dunyaska - Los pol\u00edticos Veracruz<\/title>\n<meta name=\"robots\" content=\"index, follow, max-snippet:-1, max-image-preview:large, max-video-preview:-1\" \/>\n<link rel=\"canonical\" href=\"https:\/\/lospoliticosveracruz.com\/?p=60811\" \/>\n<meta property=\"og:locale\" content=\"es_ES\" \/>\n<meta property=\"og:type\" content=\"article\" \/>\n<meta property=\"og:title\" content=\"Discurso de AMLO, contrario al Presupuesto: Dunyaska - Los pol\u00edticos Veracruz\" \/>\n<meta property=\"og:description\" content=\"La Diputada Federal por el Distrito XII de Veracruz, Mariana Dunyaska Garc\u00eda Rojas, critic\u00f3 la asignaci\u00f3n de recursos propuestas por la Secretar\u00eda de Hacienda y Cr\u00e9dito P\u00fablico, se\u00f1alando el desplazo de recursos rumbo a las Obras Prioritarias del Presidente: \u201cM\u00e9xico est\u00e1 en llamas por la inseguridad incontrolable con m\u00e1s de 60,000 muertos por que el [&hellip;]\" \/>\n<meta property=\"og:url\" content=\"https:\/\/lospoliticosveracruz.com\/?p=60811\" \/>\n<meta property=\"og:site_name\" content=\"Los pol\u00edticos Veracruz\" \/>\n<meta property=\"article:publisher\" content=\"https:\/\/www.facebook.com\/people\/Notimemes-de-los-Polticos\/61565672886568\/\" \/>\n<meta property=\"article:published_time\" content=\"2020-09-14T00:57:44+00:00\" \/>\n<meta property=\"og:image\" content=\"https:\/\/lospoliticosveracruz.com\/wp-content\/uploads\/2016\/07\/Logo-Dor.jpg\" \/>\n\t<meta property=\"og:image:width\" content=\"200\" \/>\n\t<meta property=\"og:image:height\" content=\"200\" \/>\n\t<meta property=\"og:image:type\" content=\"image\/jpeg\" \/>\n<meta name=\"author\" content=\"Lo viste en Los Pol\u00edticos\" \/>\n<meta name=\"twitter:card\" content=\"summary_large_image\" \/>\n<meta name=\"twitter:creator\" content=\"@LosPoliticosVer\" \/>\n<meta name=\"twitter:site\" content=\"@LosPoliticosVer\" \/>\n<meta name=\"twitter:label1\" content=\"Escrito por\" \/>\n\t<meta name=\"twitter:data1\" content=\"Lo viste en Los Pol\u00edticos\" \/>\n\t<meta name=\"twitter:label2\" content=\"Tiempo de lectura\" \/>\n\t<meta name=\"twitter:data2\" content=\"2 minutos\" \/>\n<script type=\"application\/ld+json\" class=\"yoast-schema-graph\">{\"@context\":\"https:\\\/\\\/schema.org\",\"@graph\":[{\"@type\":\"Article\",\"@id\":\"https:\\\/\\\/lospoliticosveracruz.com\\\/?p=60811#article\",\"isPartOf\":{\"@id\":\"https:\\\/\\\/lospoliticosveracruz.com\\\/?p=60811\"},\"author\":{\"name\":\"Lo viste en Los Pol\u00edticos\",\"@id\":\"https:\\\/\\\/lospoliticosveracruz.com\\\/#\\\/schema\\\/person\\\/b8702bb0e538456e6efd07080bf2a4a2\"},\"headline\":\"Discurso de AMLO, contrario al Presupuesto: Dunyaska\",\"datePublished\":\"2020-09-14T00:57:44+00:00\",\"mainEntityOfPage\":{\"@id\":\"https:\\\/\\\/lospoliticosveracruz.com\\\/?p=60811\"},\"wordCount\":498,\"commentCount\":0,\"publisher\":{\"@id\":\"https:\\\/\\\/lospoliticosveracruz.com\\\/#organization\"},\"keywords\":[\"Mariana Dunyaska Garc\u00eda Rojas\",\"Santa Luc\u00eda\",\"Secretar\u00eda de Hacienda y Cr\u00e9dito P\u00fablico\",\"Tren Maya\",\"Veracruz\"],\"articleSection\":[\"De Boleto\"],\"inLanguage\":\"es\",\"potentialAction\":[{\"@type\":\"CommentAction\",\"name\":\"Comment\",\"target\":[\"https:\\\/\\\/lospoliticosveracruz.com\\\/?p=60811#respond\"]}]},{\"@type\":\"WebPage\",\"@id\":\"https:\\\/\\\/lospoliticosveracruz.com\\\/?p=60811\",\"url\":\"https:\\\/\\\/lospoliticosveracruz.com\\\/?p=60811\",\"name\":\"Discurso de AMLO, contrario al Presupuesto: Dunyaska - Los pol\u00edticos Veracruz\",\"isPartOf\":{\"@id\":\"https:\\\/\\\/lospoliticosveracruz.com\\\/#website\"},\"datePublished\":\"2020-09-14T00:57:44+00:00\",\"breadcrumb\":{\"@id\":\"https:\\\/\\\/lospoliticosveracruz.com\\\/?p=60811#breadcrumb\"},\"inLanguage\":\"es\",\"potentialAction\":[{\"@type\":\"ReadAction\",\"target\":[\"https:\\\/\\\/lospoliticosveracruz.com\\\/?p=60811\"]}]},{\"@type\":\"BreadcrumbList\",\"@id\":\"https:\\\/\\\/lospoliticosveracruz.com\\\/?p=60811#breadcrumb\",\"itemListElement\":[{\"@type\":\"ListItem\",\"position\":1,\"name\":\"Portada\",\"item\":\"https:\\\/\\\/lospoliticosveracruz.com\\\/\"},{\"@type\":\"ListItem\",\"position\":2,\"name\":\"Discurso de AMLO, contrario al Presupuesto: Dunyaska\"}]},{\"@type\":\"WebSite\",\"@id\":\"https:\\\/\\\/lospoliticosveracruz.com\\\/#website\",\"url\":\"https:\\\/\\\/lospoliticosveracruz.com\\\/\",\"name\":\"Los pol\u00edticos Veracruz\",\"description\":\"\",\"publisher\":{\"@id\":\"https:\\\/\\\/lospoliticosveracruz.com\\\/#organization\"},\"potentialAction\":[{\"@type\":\"SearchAction\",\"target\":{\"@type\":\"EntryPoint\",\"urlTemplate\":\"https:\\\/\\\/lospoliticosveracruz.com\\\/?s={search_term_string}\"},\"query-input\":{\"@type\":\"PropertyValueSpecification\",\"valueRequired\":true,\"valueName\":\"search_term_string\"}}],\"inLanguage\":\"es\"},{\"@type\":\"Organization\",\"@id\":\"https:\\\/\\\/lospoliticosveracruz.com\\\/#organization\",\"name\":\"Los pol\u00edticos Veracruz\",\"url\":\"https:\\\/\\\/lospoliticosveracruz.com\\\/\",\"logo\":{\"@type\":\"ImageObject\",\"inLanguage\":\"es\",\"@id\":\"https:\\\/\\\/lospoliticosveracruz.com\\\/#\\\/schema\\\/logo\\\/image\\\/\",\"url\":\"https:\\\/\\\/lospoliticosveracruz.com\\\/wp-content\\\/uploads\\\/2025\\\/12\\\/Logo-Nuevo-LOS-POLITICOS-1.jpg\",\"contentUrl\":\"https:\\\/\\\/lospoliticosveracruz.com\\\/wp-content\\\/uploads\\\/2025\\\/12\\\/Logo-Nuevo-LOS-POLITICOS-1.jpg\",\"width\":260,\"height\":70,\"caption\":\"Los pol\u00edticos Veracruz\"},\"image\":{\"@id\":\"https:\\\/\\\/lospoliticosveracruz.com\\\/#\\\/schema\\\/logo\\\/image\\\/\"},\"sameAs\":[\"https:\\\/\\\/www.facebook.com\\\/people\\\/Notimemes-de-los-Polticos\\\/61565672886568\\\/\",\"https:\\\/\\\/x.com\\\/LosPoliticosVer\"]},{\"@type\":\"Person\",\"@id\":\"https:\\\/\\\/lospoliticosveracruz.com\\\/#\\\/schema\\\/person\\\/b8702bb0e538456e6efd07080bf2a4a2\",\"name\":\"Lo viste en Los Pol\u00edticos\",\"image\":{\"@type\":\"ImageObject\",\"inLanguage\":\"es\",\"@id\":\"https:\\\/\\\/secure.gravatar.com\\\/avatar\\\/3a8de04a2656d44082be478bd6c086daa447c4651605818287b9532d3d0bd435?s=96&d=mm&r=g\",\"url\":\"https:\\\/\\\/secure.gravatar.com\\\/avatar\\\/3a8de04a2656d44082be478bd6c086daa447c4651605818287b9532d3d0bd435?s=96&d=mm&r=g\",\"contentUrl\":\"https:\\\/\\\/secure.gravatar.com\\\/avatar\\\/3a8de04a2656d44082be478bd6c086daa447c4651605818287b9532d3d0bd435?s=96&d=mm&r=g\",\"caption\":\"Lo viste en Los Pol\u00edticos\"},\"url\":\"https:\\\/\\\/lospoliticosveracruz.com\\\/?author=2\"}]}<\/script>\n<!-- \/ Yoast SEO plugin. -->","yoast_head_json":{"title":"Discurso de AMLO, contrario al Presupuesto: Dunyaska - Los pol\u00edticos Veracruz","robots":{"index":"index","follow":"follow","max-snippet":"max-snippet:-1","max-image-preview":"max-image-preview:large","max-video-preview":"max-video-preview:-1"},"canonical":"https:\/\/lospoliticosveracruz.com\/?p=60811","og_locale":"es_ES","og_type":"article","og_title":"Discurso de AMLO, contrario al Presupuesto: Dunyaska - Los pol\u00edticos Veracruz","og_description":"La Diputada Federal por el Distrito XII de Veracruz, Mariana Dunyaska Garc\u00eda Rojas, critic\u00f3 la asignaci\u00f3n de recursos propuestas por la Secretar\u00eda de Hacienda y Cr\u00e9dito P\u00fablico, se\u00f1alando el desplazo de recursos rumbo a las Obras Prioritarias del Presidente: \u201cM\u00e9xico est\u00e1 en llamas por la inseguridad incontrolable con m\u00e1s de 60,000 muertos por que el [&hellip;]","og_url":"https:\/\/lospoliticosveracruz.com\/?p=60811","og_site_name":"Los pol\u00edticos Veracruz","article_publisher":"https:\/\/www.facebook.com\/people\/Notimemes-de-los-Polticos\/61565672886568\/","article_published_time":"2020-09-14T00:57:44+00:00","og_image":[{"width":200,"height":200,"url":"https:\/\/lospoliticosveracruz.com\/wp-content\/uploads\/2016\/07\/Logo-Dor.jpg","type":"image\/jpeg"}],"author":"Lo viste en Los Pol\u00edticos","twitter_card":"summary_large_image","twitter_creator":"@LosPoliticosVer","twitter_site":"@LosPoliticosVer","twitter_misc":{"Escrito por":"Lo viste en Los Pol\u00edticos","Tiempo de lectura":"2 minutos"},"schema":{"@context":"https:\/\/schema.org","@graph":[{"@type":"Article","@id":"https:\/\/lospoliticosveracruz.com\/?p=60811#article","isPartOf":{"@id":"https:\/\/lospoliticosveracruz.com\/?p=60811"},"author":{"name":"Lo viste en Los Pol\u00edticos","@id":"https:\/\/lospoliticosveracruz.com\/#\/schema\/person\/b8702bb0e538456e6efd07080bf2a4a2"},"headline":"Discurso de AMLO, contrario al Presupuesto: Dunyaska","datePublished":"2020-09-14T00:57:44+00:00","mainEntityOfPage":{"@id":"https:\/\/lospoliticosveracruz.com\/?p=60811"},"wordCount":498,"commentCount":0,"publisher":{"@id":"https:\/\/lospoliticosveracruz.com\/#organization"},"keywords":["Mariana Dunyaska Garc\u00eda Rojas","Santa Luc\u00eda","Secretar\u00eda de Hacienda y Cr\u00e9dito P\u00fablico","Tren Maya","Veracruz"],"articleSection":["De Boleto"],"inLanguage":"es","potentialAction":[{"@type":"CommentAction","name":"Comment","target":["https:\/\/lospoliticosveracruz.com\/?p=60811#respond"]}]},{"@type":"WebPage","@id":"https:\/\/lospoliticosveracruz.com\/?p=60811","url":"https:\/\/lospoliticosveracruz.com\/?p=60811","name":"Discurso de AMLO, contrario al Presupuesto: Dunyaska - Los pol\u00edticos Veracruz","isPartOf":{"@id":"https:\/\/lospoliticosveracruz.com\/#website"},"datePublished":"2020-09-14T00:57:44+00:00","breadcrumb":{"@id":"https:\/\/lospoliticosveracruz.com\/?p=60811#breadcrumb"},"inLanguage":"es","potentialAction":[{"@type":"ReadAction","target":["https:\/\/lospoliticosveracruz.com\/?p=60811"]}]},{"@type":"BreadcrumbList","@id":"https:\/\/lospoliticosveracruz.com\/?p=60811#breadcrumb","itemListElement":[{"@type":"ListItem","position":1,"name":"Portada","item":"https:\/\/lospoliticosveracruz.com\/"},{"@type":"ListItem","position":2,"name":"Discurso de AMLO, contrario al Presupuesto: Dunyaska"}]},{"@type":"WebSite","@id":"https:\/\/lospoliticosveracruz.com\/#website","url":"https:\/\/lospoliticosveracruz.com\/","name":"Los pol\u00edticos Veracruz","description":"","publisher":{"@id":"https:\/\/lospoliticosveracruz.com\/#organization"},"potentialAction":[{"@type":"SearchAction","target":{"@type":"EntryPoint","urlTemplate":"https:\/\/lospoliticosveracruz.com\/?s={search_term_string}"},"query-input":{"@type":"PropertyValueSpecification","valueRequired":true,"valueName":"search_term_string"}}],"inLanguage":"es"},{"@type":"Organization","@id":"https:\/\/lospoliticosveracruz.com\/#organization","name":"Los pol\u00edticos Veracruz","url":"https:\/\/lospoliticosveracruz.com\/","logo":{"@type":"ImageObject","inLanguage":"es","@id":"https:\/\/lospoliticosveracruz.com\/#\/schema\/logo\/image\/","url":"https:\/\/lospoliticosveracruz.com\/wp-content\/uploads\/2025\/12\/Logo-Nuevo-LOS-POLITICOS-1.jpg","contentUrl":"https:\/\/lospoliticosveracruz.com\/wp-content\/uploads\/2025\/12\/Logo-Nuevo-LOS-POLITICOS-1.jpg","width":260,"height":70,"caption":"Los pol\u00edticos Veracruz"},"image":{"@id":"https:\/\/lospoliticosveracruz.com\/#\/schema\/logo\/image\/"},"sameAs":["https:\/\/www.facebook.com\/people\/Notimemes-de-los-Polticos\/61565672886568\/","https:\/\/x.com\/LosPoliticosVer"]},{"@type":"Person","@id":"https:\/\/lospoliticosveracruz.com\/#\/schema\/person\/b8702bb0e538456e6efd07080bf2a4a2","name":"Lo viste en Los Pol\u00edticos","image":{"@type":"ImageObject","inLanguage":"es","@id":"https:\/\/secure.gravatar.com\/avatar\/3a8de04a2656d44082be478bd6c086daa447c4651605818287b9532d3d0bd435?s=96&d=mm&r=g","url":"https:\/\/secure.gravatar.com\/avatar\/3a8de04a2656d44082be478bd6c086daa447c4651605818287b9532d3d0bd435?s=96&d=mm&r=g","contentUrl":"https:\/\/secure.gravatar.com\/avatar\/3a8de04a2656d44082be478bd6c086daa447c4651605818287b9532d3d0bd435?s=96&d=mm&r=g","caption":"Lo viste en Los Pol\u00edticos"},"url":"https:\/\/lospoliticosveracruz.com\/?author=2"}]}},"_links":{"self":[{"href":"https:\/\/lospoliticosveracruz.com\/index.php?rest_route=\/wp\/v2\/posts\/60811","targetHints":{"allow":["GET"]}}],"collection":[{"href":"https:\/\/lospoliticosveracruz.com\/index.php?rest_route=\/wp\/v2\/posts"}],"about":[{"href":"https:\/\/lospoliticosveracruz.com\/index.php?rest_route=\/wp\/v2\/types\/post"}],"author":[{"embeddable":true,"href":"https:\/\/lospoliticosveracruz.com\/index.php?rest_route=\/wp\/v2\/users\/2"}],"replies":[{"embeddable":true,"href":"https:\/\/lospoliticosveracruz.com\/index.php?rest_route=%2Fwp%2Fv2%2Fcomments&post=60811"}],"version-history":[{"count":1,"href":"https:\/\/lospoliticosveracruz.com\/index.php?rest_route=\/wp\/v2\/posts\/60811\/revisions"}],"predecessor-version":[{"id":60813,"href":"https:\/\/lospoliticosveracruz.com\/index.php?rest_route=\/wp\/v2\/posts\/60811\/revisions\/60813"}],"wp:attachment":[{"href":"https:\/\/lospoliticosveracruz.com\/index.php?rest_route=%2Fwp%2Fv2%2Fmedia&parent=60811"}],"wp:term":[{"taxonomy":"category","embeddable":true,"href":"https:\/\/lospoliticosveracruz.com\/index.php?rest_route=%2Fwp%2Fv2%2Fcategories&post=60811"},{"taxonomy":"post_tag","embeddable":true,"href":"https:\/\/lospoliticosveracruz.com\/index.php?rest_route=%2Fwp%2Fv2%2Ftags&post=60811"}],"curies":[{"name":"wp","href":"https:\/\/api.w.org\/{rel}","templated":true}]}}