{"id":60832,"date":"2020-09-14T08:52:41","date_gmt":"2020-09-14T13:52:41","guid":{"rendered":"http:\/\/www.lospoliticosveracruz.com.mx\/?p=60832"},"modified":"2020-09-14T08:53:30","modified_gmt":"2020-09-14T13:53:30","slug":"ricos-y-sabrosos-candidatos","status":"publish","type":"post","link":"https:\/\/lospoliticosveracruz.com\/?p=60832","title":{"rendered":"Ricos y sabrosos, candidatos"},"content":{"rendered":"<p><strong>Ricardo Ch\u00faa<\/strong><\/p>\n<p><em>Sale y vale<\/em><\/p>\n<p>&nbsp;<\/p>\n<p>OJO&#8230; Podemos confirmar que no habr\u00e1 sanciones de ning\u00fan tipo para ex funcionarios del gobierno de Javier Duarte en Veracruz&#8230; Para que devuelvan los presuntos recursos p\u00fablicos federales, que ejercieron durante esta administraci\u00f3n y que se supone malversaron para su beneficio o para cuestiones pol\u00edticos partidistas durante esos a\u00f1os&#8230; Obvio que la justicia les dar\u00e1 los amparos necesarios para protegerlos&#8230;. Eso ya se ve\u00eda venir&#8230;<\/p>\n<p>&nbsp;<a href=\"https:\/\/www.facebook.com\/notaria61veracruz\/\"><img decoding=\"async\" src=\"http:\/\/www.lospoliticosveracruz.com.mx\/wp-content\/uploads\/2020\/07\/CINTILLO-Armando.jpg\" alt=\"\" \/><\/a><\/p>\n<p>As\u00ed que si alg\u00fan ex funcionario del gobierno de Duarte se qued\u00f3 con algo o lo ocupo para funciones mismas de su encargo, pues, no va a pasar nada&#8230;. Olviden que regresen los miles de millones de pesos, que presuntamente se llevaron y por los cuales est\u00e1n acusados&#8230; Si fuera as\u00ed por qu\u00e9 la denuncia de los supuestos desv\u00edos de recursos federales, lo hizo el ORFIS y no la Auditor\u00eda Superior de la Federaci\u00f3n&#8230;. A poco no sab\u00edan que el ORFIS no puede auditar a un gobierno por el manejo del presupuesto federal&#8230; As\u00ed que otro con ese cuento&#8230;.<br \/>\nAqu\u00ed claramente se ve que la justicia federal y \u00f3rganos auditores en Veracruz&#8230; Est\u00e1n \u00abjugando al T\u00edo Lolo\u00bb y lo \u00fanico que hacen, es \u00abempantanar\u00bb una investigaci\u00f3n de estos hechos&#8230; Por eso, despu\u00e9s vienen las \u00absospechas\u00bb que ha se\u00f1alado el PAN&#8230; De que el gobierno de Javier Duarte apoy\u00f3 con todo a campa\u00f1as de MORENA en el pa\u00eds&#8230; Tal como lo ha denunciado el diputado federal priista, H\u00e9ctor Yunes&#8230; As\u00ed que esta \u00abcloaca\u00bb s\u00f3lo se abrir\u00e1, si Andr\u00e9s Manuel L\u00f3pez Obrador, as\u00ed lo quiere&#8230; Caso contrario&#8230; AMEN Y DIOS LOS BENDIGA&#8230;<\/p>\n<p>LA REBELI\u00d3N DE LOS RICOS&#8230; En espacios anteriores hemos tocado el tema de que fuertes y poderosos grupos empresariales en Veracruz.. Est\u00e1n conformando una \u00absociedad\u00bb pol\u00edtica tipo la \u00abCosa Nostra\u00bb para que muchos personajes emanados de este sector econ\u00f3mico y privilegiado de la poblaci\u00f3n&#8230; Sean los que encabecen como candidatos en distintos partidos de oposici\u00f3n a MORENA, los proyectos para lograr alcald\u00edas y diputaciones locales en el pr\u00f3ximo proceso electoral local&#8230;<br \/>\nLa misi\u00f3n s\u00f3lo es encabezar este proyecto con alg\u00fan partido con los cuales se sientan identificados (PRI; PAN o PRD) para lanzarse como candidatos a estos cargos de elecci\u00f3n popular&#8230; Con el compromiso, que los hombres de dinero de esta regi\u00f3n apoyen al personaje en cuesti\u00f3n para lograr el triunfo en las urnas&#8230; Haiga como haiga sido&#8230; La idea es arrebatarle el poder y control pol\u00edtico a MORENA en 2021&#8230; Ya despu\u00e9s se ver\u00e1 que pase en el 2024&#8230;. Pero la prioridad para ellos es la elecci\u00f3n del 21&#8230;<br \/>\nLos que saben del tema&#8230; Han comentado que en el PRD han dicho que si a esta propuesta de los grupos empresariales del Estado&#8230; El PRI est\u00e1 en las pl\u00e1ticas y el PAN es una disyuntiva porque nadie sabe como van actuar ante tal proyecto&#8230; El caso es que se\u00f1alan que hasta el PVEM quiere entrar a este \u00abjuego\u00bb pero como lo ven cerca de MORENA&#8230; Los empresarios est\u00e1n dici\u00e9ndole que no&#8230; Buscan ser rojos, amarillos o azules, pero nada que \u00abhuela\u00bb a guinda&#8230;.<br \/>\nLas versiones son que este asunto lo ven\u00eda permeando y dando la cara, el sobrino predilecto de los Chedrahui: David Velasco&#8230; Y como la familia estuvo de acuerdo&#8230; Ellos empezaron a acercar a personajes de mucho \u00abpe$o\u00bb &#8230; Independientemente de los amigos de David en Xalapa y en otras regiones en Veracruz&#8230; Misma situaci\u00f3n que ocurre con el grupo conocido como \u00abEl Breve Espacio\u00bb de C\u00f3rdoba, donde coinciden, los \u00abricos y sabrosos\u00bb de la regi\u00f3n y uno de los que da la cara p\u00fablicamente es Juan Manuel D\u00edez Francos&#8230;.<br \/>\nDe todos estos personajes, se dice que andan operando este nuevo \u00abgrupo pol\u00edtico\u00bb empresarial de oposici\u00f3n en Veracruz.. Que est\u00e1n extendiendo sus \u00abtent\u00e1culos\u00bb a varias regiones de la entidad con la finalidad que m\u00e1s empresarios se unan y los puedan impulsar como aspirantes a estos cargos de elecci\u00f3n popular&#8230; Y como en Veracruz hay un \u00abcaldo de cultivo\u00bb muy feroz contra MORENA, pues, no es de dudar que muchos le quieran entrar&#8230; Al final, no son pol\u00edticos, pero no quieren que el negocio pierda&#8230; LA HISTORIA CONTINUAR\u00c1&#8230;<\/p>\n<p>LO BUENO&#8230; Que gobierno estatal de MORENA y municipios veracruzanos del PAN, PRI, PRD. MC y los dem\u00e1s partidos pol\u00edticos, se han puesto de acuerdo en algo que abona a la civilidad pol\u00edtica y la salud p\u00fablica&#8230; Que el \u00abGrito\u00bb de Independencia de ma\u00f1ana martes 15 de septiembre, sea de manera virtual, que no exista concentraciones en plazas p\u00fablicas para evitar contagios del COVID-19 en estos eventos&#8230; Ya lo hab\u00edan anunciado hace d\u00edas tanto alcaldes como el gobernador, Cuitl\u00e1huac Garc\u00eda&#8230;<br \/>\nPero como andan las cosas en la pol\u00edtica veracruzana, lo dicho hoy, no se cumple ma\u00f1ana&#8230; Lo acertado fue que ya todos los anunciaron&#8230; Pero el tema primordial es que los contagios a\u00fan no bajan en la entidad aunque los fallecidos por este virus s\u00ed&#8230; El caso es que se tendr\u00e1n unas \u00abfiestas patrias\u00bb tranquilas y en casa&#8230; El coronavirus no perdona&#8230; Para que buscarle concentrando gente en un z\u00f3calo&#8230;. Bien por las autoridades estatales y municipales&#8230; Adem\u00e1s Veracruz est\u00e1 de luto&#8230; M\u00e1s de 4 mil fallecidos, lo argumentan&#8230; AMEN&#8230;<\/p>\n<p>PD&#8230; La Fiscal de Veracruz, Ver\u00f3nica Hern\u00e1ndez tiene en el caso del crimen del periodista de la zona de Tezonapa, Julio Vald\u00edvia, su \u00abprueba de fuego\u00bb&#8230; Si no lo esclarece pronto y no deja dudas en la investigaci\u00f3n&#8230; La confianza en su labor, se puede ir perdiendo&#8230; M\u00e1s cuando la hija de Mar\u00eda Elena Ferral, la periodista asesinada tambi\u00e9n este a\u00f1o en Papantla, Fernanda de Luna, ha comentado que no hay avances en la investigaci\u00f3n de la muerte de su madre&#8230; No le queda de otra a la Fiscal, que entregar buenos resultados&#8230;<br \/>\nYa que presuntamente, uno de los supuestos asesinos de Ferral, el periodista Jos\u00e9 \u00abN\u00bb, puede muy pronto abandonar la c\u00e1rcel donde est\u00e1 detenido porque las pruebas presentadas por la FGE, no est\u00e1n sustentadas para proceder en su contra por tal crimen&#8230; As\u00ed que ahora el caso de Valdivia puede ser su prueba de fuego&#8230; Hay mucha presi\u00f3n sobre la Fiscal por el tema&#8230; As\u00ed que de ella depende como se califique el resultado final&#8230; M\u00e1s que el caso de la Ferral, deja a\u00fan muchas dudas al respecto&#8230; Su suerte est\u00e1 echada&#8230;<\/p>\n","protected":false},"excerpt":{"rendered":"<p>Ricardo Ch\u00faa Sale y vale &nbsp; OJO&#8230; Podemos confirmar que no habr\u00e1 sanciones de ning\u00fan tipo para ex funcionarios del gobierno de Javier Duarte en Veracruz&#8230; Para que devuelvan los presuntos recursos p\u00fablicos federales, que ejercieron durante esta administraci\u00f3n y que se supone malversaron para su beneficio o para cuestiones pol\u00edticos partidistas durante esos a\u00f1os&#8230; [&hellip;]<\/p>\n","protected":false},"author":2,"featured_media":0,"comment_status":"open","ping_status":"open","sticky":false,"template":"","format":"standard","meta":{"tdm_status":"","tdm_grid_status":"","footnotes":""},"categories":[70],"tags":[618,1917,21185,21187,1681,1273,19335,21188,6870,7052,21184,119,162,1640,6443,1026,21186,135,266,2328,107,251,264,13604,8576,195,96],"class_list":{"0":"post-60832","1":"post","2":"type-post","3":"status-publish","4":"format-standard","6":"category-de-opinion","7":"tag-andres-manuel-lopez-obrador","8":"tag-auditoria-superior-de-la-federacion","9":"tag-chedrahui","10":"tag-coroavirus","11":"tag-cuitlahuac-garcia","12":"tag-david-velasco","13":"tag-elecciones-2021","14":"tag-fernanda-de-luna","15":"tag-fge","16":"tag-fiscal-de-veracruz","17":"tag-grupos-empresariales","18":"tag-hector-yunes","19":"tag-javier-duarte","20":"tag-juan-manuel-diez-francos","21":"tag-mc","22":"tag-morena","23":"tag-municipios-veracruzanos","24":"tag-orfis","25":"tag-pan","26":"tag-politica-veracruzana","27":"tag-prd","28":"tag-pri","29":"tag-pvem","30":"tag-ricardo-chua","31":"tag-salud-publica","32":"tag-veracruz","33":"tag-xalapa"},"yoast_head":"<!-- This site is optimized with the Yoast SEO plugin v27.4 - https:\/\/yoast.com\/product\/yoast-seo-wordpress\/ -->\n<title>Ricos y sabrosos, candidatos - Los pol\u00edticos Veracruz<\/title>\n<meta name=\"robots\" content=\"index, follow, max-snippet:-1, max-image-preview:large, max-video-preview:-1\" \/>\n<link rel=\"canonical\" href=\"https:\/\/lospoliticosveracruz.com\/?p=60832\" \/>\n<meta property=\"og:locale\" content=\"es_ES\" \/>\n<meta property=\"og:type\" content=\"article\" \/>\n<meta property=\"og:title\" content=\"Ricos y sabrosos, candidatos - Los pol\u00edticos Veracruz\" \/>\n<meta property=\"og:description\" content=\"Ricardo Ch\u00faa Sale y vale &nbsp; OJO&#8230; Podemos confirmar que no habr\u00e1 sanciones de ning\u00fan tipo para ex funcionarios del gobierno de Javier Duarte en Veracruz&#8230; Para que devuelvan los presuntos recursos p\u00fablicos federales, que ejercieron durante esta administraci\u00f3n y que se supone malversaron para su beneficio o para cuestiones pol\u00edticos partidistas durante esos a\u00f1os&#8230; [&hellip;]\" \/>\n<meta property=\"og:url\" content=\"https:\/\/lospoliticosveracruz.com\/?p=60832\" \/>\n<meta property=\"og:site_name\" content=\"Los pol\u00edticos Veracruz\" \/>\n<meta property=\"article:publisher\" content=\"https:\/\/www.facebook.com\/people\/Notimemes-de-los-Polticos\/61565672886568\/\" \/>\n<meta property=\"article:published_time\" content=\"2020-09-14T13:52:41+00:00\" \/>\n<meta property=\"article:modified_time\" content=\"2020-09-14T13:53:30+00:00\" \/>\n<meta property=\"og:image\" content=\"http:\/\/www.lospoliticosveracruz.com.mx\/wp-content\/uploads\/2020\/07\/CINTILLO-Armando.jpg\" \/>\n<meta name=\"author\" content=\"Lo viste en Los Pol\u00edticos\" \/>\n<meta name=\"twitter:card\" content=\"summary_large_image\" \/>\n<meta name=\"twitter:creator\" content=\"@LosPoliticosVer\" \/>\n<meta name=\"twitter:site\" content=\"@LosPoliticosVer\" \/>\n<meta name=\"twitter:label1\" content=\"Escrito por\" \/>\n\t<meta name=\"twitter:data1\" content=\"Lo viste en Los Pol\u00edticos\" \/>\n\t<meta name=\"twitter:label2\" content=\"Tiempo de lectura\" \/>\n\t<meta name=\"twitter:data2\" content=\"6 minutos\" \/>\n<script type=\"application\/ld+json\" class=\"yoast-schema-graph\">{\"@context\":\"https:\\\/\\\/schema.org\",\"@graph\":[{\"@type\":\"Article\",\"@id\":\"https:\\\/\\\/lospoliticosveracruz.com\\\/?p=60832#article\",\"isPartOf\":{\"@id\":\"https:\\\/\\\/lospoliticosveracruz.com\\\/?p=60832\"},\"author\":{\"name\":\"Lo viste en Los Pol\u00edticos\",\"@id\":\"https:\\\/\\\/lospoliticosveracruz.com\\\/#\\\/schema\\\/person\\\/b8702bb0e538456e6efd07080bf2a4a2\"},\"headline\":\"Ricos y sabrosos, candidatos\",\"datePublished\":\"2020-09-14T13:52:41+00:00\",\"dateModified\":\"2020-09-14T13:53:30+00:00\",\"mainEntityOfPage\":{\"@id\":\"https:\\\/\\\/lospoliticosveracruz.com\\\/?p=60832\"},\"wordCount\":1124,\"commentCount\":0,\"publisher\":{\"@id\":\"https:\\\/\\\/lospoliticosveracruz.com\\\/#organization\"},\"image\":{\"@id\":\"https:\\\/\\\/lospoliticosveracruz.com\\\/?p=60832#primaryimage\"},\"thumbnailUrl\":\"http:\\\/\\\/www.lospoliticosveracruz.com.mx\\\/wp-content\\\/uploads\\\/2020\\\/07\\\/CINTILLO-Armando.jpg\",\"keywords\":[\"Andr\u00e9s Manuel L\u00f3pez Obrador\",\"Auditor\u00eda Superior de la Federaci\u00f3n\",\"Chedrahui\",\"Coroavirus\",\"Cuitl\u00e1huac Garc\u00eda\",\"David Velasco\",\"Elecciones 2021\",\"Fernanda de Luna\",\"FGE\",\"Fiscal de Veracruz\",\"Grupos empresariales\",\"H\u00e9ctor Yunes\",\"Javier Duarte\",\"Juan Manuel Diez Francos\",\"MC\",\"Morena\",\"Municipios veracruzanos\",\"Orfis\",\"PAN\",\"Pol\u00edtica veracruzana\",\"PRD\",\"PRI\",\"PVEM\",\"Ricardo Ch\u00faa\",\"salud p\u00fablica\",\"Veracruz\",\"Xalapa\"],\"articleSection\":[\"De Opini\u00f3n\"],\"inLanguage\":\"es\",\"potentialAction\":[{\"@type\":\"CommentAction\",\"name\":\"Comment\",\"target\":[\"https:\\\/\\\/lospoliticosveracruz.com\\\/?p=60832#respond\"]}]},{\"@type\":\"WebPage\",\"@id\":\"https:\\\/\\\/lospoliticosveracruz.com\\\/?p=60832\",\"url\":\"https:\\\/\\\/lospoliticosveracruz.com\\\/?p=60832\",\"name\":\"Ricos y sabrosos, candidatos - Los pol\u00edticos Veracruz\",\"isPartOf\":{\"@id\":\"https:\\\/\\\/lospoliticosveracruz.com\\\/#website\"},\"primaryImageOfPage\":{\"@id\":\"https:\\\/\\\/lospoliticosveracruz.com\\\/?p=60832#primaryimage\"},\"image\":{\"@id\":\"https:\\\/\\\/lospoliticosveracruz.com\\\/?p=60832#primaryimage\"},\"thumbnailUrl\":\"http:\\\/\\\/www.lospoliticosveracruz.com.mx\\\/wp-content\\\/uploads\\\/2020\\\/07\\\/CINTILLO-Armando.jpg\",\"datePublished\":\"2020-09-14T13:52:41+00:00\",\"dateModified\":\"2020-09-14T13:53:30+00:00\",\"breadcrumb\":{\"@id\":\"https:\\\/\\\/lospoliticosveracruz.com\\\/?p=60832#breadcrumb\"},\"inLanguage\":\"es\",\"potentialAction\":[{\"@type\":\"ReadAction\",\"target\":[\"https:\\\/\\\/lospoliticosveracruz.com\\\/?p=60832\"]}]},{\"@type\":\"ImageObject\",\"inLanguage\":\"es\",\"@id\":\"https:\\\/\\\/lospoliticosveracruz.com\\\/?p=60832#primaryimage\",\"url\":\"http:\\\/\\\/www.lospoliticosveracruz.com.mx\\\/wp-content\\\/uploads\\\/2020\\\/07\\\/CINTILLO-Armando.jpg\",\"contentUrl\":\"http:\\\/\\\/www.lospoliticosveracruz.com.mx\\\/wp-content\\\/uploads\\\/2020\\\/07\\\/CINTILLO-Armando.jpg\"},{\"@type\":\"BreadcrumbList\",\"@id\":\"https:\\\/\\\/lospoliticosveracruz.com\\\/?p=60832#breadcrumb\",\"itemListElement\":[{\"@type\":\"ListItem\",\"position\":1,\"name\":\"Portada\",\"item\":\"https:\\\/\\\/lospoliticosveracruz.com\\\/\"},{\"@type\":\"ListItem\",\"position\":2,\"name\":\"Ricos y sabrosos, candidatos\"}]},{\"@type\":\"WebSite\",\"@id\":\"https:\\\/\\\/lospoliticosveracruz.com\\\/#website\",\"url\":\"https:\\\/\\\/lospoliticosveracruz.com\\\/\",\"name\":\"Los pol\u00edticos Veracruz\",\"description\":\"\",\"publisher\":{\"@id\":\"https:\\\/\\\/lospoliticosveracruz.com\\\/#organization\"},\"potentialAction\":[{\"@type\":\"SearchAction\",\"target\":{\"@type\":\"EntryPoint\",\"urlTemplate\":\"https:\\\/\\\/lospoliticosveracruz.com\\\/?s={search_term_string}\"},\"query-input\":{\"@type\":\"PropertyValueSpecification\",\"valueRequired\":true,\"valueName\":\"search_term_string\"}}],\"inLanguage\":\"es\"},{\"@type\":\"Organization\",\"@id\":\"https:\\\/\\\/lospoliticosveracruz.com\\\/#organization\",\"name\":\"Los pol\u00edticos Veracruz\",\"url\":\"https:\\\/\\\/lospoliticosveracruz.com\\\/\",\"logo\":{\"@type\":\"ImageObject\",\"inLanguage\":\"es\",\"@id\":\"https:\\\/\\\/lospoliticosveracruz.com\\\/#\\\/schema\\\/logo\\\/image\\\/\",\"url\":\"https:\\\/\\\/lospoliticosveracruz.com\\\/wp-content\\\/uploads\\\/2025\\\/12\\\/Logo-Nuevo-LOS-POLITICOS-1.jpg\",\"contentUrl\":\"https:\\\/\\\/lospoliticosveracruz.com\\\/wp-content\\\/uploads\\\/2025\\\/12\\\/Logo-Nuevo-LOS-POLITICOS-1.jpg\",\"width\":260,\"height\":70,\"caption\":\"Los pol\u00edticos Veracruz\"},\"image\":{\"@id\":\"https:\\\/\\\/lospoliticosveracruz.com\\\/#\\\/schema\\\/logo\\\/image\\\/\"},\"sameAs\":[\"https:\\\/\\\/www.facebook.com\\\/people\\\/Notimemes-de-los-Polticos\\\/61565672886568\\\/\",\"https:\\\/\\\/x.com\\\/LosPoliticosVer\"]},{\"@type\":\"Person\",\"@id\":\"https:\\\/\\\/lospoliticosveracruz.com\\\/#\\\/schema\\\/person\\\/b8702bb0e538456e6efd07080bf2a4a2\",\"name\":\"Lo viste en Los Pol\u00edticos\",\"image\":{\"@type\":\"ImageObject\",\"inLanguage\":\"es\",\"@id\":\"https:\\\/\\\/secure.gravatar.com\\\/avatar\\\/3a8de04a2656d44082be478bd6c086daa447c4651605818287b9532d3d0bd435?s=96&d=mm&r=g\",\"url\":\"https:\\\/\\\/secure.gravatar.com\\\/avatar\\\/3a8de04a2656d44082be478bd6c086daa447c4651605818287b9532d3d0bd435?s=96&d=mm&r=g\",\"contentUrl\":\"https:\\\/\\\/secure.gravatar.com\\\/avatar\\\/3a8de04a2656d44082be478bd6c086daa447c4651605818287b9532d3d0bd435?s=96&d=mm&r=g\",\"caption\":\"Lo viste en Los Pol\u00edticos\"},\"url\":\"https:\\\/\\\/lospoliticosveracruz.com\\\/?author=2\"}]}<\/script>\n<!-- \/ Yoast SEO plugin. -->","yoast_head_json":{"title":"Ricos y sabrosos, candidatos - Los pol\u00edticos Veracruz","robots":{"index":"index","follow":"follow","max-snippet":"max-snippet:-1","max-image-preview":"max-image-preview:large","max-video-preview":"max-video-preview:-1"},"canonical":"https:\/\/lospoliticosveracruz.com\/?p=60832","og_locale":"es_ES","og_type":"article","og_title":"Ricos y sabrosos, candidatos - Los pol\u00edticos Veracruz","og_description":"Ricardo Ch\u00faa Sale y vale &nbsp; OJO&#8230; Podemos confirmar que no habr\u00e1 sanciones de ning\u00fan tipo para ex funcionarios del gobierno de Javier Duarte en Veracruz&#8230; Para que devuelvan los presuntos recursos p\u00fablicos federales, que ejercieron durante esta administraci\u00f3n y que se supone malversaron para su beneficio o para cuestiones pol\u00edticos partidistas durante esos a\u00f1os&#8230; [&hellip;]","og_url":"https:\/\/lospoliticosveracruz.com\/?p=60832","og_site_name":"Los pol\u00edticos Veracruz","article_publisher":"https:\/\/www.facebook.com\/people\/Notimemes-de-los-Polticos\/61565672886568\/","article_published_time":"2020-09-14T13:52:41+00:00","article_modified_time":"2020-09-14T13:53:30+00:00","og_image":[{"url":"http:\/\/www.lospoliticosveracruz.com.mx\/wp-content\/uploads\/2020\/07\/CINTILLO-Armando.jpg","type":"","width":"","height":""}],"author":"Lo viste en Los Pol\u00edticos","twitter_card":"summary_large_image","twitter_creator":"@LosPoliticosVer","twitter_site":"@LosPoliticosVer","twitter_misc":{"Escrito por":"Lo viste en Los Pol\u00edticos","Tiempo de lectura":"6 minutos"},"schema":{"@context":"https:\/\/schema.org","@graph":[{"@type":"Article","@id":"https:\/\/lospoliticosveracruz.com\/?p=60832#article","isPartOf":{"@id":"https:\/\/lospoliticosveracruz.com\/?p=60832"},"author":{"name":"Lo viste en Los Pol\u00edticos","@id":"https:\/\/lospoliticosveracruz.com\/#\/schema\/person\/b8702bb0e538456e6efd07080bf2a4a2"},"headline":"Ricos y sabrosos, candidatos","datePublished":"2020-09-14T13:52:41+00:00","dateModified":"2020-09-14T13:53:30+00:00","mainEntityOfPage":{"@id":"https:\/\/lospoliticosveracruz.com\/?p=60832"},"wordCount":1124,"commentCount":0,"publisher":{"@id":"https:\/\/lospoliticosveracruz.com\/#organization"},"image":{"@id":"https:\/\/lospoliticosveracruz.com\/?p=60832#primaryimage"},"thumbnailUrl":"http:\/\/www.lospoliticosveracruz.com.mx\/wp-content\/uploads\/2020\/07\/CINTILLO-Armando.jpg","keywords":["Andr\u00e9s Manuel L\u00f3pez Obrador","Auditor\u00eda Superior de la Federaci\u00f3n","Chedrahui","Coroavirus","Cuitl\u00e1huac Garc\u00eda","David Velasco","Elecciones 2021","Fernanda de Luna","FGE","Fiscal de Veracruz","Grupos empresariales","H\u00e9ctor Yunes","Javier Duarte","Juan Manuel Diez Francos","MC","Morena","Municipios veracruzanos","Orfis","PAN","Pol\u00edtica veracruzana","PRD","PRI","PVEM","Ricardo Ch\u00faa","salud p\u00fablica","Veracruz","Xalapa"],"articleSection":["De Opini\u00f3n"],"inLanguage":"es","potentialAction":[{"@type":"CommentAction","name":"Comment","target":["https:\/\/lospoliticosveracruz.com\/?p=60832#respond"]}]},{"@type":"WebPage","@id":"https:\/\/lospoliticosveracruz.com\/?p=60832","url":"https:\/\/lospoliticosveracruz.com\/?p=60832","name":"Ricos y sabrosos, candidatos - Los pol\u00edticos Veracruz","isPartOf":{"@id":"https:\/\/lospoliticosveracruz.com\/#website"},"primaryImageOfPage":{"@id":"https:\/\/lospoliticosveracruz.com\/?p=60832#primaryimage"},"image":{"@id":"https:\/\/lospoliticosveracruz.com\/?p=60832#primaryimage"},"thumbnailUrl":"http:\/\/www.lospoliticosveracruz.com.mx\/wp-content\/uploads\/2020\/07\/CINTILLO-Armando.jpg","datePublished":"2020-09-14T13:52:41+00:00","dateModified":"2020-09-14T13:53:30+00:00","breadcrumb":{"@id":"https:\/\/lospoliticosveracruz.com\/?p=60832#breadcrumb"},"inLanguage":"es","potentialAction":[{"@type":"ReadAction","target":["https:\/\/lospoliticosveracruz.com\/?p=60832"]}]},{"@type":"ImageObject","inLanguage":"es","@id":"https:\/\/lospoliticosveracruz.com\/?p=60832#primaryimage","url":"http:\/\/www.lospoliticosveracruz.com.mx\/wp-content\/uploads\/2020\/07\/CINTILLO-Armando.jpg","contentUrl":"http:\/\/www.lospoliticosveracruz.com.mx\/wp-content\/uploads\/2020\/07\/CINTILLO-Armando.jpg"},{"@type":"BreadcrumbList","@id":"https:\/\/lospoliticosveracruz.com\/?p=60832#breadcrumb","itemListElement":[{"@type":"ListItem","position":1,"name":"Portada","item":"https:\/\/lospoliticosveracruz.com\/"},{"@type":"ListItem","position":2,"name":"Ricos y sabrosos, candidatos"}]},{"@type":"WebSite","@id":"https:\/\/lospoliticosveracruz.com\/#website","url":"https:\/\/lospoliticosveracruz.com\/","name":"Los pol\u00edticos Veracruz","description":"","publisher":{"@id":"https:\/\/lospoliticosveracruz.com\/#organization"},"potentialAction":[{"@type":"SearchAction","target":{"@type":"EntryPoint","urlTemplate":"https:\/\/lospoliticosveracruz.com\/?s={search_term_string}"},"query-input":{"@type":"PropertyValueSpecification","valueRequired":true,"valueName":"search_term_string"}}],"inLanguage":"es"},{"@type":"Organization","@id":"https:\/\/lospoliticosveracruz.com\/#organization","name":"Los pol\u00edticos Veracruz","url":"https:\/\/lospoliticosveracruz.com\/","logo":{"@type":"ImageObject","inLanguage":"es","@id":"https:\/\/lospoliticosveracruz.com\/#\/schema\/logo\/image\/","url":"https:\/\/lospoliticosveracruz.com\/wp-content\/uploads\/2025\/12\/Logo-Nuevo-LOS-POLITICOS-1.jpg","contentUrl":"https:\/\/lospoliticosveracruz.com\/wp-content\/uploads\/2025\/12\/Logo-Nuevo-LOS-POLITICOS-1.jpg","width":260,"height":70,"caption":"Los pol\u00edticos Veracruz"},"image":{"@id":"https:\/\/lospoliticosveracruz.com\/#\/schema\/logo\/image\/"},"sameAs":["https:\/\/www.facebook.com\/people\/Notimemes-de-los-Polticos\/61565672886568\/","https:\/\/x.com\/LosPoliticosVer"]},{"@type":"Person","@id":"https:\/\/lospoliticosveracruz.com\/#\/schema\/person\/b8702bb0e538456e6efd07080bf2a4a2","name":"Lo viste en Los Pol\u00edticos","image":{"@type":"ImageObject","inLanguage":"es","@id":"https:\/\/secure.gravatar.com\/avatar\/3a8de04a2656d44082be478bd6c086daa447c4651605818287b9532d3d0bd435?s=96&d=mm&r=g","url":"https:\/\/secure.gravatar.com\/avatar\/3a8de04a2656d44082be478bd6c086daa447c4651605818287b9532d3d0bd435?s=96&d=mm&r=g","contentUrl":"https:\/\/secure.gravatar.com\/avatar\/3a8de04a2656d44082be478bd6c086daa447c4651605818287b9532d3d0bd435?s=96&d=mm&r=g","caption":"Lo viste en Los Pol\u00edticos"},"url":"https:\/\/lospoliticosveracruz.com\/?author=2"}]}},"_links":{"self":[{"href":"https:\/\/lospoliticosveracruz.com\/index.php?rest_route=\/wp\/v2\/posts\/60832","targetHints":{"allow":["GET"]}}],"collection":[{"href":"https:\/\/lospoliticosveracruz.com\/index.php?rest_route=\/wp\/v2\/posts"}],"about":[{"href":"https:\/\/lospoliticosveracruz.com\/index.php?rest_route=\/wp\/v2\/types\/post"}],"author":[{"embeddable":true,"href":"https:\/\/lospoliticosveracruz.com\/index.php?rest_route=\/wp\/v2\/users\/2"}],"replies":[{"embeddable":true,"href":"https:\/\/lospoliticosveracruz.com\/index.php?rest_route=%2Fwp%2Fv2%2Fcomments&post=60832"}],"version-history":[{"count":2,"href":"https:\/\/lospoliticosveracruz.com\/index.php?rest_route=\/wp\/v2\/posts\/60832\/revisions"}],"predecessor-version":[{"id":60835,"href":"https:\/\/lospoliticosveracruz.com\/index.php?rest_route=\/wp\/v2\/posts\/60832\/revisions\/60835"}],"wp:attachment":[{"href":"https:\/\/lospoliticosveracruz.com\/index.php?rest_route=%2Fwp%2Fv2%2Fmedia&parent=60832"}],"wp:term":[{"taxonomy":"category","embeddable":true,"href":"https:\/\/lospoliticosveracruz.com\/index.php?rest_route=%2Fwp%2Fv2%2Fcategories&post=60832"},{"taxonomy":"post_tag","embeddable":true,"href":"https:\/\/lospoliticosveracruz.com\/index.php?rest_route=%2Fwp%2Fv2%2Ftags&post=60832"}],"curies":[{"name":"wp","href":"https:\/\/api.w.org\/{rel}","templated":true}]}}