{"id":60843,"date":"2020-09-14T10:48:07","date_gmt":"2020-09-14T15:48:07","guid":{"rendered":"http:\/\/www.lospoliticosveracruz.com.mx\/?p=60843"},"modified":"2020-09-14T10:48:07","modified_gmt":"2020-09-14T15:48:07","slug":"chicharron-y-gobernabilidad","status":"publish","type":"post","link":"https:\/\/lospoliticosveracruz.com\/?p=60843","title":{"rendered":"Chicharr\u00f3n y gobernabilidad"},"content":{"rendered":"<p><strong>Lorena Pi\u00f1\u00f3n Rivera<\/strong><\/p>\n<p><em>Consummatum est<\/em><\/p>\n<p>&nbsp;<\/p>\n<p>Curiosamente, de peque\u00f1a no me gustaban las fiestas de disfraces, me pon\u00eda de mal humor porque no me sent\u00eda con la libertad para jugar. Seguramente mucho tuvo que ver la ocasi\u00f3n en que me pusieron un estorboso traje de calabaza \u00abjalog\u00fcinesca\u00bb que me obligaba a dar pasos cortos hasta que provoc\u00f3 mi tropiezo. El drama fue que para detener mi ca\u00edda, tuve el reflejo de hundir mi mano sobre el pastel de un cumplea\u00f1ero, en esa tarde de un bochornoso 31 de octubre de 1988.<br \/>\nPero de ni\u00f1os nos encontramos vulnerables ante algunos gustos de nuestros pap\u00e1s. Yo no quer\u00eda, pero mi mam\u00e1 me apunt\u00f3 en clase, para que yo representara a Josefa Ortiz de Dom\u00ednguez. Los pap\u00e1s se encargaron de preparar unos antojitos y botanas para esa \u00abnoche mexicana\u00bb que realiz\u00e1bamos al mediod\u00eda en el recinto escolar ubicado en la costa esmeralda de Veracruz.<br \/>\nEl atuendo no me resultaba tan inc\u00f3modo, pero el peinado relamido con un chongo apretado y el sol a plomo, ya me estaban provocando un terrible dolor de cabeza. Cuando me acerqu\u00e9 a tomar una de las bolsas de chicharr\u00f3n -ya me estaba imaginando todo el lim\u00f3n y salsa que les pondr\u00eda para darme gusto y mitigar mi enfado-, de repente un compa\u00f1ero robusto apareci\u00f3 de la nada y justo cuando estiraba mi mano para tomar mi raci\u00f3n, al diminuto goloso le pareci\u00f3 correcto arrebatar los tres paquetitos que restaban.<br \/>\nPara mi suerte, la maestra presenci\u00f3 el acto abusivo, de inmediato lo reconvino y todo acab\u00f3 en que el chamaco se qued\u00f3 s\u00f3lo con una. Mi profesora me dio mi bolsa de chicharr\u00f3n y ella se qued\u00f3 con la tercera: \u00abaqu\u00ed yo soy la autoridad y no tolerar\u00e9 injusticia alguna entre mis alumnos\u00bb. M\u00e1s tarde mi tierno agresor fue a ofrecerme disculpas.<br \/>\nEsta an\u00e9cdota sirve para ilustrar lo que debe ser la gobernanza. La autoridad no est\u00e1 para consentir agravios, debe aplicar la ley con rigor y sin prejuicios, adem\u00e1s es imperativo que garantice la seguridad del pueblo y sancionar con severidad a todos aquellos que cometan cualquier presunto delito. Mi maestra era una autoridad, sab\u00eda que presenciaba un acto de injusticia y as\u00ed decidi\u00f3 dialogar para persuadir a mi compa\u00f1ero glot\u00f3n.<br \/>\nEstoy segura de que si \u00e9ste no hubiera cedido las otras bolsas de chicharr\u00f3n, seguramente ser\u00eda castigado. Ya sea en un enredo escolar o en un problema social, la autoridad -l\u00e9ase la maestra o la Secretar\u00eda de Gobernaci\u00f3n- tiene la obligaci\u00f3n de dialogar con la disidencia y en caso de no llegar a un acuerdo, entonces actuar con prudencia y la ley en la mano. En cambio se ufanan en convocar a festejos patrios cuando hay luto despu\u00e9s de 70 mil muertos, es imprudente celebrar as\u00ed.<br \/>\nAl gobierno de MORENA no le gusta hacer pol\u00edtica, todo lo quieren hacer imponiendo con y consintiendo los abusos de ciertos favoritos que militan en la 4T. Una muestra del desprecio por el di\u00e1logo con partidos pol\u00edticos y expresiones sociales, es la mutilaci\u00f3n de funciones que ha tenido la Secretar\u00eda de Gobernaci\u00f3n federal. Quitaron la Subsecretar\u00eda de Enlace Legislativo y con eso declaran su desd\u00e9n al di\u00e1logo entre el gobierno y las bancadas de los partidos de oposici\u00f3n. No dialogan con campesinos que ejercen su derecho a la protesta social en Chihuahua, pero el hasta hace poco Subsecretario Peralta fue exhibido porque se entrevistaba con \u00abcivilidad\u00bb con delincuentes. Son incapaces de tomar acuerdos con los padres de ni\u00f1os con c\u00e1ncer que protestan en la calle pero se ufanan en presumir la falsedad de que el INSABI es garant\u00eda de salud universal. Estoy segura que mi maestra le dar\u00eda clases de pol\u00edtica y gobernabilidad a los inquilinos del Palacio de Cobi\u00e1n.<br \/>\nConsummatum: Con Rosario Piedra, la CNDH no ha perdido la oportunidad de permanecer silente ante claros abusos de las autoridades. Eso s\u00ed, su salud mental est\u00e1 a salvo, ya que la ansiedad provocada por su abyecci\u00f3n, la mitiga con un buen ribeye.<\/p>\n<p>Tw: @lorenapignon_<br \/>\nSecretaria Nacional de Gesti\u00f3n Social del PRI<\/p>\n","protected":false},"excerpt":{"rendered":"<p>Lorena Pi\u00f1\u00f3n Rivera Consummatum est &nbsp; Curiosamente, de peque\u00f1a no me gustaban las fiestas de disfraces, me pon\u00eda de mal humor porque no me sent\u00eda con la libertad para jugar. Seguramente mucho tuvo que ver la ocasi\u00f3n en que me pusieron un estorboso traje de calabaza \u00abjalog\u00fcinesca\u00bb que me obligaba a dar pasos cortos hasta [&hellip;]<\/p>\n","protected":false},"author":2,"featured_media":0,"comment_status":"open","ping_status":"open","sticky":false,"template":"","format":"standard","meta":{"tdm_status":"","tdm_grid_status":"","footnotes":""},"categories":[70],"tags":[17426,295,15530,4770,1026,21203,15779],"class_list":{"0":"post-60843","1":"post","2":"type-post","3":"status-publish","4":"format-standard","6":"category-de-opinion","7":"tag-4t","8":"tag-cndh","9":"tag-insabi","10":"tag-lorena-pinon-rivera","11":"tag-morena","12":"tag-palacio-de-cobian","13":"tag-rosario-piedra"},"yoast_head":"<!-- This site is optimized with the Yoast SEO plugin v27.4 - https:\/\/yoast.com\/product\/yoast-seo-wordpress\/ -->\n<title>Chicharr\u00f3n y gobernabilidad - Los pol\u00edticos Veracruz<\/title>\n<meta name=\"robots\" content=\"index, follow, max-snippet:-1, max-image-preview:large, max-video-preview:-1\" \/>\n<link rel=\"canonical\" href=\"https:\/\/lospoliticosveracruz.com\/?p=60843\" \/>\n<meta property=\"og:locale\" content=\"es_ES\" \/>\n<meta property=\"og:type\" content=\"article\" \/>\n<meta property=\"og:title\" content=\"Chicharr\u00f3n y gobernabilidad - Los pol\u00edticos Veracruz\" \/>\n<meta property=\"og:description\" content=\"Lorena Pi\u00f1\u00f3n Rivera Consummatum est &nbsp; Curiosamente, de peque\u00f1a no me gustaban las fiestas de disfraces, me pon\u00eda de mal humor porque no me sent\u00eda con la libertad para jugar. Seguramente mucho tuvo que ver la ocasi\u00f3n en que me pusieron un estorboso traje de calabaza \u00abjalog\u00fcinesca\u00bb que me obligaba a dar pasos cortos hasta [&hellip;]\" \/>\n<meta property=\"og:url\" content=\"https:\/\/lospoliticosveracruz.com\/?p=60843\" \/>\n<meta property=\"og:site_name\" content=\"Los pol\u00edticos Veracruz\" \/>\n<meta property=\"article:publisher\" content=\"https:\/\/www.facebook.com\/people\/Notimemes-de-los-Polticos\/61565672886568\/\" \/>\n<meta property=\"article:published_time\" content=\"2020-09-14T15:48:07+00:00\" \/>\n<meta property=\"og:image\" content=\"https:\/\/lospoliticosveracruz.com\/wp-content\/uploads\/2016\/07\/Logo-Dor.jpg\" \/>\n\t<meta property=\"og:image:width\" content=\"200\" \/>\n\t<meta property=\"og:image:height\" content=\"200\" \/>\n\t<meta property=\"og:image:type\" content=\"image\/jpeg\" \/>\n<meta name=\"author\" content=\"Lo viste en Los Pol\u00edticos\" \/>\n<meta name=\"twitter:card\" content=\"summary_large_image\" \/>\n<meta name=\"twitter:creator\" content=\"@LosPoliticosVer\" \/>\n<meta name=\"twitter:site\" content=\"@LosPoliticosVer\" \/>\n<meta name=\"twitter:label1\" content=\"Escrito por\" \/>\n\t<meta name=\"twitter:data1\" content=\"Lo viste en Los Pol\u00edticos\" \/>\n\t<meta name=\"twitter:label2\" content=\"Tiempo de lectura\" \/>\n\t<meta name=\"twitter:data2\" content=\"4 minutos\" \/>\n<script type=\"application\/ld+json\" class=\"yoast-schema-graph\">{\"@context\":\"https:\\\/\\\/schema.org\",\"@graph\":[{\"@type\":\"Article\",\"@id\":\"https:\\\/\\\/lospoliticosveracruz.com\\\/?p=60843#article\",\"isPartOf\":{\"@id\":\"https:\\\/\\\/lospoliticosveracruz.com\\\/?p=60843\"},\"author\":{\"name\":\"Lo viste en Los Pol\u00edticos\",\"@id\":\"https:\\\/\\\/lospoliticosveracruz.com\\\/#\\\/schema\\\/person\\\/b8702bb0e538456e6efd07080bf2a4a2\"},\"headline\":\"Chicharr\u00f3n y gobernabilidad\",\"datePublished\":\"2020-09-14T15:48:07+00:00\",\"mainEntityOfPage\":{\"@id\":\"https:\\\/\\\/lospoliticosveracruz.com\\\/?p=60843\"},\"wordCount\":725,\"commentCount\":0,\"publisher\":{\"@id\":\"https:\\\/\\\/lospoliticosveracruz.com\\\/#organization\"},\"keywords\":[\"4T\",\"CNDH\",\"Insabi\",\"Lorena Pi\u00f1\u00f3n Rivera\",\"Morena\",\"Palacio de Cobi\u00e1n\",\"Rosario Piedra\"],\"articleSection\":[\"De Opini\u00f3n\"],\"inLanguage\":\"es\",\"potentialAction\":[{\"@type\":\"CommentAction\",\"name\":\"Comment\",\"target\":[\"https:\\\/\\\/lospoliticosveracruz.com\\\/?p=60843#respond\"]}]},{\"@type\":\"WebPage\",\"@id\":\"https:\\\/\\\/lospoliticosveracruz.com\\\/?p=60843\",\"url\":\"https:\\\/\\\/lospoliticosveracruz.com\\\/?p=60843\",\"name\":\"Chicharr\u00f3n y gobernabilidad - Los pol\u00edticos Veracruz\",\"isPartOf\":{\"@id\":\"https:\\\/\\\/lospoliticosveracruz.com\\\/#website\"},\"datePublished\":\"2020-09-14T15:48:07+00:00\",\"breadcrumb\":{\"@id\":\"https:\\\/\\\/lospoliticosveracruz.com\\\/?p=60843#breadcrumb\"},\"inLanguage\":\"es\",\"potentialAction\":[{\"@type\":\"ReadAction\",\"target\":[\"https:\\\/\\\/lospoliticosveracruz.com\\\/?p=60843\"]}]},{\"@type\":\"BreadcrumbList\",\"@id\":\"https:\\\/\\\/lospoliticosveracruz.com\\\/?p=60843#breadcrumb\",\"itemListElement\":[{\"@type\":\"ListItem\",\"position\":1,\"name\":\"Portada\",\"item\":\"https:\\\/\\\/lospoliticosveracruz.com\\\/\"},{\"@type\":\"ListItem\",\"position\":2,\"name\":\"Chicharr\u00f3n y gobernabilidad\"}]},{\"@type\":\"WebSite\",\"@id\":\"https:\\\/\\\/lospoliticosveracruz.com\\\/#website\",\"url\":\"https:\\\/\\\/lospoliticosveracruz.com\\\/\",\"name\":\"Los pol\u00edticos Veracruz\",\"description\":\"\",\"publisher\":{\"@id\":\"https:\\\/\\\/lospoliticosveracruz.com\\\/#organization\"},\"potentialAction\":[{\"@type\":\"SearchAction\",\"target\":{\"@type\":\"EntryPoint\",\"urlTemplate\":\"https:\\\/\\\/lospoliticosveracruz.com\\\/?s={search_term_string}\"},\"query-input\":{\"@type\":\"PropertyValueSpecification\",\"valueRequired\":true,\"valueName\":\"search_term_string\"}}],\"inLanguage\":\"es\"},{\"@type\":\"Organization\",\"@id\":\"https:\\\/\\\/lospoliticosveracruz.com\\\/#organization\",\"name\":\"Los pol\u00edticos Veracruz\",\"url\":\"https:\\\/\\\/lospoliticosveracruz.com\\\/\",\"logo\":{\"@type\":\"ImageObject\",\"inLanguage\":\"es\",\"@id\":\"https:\\\/\\\/lospoliticosveracruz.com\\\/#\\\/schema\\\/logo\\\/image\\\/\",\"url\":\"https:\\\/\\\/lospoliticosveracruz.com\\\/wp-content\\\/uploads\\\/2025\\\/12\\\/Logo-Nuevo-LOS-POLITICOS-1.jpg\",\"contentUrl\":\"https:\\\/\\\/lospoliticosveracruz.com\\\/wp-content\\\/uploads\\\/2025\\\/12\\\/Logo-Nuevo-LOS-POLITICOS-1.jpg\",\"width\":260,\"height\":70,\"caption\":\"Los pol\u00edticos Veracruz\"},\"image\":{\"@id\":\"https:\\\/\\\/lospoliticosveracruz.com\\\/#\\\/schema\\\/logo\\\/image\\\/\"},\"sameAs\":[\"https:\\\/\\\/www.facebook.com\\\/people\\\/Notimemes-de-los-Polticos\\\/61565672886568\\\/\",\"https:\\\/\\\/x.com\\\/LosPoliticosVer\"]},{\"@type\":\"Person\",\"@id\":\"https:\\\/\\\/lospoliticosveracruz.com\\\/#\\\/schema\\\/person\\\/b8702bb0e538456e6efd07080bf2a4a2\",\"name\":\"Lo viste en Los Pol\u00edticos\",\"image\":{\"@type\":\"ImageObject\",\"inLanguage\":\"es\",\"@id\":\"https:\\\/\\\/secure.gravatar.com\\\/avatar\\\/3a8de04a2656d44082be478bd6c086daa447c4651605818287b9532d3d0bd435?s=96&d=mm&r=g\",\"url\":\"https:\\\/\\\/secure.gravatar.com\\\/avatar\\\/3a8de04a2656d44082be478bd6c086daa447c4651605818287b9532d3d0bd435?s=96&d=mm&r=g\",\"contentUrl\":\"https:\\\/\\\/secure.gravatar.com\\\/avatar\\\/3a8de04a2656d44082be478bd6c086daa447c4651605818287b9532d3d0bd435?s=96&d=mm&r=g\",\"caption\":\"Lo viste en Los Pol\u00edticos\"},\"url\":\"https:\\\/\\\/lospoliticosveracruz.com\\\/?author=2\"}]}<\/script>\n<!-- \/ Yoast SEO plugin. -->","yoast_head_json":{"title":"Chicharr\u00f3n y gobernabilidad - Los pol\u00edticos Veracruz","robots":{"index":"index","follow":"follow","max-snippet":"max-snippet:-1","max-image-preview":"max-image-preview:large","max-video-preview":"max-video-preview:-1"},"canonical":"https:\/\/lospoliticosveracruz.com\/?p=60843","og_locale":"es_ES","og_type":"article","og_title":"Chicharr\u00f3n y gobernabilidad - Los pol\u00edticos Veracruz","og_description":"Lorena Pi\u00f1\u00f3n Rivera Consummatum est &nbsp; Curiosamente, de peque\u00f1a no me gustaban las fiestas de disfraces, me pon\u00eda de mal humor porque no me sent\u00eda con la libertad para jugar. Seguramente mucho tuvo que ver la ocasi\u00f3n en que me pusieron un estorboso traje de calabaza \u00abjalog\u00fcinesca\u00bb que me obligaba a dar pasos cortos hasta [&hellip;]","og_url":"https:\/\/lospoliticosveracruz.com\/?p=60843","og_site_name":"Los pol\u00edticos Veracruz","article_publisher":"https:\/\/www.facebook.com\/people\/Notimemes-de-los-Polticos\/61565672886568\/","article_published_time":"2020-09-14T15:48:07+00:00","og_image":[{"width":200,"height":200,"url":"https:\/\/lospoliticosveracruz.com\/wp-content\/uploads\/2016\/07\/Logo-Dor.jpg","type":"image\/jpeg"}],"author":"Lo viste en Los Pol\u00edticos","twitter_card":"summary_large_image","twitter_creator":"@LosPoliticosVer","twitter_site":"@LosPoliticosVer","twitter_misc":{"Escrito por":"Lo viste en Los Pol\u00edticos","Tiempo de lectura":"4 minutos"},"schema":{"@context":"https:\/\/schema.org","@graph":[{"@type":"Article","@id":"https:\/\/lospoliticosveracruz.com\/?p=60843#article","isPartOf":{"@id":"https:\/\/lospoliticosveracruz.com\/?p=60843"},"author":{"name":"Lo viste en Los Pol\u00edticos","@id":"https:\/\/lospoliticosveracruz.com\/#\/schema\/person\/b8702bb0e538456e6efd07080bf2a4a2"},"headline":"Chicharr\u00f3n y gobernabilidad","datePublished":"2020-09-14T15:48:07+00:00","mainEntityOfPage":{"@id":"https:\/\/lospoliticosveracruz.com\/?p=60843"},"wordCount":725,"commentCount":0,"publisher":{"@id":"https:\/\/lospoliticosveracruz.com\/#organization"},"keywords":["4T","CNDH","Insabi","Lorena Pi\u00f1\u00f3n Rivera","Morena","Palacio de Cobi\u00e1n","Rosario Piedra"],"articleSection":["De Opini\u00f3n"],"inLanguage":"es","potentialAction":[{"@type":"CommentAction","name":"Comment","target":["https:\/\/lospoliticosveracruz.com\/?p=60843#respond"]}]},{"@type":"WebPage","@id":"https:\/\/lospoliticosveracruz.com\/?p=60843","url":"https:\/\/lospoliticosveracruz.com\/?p=60843","name":"Chicharr\u00f3n y gobernabilidad - Los pol\u00edticos Veracruz","isPartOf":{"@id":"https:\/\/lospoliticosveracruz.com\/#website"},"datePublished":"2020-09-14T15:48:07+00:00","breadcrumb":{"@id":"https:\/\/lospoliticosveracruz.com\/?p=60843#breadcrumb"},"inLanguage":"es","potentialAction":[{"@type":"ReadAction","target":["https:\/\/lospoliticosveracruz.com\/?p=60843"]}]},{"@type":"BreadcrumbList","@id":"https:\/\/lospoliticosveracruz.com\/?p=60843#breadcrumb","itemListElement":[{"@type":"ListItem","position":1,"name":"Portada","item":"https:\/\/lospoliticosveracruz.com\/"},{"@type":"ListItem","position":2,"name":"Chicharr\u00f3n y gobernabilidad"}]},{"@type":"WebSite","@id":"https:\/\/lospoliticosveracruz.com\/#website","url":"https:\/\/lospoliticosveracruz.com\/","name":"Los pol\u00edticos Veracruz","description":"","publisher":{"@id":"https:\/\/lospoliticosveracruz.com\/#organization"},"potentialAction":[{"@type":"SearchAction","target":{"@type":"EntryPoint","urlTemplate":"https:\/\/lospoliticosveracruz.com\/?s={search_term_string}"},"query-input":{"@type":"PropertyValueSpecification","valueRequired":true,"valueName":"search_term_string"}}],"inLanguage":"es"},{"@type":"Organization","@id":"https:\/\/lospoliticosveracruz.com\/#organization","name":"Los pol\u00edticos Veracruz","url":"https:\/\/lospoliticosveracruz.com\/","logo":{"@type":"ImageObject","inLanguage":"es","@id":"https:\/\/lospoliticosveracruz.com\/#\/schema\/logo\/image\/","url":"https:\/\/lospoliticosveracruz.com\/wp-content\/uploads\/2025\/12\/Logo-Nuevo-LOS-POLITICOS-1.jpg","contentUrl":"https:\/\/lospoliticosveracruz.com\/wp-content\/uploads\/2025\/12\/Logo-Nuevo-LOS-POLITICOS-1.jpg","width":260,"height":70,"caption":"Los pol\u00edticos Veracruz"},"image":{"@id":"https:\/\/lospoliticosveracruz.com\/#\/schema\/logo\/image\/"},"sameAs":["https:\/\/www.facebook.com\/people\/Notimemes-de-los-Polticos\/61565672886568\/","https:\/\/x.com\/LosPoliticosVer"]},{"@type":"Person","@id":"https:\/\/lospoliticosveracruz.com\/#\/schema\/person\/b8702bb0e538456e6efd07080bf2a4a2","name":"Lo viste en Los Pol\u00edticos","image":{"@type":"ImageObject","inLanguage":"es","@id":"https:\/\/secure.gravatar.com\/avatar\/3a8de04a2656d44082be478bd6c086daa447c4651605818287b9532d3d0bd435?s=96&d=mm&r=g","url":"https:\/\/secure.gravatar.com\/avatar\/3a8de04a2656d44082be478bd6c086daa447c4651605818287b9532d3d0bd435?s=96&d=mm&r=g","contentUrl":"https:\/\/secure.gravatar.com\/avatar\/3a8de04a2656d44082be478bd6c086daa447c4651605818287b9532d3d0bd435?s=96&d=mm&r=g","caption":"Lo viste en Los Pol\u00edticos"},"url":"https:\/\/lospoliticosveracruz.com\/?author=2"}]}},"_links":{"self":[{"href":"https:\/\/lospoliticosveracruz.com\/index.php?rest_route=\/wp\/v2\/posts\/60843","targetHints":{"allow":["GET"]}}],"collection":[{"href":"https:\/\/lospoliticosveracruz.com\/index.php?rest_route=\/wp\/v2\/posts"}],"about":[{"href":"https:\/\/lospoliticosveracruz.com\/index.php?rest_route=\/wp\/v2\/types\/post"}],"author":[{"embeddable":true,"href":"https:\/\/lospoliticosveracruz.com\/index.php?rest_route=\/wp\/v2\/users\/2"}],"replies":[{"embeddable":true,"href":"https:\/\/lospoliticosveracruz.com\/index.php?rest_route=%2Fwp%2Fv2%2Fcomments&post=60843"}],"version-history":[{"count":1,"href":"https:\/\/lospoliticosveracruz.com\/index.php?rest_route=\/wp\/v2\/posts\/60843\/revisions"}],"predecessor-version":[{"id":60845,"href":"https:\/\/lospoliticosveracruz.com\/index.php?rest_route=\/wp\/v2\/posts\/60843\/revisions\/60845"}],"wp:attachment":[{"href":"https:\/\/lospoliticosveracruz.com\/index.php?rest_route=%2Fwp%2Fv2%2Fmedia&parent=60843"}],"wp:term":[{"taxonomy":"category","embeddable":true,"href":"https:\/\/lospoliticosveracruz.com\/index.php?rest_route=%2Fwp%2Fv2%2Fcategories&post=60843"},{"taxonomy":"post_tag","embeddable":true,"href":"https:\/\/lospoliticosveracruz.com\/index.php?rest_route=%2Fwp%2Fv2%2Ftags&post=60843"}],"curies":[{"name":"wp","href":"https:\/\/api.w.org\/{rel}","templated":true}]}}