{"id":60985,"date":"2020-09-16T13:19:53","date_gmt":"2020-09-16T18:19:53","guid":{"rendered":"http:\/\/www.lospoliticosveracruz.com.mx\/?p=60985"},"modified":"2020-09-16T13:19:53","modified_gmt":"2020-09-16T18:19:53","slug":"avances-en-la-cdmx","status":"publish","type":"post","link":"https:\/\/lospoliticosveracruz.com\/?p=60985","title":{"rendered":"Avances en la CDMX"},"content":{"rendered":"<p><strong>Maricarmen Garc\u00eda El\u00edas<\/strong><\/p>\n<p><em>Animalia<\/em><\/p>\n<p>&nbsp;<\/p>\n<p>Una iniciativa presentada en la Asamblea Legislativa de Ciudad de M\u00e9xico por la diputada local Leticia Varela Mart\u00ednez y que faculta a la polic\u00eda para entrar a domicilios y rescatar a animales maltratados fue aprobada recientemente convirti\u00e9ndose en un importante logro para los animales pues no se perder\u00eda tiempo en tr\u00e1mites burocr\u00e1ticos ni tardanzas de la fiscal\u00eda para rescatar a un animal que est\u00e9 en problemas.<br \/>\nEl proyecto establece que la Brigada de Protecci\u00f3n Animal de la Secretar\u00eda de Seguridad Ciudadana (SSC) podr\u00e1 recuperar a las mascotas afectadas sin que se detenga a un responsable. \u00abCorresponde a la Secretar\u00eda de Seguridad P\u00fablica, en el \u00e1mbito de su competencia: Rescatar animales al interior de un domicilio al momento de que se est\u00e9 cometiendo el delito de maltrato en contra de animales no humanos\u00bb, indica el inciso I del art\u00edculo 10 Bis de la iniciativa aprobada.<br \/>\nLa norma indica que quien irrumpa en el lugar deber\u00e1 tener datos certeros derivados de la percepci\u00f3n directa, adem\u00e1s tendr\u00e1 que ser un acto de urgencia para evitar que se comenta un acto il\u00edcito y cesar sus efectos. Los adscritos a la SCC de la capital que realicen el rescate tendr\u00e1n que asegurar la integridad del animal, adem\u00e1s de levantar una acta sobre las circunstancias del lugar en presencia de dos personas propuestas por el ocupante del lugar y en caso de que no haya testigos para dar su testimonio, el documento indica que el hecho quedar\u00e1 plasmado en el acta correspondiente por los polic\u00edas.<br \/>\nEsa iniciativa deriva de los maltratos cometidos en contra de animales registrados en meses anteriores, por ejemplo el de una perrita pitbull que fue salvajemente golpeada por su due\u00f1o , los casos de zoofilia , entre otros. Es un precedente importante que deber\u00eda replicarse en las legislaturas del pa\u00eds pues con ello se act\u00faa en el instante en que se est\u00e1 cometiendo el maltrato hacia un animal, es decir en flagrancia.<br \/>\nLa Ciudad de M\u00e9xico tiene importantes mecanismos para hacer frente al maltrato animal por ejemplo, la L\u00ednea Ciudadana 24 horas que registra la denuncia y la env\u00eda a la autoridad correspondiente. En algunos casos se refiere al denunciante directamente a la instancia ofreciendo orientaci\u00f3n y acompa\u00f1amiento para el proceso de denuncia. La l\u00ednea atiende todo tipo de denuncias relacionadas con el maltrato animal de cualquier tipo de especie.<br \/>\nLocatel tambi\u00e9n brinda asistencia jur\u00eddica para obtener informaci\u00f3n sobre c\u00f3mo presentar una denuncia. El abogado en turno le indica a la persona, dependiendo el caso, ruta m\u00e1s efectiva para presentar la denuncia sobre maltrato animal.<br \/>\nAdem\u00e1s existe la Procuradur\u00eda Ambiental y del Ordenamiento Territorial de la Ciudad de M\u00e9xico (PAOT), atiende todo tipo de denuncias relacionadas con el maltrato de cualquier tipo de especie. Si se denuncia en l\u00ednea o por tel\u00e9fono otorgan un n\u00famero de folio, junto con un tiempo de respuesta para que el interesado de puntual seguimiento. La PAOT indica el medio por el cual ratificar la denuncia.<br \/>\nOtros organismos importantes son la Brigada de Vigilancia Animal que principalmente atiende rescates y da asesor\u00eda en la tenencia responsable de animales de compa\u00f1\u00eda. La Procuradur\u00eda General de Justicia (PGJ CDMX) donde se hacen las denuncias presenciales en el Ministerio P\u00fablico correspondiente al lugar de los hechos. Generalmente se citar\u00e1 a comparecer al denunciante y al denunciado. Se admiten denuncias referentes a todo tipo de especie, principalmente lesiones, mutilaciones, muerte del animal, casos de maltrato flagrante.<br \/>\nEn el caso de las alcald\u00edas o lo que antes eran las delegaciones en la Ciudad de M\u00e9xico est\u00e1n los Jueces C\u00edvicos que admiten denuncias sobre maltrato animal y otros delitos flagrantes de acuerdo a la Ley de Protecci\u00f3n a los Animales y el Instituto de Verificaci\u00f3n Administrativa para el caso de reportes de rastros clandestinos que adem\u00e1s de operar sin higiene causando da\u00f1os a la salud de los consumidores, son los que sacrifican a los animales con un grado de crueldad extremo.<br \/>\nEn el caso de Veracruz las leyes que existen en materia de protecci\u00f3n animal son vanguardistas tambi\u00e9n, solo hace falta que la FEDAYCA se reactive y se ponga a trabajar correctamente desahogando las denuncias interpuestas, har\u00edan un gran trabajo si se lo propusieran lo cual ayudar\u00eda a disminuir los \u00edndices de violencia en la entidad.<br \/>\ngaem80@gmail.com<\/p>\n","protected":false},"excerpt":{"rendered":"<p>Maricarmen Garc\u00eda El\u00edas Animalia &nbsp; Una iniciativa presentada en la Asamblea Legislativa de Ciudad de M\u00e9xico por la diputada local Leticia Varela Mart\u00ednez y que faculta a la polic\u00eda para entrar a domicilios y rescatar a animales maltratados fue aprobada recientemente convirti\u00e9ndose en un importante logro para los animales pues no se perder\u00eda tiempo en [&hellip;]<\/p>\n","protected":false},"author":2,"featured_media":0,"comment_status":"open","ping_status":"open","sticky":false,"template":"","format":"standard","meta":{"tdm_status":"","tdm_grid_status":"","footnotes":""},"categories":[70],"tags":[21301,19199,5555,21299,21303,21304,21300,4555,21302,195],"class_list":{"0":"post-60985","1":"post","2":"type-post","3":"status-publish","4":"format-standard","6":"category-de-opinion","7":"tag-brigada-de-proteccion-animal-de-la-secretaria-de-seguridad-ciudadana","8":"tag-fedayca","9":"tag-fiscalia","10":"tag-leticia-varela-martinez","11":"tag-paot","12":"tag-pgj-cdmx","13":"tag-rescatar-a-animales-maltratados","14":"tag-secretaria-de-seguridad-publica","15":"tag-ssc","16":"tag-veracruz"},"yoast_head":"<!-- This site is optimized with the Yoast SEO plugin v27.4 - https:\/\/yoast.com\/product\/yoast-seo-wordpress\/ -->\n<title>Avances en la CDMX - Los pol\u00edticos Veracruz<\/title>\n<meta name=\"robots\" content=\"index, follow, max-snippet:-1, max-image-preview:large, max-video-preview:-1\" \/>\n<link rel=\"canonical\" href=\"https:\/\/lospoliticosveracruz.com\/?p=60985\" \/>\n<meta property=\"og:locale\" content=\"es_ES\" \/>\n<meta property=\"og:type\" content=\"article\" \/>\n<meta property=\"og:title\" content=\"Avances en la CDMX - Los pol\u00edticos Veracruz\" \/>\n<meta property=\"og:description\" content=\"Maricarmen Garc\u00eda El\u00edas Animalia &nbsp; Una iniciativa presentada en la Asamblea Legislativa de Ciudad de M\u00e9xico por la diputada local Leticia Varela Mart\u00ednez y que faculta a la polic\u00eda para entrar a domicilios y rescatar a animales maltratados fue aprobada recientemente convirti\u00e9ndose en un importante logro para los animales pues no se perder\u00eda tiempo en [&hellip;]\" \/>\n<meta property=\"og:url\" content=\"https:\/\/lospoliticosveracruz.com\/?p=60985\" \/>\n<meta property=\"og:site_name\" content=\"Los pol\u00edticos Veracruz\" \/>\n<meta property=\"article:publisher\" content=\"https:\/\/www.facebook.com\/people\/Notimemes-de-los-Polticos\/61565672886568\/\" \/>\n<meta property=\"article:published_time\" content=\"2020-09-16T18:19:53+00:00\" \/>\n<meta property=\"og:image\" content=\"https:\/\/lospoliticosveracruz.com\/wp-content\/uploads\/2016\/07\/Logo-Dor.jpg\" \/>\n\t<meta property=\"og:image:width\" content=\"200\" \/>\n\t<meta property=\"og:image:height\" content=\"200\" \/>\n\t<meta property=\"og:image:type\" content=\"image\/jpeg\" \/>\n<meta name=\"author\" content=\"Lo viste en Los Pol\u00edticos\" \/>\n<meta name=\"twitter:card\" content=\"summary_large_image\" \/>\n<meta name=\"twitter:creator\" content=\"@LosPoliticosVer\" \/>\n<meta name=\"twitter:site\" content=\"@LosPoliticosVer\" \/>\n<meta name=\"twitter:label1\" content=\"Escrito por\" \/>\n\t<meta name=\"twitter:data1\" content=\"Lo viste en Los Pol\u00edticos\" \/>\n\t<meta name=\"twitter:label2\" content=\"Tiempo de lectura\" \/>\n\t<meta name=\"twitter:data2\" content=\"4 minutos\" \/>\n<script type=\"application\/ld+json\" class=\"yoast-schema-graph\">{\"@context\":\"https:\\\/\\\/schema.org\",\"@graph\":[{\"@type\":\"Article\",\"@id\":\"https:\\\/\\\/lospoliticosveracruz.com\\\/?p=60985#article\",\"isPartOf\":{\"@id\":\"https:\\\/\\\/lospoliticosveracruz.com\\\/?p=60985\"},\"author\":{\"name\":\"Lo viste en Los Pol\u00edticos\",\"@id\":\"https:\\\/\\\/lospoliticosveracruz.com\\\/#\\\/schema\\\/person\\\/b8702bb0e538456e6efd07080bf2a4a2\"},\"headline\":\"Avances en la CDMX\",\"datePublished\":\"2020-09-16T18:19:53+00:00\",\"mainEntityOfPage\":{\"@id\":\"https:\\\/\\\/lospoliticosveracruz.com\\\/?p=60985\"},\"wordCount\":769,\"commentCount\":0,\"publisher\":{\"@id\":\"https:\\\/\\\/lospoliticosveracruz.com\\\/#organization\"},\"keywords\":[\"Brigada de Protecci\u00f3n Animal de la Secretar\u00eda de Seguridad Ciudadana\",\"FEDAYCA\",\"Fiscal\u00eda\",\"Leticia Varela Mart\u00ednez\",\"PAOT\",\"PGJ CDMX\",\"Rescatar a animales maltratados\",\"Secretar\u00eda de Seguridad P\u00fablica\",\"SSC\",\"Veracruz\"],\"articleSection\":[\"De Opini\u00f3n\"],\"inLanguage\":\"es\",\"potentialAction\":[{\"@type\":\"CommentAction\",\"name\":\"Comment\",\"target\":[\"https:\\\/\\\/lospoliticosveracruz.com\\\/?p=60985#respond\"]}]},{\"@type\":\"WebPage\",\"@id\":\"https:\\\/\\\/lospoliticosveracruz.com\\\/?p=60985\",\"url\":\"https:\\\/\\\/lospoliticosveracruz.com\\\/?p=60985\",\"name\":\"Avances en la CDMX - Los pol\u00edticos Veracruz\",\"isPartOf\":{\"@id\":\"https:\\\/\\\/lospoliticosveracruz.com\\\/#website\"},\"datePublished\":\"2020-09-16T18:19:53+00:00\",\"breadcrumb\":{\"@id\":\"https:\\\/\\\/lospoliticosveracruz.com\\\/?p=60985#breadcrumb\"},\"inLanguage\":\"es\",\"potentialAction\":[{\"@type\":\"ReadAction\",\"target\":[\"https:\\\/\\\/lospoliticosveracruz.com\\\/?p=60985\"]}]},{\"@type\":\"BreadcrumbList\",\"@id\":\"https:\\\/\\\/lospoliticosveracruz.com\\\/?p=60985#breadcrumb\",\"itemListElement\":[{\"@type\":\"ListItem\",\"position\":1,\"name\":\"Portada\",\"item\":\"https:\\\/\\\/lospoliticosveracruz.com\\\/\"},{\"@type\":\"ListItem\",\"position\":2,\"name\":\"Avances en la CDMX\"}]},{\"@type\":\"WebSite\",\"@id\":\"https:\\\/\\\/lospoliticosveracruz.com\\\/#website\",\"url\":\"https:\\\/\\\/lospoliticosveracruz.com\\\/\",\"name\":\"Los pol\u00edticos Veracruz\",\"description\":\"\",\"publisher\":{\"@id\":\"https:\\\/\\\/lospoliticosveracruz.com\\\/#organization\"},\"potentialAction\":[{\"@type\":\"SearchAction\",\"target\":{\"@type\":\"EntryPoint\",\"urlTemplate\":\"https:\\\/\\\/lospoliticosveracruz.com\\\/?s={search_term_string}\"},\"query-input\":{\"@type\":\"PropertyValueSpecification\",\"valueRequired\":true,\"valueName\":\"search_term_string\"}}],\"inLanguage\":\"es\"},{\"@type\":\"Organization\",\"@id\":\"https:\\\/\\\/lospoliticosveracruz.com\\\/#organization\",\"name\":\"Los pol\u00edticos Veracruz\",\"url\":\"https:\\\/\\\/lospoliticosveracruz.com\\\/\",\"logo\":{\"@type\":\"ImageObject\",\"inLanguage\":\"es\",\"@id\":\"https:\\\/\\\/lospoliticosveracruz.com\\\/#\\\/schema\\\/logo\\\/image\\\/\",\"url\":\"https:\\\/\\\/lospoliticosveracruz.com\\\/wp-content\\\/uploads\\\/2025\\\/12\\\/Logo-Nuevo-LOS-POLITICOS-1.jpg\",\"contentUrl\":\"https:\\\/\\\/lospoliticosveracruz.com\\\/wp-content\\\/uploads\\\/2025\\\/12\\\/Logo-Nuevo-LOS-POLITICOS-1.jpg\",\"width\":260,\"height\":70,\"caption\":\"Los pol\u00edticos Veracruz\"},\"image\":{\"@id\":\"https:\\\/\\\/lospoliticosveracruz.com\\\/#\\\/schema\\\/logo\\\/image\\\/\"},\"sameAs\":[\"https:\\\/\\\/www.facebook.com\\\/people\\\/Notimemes-de-los-Polticos\\\/61565672886568\\\/\",\"https:\\\/\\\/x.com\\\/LosPoliticosVer\"]},{\"@type\":\"Person\",\"@id\":\"https:\\\/\\\/lospoliticosveracruz.com\\\/#\\\/schema\\\/person\\\/b8702bb0e538456e6efd07080bf2a4a2\",\"name\":\"Lo viste en Los Pol\u00edticos\",\"image\":{\"@type\":\"ImageObject\",\"inLanguage\":\"es\",\"@id\":\"https:\\\/\\\/secure.gravatar.com\\\/avatar\\\/3a8de04a2656d44082be478bd6c086daa447c4651605818287b9532d3d0bd435?s=96&d=mm&r=g\",\"url\":\"https:\\\/\\\/secure.gravatar.com\\\/avatar\\\/3a8de04a2656d44082be478bd6c086daa447c4651605818287b9532d3d0bd435?s=96&d=mm&r=g\",\"contentUrl\":\"https:\\\/\\\/secure.gravatar.com\\\/avatar\\\/3a8de04a2656d44082be478bd6c086daa447c4651605818287b9532d3d0bd435?s=96&d=mm&r=g\",\"caption\":\"Lo viste en Los Pol\u00edticos\"},\"url\":\"https:\\\/\\\/lospoliticosveracruz.com\\\/?author=2\"}]}<\/script>\n<!-- \/ Yoast SEO plugin. -->","yoast_head_json":{"title":"Avances en la CDMX - Los pol\u00edticos Veracruz","robots":{"index":"index","follow":"follow","max-snippet":"max-snippet:-1","max-image-preview":"max-image-preview:large","max-video-preview":"max-video-preview:-1"},"canonical":"https:\/\/lospoliticosveracruz.com\/?p=60985","og_locale":"es_ES","og_type":"article","og_title":"Avances en la CDMX - Los pol\u00edticos Veracruz","og_description":"Maricarmen Garc\u00eda El\u00edas Animalia &nbsp; Una iniciativa presentada en la Asamblea Legislativa de Ciudad de M\u00e9xico por la diputada local Leticia Varela Mart\u00ednez y que faculta a la polic\u00eda para entrar a domicilios y rescatar a animales maltratados fue aprobada recientemente convirti\u00e9ndose en un importante logro para los animales pues no se perder\u00eda tiempo en [&hellip;]","og_url":"https:\/\/lospoliticosveracruz.com\/?p=60985","og_site_name":"Los pol\u00edticos Veracruz","article_publisher":"https:\/\/www.facebook.com\/people\/Notimemes-de-los-Polticos\/61565672886568\/","article_published_time":"2020-09-16T18:19:53+00:00","og_image":[{"width":200,"height":200,"url":"https:\/\/lospoliticosveracruz.com\/wp-content\/uploads\/2016\/07\/Logo-Dor.jpg","type":"image\/jpeg"}],"author":"Lo viste en Los Pol\u00edticos","twitter_card":"summary_large_image","twitter_creator":"@LosPoliticosVer","twitter_site":"@LosPoliticosVer","twitter_misc":{"Escrito por":"Lo viste en Los Pol\u00edticos","Tiempo de lectura":"4 minutos"},"schema":{"@context":"https:\/\/schema.org","@graph":[{"@type":"Article","@id":"https:\/\/lospoliticosveracruz.com\/?p=60985#article","isPartOf":{"@id":"https:\/\/lospoliticosveracruz.com\/?p=60985"},"author":{"name":"Lo viste en Los Pol\u00edticos","@id":"https:\/\/lospoliticosveracruz.com\/#\/schema\/person\/b8702bb0e538456e6efd07080bf2a4a2"},"headline":"Avances en la CDMX","datePublished":"2020-09-16T18:19:53+00:00","mainEntityOfPage":{"@id":"https:\/\/lospoliticosveracruz.com\/?p=60985"},"wordCount":769,"commentCount":0,"publisher":{"@id":"https:\/\/lospoliticosveracruz.com\/#organization"},"keywords":["Brigada de Protecci\u00f3n Animal de la Secretar\u00eda de Seguridad Ciudadana","FEDAYCA","Fiscal\u00eda","Leticia Varela Mart\u00ednez","PAOT","PGJ CDMX","Rescatar a animales maltratados","Secretar\u00eda de Seguridad P\u00fablica","SSC","Veracruz"],"articleSection":["De Opini\u00f3n"],"inLanguage":"es","potentialAction":[{"@type":"CommentAction","name":"Comment","target":["https:\/\/lospoliticosveracruz.com\/?p=60985#respond"]}]},{"@type":"WebPage","@id":"https:\/\/lospoliticosveracruz.com\/?p=60985","url":"https:\/\/lospoliticosveracruz.com\/?p=60985","name":"Avances en la CDMX - Los pol\u00edticos Veracruz","isPartOf":{"@id":"https:\/\/lospoliticosveracruz.com\/#website"},"datePublished":"2020-09-16T18:19:53+00:00","breadcrumb":{"@id":"https:\/\/lospoliticosveracruz.com\/?p=60985#breadcrumb"},"inLanguage":"es","potentialAction":[{"@type":"ReadAction","target":["https:\/\/lospoliticosveracruz.com\/?p=60985"]}]},{"@type":"BreadcrumbList","@id":"https:\/\/lospoliticosveracruz.com\/?p=60985#breadcrumb","itemListElement":[{"@type":"ListItem","position":1,"name":"Portada","item":"https:\/\/lospoliticosveracruz.com\/"},{"@type":"ListItem","position":2,"name":"Avances en la CDMX"}]},{"@type":"WebSite","@id":"https:\/\/lospoliticosveracruz.com\/#website","url":"https:\/\/lospoliticosveracruz.com\/","name":"Los pol\u00edticos Veracruz","description":"","publisher":{"@id":"https:\/\/lospoliticosveracruz.com\/#organization"},"potentialAction":[{"@type":"SearchAction","target":{"@type":"EntryPoint","urlTemplate":"https:\/\/lospoliticosveracruz.com\/?s={search_term_string}"},"query-input":{"@type":"PropertyValueSpecification","valueRequired":true,"valueName":"search_term_string"}}],"inLanguage":"es"},{"@type":"Organization","@id":"https:\/\/lospoliticosveracruz.com\/#organization","name":"Los pol\u00edticos Veracruz","url":"https:\/\/lospoliticosveracruz.com\/","logo":{"@type":"ImageObject","inLanguage":"es","@id":"https:\/\/lospoliticosveracruz.com\/#\/schema\/logo\/image\/","url":"https:\/\/lospoliticosveracruz.com\/wp-content\/uploads\/2025\/12\/Logo-Nuevo-LOS-POLITICOS-1.jpg","contentUrl":"https:\/\/lospoliticosveracruz.com\/wp-content\/uploads\/2025\/12\/Logo-Nuevo-LOS-POLITICOS-1.jpg","width":260,"height":70,"caption":"Los pol\u00edticos Veracruz"},"image":{"@id":"https:\/\/lospoliticosveracruz.com\/#\/schema\/logo\/image\/"},"sameAs":["https:\/\/www.facebook.com\/people\/Notimemes-de-los-Polticos\/61565672886568\/","https:\/\/x.com\/LosPoliticosVer"]},{"@type":"Person","@id":"https:\/\/lospoliticosveracruz.com\/#\/schema\/person\/b8702bb0e538456e6efd07080bf2a4a2","name":"Lo viste en Los Pol\u00edticos","image":{"@type":"ImageObject","inLanguage":"es","@id":"https:\/\/secure.gravatar.com\/avatar\/3a8de04a2656d44082be478bd6c086daa447c4651605818287b9532d3d0bd435?s=96&d=mm&r=g","url":"https:\/\/secure.gravatar.com\/avatar\/3a8de04a2656d44082be478bd6c086daa447c4651605818287b9532d3d0bd435?s=96&d=mm&r=g","contentUrl":"https:\/\/secure.gravatar.com\/avatar\/3a8de04a2656d44082be478bd6c086daa447c4651605818287b9532d3d0bd435?s=96&d=mm&r=g","caption":"Lo viste en Los Pol\u00edticos"},"url":"https:\/\/lospoliticosveracruz.com\/?author=2"}]}},"_links":{"self":[{"href":"https:\/\/lospoliticosveracruz.com\/index.php?rest_route=\/wp\/v2\/posts\/60985","targetHints":{"allow":["GET"]}}],"collection":[{"href":"https:\/\/lospoliticosveracruz.com\/index.php?rest_route=\/wp\/v2\/posts"}],"about":[{"href":"https:\/\/lospoliticosveracruz.com\/index.php?rest_route=\/wp\/v2\/types\/post"}],"author":[{"embeddable":true,"href":"https:\/\/lospoliticosveracruz.com\/index.php?rest_route=\/wp\/v2\/users\/2"}],"replies":[{"embeddable":true,"href":"https:\/\/lospoliticosveracruz.com\/index.php?rest_route=%2Fwp%2Fv2%2Fcomments&post=60985"}],"version-history":[{"count":1,"href":"https:\/\/lospoliticosveracruz.com\/index.php?rest_route=\/wp\/v2\/posts\/60985\/revisions"}],"predecessor-version":[{"id":60987,"href":"https:\/\/lospoliticosveracruz.com\/index.php?rest_route=\/wp\/v2\/posts\/60985\/revisions\/60987"}],"wp:attachment":[{"href":"https:\/\/lospoliticosveracruz.com\/index.php?rest_route=%2Fwp%2Fv2%2Fmedia&parent=60985"}],"wp:term":[{"taxonomy":"category","embeddable":true,"href":"https:\/\/lospoliticosveracruz.com\/index.php?rest_route=%2Fwp%2Fv2%2Fcategories&post=60985"},{"taxonomy":"post_tag","embeddable":true,"href":"https:\/\/lospoliticosveracruz.com\/index.php?rest_route=%2Fwp%2Fv2%2Ftags&post=60985"}],"curies":[{"name":"wp","href":"https:\/\/api.w.org\/{rel}","templated":true}]}}