{"id":60989,"date":"2020-09-16T17:31:18","date_gmt":"2020-09-16T22:31:18","guid":{"rendered":"http:\/\/www.lospoliticosveracruz.com.mx\/?p=60989"},"modified":"2020-09-16T18:51:44","modified_gmt":"2020-09-16T23:51:44","slug":"anecdotas-y-detalles-del-grito","status":"publish","type":"post","link":"https:\/\/lospoliticosveracruz.com\/?p=60989","title":{"rendered":"An\u00e9cdotas y detalles del Grito"},"content":{"rendered":"<p><strong>Salvador Mu\u00f1oz<\/strong><\/p>\n<p><em>Los Pol\u00edticos<\/em><\/p>\n<p><span style=\"font-weight: 400;\">El Grito del 15 fue diferente, como bien lo cit\u00f3 Jos\u00e9 Luis Enr\u00edquez Ambell en su Caf\u00e9 de Ma\u00f1ana. Un tanto diferente por la gente en el poder; un mucho tambi\u00e9n por la pandemia. Fue un Grito Silencioso, tanto en el \u00e1mbito estatal como en el federal pero no por eso, salpicado de an\u00e9cdotas, como las que el mismo Enr\u00edquez nos platic\u00f3, aunque antes de entrar a detalle con \u00e9sta, perm\u00edtame hacer unas observaciones:<\/span><\/p>\n<p>&nbsp;<a href=\"https:\/\/www.facebook.com\/notaria61veracruz\/\"><img decoding=\"async\" src=\"http:\/\/www.lospoliticosveracruz.com.mx\/wp-content\/uploads\/2020\/07\/CINTILLO-Armando.jpg\" alt=\"\" \/><\/a><\/p>\n<p>&nbsp;<\/p>\n<p><span style=\"font-weight: 400;\">Las redes sociales se dieron vuelo con las comparaciones que son siempre terribles y el objeto de su ciza\u00f1a en este caso fue el Presidente y su No Primera Dama. La raz\u00f3n: La sana distancia que guardaron al hacer su arribo al evento. Perd\u00f3n, no fue \u201cSana Distancia\u201d, m\u00e1s bien parece una \u201cFr\u00eda Distancia\u201d, que hizo ver como si estuviera inc\u00f3moda la se\u00f1ora acompa\u00f1ando a su esposo en estos actos patrios, lo que de cierto modo, igual convida de ese malestar al Presidente\u2026 s\u00f3lo basta verle la cara. Todo lo contrario al anterior Mandatario, Enrique Pe\u00f1a Nieto, quien llevaba a su esposa del brazo y parec\u00edan radiantes. S\u00ed, se puede decir mucho de los Pe\u00f1a-Rivera pero en su momento, reflejaban la alegr\u00eda que estas fechas enmarcan la identidad del mexicano.<\/span><\/p>\n<p><span style=\"font-weight: 400;\">Ahora que si me apuran, vamos con Felipe Calder\u00f3n Hinojosa y Margarita Zavala. Si uno se echa un clavado en las fototecas, podr\u00e1 ver que ese traslado de esta pareja hacia el balc\u00f3n es similar al de L\u00f3pez-Guti\u00e9rrez: \u00a1separados! \u00bfY en qu\u00e9 dista uno del otro? muy f\u00e1cil. Si bien Felipe y Margarita iban separados, la cara de ambos igual reflejaba felicidad, alegr\u00eda\u2026 \u00a1claro! los enemigos de Calder\u00f3n dir\u00e1n que eso no tiene chiste, porque el entonces Presidente \u00a1siempre estaba \u201chappy\u201d!<\/span><\/p>\n<p><span style=\"font-weight: 400;\">Lo cierto es que la cara del Presidente L\u00f3pez rumbo al balc\u00f3n, al menos en la noche del Grito, parec\u00eda como si tuviera ya muchas noches \u00a1sin grito!<\/span><\/p>\n<p><span style=\"font-weight: 400;\">\u00a1Vamos para Veracruz!<\/span><\/p>\n<p><span style=\"font-weight: 400;\">Cuitl\u00e1huac Garc\u00eda tuvo un ligero tropez\u00f3n la noche del Grito\u2026 Un ligero tropez\u00f3n como lo tenemos cualquiera. \u00a1Bueno! No cualquiera\u2026 hay que recordar a Patricio Chirinos Calero, si la memoria no me falla, en el Puerto jarocho, acompa\u00f1ando al Presidente Ernesto Zedillo, donde el entonces Gobernador de Veracruz resbal\u00f3 cayendo a los pies del Mandatario aunque la realidad, se levant\u00f3 m\u00e1s r\u00e1pido de lo que toc\u00f3 el suelo\u2026 pero no vayamos tan lejos\u2026 Javier Duarte de Ochoa en un evento escolar fue a saludar en las gradas a unos estudiantes que, animados por estar cerca del pol\u00edtico, se le amontonaron, haci\u00e9ndolo perder el piso \u00a1y suelo! \u00a1\u00c9sas s\u00ed son ca\u00eddas! \u00a1\u00c9sos s\u00ed son tropezones! Lo de Cuic es nada\u2026 parte de un anecdotario, parte de la leyenda que le ha de acompa\u00f1ar para toda su vida, como tambi\u00e9n esa leyenda de que ahora, Acci\u00f3n Social est\u00e1 en manos de un familiar suyo.<\/span><\/p>\n<p><span style=\"font-weight: 400;\">Y hablando de An\u00e9cdotas y Leyendas propias de estas fechas, hay una que nos cuenta Enr\u00edquez Ambell, quien fue director general de Acci\u00f3n Social y Giras en el gobierno de Miguel Alem\u00e1n Velasco. Era septiembre del 2004. La noche del Grito. Fieles a cumplir con los protocolos, tiempos y pautas coordinadas entre Acci\u00f3n Social, Televisi\u00f3n y Ej\u00e9rcito, ya todos estaban en sus respectivos lugares, pero el Gobernador y su esposa no llegaban aunque sab\u00edan que estaban en Palacio de Gobierno. La hora acordada lleg\u00f3 a su punto y entonces, Acci\u00f3n Social entr\u00f3 en Acci\u00f3n, valga la redundancia\u2026 la m\u00fasica sigui\u00f3, el maestro de ceremonias continu\u00f3 y pasaron largos cuatro minutos hasta que apareci\u00f3 el Gobernador y su esposa\u2026 pas\u00f3 que el elevador tuvo una ligera falla mientras iban en camino\u2026 para los cientos de veracruzanos que estaban en la Plaza Lerdo pas\u00f3 desapercibido esto, pero no as\u00ed para todo ese gran aparato como era Acci\u00f3n Social, que daba tiempo, espacio, pauta, orden, en los eventos del Gobernador. Gracias por compartir, Enr\u00edquez Ambell y tambi\u00e9n, gracias por traer a la memoria, a Juanito Morales, el eterno elevadorista de Palacio de Gobierno que es seguro, ya debi\u00f3 haberse jubilado.<\/span><\/p>\n<p><span style=\"font-weight: 400;\">Pero volvamos con Cuitl\u00e1huac. Salvo el tropez\u00f3n, se pudiera decir que estuvo bien, aunque hubo muchos quisquillosos que se percataron de dos detalles en la noche del Grito de Garc\u00eda Jim\u00e9nez:<\/span><\/p>\n<p><span style=\"font-weight: 400;\">1.- Lo que llamaron la Soledad del Gobernador. Quiz\u00e1s acostumbrados a ver al mandatario con su esposa, hijos y hasta nietos, a muchos a\u00fan causa rareza la condici\u00f3n civil del mandatario, pero es cuesti\u00f3n de costumbre y adaptarnos incluso, a la \u201cNueva Normalidad\u201d pol\u00edtica de la Cuarta Transformaci\u00f3n.<\/span><\/p>\n<p><span style=\"font-weight: 400;\">2.- El otro punto fue la rigidez del Gobernador\u2026 \u00bflo vieron c\u00f3mo se desplazaba? Los brazos pegados al costado y hab\u00eda un momento que parec\u00eda que el dorso de las manos lo llevaba al frente. Se entiende la solemnidad del caso, \u00bfpero caminar como robot? Al final, detalles, detalles sin importancia m\u00e1s que para el comentario, para el anecdotario, para el recuerdo de un Grito Silencioso, quiz\u00e1s el m\u00e1s sigiloso, el m\u00e1s reservado que se tenga memoria, obligados por la pandemia, pero que no obstante ello, permanece en el sentir ciudadano esta noche, como la fecha especial que nos da identidad y orgullo de ser mexicanos, como bien lo dijo en su Caf\u00e9 de Ma\u00f1ana, mi compa Jos\u00e9 Luis Enr\u00edquez Ambell.<\/span><\/p>\n<p>&nbsp;<\/p>\n<p><span style=\"font-weight: 400;\">smcainito@gmail.com<\/span><\/p>\n","protected":false},"excerpt":{"rendered":"<p>Salvador Mu\u00f1oz Los Pol\u00edticos El Grito del 15 fue diferente, como bien lo cit\u00f3 Jos\u00e9 Luis Enr\u00edquez Ambell en su Caf\u00e9 de Ma\u00f1ana. Un tanto diferente por la gente en el poder; un mucho tambi\u00e9n por la pandemia. Fue un Grito Silencioso, tanto en el \u00e1mbito estatal como en el federal pero no por eso, [&hellip;]<\/p>\n","protected":false},"author":2,"featured_media":0,"comment_status":"open","ping_status":"open","sticky":false,"template":"","format":"standard","meta":{"tdm_status":"","tdm_grid_status":"","footnotes":""},"categories":[70],"tags":[618,1681,281,1934,1032,6173,260,8383,21306,1441,1800,1239,2646],"class_list":{"0":"post-60989","1":"post","2":"type-post","3":"status-publish","4":"format-standard","6":"category-de-opinion","7":"tag-andres-manuel-lopez-obrador","8":"tag-cuitlahuac-garcia","9":"tag-enrique-pena-nieto","10":"tag-ernesto-zedillo","11":"tag-felipe-calderon-hinojosa","12":"tag-grito","13":"tag-javier-duarte-de-ochoa","14":"tag-jose-luis-enriquez-ambell","15":"tag-juanito-morales","16":"tag-margarita-zavala","17":"tag-miguel-aleman-velasco","18":"tag-patricio-chirinos-calero","19":"tag-salvador-munoz"},"yoast_head":"<!-- This site is optimized with the Yoast SEO plugin v27.4 - https:\/\/yoast.com\/product\/yoast-seo-wordpress\/ -->\n<title>An\u00e9cdotas y detalles del Grito - Los pol\u00edticos Veracruz<\/title>\n<meta name=\"robots\" content=\"index, follow, max-snippet:-1, max-image-preview:large, max-video-preview:-1\" \/>\n<link rel=\"canonical\" href=\"https:\/\/lospoliticosveracruz.com\/?p=60989\" \/>\n<meta property=\"og:locale\" content=\"es_ES\" \/>\n<meta property=\"og:type\" content=\"article\" \/>\n<meta property=\"og:title\" content=\"An\u00e9cdotas y detalles del Grito - Los pol\u00edticos Veracruz\" \/>\n<meta property=\"og:description\" content=\"Salvador Mu\u00f1oz Los Pol\u00edticos El Grito del 15 fue diferente, como bien lo cit\u00f3 Jos\u00e9 Luis Enr\u00edquez Ambell en su Caf\u00e9 de Ma\u00f1ana. Un tanto diferente por la gente en el poder; un mucho tambi\u00e9n por la pandemia. Fue un Grito Silencioso, tanto en el \u00e1mbito estatal como en el federal pero no por eso, [&hellip;]\" \/>\n<meta property=\"og:url\" content=\"https:\/\/lospoliticosveracruz.com\/?p=60989\" \/>\n<meta property=\"og:site_name\" content=\"Los pol\u00edticos Veracruz\" \/>\n<meta property=\"article:publisher\" content=\"https:\/\/www.facebook.com\/people\/Notimemes-de-los-Polticos\/61565672886568\/\" \/>\n<meta property=\"article:published_time\" content=\"2020-09-16T22:31:18+00:00\" \/>\n<meta property=\"article:modified_time\" content=\"2020-09-16T23:51:44+00:00\" \/>\n<meta property=\"og:image\" content=\"http:\/\/www.lospoliticosveracruz.com.mx\/wp-content\/uploads\/2020\/07\/CINTILLO-Armando.jpg\" \/>\n<meta name=\"author\" content=\"Lo viste en Los Pol\u00edticos\" \/>\n<meta name=\"twitter:card\" content=\"summary_large_image\" \/>\n<meta name=\"twitter:creator\" content=\"@LosPoliticosVer\" \/>\n<meta name=\"twitter:site\" content=\"@LosPoliticosVer\" \/>\n<meta name=\"twitter:label1\" content=\"Escrito por\" \/>\n\t<meta name=\"twitter:data1\" content=\"Lo viste en Los Pol\u00edticos\" \/>\n\t<meta name=\"twitter:label2\" content=\"Tiempo de lectura\" \/>\n\t<meta name=\"twitter:data2\" content=\"5 minutos\" \/>\n<script type=\"application\/ld+json\" class=\"yoast-schema-graph\">{\"@context\":\"https:\\\/\\\/schema.org\",\"@graph\":[{\"@type\":\"Article\",\"@id\":\"https:\\\/\\\/lospoliticosveracruz.com\\\/?p=60989#article\",\"isPartOf\":{\"@id\":\"https:\\\/\\\/lospoliticosveracruz.com\\\/?p=60989\"},\"author\":{\"name\":\"Lo viste en Los Pol\u00edticos\",\"@id\":\"https:\\\/\\\/lospoliticosveracruz.com\\\/#\\\/schema\\\/person\\\/b8702bb0e538456e6efd07080bf2a4a2\"},\"headline\":\"An\u00e9cdotas y detalles del Grito\",\"datePublished\":\"2020-09-16T22:31:18+00:00\",\"dateModified\":\"2020-09-16T23:51:44+00:00\",\"mainEntityOfPage\":{\"@id\":\"https:\\\/\\\/lospoliticosveracruz.com\\\/?p=60989\"},\"wordCount\":957,\"commentCount\":0,\"publisher\":{\"@id\":\"https:\\\/\\\/lospoliticosveracruz.com\\\/#organization\"},\"image\":{\"@id\":\"https:\\\/\\\/lospoliticosveracruz.com\\\/?p=60989#primaryimage\"},\"thumbnailUrl\":\"http:\\\/\\\/www.lospoliticosveracruz.com.mx\\\/wp-content\\\/uploads\\\/2020\\\/07\\\/CINTILLO-Armando.jpg\",\"keywords\":[\"Andr\u00e9s Manuel L\u00f3pez Obrador\",\"Cuitl\u00e1huac Garc\u00eda\",\"Enrique Pe\u00f1a Nieto\",\"Ernesto Zedillo\",\"Felipe Calder\u00f3n Hinojosa\",\"Grito\",\"Javier Duarte de Ochoa\",\"Jos\u00e9 Luis Enr\u00edquez Ambell\",\"Juanito Morales\",\"Margarita Zavala\",\"Miguel Alem\u00e1n Velasco\",\"Patricio Chirinos Calero\",\"Salvador Mu\u00f1oz\"],\"articleSection\":[\"De Opini\u00f3n\"],\"inLanguage\":\"es\",\"potentialAction\":[{\"@type\":\"CommentAction\",\"name\":\"Comment\",\"target\":[\"https:\\\/\\\/lospoliticosveracruz.com\\\/?p=60989#respond\"]}]},{\"@type\":\"WebPage\",\"@id\":\"https:\\\/\\\/lospoliticosveracruz.com\\\/?p=60989\",\"url\":\"https:\\\/\\\/lospoliticosveracruz.com\\\/?p=60989\",\"name\":\"An\u00e9cdotas y detalles del Grito - Los pol\u00edticos Veracruz\",\"isPartOf\":{\"@id\":\"https:\\\/\\\/lospoliticosveracruz.com\\\/#website\"},\"primaryImageOfPage\":{\"@id\":\"https:\\\/\\\/lospoliticosveracruz.com\\\/?p=60989#primaryimage\"},\"image\":{\"@id\":\"https:\\\/\\\/lospoliticosveracruz.com\\\/?p=60989#primaryimage\"},\"thumbnailUrl\":\"http:\\\/\\\/www.lospoliticosveracruz.com.mx\\\/wp-content\\\/uploads\\\/2020\\\/07\\\/CINTILLO-Armando.jpg\",\"datePublished\":\"2020-09-16T22:31:18+00:00\",\"dateModified\":\"2020-09-16T23:51:44+00:00\",\"breadcrumb\":{\"@id\":\"https:\\\/\\\/lospoliticosveracruz.com\\\/?p=60989#breadcrumb\"},\"inLanguage\":\"es\",\"potentialAction\":[{\"@type\":\"ReadAction\",\"target\":[\"https:\\\/\\\/lospoliticosveracruz.com\\\/?p=60989\"]}]},{\"@type\":\"ImageObject\",\"inLanguage\":\"es\",\"@id\":\"https:\\\/\\\/lospoliticosveracruz.com\\\/?p=60989#primaryimage\",\"url\":\"http:\\\/\\\/www.lospoliticosveracruz.com.mx\\\/wp-content\\\/uploads\\\/2020\\\/07\\\/CINTILLO-Armando.jpg\",\"contentUrl\":\"http:\\\/\\\/www.lospoliticosveracruz.com.mx\\\/wp-content\\\/uploads\\\/2020\\\/07\\\/CINTILLO-Armando.jpg\"},{\"@type\":\"BreadcrumbList\",\"@id\":\"https:\\\/\\\/lospoliticosveracruz.com\\\/?p=60989#breadcrumb\",\"itemListElement\":[{\"@type\":\"ListItem\",\"position\":1,\"name\":\"Portada\",\"item\":\"https:\\\/\\\/lospoliticosveracruz.com\\\/\"},{\"@type\":\"ListItem\",\"position\":2,\"name\":\"An\u00e9cdotas y detalles del Grito\"}]},{\"@type\":\"WebSite\",\"@id\":\"https:\\\/\\\/lospoliticosveracruz.com\\\/#website\",\"url\":\"https:\\\/\\\/lospoliticosveracruz.com\\\/\",\"name\":\"Los pol\u00edticos Veracruz\",\"description\":\"\",\"publisher\":{\"@id\":\"https:\\\/\\\/lospoliticosveracruz.com\\\/#organization\"},\"potentialAction\":[{\"@type\":\"SearchAction\",\"target\":{\"@type\":\"EntryPoint\",\"urlTemplate\":\"https:\\\/\\\/lospoliticosveracruz.com\\\/?s={search_term_string}\"},\"query-input\":{\"@type\":\"PropertyValueSpecification\",\"valueRequired\":true,\"valueName\":\"search_term_string\"}}],\"inLanguage\":\"es\"},{\"@type\":\"Organization\",\"@id\":\"https:\\\/\\\/lospoliticosveracruz.com\\\/#organization\",\"name\":\"Los pol\u00edticos Veracruz\",\"url\":\"https:\\\/\\\/lospoliticosveracruz.com\\\/\",\"logo\":{\"@type\":\"ImageObject\",\"inLanguage\":\"es\",\"@id\":\"https:\\\/\\\/lospoliticosveracruz.com\\\/#\\\/schema\\\/logo\\\/image\\\/\",\"url\":\"https:\\\/\\\/lospoliticosveracruz.com\\\/wp-content\\\/uploads\\\/2025\\\/12\\\/Logo-Nuevo-LOS-POLITICOS-1.jpg\",\"contentUrl\":\"https:\\\/\\\/lospoliticosveracruz.com\\\/wp-content\\\/uploads\\\/2025\\\/12\\\/Logo-Nuevo-LOS-POLITICOS-1.jpg\",\"width\":260,\"height\":70,\"caption\":\"Los pol\u00edticos Veracruz\"},\"image\":{\"@id\":\"https:\\\/\\\/lospoliticosveracruz.com\\\/#\\\/schema\\\/logo\\\/image\\\/\"},\"sameAs\":[\"https:\\\/\\\/www.facebook.com\\\/people\\\/Notimemes-de-los-Polticos\\\/61565672886568\\\/\",\"https:\\\/\\\/x.com\\\/LosPoliticosVer\"]},{\"@type\":\"Person\",\"@id\":\"https:\\\/\\\/lospoliticosveracruz.com\\\/#\\\/schema\\\/person\\\/b8702bb0e538456e6efd07080bf2a4a2\",\"name\":\"Lo viste en Los Pol\u00edticos\",\"image\":{\"@type\":\"ImageObject\",\"inLanguage\":\"es\",\"@id\":\"https:\\\/\\\/secure.gravatar.com\\\/avatar\\\/3a8de04a2656d44082be478bd6c086daa447c4651605818287b9532d3d0bd435?s=96&d=mm&r=g\",\"url\":\"https:\\\/\\\/secure.gravatar.com\\\/avatar\\\/3a8de04a2656d44082be478bd6c086daa447c4651605818287b9532d3d0bd435?s=96&d=mm&r=g\",\"contentUrl\":\"https:\\\/\\\/secure.gravatar.com\\\/avatar\\\/3a8de04a2656d44082be478bd6c086daa447c4651605818287b9532d3d0bd435?s=96&d=mm&r=g\",\"caption\":\"Lo viste en Los Pol\u00edticos\"},\"url\":\"https:\\\/\\\/lospoliticosveracruz.com\\\/?author=2\"}]}<\/script>\n<!-- \/ Yoast SEO plugin. -->","yoast_head_json":{"title":"An\u00e9cdotas y detalles del Grito - Los pol\u00edticos Veracruz","robots":{"index":"index","follow":"follow","max-snippet":"max-snippet:-1","max-image-preview":"max-image-preview:large","max-video-preview":"max-video-preview:-1"},"canonical":"https:\/\/lospoliticosveracruz.com\/?p=60989","og_locale":"es_ES","og_type":"article","og_title":"An\u00e9cdotas y detalles del Grito - Los pol\u00edticos Veracruz","og_description":"Salvador Mu\u00f1oz Los Pol\u00edticos El Grito del 15 fue diferente, como bien lo cit\u00f3 Jos\u00e9 Luis Enr\u00edquez Ambell en su Caf\u00e9 de Ma\u00f1ana. Un tanto diferente por la gente en el poder; un mucho tambi\u00e9n por la pandemia. Fue un Grito Silencioso, tanto en el \u00e1mbito estatal como en el federal pero no por eso, [&hellip;]","og_url":"https:\/\/lospoliticosveracruz.com\/?p=60989","og_site_name":"Los pol\u00edticos Veracruz","article_publisher":"https:\/\/www.facebook.com\/people\/Notimemes-de-los-Polticos\/61565672886568\/","article_published_time":"2020-09-16T22:31:18+00:00","article_modified_time":"2020-09-16T23:51:44+00:00","og_image":[{"url":"http:\/\/www.lospoliticosveracruz.com.mx\/wp-content\/uploads\/2020\/07\/CINTILLO-Armando.jpg","type":"","width":"","height":""}],"author":"Lo viste en Los Pol\u00edticos","twitter_card":"summary_large_image","twitter_creator":"@LosPoliticosVer","twitter_site":"@LosPoliticosVer","twitter_misc":{"Escrito por":"Lo viste en Los Pol\u00edticos","Tiempo de lectura":"5 minutos"},"schema":{"@context":"https:\/\/schema.org","@graph":[{"@type":"Article","@id":"https:\/\/lospoliticosveracruz.com\/?p=60989#article","isPartOf":{"@id":"https:\/\/lospoliticosveracruz.com\/?p=60989"},"author":{"name":"Lo viste en Los Pol\u00edticos","@id":"https:\/\/lospoliticosveracruz.com\/#\/schema\/person\/b8702bb0e538456e6efd07080bf2a4a2"},"headline":"An\u00e9cdotas y detalles del Grito","datePublished":"2020-09-16T22:31:18+00:00","dateModified":"2020-09-16T23:51:44+00:00","mainEntityOfPage":{"@id":"https:\/\/lospoliticosveracruz.com\/?p=60989"},"wordCount":957,"commentCount":0,"publisher":{"@id":"https:\/\/lospoliticosveracruz.com\/#organization"},"image":{"@id":"https:\/\/lospoliticosveracruz.com\/?p=60989#primaryimage"},"thumbnailUrl":"http:\/\/www.lospoliticosveracruz.com.mx\/wp-content\/uploads\/2020\/07\/CINTILLO-Armando.jpg","keywords":["Andr\u00e9s Manuel L\u00f3pez Obrador","Cuitl\u00e1huac Garc\u00eda","Enrique Pe\u00f1a Nieto","Ernesto Zedillo","Felipe Calder\u00f3n Hinojosa","Grito","Javier Duarte de Ochoa","Jos\u00e9 Luis Enr\u00edquez Ambell","Juanito Morales","Margarita Zavala","Miguel Alem\u00e1n Velasco","Patricio Chirinos Calero","Salvador Mu\u00f1oz"],"articleSection":["De Opini\u00f3n"],"inLanguage":"es","potentialAction":[{"@type":"CommentAction","name":"Comment","target":["https:\/\/lospoliticosveracruz.com\/?p=60989#respond"]}]},{"@type":"WebPage","@id":"https:\/\/lospoliticosveracruz.com\/?p=60989","url":"https:\/\/lospoliticosveracruz.com\/?p=60989","name":"An\u00e9cdotas y detalles del Grito - Los pol\u00edticos Veracruz","isPartOf":{"@id":"https:\/\/lospoliticosveracruz.com\/#website"},"primaryImageOfPage":{"@id":"https:\/\/lospoliticosveracruz.com\/?p=60989#primaryimage"},"image":{"@id":"https:\/\/lospoliticosveracruz.com\/?p=60989#primaryimage"},"thumbnailUrl":"http:\/\/www.lospoliticosveracruz.com.mx\/wp-content\/uploads\/2020\/07\/CINTILLO-Armando.jpg","datePublished":"2020-09-16T22:31:18+00:00","dateModified":"2020-09-16T23:51:44+00:00","breadcrumb":{"@id":"https:\/\/lospoliticosveracruz.com\/?p=60989#breadcrumb"},"inLanguage":"es","potentialAction":[{"@type":"ReadAction","target":["https:\/\/lospoliticosveracruz.com\/?p=60989"]}]},{"@type":"ImageObject","inLanguage":"es","@id":"https:\/\/lospoliticosveracruz.com\/?p=60989#primaryimage","url":"http:\/\/www.lospoliticosveracruz.com.mx\/wp-content\/uploads\/2020\/07\/CINTILLO-Armando.jpg","contentUrl":"http:\/\/www.lospoliticosveracruz.com.mx\/wp-content\/uploads\/2020\/07\/CINTILLO-Armando.jpg"},{"@type":"BreadcrumbList","@id":"https:\/\/lospoliticosveracruz.com\/?p=60989#breadcrumb","itemListElement":[{"@type":"ListItem","position":1,"name":"Portada","item":"https:\/\/lospoliticosveracruz.com\/"},{"@type":"ListItem","position":2,"name":"An\u00e9cdotas y detalles del Grito"}]},{"@type":"WebSite","@id":"https:\/\/lospoliticosveracruz.com\/#website","url":"https:\/\/lospoliticosveracruz.com\/","name":"Los pol\u00edticos Veracruz","description":"","publisher":{"@id":"https:\/\/lospoliticosveracruz.com\/#organization"},"potentialAction":[{"@type":"SearchAction","target":{"@type":"EntryPoint","urlTemplate":"https:\/\/lospoliticosveracruz.com\/?s={search_term_string}"},"query-input":{"@type":"PropertyValueSpecification","valueRequired":true,"valueName":"search_term_string"}}],"inLanguage":"es"},{"@type":"Organization","@id":"https:\/\/lospoliticosveracruz.com\/#organization","name":"Los pol\u00edticos Veracruz","url":"https:\/\/lospoliticosveracruz.com\/","logo":{"@type":"ImageObject","inLanguage":"es","@id":"https:\/\/lospoliticosveracruz.com\/#\/schema\/logo\/image\/","url":"https:\/\/lospoliticosveracruz.com\/wp-content\/uploads\/2025\/12\/Logo-Nuevo-LOS-POLITICOS-1.jpg","contentUrl":"https:\/\/lospoliticosveracruz.com\/wp-content\/uploads\/2025\/12\/Logo-Nuevo-LOS-POLITICOS-1.jpg","width":260,"height":70,"caption":"Los pol\u00edticos Veracruz"},"image":{"@id":"https:\/\/lospoliticosveracruz.com\/#\/schema\/logo\/image\/"},"sameAs":["https:\/\/www.facebook.com\/people\/Notimemes-de-los-Polticos\/61565672886568\/","https:\/\/x.com\/LosPoliticosVer"]},{"@type":"Person","@id":"https:\/\/lospoliticosveracruz.com\/#\/schema\/person\/b8702bb0e538456e6efd07080bf2a4a2","name":"Lo viste en Los Pol\u00edticos","image":{"@type":"ImageObject","inLanguage":"es","@id":"https:\/\/secure.gravatar.com\/avatar\/3a8de04a2656d44082be478bd6c086daa447c4651605818287b9532d3d0bd435?s=96&d=mm&r=g","url":"https:\/\/secure.gravatar.com\/avatar\/3a8de04a2656d44082be478bd6c086daa447c4651605818287b9532d3d0bd435?s=96&d=mm&r=g","contentUrl":"https:\/\/secure.gravatar.com\/avatar\/3a8de04a2656d44082be478bd6c086daa447c4651605818287b9532d3d0bd435?s=96&d=mm&r=g","caption":"Lo viste en Los Pol\u00edticos"},"url":"https:\/\/lospoliticosveracruz.com\/?author=2"}]}},"_links":{"self":[{"href":"https:\/\/lospoliticosveracruz.com\/index.php?rest_route=\/wp\/v2\/posts\/60989","targetHints":{"allow":["GET"]}}],"collection":[{"href":"https:\/\/lospoliticosveracruz.com\/index.php?rest_route=\/wp\/v2\/posts"}],"about":[{"href":"https:\/\/lospoliticosveracruz.com\/index.php?rest_route=\/wp\/v2\/types\/post"}],"author":[{"embeddable":true,"href":"https:\/\/lospoliticosveracruz.com\/index.php?rest_route=\/wp\/v2\/users\/2"}],"replies":[{"embeddable":true,"href":"https:\/\/lospoliticosveracruz.com\/index.php?rest_route=%2Fwp%2Fv2%2Fcomments&post=60989"}],"version-history":[{"count":3,"href":"https:\/\/lospoliticosveracruz.com\/index.php?rest_route=\/wp\/v2\/posts\/60989\/revisions"}],"predecessor-version":[{"id":60993,"href":"https:\/\/lospoliticosveracruz.com\/index.php?rest_route=\/wp\/v2\/posts\/60989\/revisions\/60993"}],"wp:attachment":[{"href":"https:\/\/lospoliticosveracruz.com\/index.php?rest_route=%2Fwp%2Fv2%2Fmedia&parent=60989"}],"wp:term":[{"taxonomy":"category","embeddable":true,"href":"https:\/\/lospoliticosveracruz.com\/index.php?rest_route=%2Fwp%2Fv2%2Fcategories&post=60989"},{"taxonomy":"post_tag","embeddable":true,"href":"https:\/\/lospoliticosveracruz.com\/index.php?rest_route=%2Fwp%2Fv2%2Ftags&post=60989"}],"curies":[{"name":"wp","href":"https:\/\/api.w.org\/{rel}","templated":true}]}}