{"id":61482,"date":"2020-09-25T11:41:30","date_gmt":"2020-09-25T16:41:30","guid":{"rendered":"http:\/\/www.lospoliticosveracruz.com.mx\/?p=61482"},"modified":"2020-09-25T11:41:30","modified_gmt":"2020-09-25T16:41:30","slug":"el-sur-tambien-existe","status":"publish","type":"post","link":"https:\/\/lospoliticosveracruz.com\/?p=61482","title":{"rendered":"El Sur tambi\u00e9n existe"},"content":{"rendered":"<p><strong>Vicente Luna Hern\u00e1ndez<\/strong><br \/>\nCon afecto para las y los amigos del sur<br \/>\nHoy 10 Estados del pa\u00eds han decidido salirse de la CONAGO (Conferencia Nacional de Gobernadores) y convocan a un nuevo federalismo donde se distribuya de mejor manera los recursos econ\u00f3micos que genera cada uno de ellos, sin embargo, la realidad es que no han encontrado eco entre los dem\u00e1s Estados de la Rep\u00fablica, \u00bfacaso el resto de los Estados est\u00e1n en mejores condiciones financieras y por eso no alzan la voz?<br \/>\nM\u00e1s all\u00e1 de las f\u00f3rmulas que se aplican para la distribuci\u00f3n de los recursos econ\u00f3micos y de las demandas de aquellos que integran la Alianza Federalista, la realidad es que el sur del pa\u00eds se ha mantenido un paso atr\u00e1s del nivel de desarrollo de los dem\u00e1s Estados en especial del norte del pa\u00eds, a pesar de los inmensos recursos naturales con los que cuenta, sin embargo, son grandes los rezagos y los niveles de desigualdad gracias a padecer de malos gobiernos que aun siendo de diferentes partidos pol\u00edticos, a la hora de robarse los recursos p\u00fablicos han sido todos iguales.<br \/>\nEs de llamar la atenci\u00f3n que de los 10 estados 5 son de la zona norte, 2 de la zona oeste,1 del centro, 1 de la regi\u00f3n centro-norte y 1 del centro-oeste y esto me recuerda un poema del famoso escritor y poeta uruguayo Mario Benedetti, titulado: \u00abEl sur tambi\u00e9n existe\u00bb, que en uno de sus versos dice:<br \/>\nPero aqu\u00ed abajo abajo<br \/>\nEl hambre disponible<br \/>\nRecurre al fruto amargo<br \/>\nDe lo que otros deciden<br \/>\nMientras el tiempo pasa<br \/>\nY pasan los desfiles<br \/>\nY se hacen otras cosas<br \/>\nQue el norte no proh\u00edbe<br \/>\nCon sus esperanza dura<br \/>\nEl sur tambi\u00e9n existe<br \/>\nHist\u00f3ricamente el sur tiene los peores niveles de desarrollo en comparaci\u00f3n al centro y norte del pa\u00eds, y esa tendencia debe ser detenida por el gobierno federal encabezado por el Presidente Andr\u00e9s Manuel L\u00f3pez Obrador y la participaci\u00f3n entusiasta y comprometida de millones de hombres y mujeres como dice el poema:<br \/>\nPero aqu\u00ed abajo abajo<br \/>\nCada uno en su escondite<br \/>\nHay hombres y mujeres<br \/>\nQue saben a qu\u00e9 asirse<br \/>\nAprovechando el sol<br \/>\nY tambi\u00e9n los eclipses<br \/>\nApartando lo in\u00fatil<br \/>\nY usando lo que sirve<br \/>\nCon su F\u00e9 veterana<br \/>\nEl sur tambi\u00e9n existe.<br \/>\nVeracruz le aposto de manera significativa en el 2018 a la 4 transformaci\u00f3n con la esperanza de que se haga realidad el \u00faltimo verso del poema que dice:<br \/>\nPero aqu\u00ed abajo abajo<br \/>\nCerca de las ra\u00edces<br \/>\nEs donde la memoria<br \/>\nNing\u00fan recuerdo omite<br \/>\nY hay quienes se desmueren<br \/>\nY hay quienes se desviven<br \/>\nY as\u00ed entre todos logran<br \/>\nLo que era un imposible<br \/>\nQue todo el mundo sepa<br \/>\nQUE EL SUR TAMBIEN EXISTE.<br \/>\nP.D.- Con el \u00e1nimo de que el Gobernador de Veracruz Cuitl\u00e1huac Garc\u00eda Jim\u00e9nez no olvide que por el sur gan\u00f3\u2026escribir\u00e9 otro d\u00eda.<\/p>\n","protected":false},"excerpt":{"rendered":"<p>Vicente Luna Hern\u00e1ndez Con afecto para las y los amigos del sur Hoy 10 Estados del pa\u00eds han decidido salirse de la CONAGO (Conferencia Nacional de Gobernadores) y convocan a un nuevo federalismo donde se distribuya de mejor manera los recursos econ\u00f3micos que genera cada uno de ellos, sin embargo, la realidad es que no [&hellip;]<\/p>\n","protected":false},"author":2,"featured_media":0,"comment_status":"open","ping_status":"open","sticky":false,"template":"","format":"standard","meta":{"tdm_status":"","tdm_grid_status":"","footnotes":""},"categories":[70],"tags":[2989,21708,596,1087,21334],"class_list":{"0":"post-61482","1":"post","2":"type-post","3":"status-publish","4":"format-standard","6":"category-de-opinion","7":"tag-conago","8":"tag-conferencia-nacional-de-gobernadores","9":"tag-estados","10":"tag-recursos-economicos","11":"tag-republica"},"yoast_head":"<!-- This site is optimized with the Yoast SEO plugin v27.4 - https:\/\/yoast.com\/product\/yoast-seo-wordpress\/ -->\n<title>El Sur tambi\u00e9n existe - Los pol\u00edticos Veracruz<\/title>\n<meta name=\"robots\" content=\"index, follow, max-snippet:-1, max-image-preview:large, max-video-preview:-1\" \/>\n<link rel=\"canonical\" href=\"https:\/\/lospoliticosveracruz.com\/?p=61482\" \/>\n<meta property=\"og:locale\" content=\"es_ES\" \/>\n<meta property=\"og:type\" content=\"article\" \/>\n<meta property=\"og:title\" content=\"El Sur tambi\u00e9n existe - Los pol\u00edticos Veracruz\" \/>\n<meta property=\"og:description\" content=\"Vicente Luna Hern\u00e1ndez Con afecto para las y los amigos del sur Hoy 10 Estados del pa\u00eds han decidido salirse de la CONAGO (Conferencia Nacional de Gobernadores) y convocan a un nuevo federalismo donde se distribuya de mejor manera los recursos econ\u00f3micos que genera cada uno de ellos, sin embargo, la realidad es que no [&hellip;]\" \/>\n<meta property=\"og:url\" content=\"https:\/\/lospoliticosveracruz.com\/?p=61482\" \/>\n<meta property=\"og:site_name\" content=\"Los pol\u00edticos Veracruz\" \/>\n<meta property=\"article:publisher\" content=\"https:\/\/www.facebook.com\/people\/Notimemes-de-los-Polticos\/61565672886568\/\" \/>\n<meta property=\"article:published_time\" content=\"2020-09-25T16:41:30+00:00\" \/>\n<meta property=\"og:image\" content=\"https:\/\/lospoliticosveracruz.com\/wp-content\/uploads\/2016\/07\/Logo-Dor.jpg\" \/>\n\t<meta property=\"og:image:width\" content=\"200\" \/>\n\t<meta property=\"og:image:height\" content=\"200\" \/>\n\t<meta property=\"og:image:type\" content=\"image\/jpeg\" \/>\n<meta name=\"author\" content=\"Lo viste en Los Pol\u00edticos\" \/>\n<meta name=\"twitter:card\" content=\"summary_large_image\" \/>\n<meta name=\"twitter:creator\" content=\"@LosPoliticosVer\" \/>\n<meta name=\"twitter:site\" content=\"@LosPoliticosVer\" \/>\n<meta name=\"twitter:label1\" content=\"Escrito por\" \/>\n\t<meta name=\"twitter:data1\" content=\"Lo viste en Los Pol\u00edticos\" \/>\n\t<meta name=\"twitter:label2\" content=\"Tiempo de lectura\" \/>\n\t<meta name=\"twitter:data2\" content=\"3 minutos\" \/>\n<script type=\"application\/ld+json\" class=\"yoast-schema-graph\">{\"@context\":\"https:\\\/\\\/schema.org\",\"@graph\":[{\"@type\":\"Article\",\"@id\":\"https:\\\/\\\/lospoliticosveracruz.com\\\/?p=61482#article\",\"isPartOf\":{\"@id\":\"https:\\\/\\\/lospoliticosveracruz.com\\\/?p=61482\"},\"author\":{\"name\":\"Lo viste en Los Pol\u00edticos\",\"@id\":\"https:\\\/\\\/lospoliticosveracruz.com\\\/#\\\/schema\\\/person\\\/b8702bb0e538456e6efd07080bf2a4a2\"},\"headline\":\"El Sur tambi\u00e9n existe\",\"datePublished\":\"2020-09-25T16:41:30+00:00\",\"mainEntityOfPage\":{\"@id\":\"https:\\\/\\\/lospoliticosveracruz.com\\\/?p=61482\"},\"wordCount\":508,\"commentCount\":0,\"publisher\":{\"@id\":\"https:\\\/\\\/lospoliticosveracruz.com\\\/#organization\"},\"keywords\":[\"Conago\",\"Conferencia Nacional de Gobernadores\",\"estados\",\"recursos econ\u00f3micos\",\"Rep\u00fablica\"],\"articleSection\":[\"De Opini\u00f3n\"],\"inLanguage\":\"es\",\"potentialAction\":[{\"@type\":\"CommentAction\",\"name\":\"Comment\",\"target\":[\"https:\\\/\\\/lospoliticosveracruz.com\\\/?p=61482#respond\"]}]},{\"@type\":\"WebPage\",\"@id\":\"https:\\\/\\\/lospoliticosveracruz.com\\\/?p=61482\",\"url\":\"https:\\\/\\\/lospoliticosveracruz.com\\\/?p=61482\",\"name\":\"El Sur tambi\u00e9n existe - Los pol\u00edticos Veracruz\",\"isPartOf\":{\"@id\":\"https:\\\/\\\/lospoliticosveracruz.com\\\/#website\"},\"datePublished\":\"2020-09-25T16:41:30+00:00\",\"breadcrumb\":{\"@id\":\"https:\\\/\\\/lospoliticosveracruz.com\\\/?p=61482#breadcrumb\"},\"inLanguage\":\"es\",\"potentialAction\":[{\"@type\":\"ReadAction\",\"target\":[\"https:\\\/\\\/lospoliticosveracruz.com\\\/?p=61482\"]}]},{\"@type\":\"BreadcrumbList\",\"@id\":\"https:\\\/\\\/lospoliticosveracruz.com\\\/?p=61482#breadcrumb\",\"itemListElement\":[{\"@type\":\"ListItem\",\"position\":1,\"name\":\"Portada\",\"item\":\"https:\\\/\\\/lospoliticosveracruz.com\\\/\"},{\"@type\":\"ListItem\",\"position\":2,\"name\":\"El Sur tambi\u00e9n existe\"}]},{\"@type\":\"WebSite\",\"@id\":\"https:\\\/\\\/lospoliticosveracruz.com\\\/#website\",\"url\":\"https:\\\/\\\/lospoliticosveracruz.com\\\/\",\"name\":\"Los pol\u00edticos Veracruz\",\"description\":\"\",\"publisher\":{\"@id\":\"https:\\\/\\\/lospoliticosveracruz.com\\\/#organization\"},\"potentialAction\":[{\"@type\":\"SearchAction\",\"target\":{\"@type\":\"EntryPoint\",\"urlTemplate\":\"https:\\\/\\\/lospoliticosveracruz.com\\\/?s={search_term_string}\"},\"query-input\":{\"@type\":\"PropertyValueSpecification\",\"valueRequired\":true,\"valueName\":\"search_term_string\"}}],\"inLanguage\":\"es\"},{\"@type\":\"Organization\",\"@id\":\"https:\\\/\\\/lospoliticosveracruz.com\\\/#organization\",\"name\":\"Los pol\u00edticos Veracruz\",\"url\":\"https:\\\/\\\/lospoliticosveracruz.com\\\/\",\"logo\":{\"@type\":\"ImageObject\",\"inLanguage\":\"es\",\"@id\":\"https:\\\/\\\/lospoliticosveracruz.com\\\/#\\\/schema\\\/logo\\\/image\\\/\",\"url\":\"https:\\\/\\\/lospoliticosveracruz.com\\\/wp-content\\\/uploads\\\/2025\\\/12\\\/Logo-Nuevo-LOS-POLITICOS-1.jpg\",\"contentUrl\":\"https:\\\/\\\/lospoliticosveracruz.com\\\/wp-content\\\/uploads\\\/2025\\\/12\\\/Logo-Nuevo-LOS-POLITICOS-1.jpg\",\"width\":260,\"height\":70,\"caption\":\"Los pol\u00edticos Veracruz\"},\"image\":{\"@id\":\"https:\\\/\\\/lospoliticosveracruz.com\\\/#\\\/schema\\\/logo\\\/image\\\/\"},\"sameAs\":[\"https:\\\/\\\/www.facebook.com\\\/people\\\/Notimemes-de-los-Polticos\\\/61565672886568\\\/\",\"https:\\\/\\\/x.com\\\/LosPoliticosVer\"]},{\"@type\":\"Person\",\"@id\":\"https:\\\/\\\/lospoliticosveracruz.com\\\/#\\\/schema\\\/person\\\/b8702bb0e538456e6efd07080bf2a4a2\",\"name\":\"Lo viste en Los Pol\u00edticos\",\"image\":{\"@type\":\"ImageObject\",\"inLanguage\":\"es\",\"@id\":\"https:\\\/\\\/secure.gravatar.com\\\/avatar\\\/3a8de04a2656d44082be478bd6c086daa447c4651605818287b9532d3d0bd435?s=96&d=mm&r=g\",\"url\":\"https:\\\/\\\/secure.gravatar.com\\\/avatar\\\/3a8de04a2656d44082be478bd6c086daa447c4651605818287b9532d3d0bd435?s=96&d=mm&r=g\",\"contentUrl\":\"https:\\\/\\\/secure.gravatar.com\\\/avatar\\\/3a8de04a2656d44082be478bd6c086daa447c4651605818287b9532d3d0bd435?s=96&d=mm&r=g\",\"caption\":\"Lo viste en Los Pol\u00edticos\"},\"url\":\"https:\\\/\\\/lospoliticosveracruz.com\\\/?author=2\"}]}<\/script>\n<!-- \/ Yoast SEO plugin. -->","yoast_head_json":{"title":"El Sur tambi\u00e9n existe - Los pol\u00edticos Veracruz","robots":{"index":"index","follow":"follow","max-snippet":"max-snippet:-1","max-image-preview":"max-image-preview:large","max-video-preview":"max-video-preview:-1"},"canonical":"https:\/\/lospoliticosveracruz.com\/?p=61482","og_locale":"es_ES","og_type":"article","og_title":"El Sur tambi\u00e9n existe - Los pol\u00edticos Veracruz","og_description":"Vicente Luna Hern\u00e1ndez Con afecto para las y los amigos del sur Hoy 10 Estados del pa\u00eds han decidido salirse de la CONAGO (Conferencia Nacional de Gobernadores) y convocan a un nuevo federalismo donde se distribuya de mejor manera los recursos econ\u00f3micos que genera cada uno de ellos, sin embargo, la realidad es que no [&hellip;]","og_url":"https:\/\/lospoliticosveracruz.com\/?p=61482","og_site_name":"Los pol\u00edticos Veracruz","article_publisher":"https:\/\/www.facebook.com\/people\/Notimemes-de-los-Polticos\/61565672886568\/","article_published_time":"2020-09-25T16:41:30+00:00","og_image":[{"width":200,"height":200,"url":"https:\/\/lospoliticosveracruz.com\/wp-content\/uploads\/2016\/07\/Logo-Dor.jpg","type":"image\/jpeg"}],"author":"Lo viste en Los Pol\u00edticos","twitter_card":"summary_large_image","twitter_creator":"@LosPoliticosVer","twitter_site":"@LosPoliticosVer","twitter_misc":{"Escrito por":"Lo viste en Los Pol\u00edticos","Tiempo de lectura":"3 minutos"},"schema":{"@context":"https:\/\/schema.org","@graph":[{"@type":"Article","@id":"https:\/\/lospoliticosveracruz.com\/?p=61482#article","isPartOf":{"@id":"https:\/\/lospoliticosveracruz.com\/?p=61482"},"author":{"name":"Lo viste en Los Pol\u00edticos","@id":"https:\/\/lospoliticosveracruz.com\/#\/schema\/person\/b8702bb0e538456e6efd07080bf2a4a2"},"headline":"El Sur tambi\u00e9n existe","datePublished":"2020-09-25T16:41:30+00:00","mainEntityOfPage":{"@id":"https:\/\/lospoliticosveracruz.com\/?p=61482"},"wordCount":508,"commentCount":0,"publisher":{"@id":"https:\/\/lospoliticosveracruz.com\/#organization"},"keywords":["Conago","Conferencia Nacional de Gobernadores","estados","recursos econ\u00f3micos","Rep\u00fablica"],"articleSection":["De Opini\u00f3n"],"inLanguage":"es","potentialAction":[{"@type":"CommentAction","name":"Comment","target":["https:\/\/lospoliticosveracruz.com\/?p=61482#respond"]}]},{"@type":"WebPage","@id":"https:\/\/lospoliticosveracruz.com\/?p=61482","url":"https:\/\/lospoliticosveracruz.com\/?p=61482","name":"El Sur tambi\u00e9n existe - Los pol\u00edticos Veracruz","isPartOf":{"@id":"https:\/\/lospoliticosveracruz.com\/#website"},"datePublished":"2020-09-25T16:41:30+00:00","breadcrumb":{"@id":"https:\/\/lospoliticosveracruz.com\/?p=61482#breadcrumb"},"inLanguage":"es","potentialAction":[{"@type":"ReadAction","target":["https:\/\/lospoliticosveracruz.com\/?p=61482"]}]},{"@type":"BreadcrumbList","@id":"https:\/\/lospoliticosveracruz.com\/?p=61482#breadcrumb","itemListElement":[{"@type":"ListItem","position":1,"name":"Portada","item":"https:\/\/lospoliticosveracruz.com\/"},{"@type":"ListItem","position":2,"name":"El Sur tambi\u00e9n existe"}]},{"@type":"WebSite","@id":"https:\/\/lospoliticosveracruz.com\/#website","url":"https:\/\/lospoliticosveracruz.com\/","name":"Los pol\u00edticos Veracruz","description":"","publisher":{"@id":"https:\/\/lospoliticosveracruz.com\/#organization"},"potentialAction":[{"@type":"SearchAction","target":{"@type":"EntryPoint","urlTemplate":"https:\/\/lospoliticosveracruz.com\/?s={search_term_string}"},"query-input":{"@type":"PropertyValueSpecification","valueRequired":true,"valueName":"search_term_string"}}],"inLanguage":"es"},{"@type":"Organization","@id":"https:\/\/lospoliticosveracruz.com\/#organization","name":"Los pol\u00edticos Veracruz","url":"https:\/\/lospoliticosveracruz.com\/","logo":{"@type":"ImageObject","inLanguage":"es","@id":"https:\/\/lospoliticosveracruz.com\/#\/schema\/logo\/image\/","url":"https:\/\/lospoliticosveracruz.com\/wp-content\/uploads\/2025\/12\/Logo-Nuevo-LOS-POLITICOS-1.jpg","contentUrl":"https:\/\/lospoliticosveracruz.com\/wp-content\/uploads\/2025\/12\/Logo-Nuevo-LOS-POLITICOS-1.jpg","width":260,"height":70,"caption":"Los pol\u00edticos Veracruz"},"image":{"@id":"https:\/\/lospoliticosveracruz.com\/#\/schema\/logo\/image\/"},"sameAs":["https:\/\/www.facebook.com\/people\/Notimemes-de-los-Polticos\/61565672886568\/","https:\/\/x.com\/LosPoliticosVer"]},{"@type":"Person","@id":"https:\/\/lospoliticosveracruz.com\/#\/schema\/person\/b8702bb0e538456e6efd07080bf2a4a2","name":"Lo viste en Los Pol\u00edticos","image":{"@type":"ImageObject","inLanguage":"es","@id":"https:\/\/secure.gravatar.com\/avatar\/3a8de04a2656d44082be478bd6c086daa447c4651605818287b9532d3d0bd435?s=96&d=mm&r=g","url":"https:\/\/secure.gravatar.com\/avatar\/3a8de04a2656d44082be478bd6c086daa447c4651605818287b9532d3d0bd435?s=96&d=mm&r=g","contentUrl":"https:\/\/secure.gravatar.com\/avatar\/3a8de04a2656d44082be478bd6c086daa447c4651605818287b9532d3d0bd435?s=96&d=mm&r=g","caption":"Lo viste en Los Pol\u00edticos"},"url":"https:\/\/lospoliticosveracruz.com\/?author=2"}]}},"_links":{"self":[{"href":"https:\/\/lospoliticosveracruz.com\/index.php?rest_route=\/wp\/v2\/posts\/61482","targetHints":{"allow":["GET"]}}],"collection":[{"href":"https:\/\/lospoliticosveracruz.com\/index.php?rest_route=\/wp\/v2\/posts"}],"about":[{"href":"https:\/\/lospoliticosveracruz.com\/index.php?rest_route=\/wp\/v2\/types\/post"}],"author":[{"embeddable":true,"href":"https:\/\/lospoliticosveracruz.com\/index.php?rest_route=\/wp\/v2\/users\/2"}],"replies":[{"embeddable":true,"href":"https:\/\/lospoliticosveracruz.com\/index.php?rest_route=%2Fwp%2Fv2%2Fcomments&post=61482"}],"version-history":[{"count":1,"href":"https:\/\/lospoliticosveracruz.com\/index.php?rest_route=\/wp\/v2\/posts\/61482\/revisions"}],"predecessor-version":[{"id":61484,"href":"https:\/\/lospoliticosveracruz.com\/index.php?rest_route=\/wp\/v2\/posts\/61482\/revisions\/61484"}],"wp:attachment":[{"href":"https:\/\/lospoliticosveracruz.com\/index.php?rest_route=%2Fwp%2Fv2%2Fmedia&parent=61482"}],"wp:term":[{"taxonomy":"category","embeddable":true,"href":"https:\/\/lospoliticosveracruz.com\/index.php?rest_route=%2Fwp%2Fv2%2Fcategories&post=61482"},{"taxonomy":"post_tag","embeddable":true,"href":"https:\/\/lospoliticosveracruz.com\/index.php?rest_route=%2Fwp%2Fv2%2Ftags&post=61482"}],"curies":[{"name":"wp","href":"https:\/\/api.w.org\/{rel}","templated":true}]}}