{"id":61499,"date":"2020-09-25T12:50:29","date_gmt":"2020-09-25T17:50:29","guid":{"rendered":"http:\/\/www.lospoliticosveracruz.com.mx\/?p=61499"},"modified":"2020-09-25T12:50:29","modified_gmt":"2020-09-25T17:50:29","slug":"eric-cisneros-nos-llena-de-orgullo","status":"publish","type":"post","link":"https:\/\/lospoliticosveracruz.com\/?p=61499","title":{"rendered":"Eric Cisneros, nos llena de orgullo"},"content":{"rendered":"<p><strong>Severo Francisco Mar Morales<\/strong><br \/>\n<em>Banquillo Pol\u00edtico<\/em><\/p>\n<p>&nbsp;<\/p>\n<p>\u00abCON AFECTO Y DEDICATORIA ESPECIAL PARA EL INGENIERO AGR\u00d3NOMO ERIC PATROCINIO CISNEROS BURGOS, EN SU D\u00cdA DE NATALICIO\u00bb<\/p>\n<p>En nuestro Pa\u00eds denominado oficialmente con el nombre de: Estados Unidos Mexicanos, con una forma de gobierno de Rep\u00fablica Representativa, Democr\u00e1tica, Federal y Laica, -donde se habla el idioma espa\u00f1ol y tambi\u00e9n 67 lenguas ind\u00edgenas, compuesto e integrado el mismo por 31 entidades federativas (y la Ciudad de M\u00e9xico), destaca un Estado cuya extensi\u00f3n es de 72,420 km2, lo cual lo hace ser el und\u00e9cimo estado m\u00e1s extenso, con el 3.66% de la superficie total del pa\u00eds. Ese Estado es el de Veracruz de Ignacio de la Llave (Segura).<br \/>\nEn un municipio enclavado en el centro del Estado en las coordenadas 18\u00b011&#8242; latitud norte, vio la luz primera, un individuo, una persona, un hombre, qui\u00e9n por su tenacidad, empe\u00f1o, dedicaci\u00f3n y con sed y muchos deseos por trascender, y con una voluntad y disciplina f\u00e9rrea, ha logrado salir adelante en el d\u00eda a d\u00eda que le ha &#8216;tocado&#8217; y correspondido vivir.<br \/>\nUna persona con esas caracter\u00edsticas, con tales virtudes y talentos y con caracter\u00edsticas propias, existen muy pocas, ese ciudadano, ese individuo, nace en el municipio de Otatitl\u00e1n, Veracruz. La persona a que se hace alusi\u00f3n, tiene y lleva por nombres los de Eric Patrocinio. El apelativo Eric, o tambi\u00e9n Erico o Erik procede del n\u00f3rdico antiguo Eir\u00edkr. Con origen germ\u00e1nico, este nombre es principalmente usado en Europa Occidental y en pa\u00edses anglosajones de todo el mundo. El nombre Eric significa \u00abgobernante poderoso\u00bb, \u00abgobernante eterno\u00bb, pr\u00edncipe eterno\u00bb, \u00absiempre gobernante\u00bb. Por otra parte, el nombre Patrocinio, procede de la fiesta cat\u00f3lica del Patrocinio de Nuestra Se\u00f1ora. Tambi\u00e9n alude a la fiesta del Patrocinio de San Jos\u00e9, por lo que igualmente se aplica para nombre masculino, aunque de manera escasa.<br \/>\nLos apellidos de la persona a que hacemos referencia, son Cisneros Burgos, y su nombre completo es: ERIC PATROCINIO CISNEROS BURGOS, qui\u00e9n por designio del Gobernador del Estado, el Ing. Cuitl\u00e1huac Garc\u00eda Jim\u00e9nez, a partir del d\u00eda primero de diciembre de 2018, funge en el cargo de Secretario de Gobierno, siendo la misma Secretar\u00eda, la m\u00e1s importante dentro de la estructura organizacional de Veracruz, la cual, es tambi\u00e9n conocida por sus siglas de SEGOB.<br \/>\nLa SECRETAR\u00cdA DE GOBIERNO fue creada hace 196 a\u00f1os, su Decreto de Creaci\u00f3n fue expedido el d\u00eda 9 de agosto de 1824. La instituci\u00f3n que hoy d\u00eda dirige el Ing. Cisneros Burgos, \u00ab\u2026se ha transformado para propiciar un clima de orden y paz que la sociedad demanda, con pleno respeto a los derechos humanos, como parte de la nueva vida democr\u00e1tica\u2026\u00bb. (Palabras expresadas por el Secretario de Gobierno en el 195 aniversario de su creaci\u00f3n).<br \/>\nEl municipio de Otatitl\u00e1n, -cuyo nombre aparentemente proviene de un vocablo de origen n\u00e1huatl- significa lugar de los otates. Dicha entidad, se encuentra ubicada en la zona centro, regi\u00f3n Papaloapan del Estado, contando con una altura de 10 metros sobre el nivel del mar y una poblaci\u00f3n acorde con datos del INEGI registradas en el a\u00f1o de 2015 de alrededor de 6,300 personas. Su festividad m\u00e1s importante lo es la que se celebra entre los d\u00edas 29 de abril al 3 de mayo de cada a\u00f1o, fiesta religiosa en honor del Cristo Negro, quien es el Santo Patrono de dicha entidad dedicada en forma preponderante como actividad primaria a la agricultura.<br \/>\nEs importante hacer referencia que el 11 de diciembre de 1958, el pueblo de Otatitl\u00e1n, es elevado a la categor\u00eda de Villa; a partir del 6 de junio de 1985, se publica el Decreto por el cual, se aprueba el escudo municipal de Otatitl\u00e1n.<br \/>\nEn Otatitl\u00e1n coexisten dos climas, predominando la mayor parte del tiempo, el c\u00e1lido subh\u00famedo con lluvias en verano y en menor extensi\u00f3n territorial, el c\u00e1lido h\u00famedo con abundantes lluvias en el verano, y una temperatura promedio que fluct\u00faa entre los 35 y 40\u00b0.<br \/>\nEl municipio de OTATITL\u00c1N, es conocido en todo el estado de Veracruz y en gran parte del pa\u00eds e incluso en el extranjero, por la imagen crucificada del \u00abCristo Negro\u00bb. Se cuenta que la referida imagen apareci\u00f3 flotando en una balsa en el r\u00edo Papaloapan alrededor del a\u00f1o de 1597.<br \/>\nEl actual Secretario de Gobierno, estudi\u00f3 la carrera de Ingeniero Agr\u00f3nomo, en la Universidad Aut\u00f3noma de Baja California Sur, siendo un estudiante aventajado, dedicado y con alto sentido de responsabilidad. Posteriormente realiz\u00f3 estudios superiores al cursar una maestr\u00eda en Finanzas en la Universidad Internacional de La Paz, primera instituci\u00f3n de educaci\u00f3n superior privada, fundada en el a\u00f1o de1997, popularmente conocida como la UNIPAZ.<br \/>\nEn su fulgurante y mete\u00f3rica carrera, el responsable de la pol\u00edtica interior del Estado, ha desempe\u00f1ado dentro de la Administraci\u00f3n P\u00fablica diversos cargos, destacando entre otros los siguientes: asesor del Gobernador del Estado de BCS, Narciso Ag\u00fandez Monta\u00f1o; asesor del grupo legislativo de MORENA en el H Congreso de la Uni\u00f3n; tesorero municipal de Mulegu\u00e9, (uno de los seis municipios que conforman el Estado de BCS); as\u00ed tambi\u00e9n fungi\u00f3 como diputado local suplente del 04 Distrito Local Electoral, con cabecera en La Paz, en la IX Legislatura del Congreso Local del referido Estado de Baja California Sur, siendo uno de los 16 Distritos en que se divide la geograf\u00eda electoral del mencionado Estado.<br \/>\nEsa es parte del curr\u00edculum del Secretario de Gobierno y tambi\u00e9n de los antecedentes hist\u00f3ricos del municipio de Otatitl\u00e1n, Veracruz.<br \/>\nEl Secretario de Gobierno del Estado de Veracruz, Ing. Eric Patrocinio Cisneros Burgos, es una persona con mucha sensibilidad, que a su vez ha sabido salir avante de las adversidades de la vida y situaciones que se le han presentado, la \u00faltima de ellas, al afrontar y vencer con optimismo, estoicidad y con una fe inquebrantable, la terrible enfermedad llamada COVID-19 y que al d\u00eda de hoy suma m\u00e1s de 715 mil quinientos casos positivos en el pa\u00eds y lamentable y tristemente, alrededor de 75 mil quinientas defunciones.<br \/>\nFinalmente, es de recalcar y divulgar que, con mucho orgullo y gran satisfacci\u00f3n, el ingeniero Eric Patrocinio Cisneros Burgos, Veracruzano y Juarista de coraz\u00f3n, es adem\u00e1s un hombre bragado desde su infancia, y que jam\u00e1s y por ning\u00fan motivo, ha negado tener sus ra\u00edces de origen \u00e9tnico de la raza negra de la que, muy por el contrario, se siente profundamente orgulloso y siempre ha manifestado que \u00ab\u2026debemos hacer y ejecutar nada por la fuerza y todo por la raz\u00f3n y el derecho\u2026\u00bb<\/p>\n<p>\u00a1FELICIDADES Y PARABIENES PARA EL<br \/>\nSECRETARIO DE GOBIERNO DE VERACRUZ!<br \/>\npamar0712@hotmail.com<br \/>\n@pamar0712<\/p>\n","protected":false},"excerpt":{"rendered":"<p>Severo Francisco Mar Morales Banquillo Pol\u00edtico &nbsp; \u00abCON AFECTO Y DEDICATORIA ESPECIAL PARA EL INGENIERO AGR\u00d3NOMO ERIC PATROCINIO CISNEROS BURGOS, EN SU D\u00cdA DE NATALICIO\u00bb En nuestro Pa\u00eds denominado oficialmente con el nombre de: Estados Unidos Mexicanos, con una forma de gobierno de Rep\u00fablica Representativa, Democr\u00e1tica, Federal y Laica, -donde se habla el idioma espa\u00f1ol [&hellip;]<\/p>\n","protected":false},"author":2,"featured_media":0,"comment_status":"open","ping_status":"open","sticky":false,"template":"","format":"standard","meta":{"tdm_status":"","tdm_grid_status":"","footnotes":""},"categories":[70],"tags":[1563,12686,13461,21726,19470,21728,7835,21727,3020,3157,195],"class_list":{"0":"post-61499","1":"post","2":"type-post","3":"status-publish","4":"format-standard","6":"category-de-opinion","7":"tag-cuitlahuac-garcia-jimenez","8":"tag-eric-cisneros","9":"tag-eric-patrocinio-cisneros-burgos","10":"tag-estado-es-el-de-veracruz-de-ignacio-de-la-llave","11":"tag-gobernador-del-estado","12":"tag-juarista","13":"tag-otatitlan","14":"tag-papaloapan-del-estado","15":"tag-secretaria-de-gobernacion","16":"tag-segob","17":"tag-veracruz"},"yoast_head":"<!-- This site is optimized with the Yoast SEO plugin v27.4 - https:\/\/yoast.com\/product\/yoast-seo-wordpress\/ -->\n<title>Eric Cisneros, nos llena de orgullo - Los pol\u00edticos Veracruz<\/title>\n<meta name=\"robots\" content=\"index, follow, max-snippet:-1, max-image-preview:large, max-video-preview:-1\" \/>\n<link rel=\"canonical\" href=\"https:\/\/lospoliticosveracruz.com\/?p=61499\" \/>\n<meta property=\"og:locale\" content=\"es_ES\" \/>\n<meta property=\"og:type\" content=\"article\" \/>\n<meta property=\"og:title\" content=\"Eric Cisneros, nos llena de orgullo - Los pol\u00edticos Veracruz\" \/>\n<meta property=\"og:description\" content=\"Severo Francisco Mar Morales Banquillo Pol\u00edtico &nbsp; \u00abCON AFECTO Y DEDICATORIA ESPECIAL PARA EL INGENIERO AGR\u00d3NOMO ERIC PATROCINIO CISNEROS BURGOS, EN SU D\u00cdA DE NATALICIO\u00bb En nuestro Pa\u00eds denominado oficialmente con el nombre de: Estados Unidos Mexicanos, con una forma de gobierno de Rep\u00fablica Representativa, Democr\u00e1tica, Federal y Laica, -donde se habla el idioma espa\u00f1ol [&hellip;]\" \/>\n<meta property=\"og:url\" content=\"https:\/\/lospoliticosveracruz.com\/?p=61499\" \/>\n<meta property=\"og:site_name\" content=\"Los pol\u00edticos Veracruz\" \/>\n<meta property=\"article:publisher\" content=\"https:\/\/www.facebook.com\/people\/Notimemes-de-los-Polticos\/61565672886568\/\" \/>\n<meta property=\"article:published_time\" content=\"2020-09-25T17:50:29+00:00\" \/>\n<meta property=\"og:image\" content=\"https:\/\/lospoliticosveracruz.com\/wp-content\/uploads\/2016\/07\/Logo-Dor.jpg\" \/>\n\t<meta property=\"og:image:width\" content=\"200\" \/>\n\t<meta property=\"og:image:height\" content=\"200\" \/>\n\t<meta property=\"og:image:type\" content=\"image\/jpeg\" \/>\n<meta name=\"author\" content=\"Lo viste en Los Pol\u00edticos\" \/>\n<meta name=\"twitter:card\" content=\"summary_large_image\" \/>\n<meta name=\"twitter:creator\" content=\"@LosPoliticosVer\" \/>\n<meta name=\"twitter:site\" content=\"@LosPoliticosVer\" \/>\n<meta name=\"twitter:label1\" content=\"Escrito por\" \/>\n\t<meta name=\"twitter:data1\" content=\"Lo viste en Los Pol\u00edticos\" \/>\n\t<meta name=\"twitter:label2\" content=\"Tiempo de lectura\" \/>\n\t<meta name=\"twitter:data2\" content=\"6 minutos\" \/>\n<script type=\"application\/ld+json\" class=\"yoast-schema-graph\">{\"@context\":\"https:\\\/\\\/schema.org\",\"@graph\":[{\"@type\":\"Article\",\"@id\":\"https:\\\/\\\/lospoliticosveracruz.com\\\/?p=61499#article\",\"isPartOf\":{\"@id\":\"https:\\\/\\\/lospoliticosveracruz.com\\\/?p=61499\"},\"author\":{\"name\":\"Lo viste en Los Pol\u00edticos\",\"@id\":\"https:\\\/\\\/lospoliticosveracruz.com\\\/#\\\/schema\\\/person\\\/b8702bb0e538456e6efd07080bf2a4a2\"},\"headline\":\"Eric Cisneros, nos llena de orgullo\",\"datePublished\":\"2020-09-25T17:50:29+00:00\",\"mainEntityOfPage\":{\"@id\":\"https:\\\/\\\/lospoliticosveracruz.com\\\/?p=61499\"},\"wordCount\":1162,\"commentCount\":0,\"publisher\":{\"@id\":\"https:\\\/\\\/lospoliticosveracruz.com\\\/#organization\"},\"keywords\":[\"Cuitl\u00e1huac Garc\u00eda Jim\u00e9nez\",\"Eric Cisneros\",\"Eric Patrocinio Cisneros Burgos\",\"Estado es el de Veracruz de Ignacio de la Llave\",\"Gobernador del Estado\",\"Juarista\",\"Otatitl\u00e1n\",\"Papaloapan del Estado\",\"Secretar\u00eda de Gobernaci\u00f3n\",\"Segob\",\"Veracruz\"],\"articleSection\":[\"De Opini\u00f3n\"],\"inLanguage\":\"es\",\"potentialAction\":[{\"@type\":\"CommentAction\",\"name\":\"Comment\",\"target\":[\"https:\\\/\\\/lospoliticosveracruz.com\\\/?p=61499#respond\"]}]},{\"@type\":\"WebPage\",\"@id\":\"https:\\\/\\\/lospoliticosveracruz.com\\\/?p=61499\",\"url\":\"https:\\\/\\\/lospoliticosveracruz.com\\\/?p=61499\",\"name\":\"Eric Cisneros, nos llena de orgullo - Los pol\u00edticos Veracruz\",\"isPartOf\":{\"@id\":\"https:\\\/\\\/lospoliticosveracruz.com\\\/#website\"},\"datePublished\":\"2020-09-25T17:50:29+00:00\",\"breadcrumb\":{\"@id\":\"https:\\\/\\\/lospoliticosveracruz.com\\\/?p=61499#breadcrumb\"},\"inLanguage\":\"es\",\"potentialAction\":[{\"@type\":\"ReadAction\",\"target\":[\"https:\\\/\\\/lospoliticosveracruz.com\\\/?p=61499\"]}]},{\"@type\":\"BreadcrumbList\",\"@id\":\"https:\\\/\\\/lospoliticosveracruz.com\\\/?p=61499#breadcrumb\",\"itemListElement\":[{\"@type\":\"ListItem\",\"position\":1,\"name\":\"Portada\",\"item\":\"https:\\\/\\\/lospoliticosveracruz.com\\\/\"},{\"@type\":\"ListItem\",\"position\":2,\"name\":\"Eric Cisneros, nos llena de orgullo\"}]},{\"@type\":\"WebSite\",\"@id\":\"https:\\\/\\\/lospoliticosveracruz.com\\\/#website\",\"url\":\"https:\\\/\\\/lospoliticosveracruz.com\\\/\",\"name\":\"Los pol\u00edticos Veracruz\",\"description\":\"\",\"publisher\":{\"@id\":\"https:\\\/\\\/lospoliticosveracruz.com\\\/#organization\"},\"potentialAction\":[{\"@type\":\"SearchAction\",\"target\":{\"@type\":\"EntryPoint\",\"urlTemplate\":\"https:\\\/\\\/lospoliticosveracruz.com\\\/?s={search_term_string}\"},\"query-input\":{\"@type\":\"PropertyValueSpecification\",\"valueRequired\":true,\"valueName\":\"search_term_string\"}}],\"inLanguage\":\"es\"},{\"@type\":\"Organization\",\"@id\":\"https:\\\/\\\/lospoliticosveracruz.com\\\/#organization\",\"name\":\"Los pol\u00edticos Veracruz\",\"url\":\"https:\\\/\\\/lospoliticosveracruz.com\\\/\",\"logo\":{\"@type\":\"ImageObject\",\"inLanguage\":\"es\",\"@id\":\"https:\\\/\\\/lospoliticosveracruz.com\\\/#\\\/schema\\\/logo\\\/image\\\/\",\"url\":\"https:\\\/\\\/lospoliticosveracruz.com\\\/wp-content\\\/uploads\\\/2025\\\/12\\\/Logo-Nuevo-LOS-POLITICOS-1.jpg\",\"contentUrl\":\"https:\\\/\\\/lospoliticosveracruz.com\\\/wp-content\\\/uploads\\\/2025\\\/12\\\/Logo-Nuevo-LOS-POLITICOS-1.jpg\",\"width\":260,\"height\":70,\"caption\":\"Los pol\u00edticos Veracruz\"},\"image\":{\"@id\":\"https:\\\/\\\/lospoliticosveracruz.com\\\/#\\\/schema\\\/logo\\\/image\\\/\"},\"sameAs\":[\"https:\\\/\\\/www.facebook.com\\\/people\\\/Notimemes-de-los-Polticos\\\/61565672886568\\\/\",\"https:\\\/\\\/x.com\\\/LosPoliticosVer\"]},{\"@type\":\"Person\",\"@id\":\"https:\\\/\\\/lospoliticosveracruz.com\\\/#\\\/schema\\\/person\\\/b8702bb0e538456e6efd07080bf2a4a2\",\"name\":\"Lo viste en Los Pol\u00edticos\",\"image\":{\"@type\":\"ImageObject\",\"inLanguage\":\"es\",\"@id\":\"https:\\\/\\\/secure.gravatar.com\\\/avatar\\\/3a8de04a2656d44082be478bd6c086daa447c4651605818287b9532d3d0bd435?s=96&d=mm&r=g\",\"url\":\"https:\\\/\\\/secure.gravatar.com\\\/avatar\\\/3a8de04a2656d44082be478bd6c086daa447c4651605818287b9532d3d0bd435?s=96&d=mm&r=g\",\"contentUrl\":\"https:\\\/\\\/secure.gravatar.com\\\/avatar\\\/3a8de04a2656d44082be478bd6c086daa447c4651605818287b9532d3d0bd435?s=96&d=mm&r=g\",\"caption\":\"Lo viste en Los Pol\u00edticos\"},\"url\":\"https:\\\/\\\/lospoliticosveracruz.com\\\/?author=2\"}]}<\/script>\n<!-- \/ Yoast SEO plugin. -->","yoast_head_json":{"title":"Eric Cisneros, nos llena de orgullo - Los pol\u00edticos Veracruz","robots":{"index":"index","follow":"follow","max-snippet":"max-snippet:-1","max-image-preview":"max-image-preview:large","max-video-preview":"max-video-preview:-1"},"canonical":"https:\/\/lospoliticosveracruz.com\/?p=61499","og_locale":"es_ES","og_type":"article","og_title":"Eric Cisneros, nos llena de orgullo - Los pol\u00edticos Veracruz","og_description":"Severo Francisco Mar Morales Banquillo Pol\u00edtico &nbsp; \u00abCON AFECTO Y DEDICATORIA ESPECIAL PARA EL INGENIERO AGR\u00d3NOMO ERIC PATROCINIO CISNEROS BURGOS, EN SU D\u00cdA DE NATALICIO\u00bb En nuestro Pa\u00eds denominado oficialmente con el nombre de: Estados Unidos Mexicanos, con una forma de gobierno de Rep\u00fablica Representativa, Democr\u00e1tica, Federal y Laica, -donde se habla el idioma espa\u00f1ol [&hellip;]","og_url":"https:\/\/lospoliticosveracruz.com\/?p=61499","og_site_name":"Los pol\u00edticos Veracruz","article_publisher":"https:\/\/www.facebook.com\/people\/Notimemes-de-los-Polticos\/61565672886568\/","article_published_time":"2020-09-25T17:50:29+00:00","og_image":[{"width":200,"height":200,"url":"https:\/\/lospoliticosveracruz.com\/wp-content\/uploads\/2016\/07\/Logo-Dor.jpg","type":"image\/jpeg"}],"author":"Lo viste en Los Pol\u00edticos","twitter_card":"summary_large_image","twitter_creator":"@LosPoliticosVer","twitter_site":"@LosPoliticosVer","twitter_misc":{"Escrito por":"Lo viste en Los Pol\u00edticos","Tiempo de lectura":"6 minutos"},"schema":{"@context":"https:\/\/schema.org","@graph":[{"@type":"Article","@id":"https:\/\/lospoliticosveracruz.com\/?p=61499#article","isPartOf":{"@id":"https:\/\/lospoliticosveracruz.com\/?p=61499"},"author":{"name":"Lo viste en Los Pol\u00edticos","@id":"https:\/\/lospoliticosveracruz.com\/#\/schema\/person\/b8702bb0e538456e6efd07080bf2a4a2"},"headline":"Eric Cisneros, nos llena de orgullo","datePublished":"2020-09-25T17:50:29+00:00","mainEntityOfPage":{"@id":"https:\/\/lospoliticosveracruz.com\/?p=61499"},"wordCount":1162,"commentCount":0,"publisher":{"@id":"https:\/\/lospoliticosveracruz.com\/#organization"},"keywords":["Cuitl\u00e1huac Garc\u00eda Jim\u00e9nez","Eric Cisneros","Eric Patrocinio Cisneros Burgos","Estado es el de Veracruz de Ignacio de la Llave","Gobernador del Estado","Juarista","Otatitl\u00e1n","Papaloapan del Estado","Secretar\u00eda de Gobernaci\u00f3n","Segob","Veracruz"],"articleSection":["De Opini\u00f3n"],"inLanguage":"es","potentialAction":[{"@type":"CommentAction","name":"Comment","target":["https:\/\/lospoliticosveracruz.com\/?p=61499#respond"]}]},{"@type":"WebPage","@id":"https:\/\/lospoliticosveracruz.com\/?p=61499","url":"https:\/\/lospoliticosveracruz.com\/?p=61499","name":"Eric Cisneros, nos llena de orgullo - Los pol\u00edticos Veracruz","isPartOf":{"@id":"https:\/\/lospoliticosveracruz.com\/#website"},"datePublished":"2020-09-25T17:50:29+00:00","breadcrumb":{"@id":"https:\/\/lospoliticosveracruz.com\/?p=61499#breadcrumb"},"inLanguage":"es","potentialAction":[{"@type":"ReadAction","target":["https:\/\/lospoliticosveracruz.com\/?p=61499"]}]},{"@type":"BreadcrumbList","@id":"https:\/\/lospoliticosveracruz.com\/?p=61499#breadcrumb","itemListElement":[{"@type":"ListItem","position":1,"name":"Portada","item":"https:\/\/lospoliticosveracruz.com\/"},{"@type":"ListItem","position":2,"name":"Eric Cisneros, nos llena de orgullo"}]},{"@type":"WebSite","@id":"https:\/\/lospoliticosveracruz.com\/#website","url":"https:\/\/lospoliticosveracruz.com\/","name":"Los pol\u00edticos Veracruz","description":"","publisher":{"@id":"https:\/\/lospoliticosveracruz.com\/#organization"},"potentialAction":[{"@type":"SearchAction","target":{"@type":"EntryPoint","urlTemplate":"https:\/\/lospoliticosveracruz.com\/?s={search_term_string}"},"query-input":{"@type":"PropertyValueSpecification","valueRequired":true,"valueName":"search_term_string"}}],"inLanguage":"es"},{"@type":"Organization","@id":"https:\/\/lospoliticosveracruz.com\/#organization","name":"Los pol\u00edticos Veracruz","url":"https:\/\/lospoliticosveracruz.com\/","logo":{"@type":"ImageObject","inLanguage":"es","@id":"https:\/\/lospoliticosveracruz.com\/#\/schema\/logo\/image\/","url":"https:\/\/lospoliticosveracruz.com\/wp-content\/uploads\/2025\/12\/Logo-Nuevo-LOS-POLITICOS-1.jpg","contentUrl":"https:\/\/lospoliticosveracruz.com\/wp-content\/uploads\/2025\/12\/Logo-Nuevo-LOS-POLITICOS-1.jpg","width":260,"height":70,"caption":"Los pol\u00edticos Veracruz"},"image":{"@id":"https:\/\/lospoliticosveracruz.com\/#\/schema\/logo\/image\/"},"sameAs":["https:\/\/www.facebook.com\/people\/Notimemes-de-los-Polticos\/61565672886568\/","https:\/\/x.com\/LosPoliticosVer"]},{"@type":"Person","@id":"https:\/\/lospoliticosveracruz.com\/#\/schema\/person\/b8702bb0e538456e6efd07080bf2a4a2","name":"Lo viste en Los Pol\u00edticos","image":{"@type":"ImageObject","inLanguage":"es","@id":"https:\/\/secure.gravatar.com\/avatar\/3a8de04a2656d44082be478bd6c086daa447c4651605818287b9532d3d0bd435?s=96&d=mm&r=g","url":"https:\/\/secure.gravatar.com\/avatar\/3a8de04a2656d44082be478bd6c086daa447c4651605818287b9532d3d0bd435?s=96&d=mm&r=g","contentUrl":"https:\/\/secure.gravatar.com\/avatar\/3a8de04a2656d44082be478bd6c086daa447c4651605818287b9532d3d0bd435?s=96&d=mm&r=g","caption":"Lo viste en Los Pol\u00edticos"},"url":"https:\/\/lospoliticosveracruz.com\/?author=2"}]}},"_links":{"self":[{"href":"https:\/\/lospoliticosveracruz.com\/index.php?rest_route=\/wp\/v2\/posts\/61499","targetHints":{"allow":["GET"]}}],"collection":[{"href":"https:\/\/lospoliticosveracruz.com\/index.php?rest_route=\/wp\/v2\/posts"}],"about":[{"href":"https:\/\/lospoliticosveracruz.com\/index.php?rest_route=\/wp\/v2\/types\/post"}],"author":[{"embeddable":true,"href":"https:\/\/lospoliticosveracruz.com\/index.php?rest_route=\/wp\/v2\/users\/2"}],"replies":[{"embeddable":true,"href":"https:\/\/lospoliticosveracruz.com\/index.php?rest_route=%2Fwp%2Fv2%2Fcomments&post=61499"}],"version-history":[{"count":1,"href":"https:\/\/lospoliticosveracruz.com\/index.php?rest_route=\/wp\/v2\/posts\/61499\/revisions"}],"predecessor-version":[{"id":61500,"href":"https:\/\/lospoliticosveracruz.com\/index.php?rest_route=\/wp\/v2\/posts\/61499\/revisions\/61500"}],"wp:attachment":[{"href":"https:\/\/lospoliticosveracruz.com\/index.php?rest_route=%2Fwp%2Fv2%2Fmedia&parent=61499"}],"wp:term":[{"taxonomy":"category","embeddable":true,"href":"https:\/\/lospoliticosveracruz.com\/index.php?rest_route=%2Fwp%2Fv2%2Fcategories&post=61499"},{"taxonomy":"post_tag","embeddable":true,"href":"https:\/\/lospoliticosveracruz.com\/index.php?rest_route=%2Fwp%2Fv2%2Ftags&post=61499"}],"curies":[{"name":"wp","href":"https:\/\/api.w.org\/{rel}","templated":true}]}}