{"id":61529,"date":"2020-09-26T10:20:53","date_gmt":"2020-09-26T15:20:53","guid":{"rendered":"http:\/\/www.lospoliticosveracruz.com.mx\/?p=61529"},"modified":"2020-09-26T10:20:53","modified_gmt":"2020-09-26T15:20:53","slug":"morena-la-guerra","status":"publish","type":"post","link":"https:\/\/lospoliticosveracruz.com\/?p=61529","title":{"rendered":"Morena, la guerra"},"content":{"rendered":"<p><strong>Ricardo Chua<\/strong><\/p>\n<p><em>Sale y vale<\/em><\/p>\n<p>&nbsp;<\/p>\n<p>MORENA, LA GUERRA&#8230; Mucho se ha dicho en redes sociales y medios de comunicaci\u00f3n&#8230; Que la lucha por la dirigencia nacional de MORENA est\u00e1 enfrentando a todos&#8230; Sobre todo en las candidaturas de Mario Delgado y Porfirio Mu\u00f1oz Ledo&#8230;. Por eso, han metido hasta en el \u00abaro\u00bb a gobernadores Morenos del pa\u00eds, como al de Veracruz, Cuitl\u00e1huac Garc\u00eda Jim\u00e9nez, quienes la gente del l\u00edder de los legisladores federales Morenos, han acusado hasta de financiar a Mu\u00f1oz Ledo y hacer acuerdos pol\u00edticos con \u00e9l&#8230; MIRALOOOO&#8230;<\/p>\n<p>&nbsp;<br \/>\n<a href=\"https:\/\/www.facebook.com\/notaria61veracruz\/\"><img decoding=\"async\" src=\"http:\/\/www.lospoliticosveracruz.com.mx\/wp-content\/uploads\/2020\/07\/CINTILLO-Armando.jpg\" alt=\"\" \/><\/a><br \/>\n&nbsp;<\/p>\n<p>Por eso, la pregunta es sencilla: \u00bfQu\u00e9 esperaba entonces Mario Delgado en su visita a Veracruz&#8217;&#8230; \u00bfFlores o un huapango y zapateado \u00abjarocho\u00bb por su llegada?&#8230; En este espacio, hemos criticado al gobernador por su inacci\u00f3n pol\u00edtica&#8230; Pero ahora si, sus contrincantes en \u00abjarochilandia\u00bb lo est\u00e1n acusando de todo&#8230;. Hasta de lo \u00abpesado\u00bb que le cay\u00f3 el \u00ablechero\u00bb a Delgado, por la leche \u00abbronca\u00bb&#8230; Y, no es as\u00ed&#8230; Ni se ha metido&#8230; Pero sus enemigos a trav\u00e9s del \u00abfuego amigo\u00bb le endilgan \u00abmilagros\u00bb que no son suyos&#8230; Y eso puede salirles caro&#8230;<\/p>\n<p>En primera porque Cuitl\u00e1huac Garc\u00eda est\u00e1 consciente y aqu\u00ed lo hemos suscrito, que el grupo de \u00abMarchello\u00bb Ebrard y Ricardo Monreal, son los personajes en MORENA, que en diversas ocasiones, han dicho que el xalape\u00f1o debe dejar el cargo en diciembre pr\u00f3ximo&#8230; Algo que se ve muy dif\u00edcil que suceda, pero que sus enemigos pol\u00edticos Morenos, est\u00e1n aprovechando para irse a entregar a los \u00abbrazos\u00bb de Mario Delgado&#8230; OJO sobre todo diputados federales y locales que El \u00abCuit\u00bb no se ha metido con ellos, pero que quieren ser candidatos&#8230;<\/p>\n<p>En segunda porque es evidente que las publicaciones medi\u00e1ticas en contra de Mu\u00f1oz Ledo y Cuitl\u00e1huac Garc\u00eda en medios de comunicaci\u00f3n nacionales y locales&#8230; Vienen financiadas por gente cercana Delgado Carrillo y gobierno federal&#8230; Lo que es evidente, que esto deja en estado de indefensi\u00f3n al gobernador y a todos los que no se sienten identificados con \u00e9l en MORENA&#8230; Se lanzan en su contra, apoyan al candidato a dirigente nacional, que le pondr\u00eda un \u00abpie encima\u00bb en caso de ganar&#8230; De \u00abinocente\u00bb, deja que eso pase&#8230;.<\/p>\n<p>En tercera, si es verdad que Cuitl\u00e1huac ha establecido una ALIANZA POL\u00cdTICA con Mu\u00f1oz Ledo para que llegue a la presidencia nacional de su partido&#8230; PERO, POR FAVOR&#8230; Ser\u00eda la MEJOR DECISI\u00d3N POL\u00cdTICA que tomar\u00eda el gobernador en su carrera&#8230; Ya que de ganar, Mu\u00f1oz Ledo, que es el pol\u00edtico m\u00e1s EXPERIMENTADO de MORENA, su mejor tribuno y conocedor de las lides pol\u00edticas en la historia de este pa\u00eds&#8230; Veracruz y su gobernador tendr\u00edan el mejor aliado que podr\u00eda contar su gobierno en estos tiempos&#8230;<\/p>\n<p>Con todas sus excentricidades o quiz\u00e1s excesos&#8230; Mu\u00f1oz Ledo tiene mucho m\u00e1s TALENTO POL\u00cdTICO que Andr\u00e9s Manuel L\u00f3pez Obrador y Ricardo Monreal juntos&#8230; Mario Delgado, no le llega ni a los \u00abtalones\u00bb a Porfirio&#8230; Por eso, el ex priista los acus\u00f3 de corruptos a \u00e9l y a \u00abMarchello\u00bb Ebrard&#8230; As\u00ed que en esta ocasi\u00f3n, me perdonan pero si esto es verdad, la decisi\u00f3n de apoyar a Mu\u00f1oz Ledo, fue lo mejor que le pudo pasar a Cuitl\u00e1huac&#8230; Lo \u00fanico contrario puede ser la edad&#8230; Pero \u00abviejo los cerros y reverdecen\u00bb&#8230; Mu\u00f1oz Ledo es de esa estirpe&#8230;<\/p>\n<p>Lo \u00fanico malo ser\u00e1 para aquellos pol\u00edticos de MORENA (diputados federales y locales) que fueron a darle su respaldo a Mario Delgado.y se la pasaron \u00abfiltrando\u00bb informaci\u00f3n y hablando \u00abpestes\u00bb de Cuitl\u00e1huac&#8230; Parec\u00edan alvarade\u00f1os&#8230; Do\u00f1a Tella, se quedar\u00eda corta ante la cantidad de chismes e injurias que comentaban en \u00absecreto\u00bb del gobernador&#8230;. Malo porque muchos de esos diputados querr\u00e1n ser candidatos a alcaldes o reelegirse.. Y qui\u00e9n los va a apoyar $ en campa\u00f1a&#8230; \u00bfCuitl\u00e1huac? Ja Ja Ja&#8230; Si pierde Mario y gana Porfirio&#8230; DIOS LOS BENDIGA.<\/p>\n<p>MEDELL\u00cdN, LA OTRA LUCHA&#8230; El juego sucesorio por las alcald\u00edas en la entidad&#8230; Est\u00e1 entrando en sus primeras etapas de lucha&#8230; Y en Medell\u00edn de Bravo, no es la excepci\u00f3n.. Ha trascendido que el PAN intenta promover al jefe del Gabinete del ayuntamiento, Gabriel C\u00e1rdenas y llevar en la f\u00f3rmula como s\u00edndica, a la hija de Tito Delf\u00edn, que es oriunda de Tierra Blanca, ya que su pap\u00e1 es un pol\u00edtico muy fuerte en el comit\u00e9 estatal panista&#8230; Obvio estos personajes hacen su labor para lograr alcanzar la nominaci\u00f3n y ganar la elecci\u00f3n&#8230;<\/p>\n<p>Pero tambi\u00e9n hay otros personajes que est\u00e1n movi\u00e9ndose y no se sabe por qu\u00e9 partido pol\u00edtico podr\u00edan postularse&#8230;. Tal es el caso de Guillermo Herrada, que con su agrupaci\u00f3n \u00abMeMo Medell\u00edn en Movimiento A.C\u00bb, que se presume es una asociaci\u00f3n civil, sin fines de lucro y con sus propios recursos, andan realizando m\u00faltiples y cotidianas acciones en todo ese municipio&#8230; Lo mismo llevando luminarias, gestionando diversos servicios ante CFE y entregando semilla de frijol de alta calidad para cultivo&#8230;<\/p>\n<p>Vamos hasta andan realizando campa\u00f1as de fumigaci\u00f3n para combatir el dengue entre otras acciones y trabajo de gestor\u00eda social&#8230; Se supone que la cabeza visible de esta Asociaci\u00f3n Civil, recae sobre Herreda, que es un abogado especializado en derecho empresarial y empresario, que tiene residencia en Playa de Vacas, al cual, se le han acercado partidos pol\u00edticos de oposici\u00f3n a MORENA para ofrecerle participar en sus proyecto&#8230; Y como saben que trae varo y camionetas al servicio de la asociaci\u00f3n, pues, lo ven con buenos ojo$&#8230;<\/p>\n<p>Lo que le pone \u00absabor al caldo\u00bb es que Herrada trae ya un equipo de \u00abasesores\u00bb pol\u00edticos de la regi\u00f3n, tanto del PRI como del PAN, que obviamente conocen el municipio y la operaci\u00f3n estrat\u00e9gica&#8230; Uno de ellos es Manuel Maza Saavedra, ex sindico priista de Boca del R\u00edo y operador del extinto diputado local priista, Juan Carlos Molina Palacios \u00abEl Compayito\u00bb, que resid\u00eda en su rancho de Medell\u00edn de Bravo&#8230; Por eso, conoce este camino&#8230;<\/p>\n<p>Adem\u00e1s se acaba de incorporar el abogado, Rafael Escobar Torres, con militancia en el PAN, ex funcionario municipal boque\u00f1o con ChiquiYunes y tambi\u00e9n poderoso en el gabinete de PapaYunes cuando era gobernador.. Que reside en Playa de Vacas y es propietaria de una escuela muy prestigiada de la zona&#8230; Lo que da solidez y seriedad al proyecto&#8230; Escobar era uno de los pocos amigos del extinto Jos\u00e9 Luis Lagunes L\u00f3pez, a parte de PapaYunes&#8230; Hay que ver si la asociaci\u00f3n es seria o s\u00f3lo \u00abllamarada de petate\u00bb&#8230;. CONSUMATUM EST&#8230;<\/p>\n","protected":false},"excerpt":{"rendered":"<p>Ricardo Chua Sale y vale &nbsp; MORENA, LA GUERRA&#8230; Mucho se ha dicho en redes sociales y medios de comunicaci\u00f3n&#8230; Que la lucha por la dirigencia nacional de MORENA est\u00e1 enfrentando a todos&#8230; Sobre todo en las candidaturas de Mario Delgado y Porfirio Mu\u00f1oz Ledo&#8230;. Por eso, han metido hasta en el \u00abaro\u00bb a gobernadores [&hellip;]<\/p>\n","protected":false},"author":2,"featured_media":0,"comment_status":"open","ping_status":"open","sticky":false,"template":"","format":"standard","meta":{"tdm_status":"","tdm_grid_status":"","footnotes":""},"categories":[70],"tags":[618,655,1563,21757,21759,21761,21755,12596,1389,21760,1026,266,1025,21762,13604,10353,195],"class_list":{"0":"post-61529","1":"post","2":"type-post","3":"status-publish","4":"format-standard","6":"category-de-opinion","7":"tag-andres-manuel-lopez-obrador","8":"tag-chiquiyunes","9":"tag-cuitlahuac-garcia-jimenez","10":"tag-ebrard","11":"tag-gabriel-cardenas","12":"tag-jose-luis-lagunes-lopez","13":"tag-legisladores-federales","14":"tag-mario-delgado","15":"tag-medellin","16":"tag-memo-medellin-en-movimiento-a-c","17":"tag-morena","18":"tag-pan","19":"tag-porfirio-munoz-ledo","20":"tag-rafael-escobar-torres","21":"tag-ricardo-chua","22":"tag-ricardo-monreal","23":"tag-veracruz"},"yoast_head":"<!-- This site is optimized with the Yoast SEO plugin v27.4 - https:\/\/yoast.com\/product\/yoast-seo-wordpress\/ -->\n<title>Morena, la guerra - Los pol\u00edticos Veracruz<\/title>\n<meta name=\"robots\" content=\"index, follow, max-snippet:-1, max-image-preview:large, max-video-preview:-1\" \/>\n<link rel=\"canonical\" href=\"https:\/\/lospoliticosveracruz.com\/?p=61529\" \/>\n<meta property=\"og:locale\" content=\"es_ES\" \/>\n<meta property=\"og:type\" content=\"article\" \/>\n<meta property=\"og:title\" content=\"Morena, la guerra - Los pol\u00edticos Veracruz\" \/>\n<meta property=\"og:description\" content=\"Ricardo Chua Sale y vale &nbsp; MORENA, LA GUERRA&#8230; Mucho se ha dicho en redes sociales y medios de comunicaci\u00f3n&#8230; Que la lucha por la dirigencia nacional de MORENA est\u00e1 enfrentando a todos&#8230; Sobre todo en las candidaturas de Mario Delgado y Porfirio Mu\u00f1oz Ledo&#8230;. Por eso, han metido hasta en el \u00abaro\u00bb a gobernadores [&hellip;]\" \/>\n<meta property=\"og:url\" content=\"https:\/\/lospoliticosveracruz.com\/?p=61529\" \/>\n<meta property=\"og:site_name\" content=\"Los pol\u00edticos Veracruz\" \/>\n<meta property=\"article:publisher\" content=\"https:\/\/www.facebook.com\/people\/Notimemes-de-los-Polticos\/61565672886568\/\" \/>\n<meta property=\"article:published_time\" content=\"2020-09-26T15:20:53+00:00\" \/>\n<meta property=\"og:image\" content=\"http:\/\/www.lospoliticosveracruz.com.mx\/wp-content\/uploads\/2020\/07\/CINTILLO-Armando.jpg\" \/>\n<meta name=\"author\" content=\"Lo viste en Los Pol\u00edticos\" \/>\n<meta name=\"twitter:card\" content=\"summary_large_image\" \/>\n<meta name=\"twitter:creator\" content=\"@LosPoliticosVer\" \/>\n<meta name=\"twitter:site\" content=\"@LosPoliticosVer\" \/>\n<meta name=\"twitter:label1\" content=\"Escrito por\" \/>\n\t<meta name=\"twitter:data1\" content=\"Lo viste en Los Pol\u00edticos\" \/>\n\t<meta name=\"twitter:label2\" content=\"Tiempo de lectura\" \/>\n\t<meta name=\"twitter:data2\" content=\"6 minutos\" \/>\n<script type=\"application\/ld+json\" class=\"yoast-schema-graph\">{\"@context\":\"https:\\\/\\\/schema.org\",\"@graph\":[{\"@type\":\"Article\",\"@id\":\"https:\\\/\\\/lospoliticosveracruz.com\\\/?p=61529#article\",\"isPartOf\":{\"@id\":\"https:\\\/\\\/lospoliticosveracruz.com\\\/?p=61529\"},\"author\":{\"name\":\"Lo viste en Los Pol\u00edticos\",\"@id\":\"https:\\\/\\\/lospoliticosveracruz.com\\\/#\\\/schema\\\/person\\\/b8702bb0e538456e6efd07080bf2a4a2\"},\"headline\":\"Morena, la guerra\",\"datePublished\":\"2020-09-26T15:20:53+00:00\",\"mainEntityOfPage\":{\"@id\":\"https:\\\/\\\/lospoliticosveracruz.com\\\/?p=61529\"},\"wordCount\":1158,\"commentCount\":0,\"publisher\":{\"@id\":\"https:\\\/\\\/lospoliticosveracruz.com\\\/#organization\"},\"image\":{\"@id\":\"https:\\\/\\\/lospoliticosveracruz.com\\\/?p=61529#primaryimage\"},\"thumbnailUrl\":\"http:\\\/\\\/www.lospoliticosveracruz.com.mx\\\/wp-content\\\/uploads\\\/2020\\\/07\\\/CINTILLO-Armando.jpg\",\"keywords\":[\"Andr\u00e9s Manuel L\u00f3pez Obrador\",\"Chiquiyunes\",\"Cuitl\u00e1huac Garc\u00eda Jim\u00e9nez\",\"Ebrard\",\"Gabriel C\u00e1rdenas\",\"Jos\u00e9 Luis Lagunes L\u00f3pez\",\"Legisladores federales\",\"Mario Delgado\",\"Medell\u00edn\",\"MeMo Medell\u00edn en Movimiento A.C\",\"Morena\",\"PAN\",\"Porfirio Mu\u00f1oz Ledo\",\"Rafael Escobar Torres\",\"Ricardo Ch\u00faa\",\"Ricardo Monreal\",\"Veracruz\"],\"articleSection\":[\"De Opini\u00f3n\"],\"inLanguage\":\"es\",\"potentialAction\":[{\"@type\":\"CommentAction\",\"name\":\"Comment\",\"target\":[\"https:\\\/\\\/lospoliticosveracruz.com\\\/?p=61529#respond\"]}]},{\"@type\":\"WebPage\",\"@id\":\"https:\\\/\\\/lospoliticosveracruz.com\\\/?p=61529\",\"url\":\"https:\\\/\\\/lospoliticosveracruz.com\\\/?p=61529\",\"name\":\"Morena, la guerra - Los pol\u00edticos Veracruz\",\"isPartOf\":{\"@id\":\"https:\\\/\\\/lospoliticosveracruz.com\\\/#website\"},\"primaryImageOfPage\":{\"@id\":\"https:\\\/\\\/lospoliticosveracruz.com\\\/?p=61529#primaryimage\"},\"image\":{\"@id\":\"https:\\\/\\\/lospoliticosveracruz.com\\\/?p=61529#primaryimage\"},\"thumbnailUrl\":\"http:\\\/\\\/www.lospoliticosveracruz.com.mx\\\/wp-content\\\/uploads\\\/2020\\\/07\\\/CINTILLO-Armando.jpg\",\"datePublished\":\"2020-09-26T15:20:53+00:00\",\"breadcrumb\":{\"@id\":\"https:\\\/\\\/lospoliticosveracruz.com\\\/?p=61529#breadcrumb\"},\"inLanguage\":\"es\",\"potentialAction\":[{\"@type\":\"ReadAction\",\"target\":[\"https:\\\/\\\/lospoliticosveracruz.com\\\/?p=61529\"]}]},{\"@type\":\"ImageObject\",\"inLanguage\":\"es\",\"@id\":\"https:\\\/\\\/lospoliticosveracruz.com\\\/?p=61529#primaryimage\",\"url\":\"http:\\\/\\\/www.lospoliticosveracruz.com.mx\\\/wp-content\\\/uploads\\\/2020\\\/07\\\/CINTILLO-Armando.jpg\",\"contentUrl\":\"http:\\\/\\\/www.lospoliticosveracruz.com.mx\\\/wp-content\\\/uploads\\\/2020\\\/07\\\/CINTILLO-Armando.jpg\"},{\"@type\":\"BreadcrumbList\",\"@id\":\"https:\\\/\\\/lospoliticosveracruz.com\\\/?p=61529#breadcrumb\",\"itemListElement\":[{\"@type\":\"ListItem\",\"position\":1,\"name\":\"Portada\",\"item\":\"https:\\\/\\\/lospoliticosveracruz.com\\\/\"},{\"@type\":\"ListItem\",\"position\":2,\"name\":\"Morena, la guerra\"}]},{\"@type\":\"WebSite\",\"@id\":\"https:\\\/\\\/lospoliticosveracruz.com\\\/#website\",\"url\":\"https:\\\/\\\/lospoliticosveracruz.com\\\/\",\"name\":\"Los pol\u00edticos Veracruz\",\"description\":\"\",\"publisher\":{\"@id\":\"https:\\\/\\\/lospoliticosveracruz.com\\\/#organization\"},\"potentialAction\":[{\"@type\":\"SearchAction\",\"target\":{\"@type\":\"EntryPoint\",\"urlTemplate\":\"https:\\\/\\\/lospoliticosveracruz.com\\\/?s={search_term_string}\"},\"query-input\":{\"@type\":\"PropertyValueSpecification\",\"valueRequired\":true,\"valueName\":\"search_term_string\"}}],\"inLanguage\":\"es\"},{\"@type\":\"Organization\",\"@id\":\"https:\\\/\\\/lospoliticosveracruz.com\\\/#organization\",\"name\":\"Los pol\u00edticos Veracruz\",\"url\":\"https:\\\/\\\/lospoliticosveracruz.com\\\/\",\"logo\":{\"@type\":\"ImageObject\",\"inLanguage\":\"es\",\"@id\":\"https:\\\/\\\/lospoliticosveracruz.com\\\/#\\\/schema\\\/logo\\\/image\\\/\",\"url\":\"https:\\\/\\\/lospoliticosveracruz.com\\\/wp-content\\\/uploads\\\/2025\\\/12\\\/Logo-Nuevo-LOS-POLITICOS-1.jpg\",\"contentUrl\":\"https:\\\/\\\/lospoliticosveracruz.com\\\/wp-content\\\/uploads\\\/2025\\\/12\\\/Logo-Nuevo-LOS-POLITICOS-1.jpg\",\"width\":260,\"height\":70,\"caption\":\"Los pol\u00edticos Veracruz\"},\"image\":{\"@id\":\"https:\\\/\\\/lospoliticosveracruz.com\\\/#\\\/schema\\\/logo\\\/image\\\/\"},\"sameAs\":[\"https:\\\/\\\/www.facebook.com\\\/people\\\/Notimemes-de-los-Polticos\\\/61565672886568\\\/\",\"https:\\\/\\\/x.com\\\/LosPoliticosVer\"]},{\"@type\":\"Person\",\"@id\":\"https:\\\/\\\/lospoliticosveracruz.com\\\/#\\\/schema\\\/person\\\/b8702bb0e538456e6efd07080bf2a4a2\",\"name\":\"Lo viste en Los Pol\u00edticos\",\"image\":{\"@type\":\"ImageObject\",\"inLanguage\":\"es\",\"@id\":\"https:\\\/\\\/secure.gravatar.com\\\/avatar\\\/3a8de04a2656d44082be478bd6c086daa447c4651605818287b9532d3d0bd435?s=96&d=mm&r=g\",\"url\":\"https:\\\/\\\/secure.gravatar.com\\\/avatar\\\/3a8de04a2656d44082be478bd6c086daa447c4651605818287b9532d3d0bd435?s=96&d=mm&r=g\",\"contentUrl\":\"https:\\\/\\\/secure.gravatar.com\\\/avatar\\\/3a8de04a2656d44082be478bd6c086daa447c4651605818287b9532d3d0bd435?s=96&d=mm&r=g\",\"caption\":\"Lo viste en Los Pol\u00edticos\"},\"url\":\"https:\\\/\\\/lospoliticosveracruz.com\\\/?author=2\"}]}<\/script>\n<!-- \/ Yoast SEO plugin. -->","yoast_head_json":{"title":"Morena, la guerra - Los pol\u00edticos Veracruz","robots":{"index":"index","follow":"follow","max-snippet":"max-snippet:-1","max-image-preview":"max-image-preview:large","max-video-preview":"max-video-preview:-1"},"canonical":"https:\/\/lospoliticosveracruz.com\/?p=61529","og_locale":"es_ES","og_type":"article","og_title":"Morena, la guerra - Los pol\u00edticos Veracruz","og_description":"Ricardo Chua Sale y vale &nbsp; MORENA, LA GUERRA&#8230; Mucho se ha dicho en redes sociales y medios de comunicaci\u00f3n&#8230; Que la lucha por la dirigencia nacional de MORENA est\u00e1 enfrentando a todos&#8230; Sobre todo en las candidaturas de Mario Delgado y Porfirio Mu\u00f1oz Ledo&#8230;. Por eso, han metido hasta en el \u00abaro\u00bb a gobernadores [&hellip;]","og_url":"https:\/\/lospoliticosveracruz.com\/?p=61529","og_site_name":"Los pol\u00edticos Veracruz","article_publisher":"https:\/\/www.facebook.com\/people\/Notimemes-de-los-Polticos\/61565672886568\/","article_published_time":"2020-09-26T15:20:53+00:00","og_image":[{"url":"http:\/\/www.lospoliticosveracruz.com.mx\/wp-content\/uploads\/2020\/07\/CINTILLO-Armando.jpg","type":"","width":"","height":""}],"author":"Lo viste en Los Pol\u00edticos","twitter_card":"summary_large_image","twitter_creator":"@LosPoliticosVer","twitter_site":"@LosPoliticosVer","twitter_misc":{"Escrito por":"Lo viste en Los Pol\u00edticos","Tiempo de lectura":"6 minutos"},"schema":{"@context":"https:\/\/schema.org","@graph":[{"@type":"Article","@id":"https:\/\/lospoliticosveracruz.com\/?p=61529#article","isPartOf":{"@id":"https:\/\/lospoliticosveracruz.com\/?p=61529"},"author":{"name":"Lo viste en Los Pol\u00edticos","@id":"https:\/\/lospoliticosveracruz.com\/#\/schema\/person\/b8702bb0e538456e6efd07080bf2a4a2"},"headline":"Morena, la guerra","datePublished":"2020-09-26T15:20:53+00:00","mainEntityOfPage":{"@id":"https:\/\/lospoliticosveracruz.com\/?p=61529"},"wordCount":1158,"commentCount":0,"publisher":{"@id":"https:\/\/lospoliticosveracruz.com\/#organization"},"image":{"@id":"https:\/\/lospoliticosveracruz.com\/?p=61529#primaryimage"},"thumbnailUrl":"http:\/\/www.lospoliticosveracruz.com.mx\/wp-content\/uploads\/2020\/07\/CINTILLO-Armando.jpg","keywords":["Andr\u00e9s Manuel L\u00f3pez Obrador","Chiquiyunes","Cuitl\u00e1huac Garc\u00eda Jim\u00e9nez","Ebrard","Gabriel C\u00e1rdenas","Jos\u00e9 Luis Lagunes L\u00f3pez","Legisladores federales","Mario Delgado","Medell\u00edn","MeMo Medell\u00edn en Movimiento A.C","Morena","PAN","Porfirio Mu\u00f1oz Ledo","Rafael Escobar Torres","Ricardo Ch\u00faa","Ricardo Monreal","Veracruz"],"articleSection":["De Opini\u00f3n"],"inLanguage":"es","potentialAction":[{"@type":"CommentAction","name":"Comment","target":["https:\/\/lospoliticosveracruz.com\/?p=61529#respond"]}]},{"@type":"WebPage","@id":"https:\/\/lospoliticosveracruz.com\/?p=61529","url":"https:\/\/lospoliticosveracruz.com\/?p=61529","name":"Morena, la guerra - Los pol\u00edticos Veracruz","isPartOf":{"@id":"https:\/\/lospoliticosveracruz.com\/#website"},"primaryImageOfPage":{"@id":"https:\/\/lospoliticosveracruz.com\/?p=61529#primaryimage"},"image":{"@id":"https:\/\/lospoliticosveracruz.com\/?p=61529#primaryimage"},"thumbnailUrl":"http:\/\/www.lospoliticosveracruz.com.mx\/wp-content\/uploads\/2020\/07\/CINTILLO-Armando.jpg","datePublished":"2020-09-26T15:20:53+00:00","breadcrumb":{"@id":"https:\/\/lospoliticosveracruz.com\/?p=61529#breadcrumb"},"inLanguage":"es","potentialAction":[{"@type":"ReadAction","target":["https:\/\/lospoliticosveracruz.com\/?p=61529"]}]},{"@type":"ImageObject","inLanguage":"es","@id":"https:\/\/lospoliticosveracruz.com\/?p=61529#primaryimage","url":"http:\/\/www.lospoliticosveracruz.com.mx\/wp-content\/uploads\/2020\/07\/CINTILLO-Armando.jpg","contentUrl":"http:\/\/www.lospoliticosveracruz.com.mx\/wp-content\/uploads\/2020\/07\/CINTILLO-Armando.jpg"},{"@type":"BreadcrumbList","@id":"https:\/\/lospoliticosveracruz.com\/?p=61529#breadcrumb","itemListElement":[{"@type":"ListItem","position":1,"name":"Portada","item":"https:\/\/lospoliticosveracruz.com\/"},{"@type":"ListItem","position":2,"name":"Morena, la guerra"}]},{"@type":"WebSite","@id":"https:\/\/lospoliticosveracruz.com\/#website","url":"https:\/\/lospoliticosveracruz.com\/","name":"Los pol\u00edticos Veracruz","description":"","publisher":{"@id":"https:\/\/lospoliticosveracruz.com\/#organization"},"potentialAction":[{"@type":"SearchAction","target":{"@type":"EntryPoint","urlTemplate":"https:\/\/lospoliticosveracruz.com\/?s={search_term_string}"},"query-input":{"@type":"PropertyValueSpecification","valueRequired":true,"valueName":"search_term_string"}}],"inLanguage":"es"},{"@type":"Organization","@id":"https:\/\/lospoliticosveracruz.com\/#organization","name":"Los pol\u00edticos Veracruz","url":"https:\/\/lospoliticosveracruz.com\/","logo":{"@type":"ImageObject","inLanguage":"es","@id":"https:\/\/lospoliticosveracruz.com\/#\/schema\/logo\/image\/","url":"https:\/\/lospoliticosveracruz.com\/wp-content\/uploads\/2025\/12\/Logo-Nuevo-LOS-POLITICOS-1.jpg","contentUrl":"https:\/\/lospoliticosveracruz.com\/wp-content\/uploads\/2025\/12\/Logo-Nuevo-LOS-POLITICOS-1.jpg","width":260,"height":70,"caption":"Los pol\u00edticos Veracruz"},"image":{"@id":"https:\/\/lospoliticosveracruz.com\/#\/schema\/logo\/image\/"},"sameAs":["https:\/\/www.facebook.com\/people\/Notimemes-de-los-Polticos\/61565672886568\/","https:\/\/x.com\/LosPoliticosVer"]},{"@type":"Person","@id":"https:\/\/lospoliticosveracruz.com\/#\/schema\/person\/b8702bb0e538456e6efd07080bf2a4a2","name":"Lo viste en Los Pol\u00edticos","image":{"@type":"ImageObject","inLanguage":"es","@id":"https:\/\/secure.gravatar.com\/avatar\/3a8de04a2656d44082be478bd6c086daa447c4651605818287b9532d3d0bd435?s=96&d=mm&r=g","url":"https:\/\/secure.gravatar.com\/avatar\/3a8de04a2656d44082be478bd6c086daa447c4651605818287b9532d3d0bd435?s=96&d=mm&r=g","contentUrl":"https:\/\/secure.gravatar.com\/avatar\/3a8de04a2656d44082be478bd6c086daa447c4651605818287b9532d3d0bd435?s=96&d=mm&r=g","caption":"Lo viste en Los Pol\u00edticos"},"url":"https:\/\/lospoliticosveracruz.com\/?author=2"}]}},"_links":{"self":[{"href":"https:\/\/lospoliticosveracruz.com\/index.php?rest_route=\/wp\/v2\/posts\/61529","targetHints":{"allow":["GET"]}}],"collection":[{"href":"https:\/\/lospoliticosveracruz.com\/index.php?rest_route=\/wp\/v2\/posts"}],"about":[{"href":"https:\/\/lospoliticosveracruz.com\/index.php?rest_route=\/wp\/v2\/types\/post"}],"author":[{"embeddable":true,"href":"https:\/\/lospoliticosveracruz.com\/index.php?rest_route=\/wp\/v2\/users\/2"}],"replies":[{"embeddable":true,"href":"https:\/\/lospoliticosveracruz.com\/index.php?rest_route=%2Fwp%2Fv2%2Fcomments&post=61529"}],"version-history":[{"count":1,"href":"https:\/\/lospoliticosveracruz.com\/index.php?rest_route=\/wp\/v2\/posts\/61529\/revisions"}],"predecessor-version":[{"id":61531,"href":"https:\/\/lospoliticosveracruz.com\/index.php?rest_route=\/wp\/v2\/posts\/61529\/revisions\/61531"}],"wp:attachment":[{"href":"https:\/\/lospoliticosveracruz.com\/index.php?rest_route=%2Fwp%2Fv2%2Fmedia&parent=61529"}],"wp:term":[{"taxonomy":"category","embeddable":true,"href":"https:\/\/lospoliticosveracruz.com\/index.php?rest_route=%2Fwp%2Fv2%2Fcategories&post=61529"},{"taxonomy":"post_tag","embeddable":true,"href":"https:\/\/lospoliticosveracruz.com\/index.php?rest_route=%2Fwp%2Fv2%2Ftags&post=61529"}],"curies":[{"name":"wp","href":"https:\/\/api.w.org\/{rel}","templated":true}]}}