{"id":61570,"date":"2020-09-27T16:39:59","date_gmt":"2020-09-27T21:39:59","guid":{"rendered":"http:\/\/www.lospoliticosveracruz.com.mx\/?p=61570"},"modified":"2020-09-27T16:39:59","modified_gmt":"2020-09-27T21:39:59","slug":"violencia-economica-patrimonial-y-fiscal-en-mujeres","status":"publish","type":"post","link":"https:\/\/lospoliticosveracruz.com\/?p=61570","title":{"rendered":"Violencia econ\u00f3mica, patrimonial y fiscal en mujeres"},"content":{"rendered":"<p><strong>Brenda Caballero<\/strong><\/p>\n<p><em>N\u00fameros Rojos<\/em><\/p>\n<p><span style=\"font-weight: 400;\">Hace unos d\u00edas tuve la oportunidad de escuchar el Foro de Mujeres \u201cParticipaci\u00f3n de la mujer en la defensa fiscal y su impacto en el entorno social\u201d que realiz\u00f3 la Procuradur\u00eda de la defensa del Contribuyente (Prodecon).\u00a0<\/span><\/p>\n<p><span style=\"font-weight: 400;\">Fue un grato sabor de boca ver a las delegadas de diversos estados de la Rep\u00fablica Mexicana pronunciarse sobre la defensa de los derechos humanos en materia tributaria, adem\u00e1s de\u00a0 diversos criterios jurisdiccionales que han aplicado en sus estados en materia de devoluciones de impuestos, de infracciones, de cancelaci\u00f3n de sellos digitales, de Empresa que Deduce Operaciones Simuladas (EDOS) y de Empresa que Factura Operaciones Simuladas (EFOS).<\/span><\/p>\n<p><span style=\"font-weight: 400;\">Antes de continuar escribiendo, le comento que la Prodecon es un organismo p\u00fablico descentralizado, aut\u00f3nomo, especializado en materia tributaria, que proporciona de forma gratuita, \u00e1gil y sencilla servicios de orientaci\u00f3n, asesor\u00eda, consulta, representaci\u00f3n y defensa legal, investigaci\u00f3n, recepci\u00f3n y tr\u00e1mite de quejas y reclamaciones contra actos u omisiones de las autoridades fiscales federales que vulneren los derechos de los contribuyentes, as\u00ed como de acuerdos conclusivos como un medio alternativo para resolver de forma anticipada y consensuada los diferendos que durante el ejercicio de las facultades de comprobaci\u00f3n, surjan entre las autoridades fiscales y los contribuyentes, o bien, para regularizar la situaci\u00f3n fiscal de estos \u00faltimos.<\/span><\/p>\n<p><span style=\"font-weight: 400;\">Si bien las participaciones de las delegadas fue interesante, es destacable la intervenci\u00f3n de la doctora Martha Elba D\u00e1vila P\u00e9rez, Secretaria de Acuerdos\u00a0 de la Sala Regional del Centro en el Tribunal Federal de Justicia Administrativa, donde habl\u00f3 de algunos casos de \u00e9xito en la procuraci\u00f3n de justicia fiscal con perspectiva de g\u00e9nero.<\/span><\/p>\n<p><span style=\"font-weight: 400;\">La delegada de Colima Ferlia Adame Jacobo Oceguera refiri\u00f3 un caso de violencia econ\u00f3mica o patrimonial de g\u00e9nero, donde una mujer acudi\u00f3 a la delegaci\u00f3n de Prodecon ante el riesgo de perder el inmueble donde viv\u00eda con sus hijos. Esto, derivado de que su esposo ten\u00eda diversos cr\u00e9ditos fiscales los cuales no hab\u00eda pagado al SAT ni dio a conocer a su esposa. El se\u00f1or fallece, y ella al tener total dependencia de \u00e9l y no tener la posibilidad de involucrarse en la actividad financiera y patrimonial, desconoce totalmente que su casa ya estaba embargada y adjudicada por el SAT. En Prodecon la apoyaron interponiendo juicio de nulidad, logrando una sentencia favorable y la mujer y sus hijos pudieron recuperar la casa donde viv\u00edan y adem\u00e1s la eliminaci\u00f3n de los cr\u00e9ditos que afectaban a su patrimonio.<\/span><\/p>\n<p><span style=\"font-weight: 400;\">Prodecon refiere que tambi\u00e9n tiene registros en su poder de violencia econ\u00f3mica o patrimonial de g\u00e9nero, donde las contribuyentes prestaron sus datos fiscales a sus c\u00f3nyuges para que a su nombre, aperturaran un negocio y lo administraran totalmente, desconociendo ellas por completo lo realizado por sus parejas.<\/span><\/p>\n<p><span style=\"font-weight: 400;\">Al respecto, D\u00e1vila P\u00e9rez identifica otros tipos de violencia patrimonial:<\/span><\/p>\n<p><span style=\"font-weight: 400;\">1.- Identificar la inasistencia alimentaria como una forma de violencia econ\u00f3mica.<\/span><\/p>\n<p><span style=\"font-weight: 400;\">2.- El desamparo econ\u00f3mico en el que quedan las mujeres y sus hijos cuando concluye la relaci\u00f3n de pareja.<\/span><\/p>\n<p><span style=\"font-weight: 400;\">3.- El da\u00f1o o sustracci\u00f3n de bienes de la mujer o de bienes conjuntos.<\/span><\/p>\n<p><span style=\"font-weight: 400;\">4.- La violencia econ\u00f3mica social que ejercen algunos c\u00e1rteles o polic\u00edas donde extorsionan a las mujeres con peque\u00f1os negocios propios a cambio de protecci\u00f3n.<\/span><\/p>\n<p><span style=\"font-weight: 400;\">5.- Diferencias salariales de las mujeres respecto a las de los hombres por la realizaci\u00f3n del mismo trabajo.<\/span><\/p>\n<p><span style=\"font-weight: 400;\">Asimismo, la doctora habla de las deducciones personales y pone como ejemplo las colegiaturas, donde no son deducibles las guarder\u00edas, indispensable para que una mujer pueda trabajar. Habla tambi\u00e9n de que las mujeres pagamos m\u00e1s impuestos al estar gravadas las toallas femeninas y que hay una iniciativa para destaxarlas como ha sucedido en Colombia o La Uni\u00f3n Europea. En el caso de champ\u00fas o cremas para rasurar, los usados por mujeres tienen un costo m\u00e1s elevado y aunque estamos acostumbradas a pagarlo, no es normal, ya que lo hacen por considerarnos m\u00e1s consumidoras.<\/span><\/p>\n<p><span style=\"font-weight: 400;\">Otro de los casos ganados por Prodecon Colima es respecto a la negaci\u00f3n que hizo el SAT de los gastos por fecundaci\u00f3n in vitro, por considerar que no reun\u00eda los requisitos para ser deducible, por no ser estrictamente indispensable, porque no tratan ninguna enfermedad o padecimiento; sin embargo, con juicio de nulidad, la contribuyente obtuvo sentencia favorable. Tambi\u00e9n tienen un caso similar de preservaci\u00f3n de c\u00e9lulas madre, aunque a\u00fan est\u00e1 pendiente de resoluci\u00f3n por parte del Tribunal Federal de Justicia Administrativa.<\/span><\/p>\n<p>&nbsp;<\/p>\n<p><span style=\"font-weight: 400;\">@NumerosRojos_BC<\/span><\/p>\n<p><span style=\"font-weight: 400;\">caballero_brenda@hotmail.com<\/span><\/p>\n<p>&nbsp;<\/p>\n","protected":false},"excerpt":{"rendered":"<p>Brenda Caballero N\u00fameros Rojos Hace unos d\u00edas tuve la oportunidad de escuchar el Foro de Mujeres \u201cParticipaci\u00f3n de la mujer en la defensa fiscal y su impacto en el entorno social\u201d que realiz\u00f3 la Procuradur\u00eda de la defensa del Contribuyente (Prodecon).\u00a0 Fue un grato sabor de boca ver a las delegadas de diversos estados de [&hellip;]<\/p>\n","protected":false},"author":2,"featured_media":0,"comment_status":"open","ping_status":"open","sticky":false,"template":"","format":"standard","meta":{"tdm_status":"","tdm_grid_status":"","footnotes":""},"categories":[70],"tags":[2687,3814,21788,21789,21790,21793,21791,10187,115,21792],"class_list":{"0":"post-61570","1":"post","2":"type-post","3":"status-publish","4":"format-standard","6":"category-de-opinion","7":"tag-brenda-caballero","8":"tag-colima","9":"tag-defensa-fiscal","10":"tag-empresa-que-deduce-operaciones-simuladas","11":"tag-empresa-que-factura-operaciones-simuladas","12":"tag-ferlia-adame-jacobo-oceguera","13":"tag-martha-elba-davila-perez","14":"tag-prodecon","15":"tag-sat","16":"tag-tribunal-federal-de-justicia-administrativa"},"yoast_head":"<!-- This site is optimized with the Yoast SEO plugin v27.4 - https:\/\/yoast.com\/product\/yoast-seo-wordpress\/ -->\n<title>Violencia econ\u00f3mica, patrimonial y fiscal en mujeres - Los pol\u00edticos Veracruz<\/title>\n<meta name=\"robots\" content=\"index, follow, max-snippet:-1, max-image-preview:large, max-video-preview:-1\" \/>\n<link rel=\"canonical\" href=\"https:\/\/lospoliticosveracruz.com\/?p=61570\" \/>\n<meta property=\"og:locale\" content=\"es_ES\" \/>\n<meta property=\"og:type\" content=\"article\" \/>\n<meta property=\"og:title\" content=\"Violencia econ\u00f3mica, patrimonial y fiscal en mujeres - Los pol\u00edticos Veracruz\" \/>\n<meta property=\"og:description\" content=\"Brenda Caballero N\u00fameros Rojos Hace unos d\u00edas tuve la oportunidad de escuchar el Foro de Mujeres \u201cParticipaci\u00f3n de la mujer en la defensa fiscal y su impacto en el entorno social\u201d que realiz\u00f3 la Procuradur\u00eda de la defensa del Contribuyente (Prodecon).\u00a0 Fue un grato sabor de boca ver a las delegadas de diversos estados de [&hellip;]\" \/>\n<meta property=\"og:url\" content=\"https:\/\/lospoliticosveracruz.com\/?p=61570\" \/>\n<meta property=\"og:site_name\" content=\"Los pol\u00edticos Veracruz\" \/>\n<meta property=\"article:publisher\" content=\"https:\/\/www.facebook.com\/people\/Notimemes-de-los-Polticos\/61565672886568\/\" \/>\n<meta property=\"article:published_time\" content=\"2020-09-27T21:39:59+00:00\" \/>\n<meta property=\"og:image\" content=\"https:\/\/lospoliticosveracruz.com\/wp-content\/uploads\/2016\/07\/Logo-Dor.jpg\" \/>\n\t<meta property=\"og:image:width\" content=\"200\" \/>\n\t<meta property=\"og:image:height\" content=\"200\" \/>\n\t<meta property=\"og:image:type\" content=\"image\/jpeg\" \/>\n<meta name=\"author\" content=\"Lo viste en Los Pol\u00edticos\" \/>\n<meta name=\"twitter:card\" content=\"summary_large_image\" \/>\n<meta name=\"twitter:creator\" content=\"@LosPoliticosVer\" \/>\n<meta name=\"twitter:site\" content=\"@LosPoliticosVer\" \/>\n<meta name=\"twitter:label1\" content=\"Escrito por\" \/>\n\t<meta name=\"twitter:data1\" content=\"Lo viste en Los Pol\u00edticos\" \/>\n\t<meta name=\"twitter:label2\" content=\"Tiempo de lectura\" \/>\n\t<meta name=\"twitter:data2\" content=\"4 minutos\" \/>\n<script type=\"application\/ld+json\" class=\"yoast-schema-graph\">{\"@context\":\"https:\\\/\\\/schema.org\",\"@graph\":[{\"@type\":\"Article\",\"@id\":\"https:\\\/\\\/lospoliticosveracruz.com\\\/?p=61570#article\",\"isPartOf\":{\"@id\":\"https:\\\/\\\/lospoliticosveracruz.com\\\/?p=61570\"},\"author\":{\"name\":\"Lo viste en Los Pol\u00edticos\",\"@id\":\"https:\\\/\\\/lospoliticosveracruz.com\\\/#\\\/schema\\\/person\\\/b8702bb0e538456e6efd07080bf2a4a2\"},\"headline\":\"Violencia econ\u00f3mica, patrimonial y fiscal en mujeres\",\"datePublished\":\"2020-09-27T21:39:59+00:00\",\"mainEntityOfPage\":{\"@id\":\"https:\\\/\\\/lospoliticosveracruz.com\\\/?p=61570\"},\"wordCount\":801,\"commentCount\":0,\"publisher\":{\"@id\":\"https:\\\/\\\/lospoliticosveracruz.com\\\/#organization\"},\"keywords\":[\"Brenda Caballero\",\"Colima\",\"defensa fiscal\",\"Empresa que Deduce Operaciones Simuladas\",\"Empresa que Factura Operaciones Simuladas\",\"Ferlia Adame Jacobo Oceguera\",\"Martha Elba D\u00e1vila P\u00e9rez\",\"Prodecon\",\"SAT\",\"Tribunal Federal de Justicia Administrativa\"],\"articleSection\":[\"De Opini\u00f3n\"],\"inLanguage\":\"es\",\"potentialAction\":[{\"@type\":\"CommentAction\",\"name\":\"Comment\",\"target\":[\"https:\\\/\\\/lospoliticosveracruz.com\\\/?p=61570#respond\"]}]},{\"@type\":\"WebPage\",\"@id\":\"https:\\\/\\\/lospoliticosveracruz.com\\\/?p=61570\",\"url\":\"https:\\\/\\\/lospoliticosveracruz.com\\\/?p=61570\",\"name\":\"Violencia econ\u00f3mica, patrimonial y fiscal en mujeres - Los pol\u00edticos Veracruz\",\"isPartOf\":{\"@id\":\"https:\\\/\\\/lospoliticosveracruz.com\\\/#website\"},\"datePublished\":\"2020-09-27T21:39:59+00:00\",\"breadcrumb\":{\"@id\":\"https:\\\/\\\/lospoliticosveracruz.com\\\/?p=61570#breadcrumb\"},\"inLanguage\":\"es\",\"potentialAction\":[{\"@type\":\"ReadAction\",\"target\":[\"https:\\\/\\\/lospoliticosveracruz.com\\\/?p=61570\"]}]},{\"@type\":\"BreadcrumbList\",\"@id\":\"https:\\\/\\\/lospoliticosveracruz.com\\\/?p=61570#breadcrumb\",\"itemListElement\":[{\"@type\":\"ListItem\",\"position\":1,\"name\":\"Portada\",\"item\":\"https:\\\/\\\/lospoliticosveracruz.com\\\/\"},{\"@type\":\"ListItem\",\"position\":2,\"name\":\"Violencia econ\u00f3mica, patrimonial y fiscal en mujeres\"}]},{\"@type\":\"WebSite\",\"@id\":\"https:\\\/\\\/lospoliticosveracruz.com\\\/#website\",\"url\":\"https:\\\/\\\/lospoliticosveracruz.com\\\/\",\"name\":\"Los pol\u00edticos Veracruz\",\"description\":\"\",\"publisher\":{\"@id\":\"https:\\\/\\\/lospoliticosveracruz.com\\\/#organization\"},\"potentialAction\":[{\"@type\":\"SearchAction\",\"target\":{\"@type\":\"EntryPoint\",\"urlTemplate\":\"https:\\\/\\\/lospoliticosveracruz.com\\\/?s={search_term_string}\"},\"query-input\":{\"@type\":\"PropertyValueSpecification\",\"valueRequired\":true,\"valueName\":\"search_term_string\"}}],\"inLanguage\":\"es\"},{\"@type\":\"Organization\",\"@id\":\"https:\\\/\\\/lospoliticosveracruz.com\\\/#organization\",\"name\":\"Los pol\u00edticos Veracruz\",\"url\":\"https:\\\/\\\/lospoliticosveracruz.com\\\/\",\"logo\":{\"@type\":\"ImageObject\",\"inLanguage\":\"es\",\"@id\":\"https:\\\/\\\/lospoliticosveracruz.com\\\/#\\\/schema\\\/logo\\\/image\\\/\",\"url\":\"https:\\\/\\\/lospoliticosveracruz.com\\\/wp-content\\\/uploads\\\/2025\\\/12\\\/Logo-Nuevo-LOS-POLITICOS-1.jpg\",\"contentUrl\":\"https:\\\/\\\/lospoliticosveracruz.com\\\/wp-content\\\/uploads\\\/2025\\\/12\\\/Logo-Nuevo-LOS-POLITICOS-1.jpg\",\"width\":260,\"height\":70,\"caption\":\"Los pol\u00edticos Veracruz\"},\"image\":{\"@id\":\"https:\\\/\\\/lospoliticosveracruz.com\\\/#\\\/schema\\\/logo\\\/image\\\/\"},\"sameAs\":[\"https:\\\/\\\/www.facebook.com\\\/people\\\/Notimemes-de-los-Polticos\\\/61565672886568\\\/\",\"https:\\\/\\\/x.com\\\/LosPoliticosVer\"]},{\"@type\":\"Person\",\"@id\":\"https:\\\/\\\/lospoliticosveracruz.com\\\/#\\\/schema\\\/person\\\/b8702bb0e538456e6efd07080bf2a4a2\",\"name\":\"Lo viste en Los Pol\u00edticos\",\"image\":{\"@type\":\"ImageObject\",\"inLanguage\":\"es\",\"@id\":\"https:\\\/\\\/secure.gravatar.com\\\/avatar\\\/3a8de04a2656d44082be478bd6c086daa447c4651605818287b9532d3d0bd435?s=96&d=mm&r=g\",\"url\":\"https:\\\/\\\/secure.gravatar.com\\\/avatar\\\/3a8de04a2656d44082be478bd6c086daa447c4651605818287b9532d3d0bd435?s=96&d=mm&r=g\",\"contentUrl\":\"https:\\\/\\\/secure.gravatar.com\\\/avatar\\\/3a8de04a2656d44082be478bd6c086daa447c4651605818287b9532d3d0bd435?s=96&d=mm&r=g\",\"caption\":\"Lo viste en Los Pol\u00edticos\"},\"url\":\"https:\\\/\\\/lospoliticosveracruz.com\\\/?author=2\"}]}<\/script>\n<!-- \/ Yoast SEO plugin. -->","yoast_head_json":{"title":"Violencia econ\u00f3mica, patrimonial y fiscal en mujeres - Los pol\u00edticos Veracruz","robots":{"index":"index","follow":"follow","max-snippet":"max-snippet:-1","max-image-preview":"max-image-preview:large","max-video-preview":"max-video-preview:-1"},"canonical":"https:\/\/lospoliticosveracruz.com\/?p=61570","og_locale":"es_ES","og_type":"article","og_title":"Violencia econ\u00f3mica, patrimonial y fiscal en mujeres - Los pol\u00edticos Veracruz","og_description":"Brenda Caballero N\u00fameros Rojos Hace unos d\u00edas tuve la oportunidad de escuchar el Foro de Mujeres \u201cParticipaci\u00f3n de la mujer en la defensa fiscal y su impacto en el entorno social\u201d que realiz\u00f3 la Procuradur\u00eda de la defensa del Contribuyente (Prodecon).\u00a0 Fue un grato sabor de boca ver a las delegadas de diversos estados de [&hellip;]","og_url":"https:\/\/lospoliticosveracruz.com\/?p=61570","og_site_name":"Los pol\u00edticos Veracruz","article_publisher":"https:\/\/www.facebook.com\/people\/Notimemes-de-los-Polticos\/61565672886568\/","article_published_time":"2020-09-27T21:39:59+00:00","og_image":[{"width":200,"height":200,"url":"https:\/\/lospoliticosveracruz.com\/wp-content\/uploads\/2016\/07\/Logo-Dor.jpg","type":"image\/jpeg"}],"author":"Lo viste en Los Pol\u00edticos","twitter_card":"summary_large_image","twitter_creator":"@LosPoliticosVer","twitter_site":"@LosPoliticosVer","twitter_misc":{"Escrito por":"Lo viste en Los Pol\u00edticos","Tiempo de lectura":"4 minutos"},"schema":{"@context":"https:\/\/schema.org","@graph":[{"@type":"Article","@id":"https:\/\/lospoliticosveracruz.com\/?p=61570#article","isPartOf":{"@id":"https:\/\/lospoliticosveracruz.com\/?p=61570"},"author":{"name":"Lo viste en Los Pol\u00edticos","@id":"https:\/\/lospoliticosveracruz.com\/#\/schema\/person\/b8702bb0e538456e6efd07080bf2a4a2"},"headline":"Violencia econ\u00f3mica, patrimonial y fiscal en mujeres","datePublished":"2020-09-27T21:39:59+00:00","mainEntityOfPage":{"@id":"https:\/\/lospoliticosveracruz.com\/?p=61570"},"wordCount":801,"commentCount":0,"publisher":{"@id":"https:\/\/lospoliticosveracruz.com\/#organization"},"keywords":["Brenda Caballero","Colima","defensa fiscal","Empresa que Deduce Operaciones Simuladas","Empresa que Factura Operaciones Simuladas","Ferlia Adame Jacobo Oceguera","Martha Elba D\u00e1vila P\u00e9rez","Prodecon","SAT","Tribunal Federal de Justicia Administrativa"],"articleSection":["De Opini\u00f3n"],"inLanguage":"es","potentialAction":[{"@type":"CommentAction","name":"Comment","target":["https:\/\/lospoliticosveracruz.com\/?p=61570#respond"]}]},{"@type":"WebPage","@id":"https:\/\/lospoliticosveracruz.com\/?p=61570","url":"https:\/\/lospoliticosveracruz.com\/?p=61570","name":"Violencia econ\u00f3mica, patrimonial y fiscal en mujeres - Los pol\u00edticos Veracruz","isPartOf":{"@id":"https:\/\/lospoliticosveracruz.com\/#website"},"datePublished":"2020-09-27T21:39:59+00:00","breadcrumb":{"@id":"https:\/\/lospoliticosveracruz.com\/?p=61570#breadcrumb"},"inLanguage":"es","potentialAction":[{"@type":"ReadAction","target":["https:\/\/lospoliticosveracruz.com\/?p=61570"]}]},{"@type":"BreadcrumbList","@id":"https:\/\/lospoliticosveracruz.com\/?p=61570#breadcrumb","itemListElement":[{"@type":"ListItem","position":1,"name":"Portada","item":"https:\/\/lospoliticosveracruz.com\/"},{"@type":"ListItem","position":2,"name":"Violencia econ\u00f3mica, patrimonial y fiscal en mujeres"}]},{"@type":"WebSite","@id":"https:\/\/lospoliticosveracruz.com\/#website","url":"https:\/\/lospoliticosveracruz.com\/","name":"Los pol\u00edticos Veracruz","description":"","publisher":{"@id":"https:\/\/lospoliticosveracruz.com\/#organization"},"potentialAction":[{"@type":"SearchAction","target":{"@type":"EntryPoint","urlTemplate":"https:\/\/lospoliticosveracruz.com\/?s={search_term_string}"},"query-input":{"@type":"PropertyValueSpecification","valueRequired":true,"valueName":"search_term_string"}}],"inLanguage":"es"},{"@type":"Organization","@id":"https:\/\/lospoliticosveracruz.com\/#organization","name":"Los pol\u00edticos Veracruz","url":"https:\/\/lospoliticosveracruz.com\/","logo":{"@type":"ImageObject","inLanguage":"es","@id":"https:\/\/lospoliticosveracruz.com\/#\/schema\/logo\/image\/","url":"https:\/\/lospoliticosveracruz.com\/wp-content\/uploads\/2025\/12\/Logo-Nuevo-LOS-POLITICOS-1.jpg","contentUrl":"https:\/\/lospoliticosveracruz.com\/wp-content\/uploads\/2025\/12\/Logo-Nuevo-LOS-POLITICOS-1.jpg","width":260,"height":70,"caption":"Los pol\u00edticos Veracruz"},"image":{"@id":"https:\/\/lospoliticosveracruz.com\/#\/schema\/logo\/image\/"},"sameAs":["https:\/\/www.facebook.com\/people\/Notimemes-de-los-Polticos\/61565672886568\/","https:\/\/x.com\/LosPoliticosVer"]},{"@type":"Person","@id":"https:\/\/lospoliticosveracruz.com\/#\/schema\/person\/b8702bb0e538456e6efd07080bf2a4a2","name":"Lo viste en Los Pol\u00edticos","image":{"@type":"ImageObject","inLanguage":"es","@id":"https:\/\/secure.gravatar.com\/avatar\/3a8de04a2656d44082be478bd6c086daa447c4651605818287b9532d3d0bd435?s=96&d=mm&r=g","url":"https:\/\/secure.gravatar.com\/avatar\/3a8de04a2656d44082be478bd6c086daa447c4651605818287b9532d3d0bd435?s=96&d=mm&r=g","contentUrl":"https:\/\/secure.gravatar.com\/avatar\/3a8de04a2656d44082be478bd6c086daa447c4651605818287b9532d3d0bd435?s=96&d=mm&r=g","caption":"Lo viste en Los Pol\u00edticos"},"url":"https:\/\/lospoliticosveracruz.com\/?author=2"}]}},"_links":{"self":[{"href":"https:\/\/lospoliticosveracruz.com\/index.php?rest_route=\/wp\/v2\/posts\/61570","targetHints":{"allow":["GET"]}}],"collection":[{"href":"https:\/\/lospoliticosveracruz.com\/index.php?rest_route=\/wp\/v2\/posts"}],"about":[{"href":"https:\/\/lospoliticosveracruz.com\/index.php?rest_route=\/wp\/v2\/types\/post"}],"author":[{"embeddable":true,"href":"https:\/\/lospoliticosveracruz.com\/index.php?rest_route=\/wp\/v2\/users\/2"}],"replies":[{"embeddable":true,"href":"https:\/\/lospoliticosveracruz.com\/index.php?rest_route=%2Fwp%2Fv2%2Fcomments&post=61570"}],"version-history":[{"count":1,"href":"https:\/\/lospoliticosveracruz.com\/index.php?rest_route=\/wp\/v2\/posts\/61570\/revisions"}],"predecessor-version":[{"id":61572,"href":"https:\/\/lospoliticosveracruz.com\/index.php?rest_route=\/wp\/v2\/posts\/61570\/revisions\/61572"}],"wp:attachment":[{"href":"https:\/\/lospoliticosveracruz.com\/index.php?rest_route=%2Fwp%2Fv2%2Fmedia&parent=61570"}],"wp:term":[{"taxonomy":"category","embeddable":true,"href":"https:\/\/lospoliticosveracruz.com\/index.php?rest_route=%2Fwp%2Fv2%2Fcategories&post=61570"},{"taxonomy":"post_tag","embeddable":true,"href":"https:\/\/lospoliticosveracruz.com\/index.php?rest_route=%2Fwp%2Fv2%2Ftags&post=61570"}],"curies":[{"name":"wp","href":"https:\/\/api.w.org\/{rel}","templated":true}]}}