{"id":61576,"date":"2020-09-27T18:05:03","date_gmt":"2020-09-27T23:05:03","guid":{"rendered":"http:\/\/www.lospoliticosveracruz.com.mx\/?p=61576"},"modified":"2020-09-30T11:24:52","modified_gmt":"2020-09-30T16:24:52","slug":"entre-lopez-se-apoyan","status":"publish","type":"post","link":"https:\/\/lospoliticosveracruz.com\/?p=61576","title":{"rendered":"Entre L\u00f3pez se apoyan!"},"content":{"rendered":"<p>El trabajo coordinado entre los \u00f3rdenes de gobierno genera un beneficio m\u00e1s amplio para la ciudadan\u00eda, dijo la presidenta municipal Leticia L\u00f3pez Landero, tras recibir al presidente Andr\u00e9s Manuel L\u00f3pez Obrador, en C\u00f3rdoba.<\/p>\n<p><a href=\"http:\/\/www.lospoliticosveracruz.com.mx\/wp-content\/uploads\/2020\/09\/Sem\u00e1foro-Naranja-C\u00f3rdoba.jpg\"><img loading=\"lazy\" decoding=\"async\" class=\"alignleft size-full wp-image-60611\" src=\"http:\/\/www.lospoliticosveracruz.com.mx\/wp-content\/uploads\/2020\/09\/Sem\u00e1foro-Naranja-C\u00f3rdoba.jpg\" alt=\"Sem\u00e1foro Naranja C\u00f3rdoba\" width=\"375\" height=\"626\" \/><\/a>\u00a0L\u00f3pez Landero reconoci\u00f3 el apoyo del gobierno federal para C\u00f3rdoba que este a\u00f1o recibir\u00e1 230 millones de pesos adicionales a su presupuesto que se destinar\u00e1n a inversi\u00f3n en infraestructura y diversas acciones para el desarrollo del municipio.<\/p>\n<p>\u201cEstoy agradecida con el presidente Andr\u00e9s Manuel, el hecho de que voltee a ver a nuestra ciudad. Es una ciudad que durante muchos a\u00f1os estuvo olvidada por muchos gobiernos federales\u201d, se\u00f1al\u00f3 la mun\u00edcipe.<br \/>\nAl finalizar la evaluaci\u00f3n de programas para el bienestar que tuvo lugar en la exhacienda San Francisco Toxpan, Gabriel Garc\u00eda Hern\u00e1ndez, coordinador general de programas de desarrollo del gobierno federal, apunt\u00f3 que para el a\u00f1o 2021 se redoblar\u00e1n los trabajos de cada uno de los programas sociales federales para continuar impulsando el desarrollo de C\u00f3rdoba y la regi\u00f3n.<\/p>\n<p>El funcionario federal destac\u00f3 que C\u00f3rdoba concentrar\u00e1 gran apoyo por parte de la Federaci\u00f3n al ser un municipio que ha registrado importantes avances durante la actual administraci\u00f3n.<\/p>\n<p>L\u00f3pez Landero dijo que su gobierno trabaja de manera coordinada y corresponsable, aplicando los recursos p\u00fablicos municipales, estatales y federales de manera transparente y directa.<\/p>\n<p>Asegur\u00f3 que el a\u00f1o 2021 ser\u00e1 un a\u00f1o de grandes beneficios para las familias de C\u00f3rdoba, toda vez que se consolidar\u00e1n las acciones implementadas desde el inicio de su administraci\u00f3n y que cuentan con el aval e impulso de los gobiernos estatal y federal.<\/p>\n<p>La Presidenta Municipal reitero la disposici\u00f3n y compromiso del gobierno de C\u00f3rdoba para fortalecer las acciones conjuntas que contribuyan de manera directa al desarrollo del municipio.<\/p>\n","protected":false},"excerpt":{"rendered":"<p>El trabajo coordinado entre los \u00f3rdenes de gobierno genera un beneficio m\u00e1s amplio para la ciudadan\u00eda, dijo la presidenta municipal Leticia L\u00f3pez Landero, tras recibir al presidente Andr\u00e9s Manuel L\u00f3pez Obrador, en C\u00f3rdoba. \u00a0L\u00f3pez Landero reconoci\u00f3 el apoyo del gobierno federal para C\u00f3rdoba que este a\u00f1o recibir\u00e1 230 millones de pesos adicionales a su presupuesto [&hellip;]<\/p>\n","protected":false},"author":2,"featured_media":0,"comment_status":"open","ping_status":"open","sticky":false,"template":"","format":"standard","meta":{"tdm_status":"","tdm_grid_status":"","footnotes":""},"categories":[73],"tags":[618,751,19658,7641,20849],"class_list":{"0":"post-61576","1":"post","2":"type-post","3":"status-publish","4":"format-standard","6":"category-de-boleto","7":"tag-andres-manuel-lopez-obrador","8":"tag-cordoba","9":"tag-gabriel-garcia-hernandez","10":"tag-leticia-lopez-landero","11":"tag-programas-de-desarrollo"},"yoast_head":"<!-- This site is optimized with the Yoast SEO plugin v27.4 - https:\/\/yoast.com\/product\/yoast-seo-wordpress\/ -->\n<title>Entre L\u00f3pez se apoyan! - Los pol\u00edticos Veracruz<\/title>\n<meta name=\"robots\" content=\"index, follow, max-snippet:-1, max-image-preview:large, max-video-preview:-1\" \/>\n<link rel=\"canonical\" href=\"https:\/\/lospoliticosveracruz.com\/?p=61576\" \/>\n<meta property=\"og:locale\" content=\"es_ES\" \/>\n<meta property=\"og:type\" content=\"article\" \/>\n<meta property=\"og:title\" content=\"Entre L\u00f3pez se apoyan! - Los pol\u00edticos Veracruz\" \/>\n<meta property=\"og:description\" content=\"El trabajo coordinado entre los \u00f3rdenes de gobierno genera un beneficio m\u00e1s amplio para la ciudadan\u00eda, dijo la presidenta municipal Leticia L\u00f3pez Landero, tras recibir al presidente Andr\u00e9s Manuel L\u00f3pez Obrador, en C\u00f3rdoba. \u00a0L\u00f3pez Landero reconoci\u00f3 el apoyo del gobierno federal para C\u00f3rdoba que este a\u00f1o recibir\u00e1 230 millones de pesos adicionales a su presupuesto [&hellip;]\" \/>\n<meta property=\"og:url\" content=\"https:\/\/lospoliticosveracruz.com\/?p=61576\" \/>\n<meta property=\"og:site_name\" content=\"Los pol\u00edticos Veracruz\" \/>\n<meta property=\"article:publisher\" content=\"https:\/\/www.facebook.com\/people\/Notimemes-de-los-Polticos\/61565672886568\/\" \/>\n<meta property=\"article:published_time\" content=\"2020-09-27T23:05:03+00:00\" \/>\n<meta property=\"article:modified_time\" content=\"2020-09-30T16:24:52+00:00\" \/>\n<meta property=\"og:image\" content=\"https:\/\/lospoliticosveracruz.com\/wp-content\/uploads\/2016\/07\/Logo-Dor.jpg\" \/>\n\t<meta property=\"og:image:width\" content=\"200\" \/>\n\t<meta property=\"og:image:height\" content=\"200\" \/>\n\t<meta property=\"og:image:type\" content=\"image\/jpeg\" \/>\n<meta name=\"author\" content=\"Lo viste en Los Pol\u00edticos\" \/>\n<meta name=\"twitter:card\" content=\"summary_large_image\" \/>\n<meta name=\"twitter:creator\" content=\"@LosPoliticosVer\" \/>\n<meta name=\"twitter:site\" content=\"@LosPoliticosVer\" \/>\n<meta name=\"twitter:label1\" content=\"Escrito por\" \/>\n\t<meta name=\"twitter:data1\" content=\"Lo viste en Los Pol\u00edticos\" \/>\n\t<meta name=\"twitter:label2\" content=\"Tiempo de lectura\" \/>\n\t<meta name=\"twitter:data2\" content=\"2 minutos\" \/>\n<script type=\"application\/ld+json\" class=\"yoast-schema-graph\">{\"@context\":\"https:\\\/\\\/schema.org\",\"@graph\":[{\"@type\":\"Article\",\"@id\":\"https:\\\/\\\/lospoliticosveracruz.com\\\/?p=61576#article\",\"isPartOf\":{\"@id\":\"https:\\\/\\\/lospoliticosveracruz.com\\\/?p=61576\"},\"author\":{\"name\":\"Lo viste en Los Pol\u00edticos\",\"@id\":\"https:\\\/\\\/lospoliticosveracruz.com\\\/#\\\/schema\\\/person\\\/b8702bb0e538456e6efd07080bf2a4a2\"},\"headline\":\"Entre L\u00f3pez se apoyan!\",\"datePublished\":\"2020-09-27T23:05:03+00:00\",\"dateModified\":\"2020-09-30T16:24:52+00:00\",\"mainEntityOfPage\":{\"@id\":\"https:\\\/\\\/lospoliticosveracruz.com\\\/?p=61576\"},\"wordCount\":319,\"commentCount\":0,\"publisher\":{\"@id\":\"https:\\\/\\\/lospoliticosveracruz.com\\\/#organization\"},\"keywords\":[\"Andr\u00e9s Manuel L\u00f3pez Obrador\",\"C\u00f3rdoba\",\"Gabriel Garc\u00eda Hern\u00e1ndez\",\"Leticia L\u00f3pez Landero\",\"Programas de Desarrollo\"],\"articleSection\":[\"De Boleto\"],\"inLanguage\":\"es\",\"potentialAction\":[{\"@type\":\"CommentAction\",\"name\":\"Comment\",\"target\":[\"https:\\\/\\\/lospoliticosveracruz.com\\\/?p=61576#respond\"]}]},{\"@type\":\"WebPage\",\"@id\":\"https:\\\/\\\/lospoliticosveracruz.com\\\/?p=61576\",\"url\":\"https:\\\/\\\/lospoliticosveracruz.com\\\/?p=61576\",\"name\":\"Entre L\u00f3pez se apoyan! - Los pol\u00edticos Veracruz\",\"isPartOf\":{\"@id\":\"https:\\\/\\\/lospoliticosveracruz.com\\\/#website\"},\"datePublished\":\"2020-09-27T23:05:03+00:00\",\"dateModified\":\"2020-09-30T16:24:52+00:00\",\"breadcrumb\":{\"@id\":\"https:\\\/\\\/lospoliticosveracruz.com\\\/?p=61576#breadcrumb\"},\"inLanguage\":\"es\",\"potentialAction\":[{\"@type\":\"ReadAction\",\"target\":[\"https:\\\/\\\/lospoliticosveracruz.com\\\/?p=61576\"]}]},{\"@type\":\"BreadcrumbList\",\"@id\":\"https:\\\/\\\/lospoliticosveracruz.com\\\/?p=61576#breadcrumb\",\"itemListElement\":[{\"@type\":\"ListItem\",\"position\":1,\"name\":\"Portada\",\"item\":\"https:\\\/\\\/lospoliticosveracruz.com\\\/\"},{\"@type\":\"ListItem\",\"position\":2,\"name\":\"Entre L\u00f3pez se apoyan!\"}]},{\"@type\":\"WebSite\",\"@id\":\"https:\\\/\\\/lospoliticosveracruz.com\\\/#website\",\"url\":\"https:\\\/\\\/lospoliticosveracruz.com\\\/\",\"name\":\"Los pol\u00edticos Veracruz\",\"description\":\"\",\"publisher\":{\"@id\":\"https:\\\/\\\/lospoliticosveracruz.com\\\/#organization\"},\"potentialAction\":[{\"@type\":\"SearchAction\",\"target\":{\"@type\":\"EntryPoint\",\"urlTemplate\":\"https:\\\/\\\/lospoliticosveracruz.com\\\/?s={search_term_string}\"},\"query-input\":{\"@type\":\"PropertyValueSpecification\",\"valueRequired\":true,\"valueName\":\"search_term_string\"}}],\"inLanguage\":\"es\"},{\"@type\":\"Organization\",\"@id\":\"https:\\\/\\\/lospoliticosveracruz.com\\\/#organization\",\"name\":\"Los pol\u00edticos Veracruz\",\"url\":\"https:\\\/\\\/lospoliticosveracruz.com\\\/\",\"logo\":{\"@type\":\"ImageObject\",\"inLanguage\":\"es\",\"@id\":\"https:\\\/\\\/lospoliticosveracruz.com\\\/#\\\/schema\\\/logo\\\/image\\\/\",\"url\":\"https:\\\/\\\/lospoliticosveracruz.com\\\/wp-content\\\/uploads\\\/2025\\\/12\\\/Logo-Nuevo-LOS-POLITICOS-1.jpg\",\"contentUrl\":\"https:\\\/\\\/lospoliticosveracruz.com\\\/wp-content\\\/uploads\\\/2025\\\/12\\\/Logo-Nuevo-LOS-POLITICOS-1.jpg\",\"width\":260,\"height\":70,\"caption\":\"Los pol\u00edticos Veracruz\"},\"image\":{\"@id\":\"https:\\\/\\\/lospoliticosveracruz.com\\\/#\\\/schema\\\/logo\\\/image\\\/\"},\"sameAs\":[\"https:\\\/\\\/www.facebook.com\\\/people\\\/Notimemes-de-los-Polticos\\\/61565672886568\\\/\",\"https:\\\/\\\/x.com\\\/LosPoliticosVer\"]},{\"@type\":\"Person\",\"@id\":\"https:\\\/\\\/lospoliticosveracruz.com\\\/#\\\/schema\\\/person\\\/b8702bb0e538456e6efd07080bf2a4a2\",\"name\":\"Lo viste en Los Pol\u00edticos\",\"image\":{\"@type\":\"ImageObject\",\"inLanguage\":\"es\",\"@id\":\"https:\\\/\\\/secure.gravatar.com\\\/avatar\\\/3a8de04a2656d44082be478bd6c086daa447c4651605818287b9532d3d0bd435?s=96&d=mm&r=g\",\"url\":\"https:\\\/\\\/secure.gravatar.com\\\/avatar\\\/3a8de04a2656d44082be478bd6c086daa447c4651605818287b9532d3d0bd435?s=96&d=mm&r=g\",\"contentUrl\":\"https:\\\/\\\/secure.gravatar.com\\\/avatar\\\/3a8de04a2656d44082be478bd6c086daa447c4651605818287b9532d3d0bd435?s=96&d=mm&r=g\",\"caption\":\"Lo viste en Los Pol\u00edticos\"},\"url\":\"https:\\\/\\\/lospoliticosveracruz.com\\\/?author=2\"}]}<\/script>\n<!-- \/ Yoast SEO plugin. -->","yoast_head_json":{"title":"Entre L\u00f3pez se apoyan! - Los pol\u00edticos Veracruz","robots":{"index":"index","follow":"follow","max-snippet":"max-snippet:-1","max-image-preview":"max-image-preview:large","max-video-preview":"max-video-preview:-1"},"canonical":"https:\/\/lospoliticosveracruz.com\/?p=61576","og_locale":"es_ES","og_type":"article","og_title":"Entre L\u00f3pez se apoyan! - Los pol\u00edticos Veracruz","og_description":"El trabajo coordinado entre los \u00f3rdenes de gobierno genera un beneficio m\u00e1s amplio para la ciudadan\u00eda, dijo la presidenta municipal Leticia L\u00f3pez Landero, tras recibir al presidente Andr\u00e9s Manuel L\u00f3pez Obrador, en C\u00f3rdoba. \u00a0L\u00f3pez Landero reconoci\u00f3 el apoyo del gobierno federal para C\u00f3rdoba que este a\u00f1o recibir\u00e1 230 millones de pesos adicionales a su presupuesto [&hellip;]","og_url":"https:\/\/lospoliticosveracruz.com\/?p=61576","og_site_name":"Los pol\u00edticos Veracruz","article_publisher":"https:\/\/www.facebook.com\/people\/Notimemes-de-los-Polticos\/61565672886568\/","article_published_time":"2020-09-27T23:05:03+00:00","article_modified_time":"2020-09-30T16:24:52+00:00","og_image":[{"width":200,"height":200,"url":"https:\/\/lospoliticosveracruz.com\/wp-content\/uploads\/2016\/07\/Logo-Dor.jpg","type":"image\/jpeg"}],"author":"Lo viste en Los Pol\u00edticos","twitter_card":"summary_large_image","twitter_creator":"@LosPoliticosVer","twitter_site":"@LosPoliticosVer","twitter_misc":{"Escrito por":"Lo viste en Los Pol\u00edticos","Tiempo de lectura":"2 minutos"},"schema":{"@context":"https:\/\/schema.org","@graph":[{"@type":"Article","@id":"https:\/\/lospoliticosveracruz.com\/?p=61576#article","isPartOf":{"@id":"https:\/\/lospoliticosveracruz.com\/?p=61576"},"author":{"name":"Lo viste en Los Pol\u00edticos","@id":"https:\/\/lospoliticosveracruz.com\/#\/schema\/person\/b8702bb0e538456e6efd07080bf2a4a2"},"headline":"Entre L\u00f3pez se apoyan!","datePublished":"2020-09-27T23:05:03+00:00","dateModified":"2020-09-30T16:24:52+00:00","mainEntityOfPage":{"@id":"https:\/\/lospoliticosveracruz.com\/?p=61576"},"wordCount":319,"commentCount":0,"publisher":{"@id":"https:\/\/lospoliticosveracruz.com\/#organization"},"keywords":["Andr\u00e9s Manuel L\u00f3pez Obrador","C\u00f3rdoba","Gabriel Garc\u00eda Hern\u00e1ndez","Leticia L\u00f3pez Landero","Programas de Desarrollo"],"articleSection":["De Boleto"],"inLanguage":"es","potentialAction":[{"@type":"CommentAction","name":"Comment","target":["https:\/\/lospoliticosveracruz.com\/?p=61576#respond"]}]},{"@type":"WebPage","@id":"https:\/\/lospoliticosveracruz.com\/?p=61576","url":"https:\/\/lospoliticosveracruz.com\/?p=61576","name":"Entre L\u00f3pez se apoyan! - Los pol\u00edticos Veracruz","isPartOf":{"@id":"https:\/\/lospoliticosveracruz.com\/#website"},"datePublished":"2020-09-27T23:05:03+00:00","dateModified":"2020-09-30T16:24:52+00:00","breadcrumb":{"@id":"https:\/\/lospoliticosveracruz.com\/?p=61576#breadcrumb"},"inLanguage":"es","potentialAction":[{"@type":"ReadAction","target":["https:\/\/lospoliticosveracruz.com\/?p=61576"]}]},{"@type":"BreadcrumbList","@id":"https:\/\/lospoliticosveracruz.com\/?p=61576#breadcrumb","itemListElement":[{"@type":"ListItem","position":1,"name":"Portada","item":"https:\/\/lospoliticosveracruz.com\/"},{"@type":"ListItem","position":2,"name":"Entre L\u00f3pez se apoyan!"}]},{"@type":"WebSite","@id":"https:\/\/lospoliticosveracruz.com\/#website","url":"https:\/\/lospoliticosveracruz.com\/","name":"Los pol\u00edticos Veracruz","description":"","publisher":{"@id":"https:\/\/lospoliticosveracruz.com\/#organization"},"potentialAction":[{"@type":"SearchAction","target":{"@type":"EntryPoint","urlTemplate":"https:\/\/lospoliticosveracruz.com\/?s={search_term_string}"},"query-input":{"@type":"PropertyValueSpecification","valueRequired":true,"valueName":"search_term_string"}}],"inLanguage":"es"},{"@type":"Organization","@id":"https:\/\/lospoliticosveracruz.com\/#organization","name":"Los pol\u00edticos Veracruz","url":"https:\/\/lospoliticosveracruz.com\/","logo":{"@type":"ImageObject","inLanguage":"es","@id":"https:\/\/lospoliticosveracruz.com\/#\/schema\/logo\/image\/","url":"https:\/\/lospoliticosveracruz.com\/wp-content\/uploads\/2025\/12\/Logo-Nuevo-LOS-POLITICOS-1.jpg","contentUrl":"https:\/\/lospoliticosveracruz.com\/wp-content\/uploads\/2025\/12\/Logo-Nuevo-LOS-POLITICOS-1.jpg","width":260,"height":70,"caption":"Los pol\u00edticos Veracruz"},"image":{"@id":"https:\/\/lospoliticosveracruz.com\/#\/schema\/logo\/image\/"},"sameAs":["https:\/\/www.facebook.com\/people\/Notimemes-de-los-Polticos\/61565672886568\/","https:\/\/x.com\/LosPoliticosVer"]},{"@type":"Person","@id":"https:\/\/lospoliticosveracruz.com\/#\/schema\/person\/b8702bb0e538456e6efd07080bf2a4a2","name":"Lo viste en Los Pol\u00edticos","image":{"@type":"ImageObject","inLanguage":"es","@id":"https:\/\/secure.gravatar.com\/avatar\/3a8de04a2656d44082be478bd6c086daa447c4651605818287b9532d3d0bd435?s=96&d=mm&r=g","url":"https:\/\/secure.gravatar.com\/avatar\/3a8de04a2656d44082be478bd6c086daa447c4651605818287b9532d3d0bd435?s=96&d=mm&r=g","contentUrl":"https:\/\/secure.gravatar.com\/avatar\/3a8de04a2656d44082be478bd6c086daa447c4651605818287b9532d3d0bd435?s=96&d=mm&r=g","caption":"Lo viste en Los Pol\u00edticos"},"url":"https:\/\/lospoliticosveracruz.com\/?author=2"}]}},"_links":{"self":[{"href":"https:\/\/lospoliticosveracruz.com\/index.php?rest_route=\/wp\/v2\/posts\/61576","targetHints":{"allow":["GET"]}}],"collection":[{"href":"https:\/\/lospoliticosveracruz.com\/index.php?rest_route=\/wp\/v2\/posts"}],"about":[{"href":"https:\/\/lospoliticosveracruz.com\/index.php?rest_route=\/wp\/v2\/types\/post"}],"author":[{"embeddable":true,"href":"https:\/\/lospoliticosveracruz.com\/index.php?rest_route=\/wp\/v2\/users\/2"}],"replies":[{"embeddable":true,"href":"https:\/\/lospoliticosveracruz.com\/index.php?rest_route=%2Fwp%2Fv2%2Fcomments&post=61576"}],"version-history":[{"count":2,"href":"https:\/\/lospoliticosveracruz.com\/index.php?rest_route=\/wp\/v2\/posts\/61576\/revisions"}],"predecessor-version":[{"id":61727,"href":"https:\/\/lospoliticosveracruz.com\/index.php?rest_route=\/wp\/v2\/posts\/61576\/revisions\/61727"}],"wp:attachment":[{"href":"https:\/\/lospoliticosveracruz.com\/index.php?rest_route=%2Fwp%2Fv2%2Fmedia&parent=61576"}],"wp:term":[{"taxonomy":"category","embeddable":true,"href":"https:\/\/lospoliticosveracruz.com\/index.php?rest_route=%2Fwp%2Fv2%2Fcategories&post=61576"},{"taxonomy":"post_tag","embeddable":true,"href":"https:\/\/lospoliticosveracruz.com\/index.php?rest_route=%2Fwp%2Fv2%2Ftags&post=61576"}],"curies":[{"name":"wp","href":"https:\/\/api.w.org\/{rel}","templated":true}]}}