{"id":61601,"date":"2020-09-28T10:49:09","date_gmt":"2020-09-28T15:49:09","guid":{"rendered":"http:\/\/www.lospoliticosveracruz.com.mx\/?p=61601"},"modified":"2020-09-28T10:50:58","modified_gmt":"2020-09-28T15:50:58","slug":"la-caseta-te-puedo-marcar","status":"publish","type":"post","link":"https:\/\/lospoliticosveracruz.com\/?p=61601","title":{"rendered":"La caseta &#8230; \u00bfte puedo marcar?"},"content":{"rendered":"<p><strong>Vane Villanueva<\/strong><\/p>\n<p><em>Reinvent\u00e1ndome desde el alma<\/em><br \/>\nDesde ni\u00f1a me gustaba mucho viajar, era algo que mis padres nos ense\u00f1aron a andar como gitanos conociendo as\u00ed la vida. Las vacaciones de verano era com\u00fan que nos mandaban a casa de los abuelos, era toda una aventura; ya sabes, en aquella \u00e9poca no hab\u00eda buenas carreteras y muchos de los viajes eran en tren, \u00a1adoraba el sonido fuerte y vac\u00edo cuando pasabamos sobre un rio! y que decir del miedo, \u00a1te imaginas que se cayera el tren en pleno rio!. Era una experiencia total cuando ibamos hacia el pueblo de mi padre: Reforma de Pineda Oaxaca.<br \/>\nEn los vagones del tren est\u00e1bamos rodeados de totoles (guajolotes) gallinas y dem\u00e1s animalitos que se transportaban en rejas, cuando alguno escapaba<br \/>\nde ella \u00a1era todo un show que se armaba para atraparlo y evitar que saliera volando por las ventanas del tren!<br \/>\nDurante el trayecto -entre estaci\u00f3n y estaci\u00f3n- se subian las paisanas con su maravillosos huipiles y canastas llenas de comida cali\u00e9ntita que con su aroma nos incitaba el hambre, asi iban entre vag\u00f3n y vag\u00f3n ofreciendo sus deliciosos platillos, la gallina asadita con su huevito cocido era sin duda lo que m\u00e1s nos encantaba, aunque horas despu\u00e9s y ante tanto movimiento del tren -ya saben eramos ni\u00f1os- lo vomit\u00e1bamos, pero era una delicia comer esa gallinita&#8230;.<br \/>\nEl tren, durante muchas horas recorridas por fin se acercaba a nuestro destino el se\u00f1or encargado anunciaba con su cl\u00e1sico grito: \u00a1Reformaaaa de Pineda! y el hondo bramido del singular y magestuoso silbato de la locomotora pon\u00eda un punto de dramatismo y alegr\u00eda al anunciar su llegada a la estaci\u00f3n de destino, la enorme m\u00e1quina frenaba y era sin duda alguna la total felicidad de que llegabamos a casa sanos y salvos. Era el momento de agarrar nuestras maletitas, bajar de \u00e9l y corriamos a los brazos de los abuelos que ya nos esperaban en la estaci\u00f3n.<br \/>\nEn Reforma, en aquella \u00e9poca no hab\u00eda tel\u00e9fonos en las casas, ni mucho menos existia el celular en el mundo; as\u00ed que si alguien deseaba hablar contigo marcaban a \u00abLa caseta\u00bb y ahi habia encargados que en su bicicleta iban a \u00abavisar\u00bb a la persona con la que necesitabas platicar y te comunicaba que en 20 minutos (o quiz\u00e1s un poco m\u00e1s dependiendo de la distancia) volverian a marcar para hablar contigo; entonc\u00e9s ten\u00edas que acudir de inmediato a \u00abLa caseta\u00bb para esperar la llamada. Y si t\u00fa eras qui\u00e9n necesitabas comunicarte de manera r\u00e1pida con algui\u00e9n fuera del pueblo, era el medio indicado ya que el telegrama era un poco m\u00e1s tardado.<br \/>\n\u00abLa caseta\u00bb era una casa, en la que hab\u00eda peque\u00f1os m\u00f3dulos hechos con madera, y dentro de cada uno estaba un tel\u00e9fono colgado en la pared; entrabas y \u00abte encerrabas\u00bb para que nadie escuchara tu conversaci\u00f3n, la operadora al recibir la llamada la enlazaba, ella te decia a cual entrar: pase a la caseta 1, t\u00fa te met\u00edas y tomabas la llamada, podias hablar y escuchar el tiempo que fuera necesario a la persona amada. En esas casetas se dieron las m\u00e1s bellas noticias o las peores, ah\u00ed transcurria a la distancia la vida de las personas, \u00a1as\u00ed era la tecnolog\u00eda en algunos lugares de nuestro pa\u00eds hace m\u00e1s de 40 a\u00f1os!. Y es por dem\u00e1s decirte que era com\u00fan que la telefonista se sab\u00eda la vida e historia de todos, -por obvias razones- y el bicicletero que se encargaba de ir a notificar ten\u00eda que ser veloz y diestro en el manejo de la bici, adem\u00e1s deb\u00eda de conocer la casa de todos los habitantes del pueblo, \u00a1su agilidad y r\u00e1pidez para ir a notificar que hab\u00eda llamada era muy importante! Esa era la manera en que a la distancia decias: tengo que hablar contigo: te voy a marcar, para escucharte, para platicar y sentirte cerca.<br \/>\nHace 3 a\u00f1os y despu\u00e9s de mucho tiempo de no poder viajar ante la enorme inseguridad y riesgo que lamentablemente implicaba hacerlo sola decid\u00ed emprender de nuevo mi vida de gitana viajera que mis padres nos ense\u00f1aron en la infancia, asi que volvi a agarrar mi maletita, pero para tranquilidad de mi familia y m\u00eda opte por contratar los servicios de una agencia de viajes Claudia Telpochcalli y decid\u00ed viajar en grupo, fue sin duda una gran experiencia que hizo que volviera a viajar \u00absola\u00bb pero rodeada de nuevos amigos y grandes experiencias, el tour a recorrer: El Pac\u00edfico, la zona de Los Cabos, La Paz y de ahi fuimos bajando hasta llegar a los Mochis para abordar el tren, el famoso \u00abChepe\u00bb y llegar hasta Chihuahua, ese viaje me remont\u00f3 m\u00e1gicamente a mi infancia. Para poder llegar a los Mochis, Sinaloa; tienes que tomar el ferri que sale del puerto de La Paz; durante un poquito m\u00e1s de 6 horas cruzamos el maravilloso e imponente mar de Cort\u00e9s (El golfo de California, tambi\u00e9n llamado mar de Cort\u00e9s\u200b o mar Bermejo, \u200b es una extensi\u00f3n del oc\u00e9ano Pac\u00edfico y se ubica entre la pen\u00ednsula de Baja California y los estados de Sonora y Sinaloa, al noroeste de M\u00e9xico. Tiene una longitud de 1126 km\u200b y su anchura var\u00eda entre los 48 y 241 kil\u00f3metros) informaci\u00f3n obtenida de internet. Decid\u00ed hacer todo el trayecto en la proa del ferri, respirando ox\u00edgeno puro y disfrutando la m\u00e1s maravillosa puesta de sol que he visto en mi vida, llena de una gama de colores rojos,naranjas y violetas \u00fanicos del Pac\u00edfico. Durante ese tiempo vi tortugas,delfines, tiburones, peces y un sin fin de aves.<br \/>\nParticularmente me llam\u00f3 la atenci\u00f3n una: era un ave que volaba sola, me qued\u00e9 observ\u00e1ndola por momentos y durante algunas horas que nos acompa\u00f1\u00f3 en el trayecto, pens\u00e9: \u00a1Qu\u00e9 valiente es en recorrer su vida sola! si ella se cansaba en medio del mar, caer\u00eda a \u00e9l y sin duda ser\u00eda devorada de inmediato por alg\u00fan animalito, \u00a1qu\u00e9 fortaleza tiene! para volar horas y horas sola, sin compa\u00f1\u00eda que le de \u00e1nimos para emprender su rumbo y su vida, ella no ten\u00eda a algui\u00e9n a su lado&#8230;<br \/>\nHoy 3 a\u00f1os despu\u00e9s de ese viaje la vida me sigue ense\u00f1ando tantas lecciones sobre la resilencia y fortaleza, lo importante que es tener a alguien que te brinde \u00e1nimos en tu vuelo: primero tu familia y despu\u00e9s tus amigos. Pero, \u00bfqu\u00e9 sucede cuando has decidido vivir sola o solo y no los tienes cerca? peor a\u00fan, \u00bfqu\u00e9 pasa cuando ya has perdido a tu familia, y est\u00e1s sola o solo ante la vida? \u00bfqu\u00e9 te fortalece? \u00bfy si decides ser como esa ave -que vi atravesar el mar de Cort\u00e9s- y emprendes tu vida y te aventuras a volar lejos de tu hogar buscando tu destino?<br \/>\nHoy, esta pandemia llamada Covid-19 y que se ha prolongado en nuestro pa\u00eds ya casi 6 meses (y lo que a\u00fan falta) me ha ense\u00f1ado la importancia de re-aprender a \u00abcomunicarnos\u00bb sanamente en la distancia&#8230;<br \/>\nMe ha ense\u00f1ado que puedes estar sola o solo cuid\u00e1ndote en tu hogar y con tan solo tomar la decisi\u00f3n de \u00abconectarte con los dem\u00e1s\u00bb mediante la tecnolog\u00eda de un celular estar\u00e1s acompa\u00f1ada, o acompa\u00f1ado; hoy la tecnologia ya no es como hace 40 a\u00f1os, -ya sabes, la de \u00abLa caseta\u00bb- hoy puedes hacer videollamadas, enlazarte al mismo tiempo con varias personas y puedes simplemente tomando tu tel\u00e9fono y marcar \u00abescuchar de inmediato\u00bb y \u00absentir\u00bb la cercan\u00eda de tu ser querido, amigo, amiga&#8230;hoy puedes con un simple: \u00bfte puedo marcar? hacer la diferencia en la vida de una persona.<br \/>\nEscuchar la voz de algui\u00e9n te regula tu nivel de ansiedad, tu ritmo cardiaco, te \u00abconecta\u00bb aqui y ahora; te da serenidad, te hace sentir acompa\u00f1ado, acompa\u00f1ada, te da fortaleza; escuchar la voz de algui\u00e9n, ante este ya muy prolongado \u00abestar cuid\u00e1ndonos sin salir de casa\u00bb \u00abguardados\u00bb nos hace sentir que no estamos solas o solos ante el mundo, brind\u00e1ndonos: seguridad, tranquilidad y paz.<br \/>\nCada vez es m\u00e1s com\u00fan enterarme de amigos y amigas que viven esta pandemia sin compa\u00f1\u00eda y en algunos casos, como el m\u00edo en que nuestras familias no est\u00e1n cerca de nosotros, eso nos angustia m\u00e1s \u00bfsi me contamino, existe la probabilidad de que pueda morir sola? \u00bfqui\u00e9n me cuidar\u00e1? \u00bfqui\u00e9n me brindar\u00e1 un abrazo? \u00bfqui\u00e9n me dar\u00e1 consuelo y me acompa\u00f1ar\u00e1 f\u00edsicamente? y claro que mi familia tambi\u00e9n sufre y piensa lo mismo, por supuesto&#8230;y \u00e9so nos genera m\u00e1s miedo e incertidumbre&#8230;incertidumbre que no viven quienes \u00abest\u00e1n guardados en casa con su familia,\u00bb teniendo compa\u00f1\u00eda, d\u00e1ndose \u00e1nimos y teniendo un contacto f\u00edsico entre ellos todos los d\u00edas.<br \/>\nLos que estamos solos hemos tenido que aprender a ser m\u00e1s resilentes, a reencontrarnos en nuestro miedo y hemos aprendido a fortalecernos y disfrutar esa fortaleza viviendo y disfrutando la vida a cada instante, cada dia, todos los d\u00edas. Los que estamos solos o solas no tenemos contacto f\u00edsico, nos prohibieron tocarnos para evitar contagiarnos, nos aislaron de esos momentos de cercania, abrazos y todo lo que cada uno de esos abrazos representa, nos prohibieron las salidas y convivencias que como seres humanos necesitamos todos los d\u00edas, a todos nos coartaron la vida.<br \/>\nHoy la vida que llevamos con esta pandemia nos ha ense\u00f1ado la gran importancia de \u00abescucharnos\u00bb a traves de un \u00ab\u00bfte puedo marcar?\u00bb hoy, nos est\u00e1 ense\u00f1ando que esa sencilla frase puede ser la diferencia en la vida de algui\u00e9n, quiz\u00e1s tu voz lo llene de esperanza y fortaleza para seguir luchando con sus miedos ante tanta incertidumbre, quiz\u00e1s escucharte sea lo que esa persona que est\u00e1 sola o solo le acaricie el alma y le de consuelo ante lo que sin duda esta pandemia nos ha cambiado la vida a todos, hoy yo lo vivo y les digo a mis amigos: t\u00fa est\u00e1s con tu familia, a\u00fan no sabes lo que vivimos quienes estamos solos y lejos de ella&#8230;<br \/>\nLa tecnolog\u00eda nos ha acercado sin lugar a duda, nos acorta la enorme distancia que existe de tu casa a la m\u00eda, y ello puede \u00abneutralizar\u00bb los l\u00edmites de contacto que insisto: estamos separamos f\u00edsicamente por nuestro bien, para evitar m\u00e1s contagios, pero es gracias a la tecnolog\u00eda que podemos, -si queremos- estar m\u00e1s unidos que nunca&#8230;<br \/>\nDesde que empez\u00f3 la pandemia, mi madre habla conmigo m\u00e1s que nunca y escucharla me ha fortalecido el alma y mi fe, escuchar su voz dici\u00e9ndome: hija no salgas, no quiero que te pase nada, me ha llenado de mucha paz y sin que ella lo sepa, me ha hablado justo en esos momentos en que mi vida la necesita, sin duda ese v\u00ednculo e instinto que los padres tienen con sus hijos, mi madre lo tiene conmigo&#8230;escuchar su voz a trav\u00e9s de un tel\u00e9fono a sido sin duda el regalo m\u00e1s maravilloso que nos ofrece la tecnolog\u00eda. Es gracias a la tecnolog\u00eda que mis sobrinos -que viven en diferentes partes- y yo hemos podido enlazarnos varias veces para jugar \u00abbasta\u00bb, juego que disfruto mucho con ellos, las risas, gestos y nervios est\u00e1n ahi, en la videollamada; juntos en familia a trav\u00e9s de la tecnolog\u00eda hemos cantado en los cumples las ma\u00f1anitas, y ante la partida de mi padre es gracias al apoyo de su familia que en su pueblo se hizo un rosario por 6 meses de su partida y nosotros lo vimos a la distancia, mediante fotos ya que nadie de mi familia pudo ir por el distancimiento f\u00edsico que hay en el pa\u00eds por el covid, insisto: por el bien de todos. Es gracias a la tecnolog\u00eda que he podido tomar \u00a1m\u00e1s cursos que nunca!, es gracias a la tecnolog\u00eda que millones de ni\u00f1os han podido interactuar con sus compa\u00f1eros y maestros de clases, es gracias a la tecnolog\u00eda que desde mi celular he podido escuchar misas entre semana a las 6pm y ahora las escucho m\u00e1s seguido fortaleciendo mi fe y mi creencia de que Dios esta conmigo y me acompa\u00f1a, es gracias a la tecnolog\u00eda que tengo en mi celular que hoy puedo asistir y acompa\u00f1ar en la distancia \u00abvirtualmente\u00bb a un ser querido a un sepelio y aminorar as\u00ed su dolor al sentir mi presencia, es gracias a esta bendita tecnolog\u00eda que las familias se unen para hacer un rezo y he participado en un rosario en donde el Sacerdote mediante su celular y una c\u00e1mara transmiti\u00f3 una bell\u00edsima misa -paso a paso- de una manera c\u00e1lida y amorosa, uniendo en la fe a varias personas que perdieron a su ser querido, y se \u00abconectaron\u00bb de diferentes lugares, y es gracias a un \u00bfte puedo marcar\u00bb que he escuchado a mis compa\u00f1eros que est\u00e1n en agon\u00eda, en gracias a un \u00bfte puedo marcar? que hemos rezado juntos fortaleciendo as\u00ed nuestra fr\u00e1gil vida&#8230; es gracias a un \u00bfte puedo marcar? que ahora estamos m\u00e1s unidos en la distancia a pesar de lo separaci\u00f3n f\u00edsica que vivimos d\u00eda a d\u00eda&#8230;<br \/>\nEl Covid tambi\u00e9n ha tra\u00eddo cosas buenas, una de ellas sin duda, re-aprender a relacionarnos \u00absanamente\u00bb a trav\u00e9s de la tecnolog\u00eda.<br \/>\nDejar de mandar tantos mensajes de texto (en lo personal detesto escribir y que me escriban interminables mensajes, cuando puedo solucionar todo en minutos con una llamada) tan fr\u00edos. Hoy, es el momento de que te tomes el tiempo y nuevamente como era en anta\u00f1o, marques y con tu voz \u00abacaricies el alma\u00bb de esa persona, amigo, amiga, ser amado, familiar, vecino, compa\u00f1ero de trabajo que sabes que est\u00e1 sola o solo. Hoy dile en un mensaje \u00bfte puedo marcar?&#8230;y por favor \u00a1m\u00e1rcale! escucharte ser\u00e1 sin duda la mejor manera de decirle: Estoy a tu lado, no est\u00e1s sola o solo, todo esta bien, estoy a la distancia aqu\u00ed contigo. \u00a1Por favor m\u00e1rcale a esa persona que extra\u00f1as! \u00a1por favor m\u00e1rcale a esa persona que hoy perdi\u00f3 a un ser querido! \u00a1por favor m\u00e1rcale! a ese ser que est\u00e1 ah\u00ed anhelando \u00abtu caricia\u00bb a la distancia y con tu voz lo abraces y llenes de mimos&#8230;\u00a1por favor m\u00e1rcale!. La llamada no cuesta es mas r\u00e1pida que estar escribiendo mensajes y cambiar\u00e1 tu vida y la de esa persona, t\u00f3mate unos minutos de tu tiempo, es tambi\u00e9n una manera de ser nuevamente m\u00e1s humanos y m\u00e1s c\u00e1lidos ante tanta tragedia y lejan\u00eda.<br \/>\nHace unos a\u00f1os vi a un ave viajar durante horas sola; admir\u00e9 su fe y coraje para desafiar la vida. Quiz\u00e1s esa ave me ense\u00f1aba que a\u00fan volando sola ella traz\u00f3 la ruta de su camino, en alg\u00fan momento tocar\u00eda tierra y quiz\u00e1s ahi la esperaba su destino&#8230;<br \/>\nEse viaje sin duda me remont\u00f3 a mi infancia recordando que despu\u00e9s de horas de \u00abpancho-aventuras\u00bb y cansancio por fin lleg\u00e1bamos a casa, en d\u00f3nde los abuelos nos esperaban para llenarnos de besos y abrazos. En esos viajes de la infancia mis padres nos ense\u00f1aron que al viajar, todos anhelamos llegar a nuestro hogar y deseamos siempre estar en contacto f\u00edsico o a trav\u00e9s de una llamada con nuestros seres queridos y que somos como un ave: firme, resilente y determinada volando sola llegando al destino&#8230;<br \/>\n\u00a1Bendecida semana!<\/p>\n","protected":false},"excerpt":{"rendered":"<p>Vane Villanueva Reinvent\u00e1ndome desde el alma Desde ni\u00f1a me gustaba mucho viajar, era algo que mis padres nos ense\u00f1aron a andar como gitanos conociendo as\u00ed la vida. Las vacaciones de verano era com\u00fan que nos mandaban a casa de los abuelos, era toda una aventura; ya sabes, en aquella \u00e9poca no hab\u00eda buenas carreteras y [&hellip;]<\/p>\n","protected":false},"author":2,"featured_media":0,"comment_status":"open","ping_status":"open","sticky":false,"template":"","format":"standard","meta":{"tdm_status":"","tdm_grid_status":"","footnotes":""},"categories":[70],"tags":[21816,21817,2354,16673,21820,21821,19428,12480,21822,913,21818,6284,9095],"class_list":{"0":"post-61601","1":"post","2":"type-post","3":"status-publish","4":"format-standard","6":"category-de-opinion","7":"tag-caseta","8":"tag-chepe","9":"tag-chihuahua","10":"tag-covid-19","11":"tag-distancia","12":"tag-distanciamiento","13":"tag-distanciamiento-social","14":"tag-fortaleza","15":"tag-marcale","16":"tag-miedo","17":"tag-resilencia","18":"tag-tecnologia","19":"tag-tren"},"yoast_head":"<!-- This site is optimized with the Yoast SEO plugin v27.4 - https:\/\/yoast.com\/product\/yoast-seo-wordpress\/ -->\n<title>La caseta ... \u00bfte puedo marcar? - Los pol\u00edticos Veracruz<\/title>\n<meta name=\"robots\" content=\"index, follow, max-snippet:-1, max-image-preview:large, max-video-preview:-1\" \/>\n<link rel=\"canonical\" href=\"https:\/\/lospoliticosveracruz.com\/?p=61601\" \/>\n<meta property=\"og:locale\" content=\"es_ES\" \/>\n<meta property=\"og:type\" content=\"article\" \/>\n<meta property=\"og:title\" content=\"La caseta ... \u00bfte puedo marcar? - Los pol\u00edticos Veracruz\" \/>\n<meta property=\"og:description\" content=\"Vane Villanueva Reinvent\u00e1ndome desde el alma Desde ni\u00f1a me gustaba mucho viajar, era algo que mis padres nos ense\u00f1aron a andar como gitanos conociendo as\u00ed la vida. Las vacaciones de verano era com\u00fan que nos mandaban a casa de los abuelos, era toda una aventura; ya sabes, en aquella \u00e9poca no hab\u00eda buenas carreteras y [&hellip;]\" \/>\n<meta property=\"og:url\" content=\"https:\/\/lospoliticosveracruz.com\/?p=61601\" \/>\n<meta property=\"og:site_name\" content=\"Los pol\u00edticos Veracruz\" \/>\n<meta property=\"article:publisher\" content=\"https:\/\/www.facebook.com\/people\/Notimemes-de-los-Polticos\/61565672886568\/\" \/>\n<meta property=\"article:published_time\" content=\"2020-09-28T15:49:09+00:00\" \/>\n<meta property=\"article:modified_time\" content=\"2020-09-28T15:50:58+00:00\" \/>\n<meta property=\"og:image\" content=\"https:\/\/lospoliticosveracruz.com\/wp-content\/uploads\/2016\/07\/Logo-Dor.jpg\" \/>\n\t<meta property=\"og:image:width\" content=\"200\" \/>\n\t<meta property=\"og:image:height\" content=\"200\" \/>\n\t<meta property=\"og:image:type\" content=\"image\/jpeg\" \/>\n<meta name=\"author\" content=\"Lo viste en Los Pol\u00edticos\" \/>\n<meta name=\"twitter:card\" content=\"summary_large_image\" \/>\n<meta name=\"twitter:creator\" content=\"@LosPoliticosVer\" \/>\n<meta name=\"twitter:site\" content=\"@LosPoliticosVer\" \/>\n<meta name=\"twitter:label1\" content=\"Escrito por\" \/>\n\t<meta name=\"twitter:data1\" content=\"Lo viste en Los Pol\u00edticos\" \/>\n\t<meta name=\"twitter:label2\" content=\"Tiempo de lectura\" \/>\n\t<meta name=\"twitter:data2\" content=\"14 minutos\" \/>\n<script type=\"application\/ld+json\" class=\"yoast-schema-graph\">{\"@context\":\"https:\\\/\\\/schema.org\",\"@graph\":[{\"@type\":\"Article\",\"@id\":\"https:\\\/\\\/lospoliticosveracruz.com\\\/?p=61601#article\",\"isPartOf\":{\"@id\":\"https:\\\/\\\/lospoliticosveracruz.com\\\/?p=61601\"},\"author\":{\"name\":\"Lo viste en Los Pol\u00edticos\",\"@id\":\"https:\\\/\\\/lospoliticosveracruz.com\\\/#\\\/schema\\\/person\\\/b8702bb0e538456e6efd07080bf2a4a2\"},\"headline\":\"La caseta &#8230; \u00bfte puedo marcar?\",\"datePublished\":\"2020-09-28T15:49:09+00:00\",\"dateModified\":\"2020-09-28T15:50:58+00:00\",\"mainEntityOfPage\":{\"@id\":\"https:\\\/\\\/lospoliticosveracruz.com\\\/?p=61601\"},\"wordCount\":2709,\"commentCount\":0,\"publisher\":{\"@id\":\"https:\\\/\\\/lospoliticosveracruz.com\\\/#organization\"},\"keywords\":[\"Caseta\",\"Chepe\",\"Chihuahua\",\"Covid 19\",\"Distancia\",\"Distanciamiento\",\"distanciamiento social\",\"fortaleza\",\"M\u00e1rcale\",\"miedo\",\"Resilencia\",\"Tecnolog\u00eda\",\"Tren\"],\"articleSection\":[\"De Opini\u00f3n\"],\"inLanguage\":\"es\",\"potentialAction\":[{\"@type\":\"CommentAction\",\"name\":\"Comment\",\"target\":[\"https:\\\/\\\/lospoliticosveracruz.com\\\/?p=61601#respond\"]}]},{\"@type\":\"WebPage\",\"@id\":\"https:\\\/\\\/lospoliticosveracruz.com\\\/?p=61601\",\"url\":\"https:\\\/\\\/lospoliticosveracruz.com\\\/?p=61601\",\"name\":\"La caseta ... \u00bfte puedo marcar? - Los pol\u00edticos Veracruz\",\"isPartOf\":{\"@id\":\"https:\\\/\\\/lospoliticosveracruz.com\\\/#website\"},\"datePublished\":\"2020-09-28T15:49:09+00:00\",\"dateModified\":\"2020-09-28T15:50:58+00:00\",\"breadcrumb\":{\"@id\":\"https:\\\/\\\/lospoliticosveracruz.com\\\/?p=61601#breadcrumb\"},\"inLanguage\":\"es\",\"potentialAction\":[{\"@type\":\"ReadAction\",\"target\":[\"https:\\\/\\\/lospoliticosveracruz.com\\\/?p=61601\"]}]},{\"@type\":\"BreadcrumbList\",\"@id\":\"https:\\\/\\\/lospoliticosveracruz.com\\\/?p=61601#breadcrumb\",\"itemListElement\":[{\"@type\":\"ListItem\",\"position\":1,\"name\":\"Portada\",\"item\":\"https:\\\/\\\/lospoliticosveracruz.com\\\/\"},{\"@type\":\"ListItem\",\"position\":2,\"name\":\"La caseta &#8230; \u00bfte puedo marcar?\"}]},{\"@type\":\"WebSite\",\"@id\":\"https:\\\/\\\/lospoliticosveracruz.com\\\/#website\",\"url\":\"https:\\\/\\\/lospoliticosveracruz.com\\\/\",\"name\":\"Los pol\u00edticos Veracruz\",\"description\":\"\",\"publisher\":{\"@id\":\"https:\\\/\\\/lospoliticosveracruz.com\\\/#organization\"},\"potentialAction\":[{\"@type\":\"SearchAction\",\"target\":{\"@type\":\"EntryPoint\",\"urlTemplate\":\"https:\\\/\\\/lospoliticosveracruz.com\\\/?s={search_term_string}\"},\"query-input\":{\"@type\":\"PropertyValueSpecification\",\"valueRequired\":true,\"valueName\":\"search_term_string\"}}],\"inLanguage\":\"es\"},{\"@type\":\"Organization\",\"@id\":\"https:\\\/\\\/lospoliticosveracruz.com\\\/#organization\",\"name\":\"Los pol\u00edticos Veracruz\",\"url\":\"https:\\\/\\\/lospoliticosveracruz.com\\\/\",\"logo\":{\"@type\":\"ImageObject\",\"inLanguage\":\"es\",\"@id\":\"https:\\\/\\\/lospoliticosveracruz.com\\\/#\\\/schema\\\/logo\\\/image\\\/\",\"url\":\"https:\\\/\\\/lospoliticosveracruz.com\\\/wp-content\\\/uploads\\\/2025\\\/12\\\/Logo-Nuevo-LOS-POLITICOS-1.jpg\",\"contentUrl\":\"https:\\\/\\\/lospoliticosveracruz.com\\\/wp-content\\\/uploads\\\/2025\\\/12\\\/Logo-Nuevo-LOS-POLITICOS-1.jpg\",\"width\":260,\"height\":70,\"caption\":\"Los pol\u00edticos Veracruz\"},\"image\":{\"@id\":\"https:\\\/\\\/lospoliticosveracruz.com\\\/#\\\/schema\\\/logo\\\/image\\\/\"},\"sameAs\":[\"https:\\\/\\\/www.facebook.com\\\/people\\\/Notimemes-de-los-Polticos\\\/61565672886568\\\/\",\"https:\\\/\\\/x.com\\\/LosPoliticosVer\"]},{\"@type\":\"Person\",\"@id\":\"https:\\\/\\\/lospoliticosveracruz.com\\\/#\\\/schema\\\/person\\\/b8702bb0e538456e6efd07080bf2a4a2\",\"name\":\"Lo viste en Los Pol\u00edticos\",\"image\":{\"@type\":\"ImageObject\",\"inLanguage\":\"es\",\"@id\":\"https:\\\/\\\/secure.gravatar.com\\\/avatar\\\/3a8de04a2656d44082be478bd6c086daa447c4651605818287b9532d3d0bd435?s=96&d=mm&r=g\",\"url\":\"https:\\\/\\\/secure.gravatar.com\\\/avatar\\\/3a8de04a2656d44082be478bd6c086daa447c4651605818287b9532d3d0bd435?s=96&d=mm&r=g\",\"contentUrl\":\"https:\\\/\\\/secure.gravatar.com\\\/avatar\\\/3a8de04a2656d44082be478bd6c086daa447c4651605818287b9532d3d0bd435?s=96&d=mm&r=g\",\"caption\":\"Lo viste en Los Pol\u00edticos\"},\"url\":\"https:\\\/\\\/lospoliticosveracruz.com\\\/?author=2\"}]}<\/script>\n<!-- \/ Yoast SEO plugin. -->","yoast_head_json":{"title":"La caseta ... \u00bfte puedo marcar? - Los pol\u00edticos Veracruz","robots":{"index":"index","follow":"follow","max-snippet":"max-snippet:-1","max-image-preview":"max-image-preview:large","max-video-preview":"max-video-preview:-1"},"canonical":"https:\/\/lospoliticosveracruz.com\/?p=61601","og_locale":"es_ES","og_type":"article","og_title":"La caseta ... \u00bfte puedo marcar? - Los pol\u00edticos Veracruz","og_description":"Vane Villanueva Reinvent\u00e1ndome desde el alma Desde ni\u00f1a me gustaba mucho viajar, era algo que mis padres nos ense\u00f1aron a andar como gitanos conociendo as\u00ed la vida. Las vacaciones de verano era com\u00fan que nos mandaban a casa de los abuelos, era toda una aventura; ya sabes, en aquella \u00e9poca no hab\u00eda buenas carreteras y [&hellip;]","og_url":"https:\/\/lospoliticosveracruz.com\/?p=61601","og_site_name":"Los pol\u00edticos Veracruz","article_publisher":"https:\/\/www.facebook.com\/people\/Notimemes-de-los-Polticos\/61565672886568\/","article_published_time":"2020-09-28T15:49:09+00:00","article_modified_time":"2020-09-28T15:50:58+00:00","og_image":[{"width":200,"height":200,"url":"https:\/\/lospoliticosveracruz.com\/wp-content\/uploads\/2016\/07\/Logo-Dor.jpg","type":"image\/jpeg"}],"author":"Lo viste en Los Pol\u00edticos","twitter_card":"summary_large_image","twitter_creator":"@LosPoliticosVer","twitter_site":"@LosPoliticosVer","twitter_misc":{"Escrito por":"Lo viste en Los Pol\u00edticos","Tiempo de lectura":"14 minutos"},"schema":{"@context":"https:\/\/schema.org","@graph":[{"@type":"Article","@id":"https:\/\/lospoliticosveracruz.com\/?p=61601#article","isPartOf":{"@id":"https:\/\/lospoliticosveracruz.com\/?p=61601"},"author":{"name":"Lo viste en Los Pol\u00edticos","@id":"https:\/\/lospoliticosveracruz.com\/#\/schema\/person\/b8702bb0e538456e6efd07080bf2a4a2"},"headline":"La caseta &#8230; \u00bfte puedo marcar?","datePublished":"2020-09-28T15:49:09+00:00","dateModified":"2020-09-28T15:50:58+00:00","mainEntityOfPage":{"@id":"https:\/\/lospoliticosveracruz.com\/?p=61601"},"wordCount":2709,"commentCount":0,"publisher":{"@id":"https:\/\/lospoliticosveracruz.com\/#organization"},"keywords":["Caseta","Chepe","Chihuahua","Covid 19","Distancia","Distanciamiento","distanciamiento social","fortaleza","M\u00e1rcale","miedo","Resilencia","Tecnolog\u00eda","Tren"],"articleSection":["De Opini\u00f3n"],"inLanguage":"es","potentialAction":[{"@type":"CommentAction","name":"Comment","target":["https:\/\/lospoliticosveracruz.com\/?p=61601#respond"]}]},{"@type":"WebPage","@id":"https:\/\/lospoliticosveracruz.com\/?p=61601","url":"https:\/\/lospoliticosveracruz.com\/?p=61601","name":"La caseta ... \u00bfte puedo marcar? - Los pol\u00edticos Veracruz","isPartOf":{"@id":"https:\/\/lospoliticosveracruz.com\/#website"},"datePublished":"2020-09-28T15:49:09+00:00","dateModified":"2020-09-28T15:50:58+00:00","breadcrumb":{"@id":"https:\/\/lospoliticosveracruz.com\/?p=61601#breadcrumb"},"inLanguage":"es","potentialAction":[{"@type":"ReadAction","target":["https:\/\/lospoliticosveracruz.com\/?p=61601"]}]},{"@type":"BreadcrumbList","@id":"https:\/\/lospoliticosveracruz.com\/?p=61601#breadcrumb","itemListElement":[{"@type":"ListItem","position":1,"name":"Portada","item":"https:\/\/lospoliticosveracruz.com\/"},{"@type":"ListItem","position":2,"name":"La caseta &#8230; \u00bfte puedo marcar?"}]},{"@type":"WebSite","@id":"https:\/\/lospoliticosveracruz.com\/#website","url":"https:\/\/lospoliticosveracruz.com\/","name":"Los pol\u00edticos Veracruz","description":"","publisher":{"@id":"https:\/\/lospoliticosveracruz.com\/#organization"},"potentialAction":[{"@type":"SearchAction","target":{"@type":"EntryPoint","urlTemplate":"https:\/\/lospoliticosveracruz.com\/?s={search_term_string}"},"query-input":{"@type":"PropertyValueSpecification","valueRequired":true,"valueName":"search_term_string"}}],"inLanguage":"es"},{"@type":"Organization","@id":"https:\/\/lospoliticosveracruz.com\/#organization","name":"Los pol\u00edticos Veracruz","url":"https:\/\/lospoliticosveracruz.com\/","logo":{"@type":"ImageObject","inLanguage":"es","@id":"https:\/\/lospoliticosveracruz.com\/#\/schema\/logo\/image\/","url":"https:\/\/lospoliticosveracruz.com\/wp-content\/uploads\/2025\/12\/Logo-Nuevo-LOS-POLITICOS-1.jpg","contentUrl":"https:\/\/lospoliticosveracruz.com\/wp-content\/uploads\/2025\/12\/Logo-Nuevo-LOS-POLITICOS-1.jpg","width":260,"height":70,"caption":"Los pol\u00edticos Veracruz"},"image":{"@id":"https:\/\/lospoliticosveracruz.com\/#\/schema\/logo\/image\/"},"sameAs":["https:\/\/www.facebook.com\/people\/Notimemes-de-los-Polticos\/61565672886568\/","https:\/\/x.com\/LosPoliticosVer"]},{"@type":"Person","@id":"https:\/\/lospoliticosveracruz.com\/#\/schema\/person\/b8702bb0e538456e6efd07080bf2a4a2","name":"Lo viste en Los Pol\u00edticos","image":{"@type":"ImageObject","inLanguage":"es","@id":"https:\/\/secure.gravatar.com\/avatar\/3a8de04a2656d44082be478bd6c086daa447c4651605818287b9532d3d0bd435?s=96&d=mm&r=g","url":"https:\/\/secure.gravatar.com\/avatar\/3a8de04a2656d44082be478bd6c086daa447c4651605818287b9532d3d0bd435?s=96&d=mm&r=g","contentUrl":"https:\/\/secure.gravatar.com\/avatar\/3a8de04a2656d44082be478bd6c086daa447c4651605818287b9532d3d0bd435?s=96&d=mm&r=g","caption":"Lo viste en Los Pol\u00edticos"},"url":"https:\/\/lospoliticosveracruz.com\/?author=2"}]}},"_links":{"self":[{"href":"https:\/\/lospoliticosveracruz.com\/index.php?rest_route=\/wp\/v2\/posts\/61601","targetHints":{"allow":["GET"]}}],"collection":[{"href":"https:\/\/lospoliticosveracruz.com\/index.php?rest_route=\/wp\/v2\/posts"}],"about":[{"href":"https:\/\/lospoliticosveracruz.com\/index.php?rest_route=\/wp\/v2\/types\/post"}],"author":[{"embeddable":true,"href":"https:\/\/lospoliticosveracruz.com\/index.php?rest_route=\/wp\/v2\/users\/2"}],"replies":[{"embeddable":true,"href":"https:\/\/lospoliticosveracruz.com\/index.php?rest_route=%2Fwp%2Fv2%2Fcomments&post=61601"}],"version-history":[{"count":1,"href":"https:\/\/lospoliticosveracruz.com\/index.php?rest_route=\/wp\/v2\/posts\/61601\/revisions"}],"predecessor-version":[{"id":61603,"href":"https:\/\/lospoliticosveracruz.com\/index.php?rest_route=\/wp\/v2\/posts\/61601\/revisions\/61603"}],"wp:attachment":[{"href":"https:\/\/lospoliticosveracruz.com\/index.php?rest_route=%2Fwp%2Fv2%2Fmedia&parent=61601"}],"wp:term":[{"taxonomy":"category","embeddable":true,"href":"https:\/\/lospoliticosveracruz.com\/index.php?rest_route=%2Fwp%2Fv2%2Fcategories&post=61601"},{"taxonomy":"post_tag","embeddable":true,"href":"https:\/\/lospoliticosveracruz.com\/index.php?rest_route=%2Fwp%2Fv2%2Ftags&post=61601"}],"curies":[{"name":"wp","href":"https:\/\/api.w.org\/{rel}","templated":true}]}}