{"id":61605,"date":"2020-09-28T11:18:21","date_gmt":"2020-09-28T16:18:21","guid":{"rendered":"http:\/\/www.lospoliticosveracruz.com.mx\/?p=61605"},"modified":"2020-09-28T11:18:21","modified_gmt":"2020-09-28T16:18:21","slug":"abandona-morena-arte-cultura-y-seguridad-dunyaska","status":"publish","type":"post","link":"https:\/\/lospoliticosveracruz.com\/?p=61605","title":{"rendered":"Abandona Morena Arte, Cultura y Seguridad: Dunyaska"},"content":{"rendered":"<p>&nbsp;<\/p>\n<p>La Diputada Federal por el Distrito XII de Veracruz, Mariana Dunyaska Garc\u00eda Rojas, conden\u00f3 la eliminaci\u00f3n de Fideicomisos propuestas por los Diputados de Morena, que dejar\u00eda sin recursos programas como el Fonden y el Fidecine.<br \/>\n\u201cEl Gobierno de L\u00f3pez Obrador est\u00e1 empecinado en destruir todo lo que funcionaba para obtener m\u00e1s y m\u00e1s poder y recursos, y ahora busca de nuevo eliminar Fideicomisos que cumplen funciones culturales, sociales y cient\u00edficas, demostrando el desprecio que este gobierno tiene al Desarrollo.\u201d<br \/>\n\u201cEn un pa\u00eds donde matan a los periodistas por hacer su labor eliminan el Fondo para la Protecci\u00f3n de las Personas Defensoras de Derechos Humanos y Periodistas. En un M\u00e9xico que es propenso a Huracanes y Temblores, eliminan los Fondos para la Prevenci\u00f3n de Desastres, de Desastres y para Atender a la Poblaci\u00f3n Rural Afectada por Contingencias Climatol\u00f3gicas. Mientras que los atletas dan todo para poner el nombre del pa\u00eds en alto, el Gobierno elimina el Fondo para el Deporte de Alto Rendimiento. Frente a una Pandemia que requiere de los esfuerzos conjuntos de la comunidad cient\u00edfica, eliminan los Fondos del Conacyt.\u201d<br \/>\n\u201cY podemos seguir as\u00ed, desde el Fidecine hasta el Fondo para el Cambio Clim\u00e1tico, el Gobierno elimina los programas que impulsaban el desarrollo de la juventud, borr\u00e1ndolos de la agenda del pa\u00eds.\u201d<br \/>\nDunyaska agrega: \u201cSi de por s\u00ed es lamentable que eliminen estos recursos, lo peor es la raz\u00f3n, ya que estos recursos seguramente terminaran en Dos Bocas, el Tren Maya y Santa Luc\u00eda, siendo parte de los elefantes blancos del Gobierno. Recordemos que la Ley de Ingresos que plantea tiene graves carencias, en especial su c\u00e1lculo en materia de Barriles de Petr\u00f3leo, estimando un aumento del costo de Barril, de 40 a 42 d\u00f3lares, cuando este ha ido en ca\u00edda, as\u00ed como un aumento de producci\u00f3n de millones de barriles diarios, que pasa de 1.69millones a 1.86mill, casi 200 mil.<br \/>\n\u201cEl dinero contra desastres, para apoyar la cultura, la ciencia, el deporte, a los periodistas, etc\u00e9tera, se va a la basura por estar empecinados en proyectos inviables, y por hacer cuentas alegres en frente a la peor crisis econ\u00f3mica en un Siglo.\u201d<\/p>\n","protected":false},"excerpt":{"rendered":"<p>&nbsp; La Diputada Federal por el Distrito XII de Veracruz, Mariana Dunyaska Garc\u00eda Rojas, conden\u00f3 la eliminaci\u00f3n de Fideicomisos propuestas por los Diputados de Morena, que dejar\u00eda sin recursos programas como el Fonden y el Fidecine. \u201cEl Gobierno de L\u00f3pez Obrador est\u00e1 empecinado en destruir todo lo que funcionaba para obtener m\u00e1s y m\u00e1s poder [&hellip;]<\/p>\n","protected":false},"author":2,"featured_media":0,"comment_status":"open","ping_status":"open","sticky":false,"template":"","format":"standard","meta":{"tdm_status":"","tdm_grid_status":"","footnotes":""},"categories":[73],"tags":[1604,21825,21824,19475,14643,21826,21823,16505,9649,1003,5541,1026,2019,12960],"class_list":{"0":"post-61605","1":"post","2":"type-post","3":"status-publish","4":"format-standard","6":"category-de-boleto","7":"tag-conacyt","8":"tag-contingencias-climatologicas","9":"tag-diputados-de-morena","10":"tag-distrito-xii-de-veracruz","11":"tag-dos-bocas","12":"tag-el-tren-maya","13":"tag-fidecine","14":"tag-fideicomisos","15":"tag-fonden","16":"tag-lopez-obrador","17":"tag-mariana-dunyaska-garcia-rojas","18":"tag-morena","19":"tag-petroleo","20":"tag-santa-lucia"},"yoast_head":"<!-- This site is optimized with the Yoast SEO plugin v27.4 - https:\/\/yoast.com\/product\/yoast-seo-wordpress\/ -->\n<title>Abandona Morena Arte, Cultura y Seguridad: Dunyaska - Los pol\u00edticos Veracruz<\/title>\n<meta name=\"robots\" content=\"index, follow, max-snippet:-1, max-image-preview:large, max-video-preview:-1\" \/>\n<link rel=\"canonical\" href=\"https:\/\/lospoliticosveracruz.com\/?p=61605\" \/>\n<meta property=\"og:locale\" content=\"es_ES\" \/>\n<meta property=\"og:type\" content=\"article\" \/>\n<meta property=\"og:title\" content=\"Abandona Morena Arte, Cultura y Seguridad: Dunyaska - Los pol\u00edticos Veracruz\" \/>\n<meta property=\"og:description\" content=\"&nbsp; La Diputada Federal por el Distrito XII de Veracruz, Mariana Dunyaska Garc\u00eda Rojas, conden\u00f3 la eliminaci\u00f3n de Fideicomisos propuestas por los Diputados de Morena, que dejar\u00eda sin recursos programas como el Fonden y el Fidecine. \u201cEl Gobierno de L\u00f3pez Obrador est\u00e1 empecinado en destruir todo lo que funcionaba para obtener m\u00e1s y m\u00e1s poder [&hellip;]\" \/>\n<meta property=\"og:url\" content=\"https:\/\/lospoliticosveracruz.com\/?p=61605\" \/>\n<meta property=\"og:site_name\" content=\"Los pol\u00edticos Veracruz\" \/>\n<meta property=\"article:publisher\" content=\"https:\/\/www.facebook.com\/people\/Notimemes-de-los-Polticos\/61565672886568\/\" \/>\n<meta property=\"article:published_time\" content=\"2020-09-28T16:18:21+00:00\" \/>\n<meta property=\"og:image\" content=\"https:\/\/lospoliticosveracruz.com\/wp-content\/uploads\/2016\/07\/Logo-Dor.jpg\" \/>\n\t<meta property=\"og:image:width\" content=\"200\" \/>\n\t<meta property=\"og:image:height\" content=\"200\" \/>\n\t<meta property=\"og:image:type\" content=\"image\/jpeg\" \/>\n<meta name=\"author\" content=\"Lo viste en Los Pol\u00edticos\" \/>\n<meta name=\"twitter:card\" content=\"summary_large_image\" \/>\n<meta name=\"twitter:creator\" content=\"@LosPoliticosVer\" \/>\n<meta name=\"twitter:site\" content=\"@LosPoliticosVer\" \/>\n<meta name=\"twitter:label1\" content=\"Escrito por\" \/>\n\t<meta name=\"twitter:data1\" content=\"Lo viste en Los Pol\u00edticos\" \/>\n\t<meta name=\"twitter:label2\" content=\"Tiempo de lectura\" \/>\n\t<meta name=\"twitter:data2\" content=\"2 minutos\" \/>\n<script type=\"application\/ld+json\" class=\"yoast-schema-graph\">{\"@context\":\"https:\\\/\\\/schema.org\",\"@graph\":[{\"@type\":\"Article\",\"@id\":\"https:\\\/\\\/lospoliticosveracruz.com\\\/?p=61605#article\",\"isPartOf\":{\"@id\":\"https:\\\/\\\/lospoliticosveracruz.com\\\/?p=61605\"},\"author\":{\"name\":\"Lo viste en Los Pol\u00edticos\",\"@id\":\"https:\\\/\\\/lospoliticosveracruz.com\\\/#\\\/schema\\\/person\\\/b8702bb0e538456e6efd07080bf2a4a2\"},\"headline\":\"Abandona Morena Arte, Cultura y Seguridad: Dunyaska\",\"datePublished\":\"2020-09-28T16:18:21+00:00\",\"mainEntityOfPage\":{\"@id\":\"https:\\\/\\\/lospoliticosveracruz.com\\\/?p=61605\"},\"wordCount\":386,\"commentCount\":0,\"publisher\":{\"@id\":\"https:\\\/\\\/lospoliticosveracruz.com\\\/#organization\"},\"keywords\":[\"Conacyt\",\"Contingencias Climatol\u00f3gicas\",\"Diputados de Morena\",\"Distrito XII de Veracruz\",\"Dos Bocas\",\"el Tren Maya\",\"Fidecine\",\"fideicomisos\",\"Fonden\",\"L\u00f3pez Obrador\",\"Mariana Dunyaska Garc\u00eda Rojas\",\"Morena\",\"Petr\u00f3leo\",\"Santa Luc\u00eda\"],\"articleSection\":[\"De Boleto\"],\"inLanguage\":\"es\",\"potentialAction\":[{\"@type\":\"CommentAction\",\"name\":\"Comment\",\"target\":[\"https:\\\/\\\/lospoliticosveracruz.com\\\/?p=61605#respond\"]}]},{\"@type\":\"WebPage\",\"@id\":\"https:\\\/\\\/lospoliticosveracruz.com\\\/?p=61605\",\"url\":\"https:\\\/\\\/lospoliticosveracruz.com\\\/?p=61605\",\"name\":\"Abandona Morena Arte, Cultura y Seguridad: Dunyaska - Los pol\u00edticos Veracruz\",\"isPartOf\":{\"@id\":\"https:\\\/\\\/lospoliticosveracruz.com\\\/#website\"},\"datePublished\":\"2020-09-28T16:18:21+00:00\",\"breadcrumb\":{\"@id\":\"https:\\\/\\\/lospoliticosveracruz.com\\\/?p=61605#breadcrumb\"},\"inLanguage\":\"es\",\"potentialAction\":[{\"@type\":\"ReadAction\",\"target\":[\"https:\\\/\\\/lospoliticosveracruz.com\\\/?p=61605\"]}]},{\"@type\":\"BreadcrumbList\",\"@id\":\"https:\\\/\\\/lospoliticosveracruz.com\\\/?p=61605#breadcrumb\",\"itemListElement\":[{\"@type\":\"ListItem\",\"position\":1,\"name\":\"Portada\",\"item\":\"https:\\\/\\\/lospoliticosveracruz.com\\\/\"},{\"@type\":\"ListItem\",\"position\":2,\"name\":\"Abandona Morena Arte, Cultura y Seguridad: Dunyaska\"}]},{\"@type\":\"WebSite\",\"@id\":\"https:\\\/\\\/lospoliticosveracruz.com\\\/#website\",\"url\":\"https:\\\/\\\/lospoliticosveracruz.com\\\/\",\"name\":\"Los pol\u00edticos Veracruz\",\"description\":\"\",\"publisher\":{\"@id\":\"https:\\\/\\\/lospoliticosveracruz.com\\\/#organization\"},\"potentialAction\":[{\"@type\":\"SearchAction\",\"target\":{\"@type\":\"EntryPoint\",\"urlTemplate\":\"https:\\\/\\\/lospoliticosveracruz.com\\\/?s={search_term_string}\"},\"query-input\":{\"@type\":\"PropertyValueSpecification\",\"valueRequired\":true,\"valueName\":\"search_term_string\"}}],\"inLanguage\":\"es\"},{\"@type\":\"Organization\",\"@id\":\"https:\\\/\\\/lospoliticosveracruz.com\\\/#organization\",\"name\":\"Los pol\u00edticos Veracruz\",\"url\":\"https:\\\/\\\/lospoliticosveracruz.com\\\/\",\"logo\":{\"@type\":\"ImageObject\",\"inLanguage\":\"es\",\"@id\":\"https:\\\/\\\/lospoliticosveracruz.com\\\/#\\\/schema\\\/logo\\\/image\\\/\",\"url\":\"https:\\\/\\\/lospoliticosveracruz.com\\\/wp-content\\\/uploads\\\/2025\\\/12\\\/Logo-Nuevo-LOS-POLITICOS-1.jpg\",\"contentUrl\":\"https:\\\/\\\/lospoliticosveracruz.com\\\/wp-content\\\/uploads\\\/2025\\\/12\\\/Logo-Nuevo-LOS-POLITICOS-1.jpg\",\"width\":260,\"height\":70,\"caption\":\"Los pol\u00edticos Veracruz\"},\"image\":{\"@id\":\"https:\\\/\\\/lospoliticosveracruz.com\\\/#\\\/schema\\\/logo\\\/image\\\/\"},\"sameAs\":[\"https:\\\/\\\/www.facebook.com\\\/people\\\/Notimemes-de-los-Polticos\\\/61565672886568\\\/\",\"https:\\\/\\\/x.com\\\/LosPoliticosVer\"]},{\"@type\":\"Person\",\"@id\":\"https:\\\/\\\/lospoliticosveracruz.com\\\/#\\\/schema\\\/person\\\/b8702bb0e538456e6efd07080bf2a4a2\",\"name\":\"Lo viste en Los Pol\u00edticos\",\"image\":{\"@type\":\"ImageObject\",\"inLanguage\":\"es\",\"@id\":\"https:\\\/\\\/secure.gravatar.com\\\/avatar\\\/3a8de04a2656d44082be478bd6c086daa447c4651605818287b9532d3d0bd435?s=96&d=mm&r=g\",\"url\":\"https:\\\/\\\/secure.gravatar.com\\\/avatar\\\/3a8de04a2656d44082be478bd6c086daa447c4651605818287b9532d3d0bd435?s=96&d=mm&r=g\",\"contentUrl\":\"https:\\\/\\\/secure.gravatar.com\\\/avatar\\\/3a8de04a2656d44082be478bd6c086daa447c4651605818287b9532d3d0bd435?s=96&d=mm&r=g\",\"caption\":\"Lo viste en Los Pol\u00edticos\"},\"url\":\"https:\\\/\\\/lospoliticosveracruz.com\\\/?author=2\"}]}<\/script>\n<!-- \/ Yoast SEO plugin. -->","yoast_head_json":{"title":"Abandona Morena Arte, Cultura y Seguridad: Dunyaska - Los pol\u00edticos Veracruz","robots":{"index":"index","follow":"follow","max-snippet":"max-snippet:-1","max-image-preview":"max-image-preview:large","max-video-preview":"max-video-preview:-1"},"canonical":"https:\/\/lospoliticosveracruz.com\/?p=61605","og_locale":"es_ES","og_type":"article","og_title":"Abandona Morena Arte, Cultura y Seguridad: Dunyaska - Los pol\u00edticos Veracruz","og_description":"&nbsp; La Diputada Federal por el Distrito XII de Veracruz, Mariana Dunyaska Garc\u00eda Rojas, conden\u00f3 la eliminaci\u00f3n de Fideicomisos propuestas por los Diputados de Morena, que dejar\u00eda sin recursos programas como el Fonden y el Fidecine. \u201cEl Gobierno de L\u00f3pez Obrador est\u00e1 empecinado en destruir todo lo que funcionaba para obtener m\u00e1s y m\u00e1s poder [&hellip;]","og_url":"https:\/\/lospoliticosveracruz.com\/?p=61605","og_site_name":"Los pol\u00edticos Veracruz","article_publisher":"https:\/\/www.facebook.com\/people\/Notimemes-de-los-Polticos\/61565672886568\/","article_published_time":"2020-09-28T16:18:21+00:00","og_image":[{"width":200,"height":200,"url":"https:\/\/lospoliticosveracruz.com\/wp-content\/uploads\/2016\/07\/Logo-Dor.jpg","type":"image\/jpeg"}],"author":"Lo viste en Los Pol\u00edticos","twitter_card":"summary_large_image","twitter_creator":"@LosPoliticosVer","twitter_site":"@LosPoliticosVer","twitter_misc":{"Escrito por":"Lo viste en Los Pol\u00edticos","Tiempo de lectura":"2 minutos"},"schema":{"@context":"https:\/\/schema.org","@graph":[{"@type":"Article","@id":"https:\/\/lospoliticosveracruz.com\/?p=61605#article","isPartOf":{"@id":"https:\/\/lospoliticosveracruz.com\/?p=61605"},"author":{"name":"Lo viste en Los Pol\u00edticos","@id":"https:\/\/lospoliticosveracruz.com\/#\/schema\/person\/b8702bb0e538456e6efd07080bf2a4a2"},"headline":"Abandona Morena Arte, Cultura y Seguridad: Dunyaska","datePublished":"2020-09-28T16:18:21+00:00","mainEntityOfPage":{"@id":"https:\/\/lospoliticosveracruz.com\/?p=61605"},"wordCount":386,"commentCount":0,"publisher":{"@id":"https:\/\/lospoliticosveracruz.com\/#organization"},"keywords":["Conacyt","Contingencias Climatol\u00f3gicas","Diputados de Morena","Distrito XII de Veracruz","Dos Bocas","el Tren Maya","Fidecine","fideicomisos","Fonden","L\u00f3pez Obrador","Mariana Dunyaska Garc\u00eda Rojas","Morena","Petr\u00f3leo","Santa Luc\u00eda"],"articleSection":["De Boleto"],"inLanguage":"es","potentialAction":[{"@type":"CommentAction","name":"Comment","target":["https:\/\/lospoliticosveracruz.com\/?p=61605#respond"]}]},{"@type":"WebPage","@id":"https:\/\/lospoliticosveracruz.com\/?p=61605","url":"https:\/\/lospoliticosveracruz.com\/?p=61605","name":"Abandona Morena Arte, Cultura y Seguridad: Dunyaska - Los pol\u00edticos Veracruz","isPartOf":{"@id":"https:\/\/lospoliticosveracruz.com\/#website"},"datePublished":"2020-09-28T16:18:21+00:00","breadcrumb":{"@id":"https:\/\/lospoliticosveracruz.com\/?p=61605#breadcrumb"},"inLanguage":"es","potentialAction":[{"@type":"ReadAction","target":["https:\/\/lospoliticosveracruz.com\/?p=61605"]}]},{"@type":"BreadcrumbList","@id":"https:\/\/lospoliticosveracruz.com\/?p=61605#breadcrumb","itemListElement":[{"@type":"ListItem","position":1,"name":"Portada","item":"https:\/\/lospoliticosveracruz.com\/"},{"@type":"ListItem","position":2,"name":"Abandona Morena Arte, Cultura y Seguridad: Dunyaska"}]},{"@type":"WebSite","@id":"https:\/\/lospoliticosveracruz.com\/#website","url":"https:\/\/lospoliticosveracruz.com\/","name":"Los pol\u00edticos Veracruz","description":"","publisher":{"@id":"https:\/\/lospoliticosveracruz.com\/#organization"},"potentialAction":[{"@type":"SearchAction","target":{"@type":"EntryPoint","urlTemplate":"https:\/\/lospoliticosveracruz.com\/?s={search_term_string}"},"query-input":{"@type":"PropertyValueSpecification","valueRequired":true,"valueName":"search_term_string"}}],"inLanguage":"es"},{"@type":"Organization","@id":"https:\/\/lospoliticosveracruz.com\/#organization","name":"Los pol\u00edticos Veracruz","url":"https:\/\/lospoliticosveracruz.com\/","logo":{"@type":"ImageObject","inLanguage":"es","@id":"https:\/\/lospoliticosveracruz.com\/#\/schema\/logo\/image\/","url":"https:\/\/lospoliticosveracruz.com\/wp-content\/uploads\/2025\/12\/Logo-Nuevo-LOS-POLITICOS-1.jpg","contentUrl":"https:\/\/lospoliticosveracruz.com\/wp-content\/uploads\/2025\/12\/Logo-Nuevo-LOS-POLITICOS-1.jpg","width":260,"height":70,"caption":"Los pol\u00edticos Veracruz"},"image":{"@id":"https:\/\/lospoliticosveracruz.com\/#\/schema\/logo\/image\/"},"sameAs":["https:\/\/www.facebook.com\/people\/Notimemes-de-los-Polticos\/61565672886568\/","https:\/\/x.com\/LosPoliticosVer"]},{"@type":"Person","@id":"https:\/\/lospoliticosveracruz.com\/#\/schema\/person\/b8702bb0e538456e6efd07080bf2a4a2","name":"Lo viste en Los Pol\u00edticos","image":{"@type":"ImageObject","inLanguage":"es","@id":"https:\/\/secure.gravatar.com\/avatar\/3a8de04a2656d44082be478bd6c086daa447c4651605818287b9532d3d0bd435?s=96&d=mm&r=g","url":"https:\/\/secure.gravatar.com\/avatar\/3a8de04a2656d44082be478bd6c086daa447c4651605818287b9532d3d0bd435?s=96&d=mm&r=g","contentUrl":"https:\/\/secure.gravatar.com\/avatar\/3a8de04a2656d44082be478bd6c086daa447c4651605818287b9532d3d0bd435?s=96&d=mm&r=g","caption":"Lo viste en Los Pol\u00edticos"},"url":"https:\/\/lospoliticosveracruz.com\/?author=2"}]}},"_links":{"self":[{"href":"https:\/\/lospoliticosveracruz.com\/index.php?rest_route=\/wp\/v2\/posts\/61605","targetHints":{"allow":["GET"]}}],"collection":[{"href":"https:\/\/lospoliticosveracruz.com\/index.php?rest_route=\/wp\/v2\/posts"}],"about":[{"href":"https:\/\/lospoliticosveracruz.com\/index.php?rest_route=\/wp\/v2\/types\/post"}],"author":[{"embeddable":true,"href":"https:\/\/lospoliticosveracruz.com\/index.php?rest_route=\/wp\/v2\/users\/2"}],"replies":[{"embeddable":true,"href":"https:\/\/lospoliticosveracruz.com\/index.php?rest_route=%2Fwp%2Fv2%2Fcomments&post=61605"}],"version-history":[{"count":1,"href":"https:\/\/lospoliticosveracruz.com\/index.php?rest_route=\/wp\/v2\/posts\/61605\/revisions"}],"predecessor-version":[{"id":61609,"href":"https:\/\/lospoliticosveracruz.com\/index.php?rest_route=\/wp\/v2\/posts\/61605\/revisions\/61609"}],"wp:attachment":[{"href":"https:\/\/lospoliticosveracruz.com\/index.php?rest_route=%2Fwp%2Fv2%2Fmedia&parent=61605"}],"wp:term":[{"taxonomy":"category","embeddable":true,"href":"https:\/\/lospoliticosveracruz.com\/index.php?rest_route=%2Fwp%2Fv2%2Fcategories&post=61605"},{"taxonomy":"post_tag","embeddable":true,"href":"https:\/\/lospoliticosveracruz.com\/index.php?rest_route=%2Fwp%2Fv2%2Ftags&post=61605"}],"curies":[{"name":"wp","href":"https:\/\/api.w.org\/{rel}","templated":true}]}}