{"id":61639,"date":"2020-09-28T20:54:14","date_gmt":"2020-09-29T01:54:14","guid":{"rendered":"http:\/\/www.lospoliticosveracruz.com.mx\/?p=61639"},"modified":"2020-09-29T07:47:00","modified_gmt":"2020-09-29T12:47:00","slug":"los-estudios-de-los-diputados","status":"publish","type":"post","link":"https:\/\/lospoliticosveracruz.com\/?p=61639","title":{"rendered":"Los estudios de los diputados&#8230;"},"content":{"rendered":"<p><strong>Salvador Mu\u00f1oz<\/strong><\/p>\n<p><em>Los Pol\u00edticos<\/em><\/p>\n<p><span style=\"font-weight: 400;\">Cuando entrevist\u00e9 a Ricardo Landa, a d\u00edas de rendir protesta como dirigente del PRI, una \u00faltima pregunta le hice: \u201c\u00bfEres licenciado en\u2026?\u201d Carraspe\u00f3 y se sincer\u00f3: \u201cNo he terminado la carrera\u2026\u201d<\/span><span style=\"font-weight: 400;\"><br \/>\n<\/span><span style=\"font-weight: 400;\">No me extra\u00f1\u00f3 la respuesta, pues conoc\u00eda a quienes involucrados en la pol\u00edtica, los envolv\u00eda tal pasi\u00f3n que dejaban sus estudios a medias.<\/span><\/p>\n<p>&nbsp;<br \/>\n<a href=\"https:\/\/www.facebook.com\/notaria61veracruz\/\"><img decoding=\"async\" src=\"http:\/\/www.lospoliticosveracruz.com.mx\/wp-content\/uploads\/2020\/07\/CINTILLO-Armando.jpg\" alt=\"\" \/><\/a><br \/>\n&nbsp;<\/p>\n<p><span style=\"font-weight: 400;\">En este caso, al tiempo, platicando con un amigo, me confiaba que cuando Fidel Herrera solicit\u00f3 una propuesta para dirigir al CDE del PRI, Tonicho M\u00e1rquez Hern\u00e1ndez sugiri\u00f3 a Ricardo Landa. T\u00edo Fide dijo adelante, se hicieron los preparativos, se perme\u00f3 a la sociedad pol\u00edtica del cambio, empez\u00f3 a sonar el nombre de Ricardo y ya, cuando se fij\u00f3 fecha de la entronizaci\u00f3n, el gobernador pregunt\u00f3 los palmar\u00e9s del cuasi-dirigente tricolor y fue cuando Tonicho averigu\u00f3 que su propuesta no hab\u00eda terminado la carrera\u2026 hasta donde tengo entendido, no era impedimento para ser dirigente del partido, pero el T\u00edo era muy quisquilloso es esos asuntos. Con el tiempo encima, con todo listo para hacerlo, y con el enojo del de Nopaltepec, lleg\u00f3 Ricardo al edificio de Ruiz Cortines con Francisco Moreno, pero con una indicaci\u00f3n muy precisa: terminar la carrera cuanto antes.<\/span><\/p>\n<p><span style=\"font-weight: 400;\">Lo dijimos: a muchos les envolv\u00eda la pasi\u00f3n por la pol\u00edtica y hasta cambiaron de sistema para acudir los fines de semana a clases\u2026 pero esto es en cuanto a pol\u00edtica\u2026 hay casos igual donde la variante es el trabajo. \u00bfRecuerdan el caso de Ricardo Ahued? No preciso el dato, si continu\u00f3 sus estudios siendo alcalde o siendo diputado\u2026 al ahora Senador se ve que le gan\u00f3 en su momento el inter\u00e9s por meterse de lleno en el negocio familiar y por un ratote, se olvid\u00f3 de continuar su carrera\u2026<\/span><\/p>\n<p><span style=\"font-weight: 400;\">Esto viene a cuento porque en el Instituto Veracruzano de Acceso a la Informaci\u00f3n, se dio un caso interesante: un ciudadano pidi\u00f3 conocer \u201ccomprobantes de estudios acad\u00e9micos\u201d de un diputado. La respuesta del IVAI fue negativa, porque a juicio de dos cosimionados, Magda Zayas y Alfredo Corona, para ser diputado no se requiere t\u00edtulo acad\u00e9mico; por otro lado, la Comisionada Presidenta, Naldy Patricia Rodr\u00edguez, si bien estaba de acuerdo con el argumento de los otros dos, defend\u00eda la transparencia\u2026 \u00a1vamos! hasta si se quiere ver de este modo: una cuesti\u00f3n de honestidad y por ah\u00ed, si les cabe, de \u00e9tica.<\/span><\/p>\n<p><span style=\"font-weight: 400;\">Dejemos a un lado el IVAI\u2026 \u00bfa usted le interesa saber qu\u00e9 estudios tiene su alcalde? \u00bfqu\u00e9 estudios tiene su diputado? Supongamos que s\u00ed, \u00bfy cu\u00e1l ser\u00eda el objetivo? En lo particular, si yo s\u00e9 que el diputado, por poner un ejemplo, Juan Javier G\u00f3mez Cazar\u00edn, es Contador, quiz\u00e1s pudiera expresarle mis dudas con respecto a la distribuci\u00f3n del presupuesto en el Congreso, por citar un ejemplo simple, insisto.<\/span><\/p>\n<p><span style=\"font-weight: 400;\">El asunto es que es una suposici\u00f3n, porque el Car\u00f3n y los siguientes legisladores no muestran en la p\u00e1gina del Congreso local, su curriculum: Vicky Virginia Tadeo, V\u00edctor Vargas Barrientos, Adriana Esther Mart\u00ednez S\u00e1nchez, Carlos Manuel Jim\u00e9nez D\u00edaz, Ana Miriam Ferr\u00e1ez (Morena), Ricardo Arturo Serna Barajas (PAN), y Antonio Garc\u00eda Reyes (PRI).<\/span><\/p>\n<p><span style=\"font-weight: 400;\">Si bien estoy de acuerdo que la representaci\u00f3n popular no exige grado acad\u00e9mico, creo que la sociedad est\u00e1 en su derecho a exigir transparencia de sus servidores p\u00fablicos siempre y cuando no transgreda su privacidad\u2026 \u00bfel ciudadano tiene derecho a saber si un carnicero, un dentista, un ganadero, un ama de casa, un doctor, un cirujano, lo representa ante el Congreso local o federal o en cualquier otra instancia? yo creo que s\u00ed\u2026 aunque dos cosimionados supongan que lo que un ciudadano quiere saber, no es materia de transparencia\u2026<\/span><\/p>\n<p>&nbsp;<\/p>\n<p><span style=\"font-weight: 400;\">smcainito@gmail.com<\/span><\/p>\n<p>&nbsp;<\/p>\n","protected":false},"excerpt":{"rendered":"<p>Salvador Mu\u00f1oz Los Pol\u00edticos Cuando entrevist\u00e9 a Ricardo Landa, a d\u00edas de rendir protesta como dirigente del PRI, una \u00faltima pregunta le hice: \u201c\u00bfEres licenciado en\u2026?\u201d Carraspe\u00f3 y se sincer\u00f3: \u201cNo he terminado la carrera\u2026\u201d No me extra\u00f1\u00f3 la respuesta, pues conoc\u00eda a quienes involucrados en la pol\u00edtica, los envolv\u00eda tal pasi\u00f3n que dejaban sus [&hellip;]<\/p>\n","protected":false},"author":2,"featured_media":0,"comment_status":"open","ping_status":"open","sticky":false,"template":"","format":"standard","meta":{"tdm_status":"","tdm_grid_status":"","footnotes":""},"categories":[70],"tags":[13249,7408,16628,410,1576,985,12695,1607,3741,251,876,6376,2646,21849,1067],"class_list":{"0":"post-61639","1":"post","2":"type-post","3":"status-publish","4":"format-standard","6":"category-de-opinion","7":"tag-adriana-esther-martinez-sanchez","8":"tag-ana-miriam-ferraez","9":"tag-carlos-manuel-jimenez-diaz","10":"tag-fidel-herrera-beltran","11":"tag-instituto-veracruzano-de-acceso-a-la-informacion","12":"tag-ivai","13":"tag-juan-javier-gomez-cazarin","14":"tag-naldy-patricia-rodriguez","15":"tag-nopaltepec","16":"tag-pri","17":"tag-ricardo-ahued","18":"tag-ricardo-landa","19":"tag-salvador-munoz","20":"tag-tonicho-marquez","21":"tag-transparencia"},"yoast_head":"<!-- This site is optimized with the Yoast SEO plugin v27.4 - https:\/\/yoast.com\/product\/yoast-seo-wordpress\/ -->\n<title>Los estudios de los diputados... - Los pol\u00edticos Veracruz<\/title>\n<meta name=\"robots\" content=\"index, follow, max-snippet:-1, max-image-preview:large, max-video-preview:-1\" \/>\n<link rel=\"canonical\" href=\"https:\/\/lospoliticosveracruz.com\/?p=61639\" \/>\n<meta property=\"og:locale\" content=\"es_ES\" \/>\n<meta property=\"og:type\" content=\"article\" \/>\n<meta property=\"og:title\" content=\"Los estudios de los diputados... - Los pol\u00edticos Veracruz\" \/>\n<meta property=\"og:description\" content=\"Salvador Mu\u00f1oz Los Pol\u00edticos Cuando entrevist\u00e9 a Ricardo Landa, a d\u00edas de rendir protesta como dirigente del PRI, una \u00faltima pregunta le hice: \u201c\u00bfEres licenciado en\u2026?\u201d Carraspe\u00f3 y se sincer\u00f3: \u201cNo he terminado la carrera\u2026\u201d No me extra\u00f1\u00f3 la respuesta, pues conoc\u00eda a quienes involucrados en la pol\u00edtica, los envolv\u00eda tal pasi\u00f3n que dejaban sus [&hellip;]\" \/>\n<meta property=\"og:url\" content=\"https:\/\/lospoliticosveracruz.com\/?p=61639\" \/>\n<meta property=\"og:site_name\" content=\"Los pol\u00edticos Veracruz\" \/>\n<meta property=\"article:publisher\" content=\"https:\/\/www.facebook.com\/people\/Notimemes-de-los-Polticos\/61565672886568\/\" \/>\n<meta property=\"article:published_time\" content=\"2020-09-29T01:54:14+00:00\" \/>\n<meta property=\"article:modified_time\" content=\"2020-09-29T12:47:00+00:00\" \/>\n<meta property=\"og:image\" content=\"http:\/\/www.lospoliticosveracruz.com.mx\/wp-content\/uploads\/2020\/07\/CINTILLO-Armando.jpg\" \/>\n<meta name=\"author\" content=\"Lo viste en Los Pol\u00edticos\" \/>\n<meta name=\"twitter:card\" content=\"summary_large_image\" \/>\n<meta name=\"twitter:creator\" content=\"@LosPoliticosVer\" \/>\n<meta name=\"twitter:site\" content=\"@LosPoliticosVer\" \/>\n<meta name=\"twitter:label1\" content=\"Escrito por\" \/>\n\t<meta name=\"twitter:data1\" content=\"Lo viste en Los Pol\u00edticos\" \/>\n\t<meta name=\"twitter:label2\" content=\"Tiempo de lectura\" \/>\n\t<meta name=\"twitter:data2\" content=\"3 minutos\" \/>\n<script type=\"application\/ld+json\" class=\"yoast-schema-graph\">{\"@context\":\"https:\\\/\\\/schema.org\",\"@graph\":[{\"@type\":\"Article\",\"@id\":\"https:\\\/\\\/lospoliticosveracruz.com\\\/?p=61639#article\",\"isPartOf\":{\"@id\":\"https:\\\/\\\/lospoliticosveracruz.com\\\/?p=61639\"},\"author\":{\"name\":\"Lo viste en Los Pol\u00edticos\",\"@id\":\"https:\\\/\\\/lospoliticosveracruz.com\\\/#\\\/schema\\\/person\\\/b8702bb0e538456e6efd07080bf2a4a2\"},\"headline\":\"Los estudios de los diputados&#8230;\",\"datePublished\":\"2020-09-29T01:54:14+00:00\",\"dateModified\":\"2020-09-29T12:47:00+00:00\",\"mainEntityOfPage\":{\"@id\":\"https:\\\/\\\/lospoliticosveracruz.com\\\/?p=61639\"},\"wordCount\":659,\"commentCount\":0,\"publisher\":{\"@id\":\"https:\\\/\\\/lospoliticosveracruz.com\\\/#organization\"},\"image\":{\"@id\":\"https:\\\/\\\/lospoliticosveracruz.com\\\/?p=61639#primaryimage\"},\"thumbnailUrl\":\"http:\\\/\\\/www.lospoliticosveracruz.com.mx\\\/wp-content\\\/uploads\\\/2020\\\/07\\\/CINTILLO-Armando.jpg\",\"keywords\":[\"Adriana Esther Mart\u00ednez S\u00e1nchez\",\"Ana Miriam Ferr\u00e1ez\",\"Carlos Manuel Jim\u00e9nez D\u00edaz\",\"Fidel Herrera Beltr\u00e1n\",\"Instituto Veracruzano de Acceso a la Informaci\u00f3n\",\"IVAI\",\"Juan Javier G\u00f3mez Cazar\u00edn\",\"Naldy Patricia Rodr\u00edguez\",\"Nopaltepec\",\"PRI\",\"Ricardo Ahued\",\"Ricardo Landa\",\"Salvador Mu\u00f1oz\",\"Tonicho M\u00e1rquez\",\"transparencia\"],\"articleSection\":[\"De Opini\u00f3n\"],\"inLanguage\":\"es\",\"potentialAction\":[{\"@type\":\"CommentAction\",\"name\":\"Comment\",\"target\":[\"https:\\\/\\\/lospoliticosveracruz.com\\\/?p=61639#respond\"]}]},{\"@type\":\"WebPage\",\"@id\":\"https:\\\/\\\/lospoliticosveracruz.com\\\/?p=61639\",\"url\":\"https:\\\/\\\/lospoliticosveracruz.com\\\/?p=61639\",\"name\":\"Los estudios de los diputados... - Los pol\u00edticos Veracruz\",\"isPartOf\":{\"@id\":\"https:\\\/\\\/lospoliticosveracruz.com\\\/#website\"},\"primaryImageOfPage\":{\"@id\":\"https:\\\/\\\/lospoliticosveracruz.com\\\/?p=61639#primaryimage\"},\"image\":{\"@id\":\"https:\\\/\\\/lospoliticosveracruz.com\\\/?p=61639#primaryimage\"},\"thumbnailUrl\":\"http:\\\/\\\/www.lospoliticosveracruz.com.mx\\\/wp-content\\\/uploads\\\/2020\\\/07\\\/CINTILLO-Armando.jpg\",\"datePublished\":\"2020-09-29T01:54:14+00:00\",\"dateModified\":\"2020-09-29T12:47:00+00:00\",\"breadcrumb\":{\"@id\":\"https:\\\/\\\/lospoliticosveracruz.com\\\/?p=61639#breadcrumb\"},\"inLanguage\":\"es\",\"potentialAction\":[{\"@type\":\"ReadAction\",\"target\":[\"https:\\\/\\\/lospoliticosveracruz.com\\\/?p=61639\"]}]},{\"@type\":\"ImageObject\",\"inLanguage\":\"es\",\"@id\":\"https:\\\/\\\/lospoliticosveracruz.com\\\/?p=61639#primaryimage\",\"url\":\"http:\\\/\\\/www.lospoliticosveracruz.com.mx\\\/wp-content\\\/uploads\\\/2020\\\/07\\\/CINTILLO-Armando.jpg\",\"contentUrl\":\"http:\\\/\\\/www.lospoliticosveracruz.com.mx\\\/wp-content\\\/uploads\\\/2020\\\/07\\\/CINTILLO-Armando.jpg\"},{\"@type\":\"BreadcrumbList\",\"@id\":\"https:\\\/\\\/lospoliticosveracruz.com\\\/?p=61639#breadcrumb\",\"itemListElement\":[{\"@type\":\"ListItem\",\"position\":1,\"name\":\"Portada\",\"item\":\"https:\\\/\\\/lospoliticosveracruz.com\\\/\"},{\"@type\":\"ListItem\",\"position\":2,\"name\":\"Los estudios de los diputados&#8230;\"}]},{\"@type\":\"WebSite\",\"@id\":\"https:\\\/\\\/lospoliticosveracruz.com\\\/#website\",\"url\":\"https:\\\/\\\/lospoliticosveracruz.com\\\/\",\"name\":\"Los pol\u00edticos Veracruz\",\"description\":\"\",\"publisher\":{\"@id\":\"https:\\\/\\\/lospoliticosveracruz.com\\\/#organization\"},\"potentialAction\":[{\"@type\":\"SearchAction\",\"target\":{\"@type\":\"EntryPoint\",\"urlTemplate\":\"https:\\\/\\\/lospoliticosveracruz.com\\\/?s={search_term_string}\"},\"query-input\":{\"@type\":\"PropertyValueSpecification\",\"valueRequired\":true,\"valueName\":\"search_term_string\"}}],\"inLanguage\":\"es\"},{\"@type\":\"Organization\",\"@id\":\"https:\\\/\\\/lospoliticosveracruz.com\\\/#organization\",\"name\":\"Los pol\u00edticos Veracruz\",\"url\":\"https:\\\/\\\/lospoliticosveracruz.com\\\/\",\"logo\":{\"@type\":\"ImageObject\",\"inLanguage\":\"es\",\"@id\":\"https:\\\/\\\/lospoliticosveracruz.com\\\/#\\\/schema\\\/logo\\\/image\\\/\",\"url\":\"https:\\\/\\\/lospoliticosveracruz.com\\\/wp-content\\\/uploads\\\/2025\\\/12\\\/Logo-Nuevo-LOS-POLITICOS-1.jpg\",\"contentUrl\":\"https:\\\/\\\/lospoliticosveracruz.com\\\/wp-content\\\/uploads\\\/2025\\\/12\\\/Logo-Nuevo-LOS-POLITICOS-1.jpg\",\"width\":260,\"height\":70,\"caption\":\"Los pol\u00edticos Veracruz\"},\"image\":{\"@id\":\"https:\\\/\\\/lospoliticosveracruz.com\\\/#\\\/schema\\\/logo\\\/image\\\/\"},\"sameAs\":[\"https:\\\/\\\/www.facebook.com\\\/people\\\/Notimemes-de-los-Polticos\\\/61565672886568\\\/\",\"https:\\\/\\\/x.com\\\/LosPoliticosVer\"]},{\"@type\":\"Person\",\"@id\":\"https:\\\/\\\/lospoliticosveracruz.com\\\/#\\\/schema\\\/person\\\/b8702bb0e538456e6efd07080bf2a4a2\",\"name\":\"Lo viste en Los Pol\u00edticos\",\"image\":{\"@type\":\"ImageObject\",\"inLanguage\":\"es\",\"@id\":\"https:\\\/\\\/secure.gravatar.com\\\/avatar\\\/3a8de04a2656d44082be478bd6c086daa447c4651605818287b9532d3d0bd435?s=96&d=mm&r=g\",\"url\":\"https:\\\/\\\/secure.gravatar.com\\\/avatar\\\/3a8de04a2656d44082be478bd6c086daa447c4651605818287b9532d3d0bd435?s=96&d=mm&r=g\",\"contentUrl\":\"https:\\\/\\\/secure.gravatar.com\\\/avatar\\\/3a8de04a2656d44082be478bd6c086daa447c4651605818287b9532d3d0bd435?s=96&d=mm&r=g\",\"caption\":\"Lo viste en Los Pol\u00edticos\"},\"url\":\"https:\\\/\\\/lospoliticosveracruz.com\\\/?author=2\"}]}<\/script>\n<!-- \/ Yoast SEO plugin. -->","yoast_head_json":{"title":"Los estudios de los diputados... - Los pol\u00edticos Veracruz","robots":{"index":"index","follow":"follow","max-snippet":"max-snippet:-1","max-image-preview":"max-image-preview:large","max-video-preview":"max-video-preview:-1"},"canonical":"https:\/\/lospoliticosveracruz.com\/?p=61639","og_locale":"es_ES","og_type":"article","og_title":"Los estudios de los diputados... - Los pol\u00edticos Veracruz","og_description":"Salvador Mu\u00f1oz Los Pol\u00edticos Cuando entrevist\u00e9 a Ricardo Landa, a d\u00edas de rendir protesta como dirigente del PRI, una \u00faltima pregunta le hice: \u201c\u00bfEres licenciado en\u2026?\u201d Carraspe\u00f3 y se sincer\u00f3: \u201cNo he terminado la carrera\u2026\u201d No me extra\u00f1\u00f3 la respuesta, pues conoc\u00eda a quienes involucrados en la pol\u00edtica, los envolv\u00eda tal pasi\u00f3n que dejaban sus [&hellip;]","og_url":"https:\/\/lospoliticosveracruz.com\/?p=61639","og_site_name":"Los pol\u00edticos Veracruz","article_publisher":"https:\/\/www.facebook.com\/people\/Notimemes-de-los-Polticos\/61565672886568\/","article_published_time":"2020-09-29T01:54:14+00:00","article_modified_time":"2020-09-29T12:47:00+00:00","og_image":[{"url":"http:\/\/www.lospoliticosveracruz.com.mx\/wp-content\/uploads\/2020\/07\/CINTILLO-Armando.jpg","type":"","width":"","height":""}],"author":"Lo viste en Los Pol\u00edticos","twitter_card":"summary_large_image","twitter_creator":"@LosPoliticosVer","twitter_site":"@LosPoliticosVer","twitter_misc":{"Escrito por":"Lo viste en Los Pol\u00edticos","Tiempo de lectura":"3 minutos"},"schema":{"@context":"https:\/\/schema.org","@graph":[{"@type":"Article","@id":"https:\/\/lospoliticosveracruz.com\/?p=61639#article","isPartOf":{"@id":"https:\/\/lospoliticosveracruz.com\/?p=61639"},"author":{"name":"Lo viste en Los Pol\u00edticos","@id":"https:\/\/lospoliticosveracruz.com\/#\/schema\/person\/b8702bb0e538456e6efd07080bf2a4a2"},"headline":"Los estudios de los diputados&#8230;","datePublished":"2020-09-29T01:54:14+00:00","dateModified":"2020-09-29T12:47:00+00:00","mainEntityOfPage":{"@id":"https:\/\/lospoliticosveracruz.com\/?p=61639"},"wordCount":659,"commentCount":0,"publisher":{"@id":"https:\/\/lospoliticosveracruz.com\/#organization"},"image":{"@id":"https:\/\/lospoliticosveracruz.com\/?p=61639#primaryimage"},"thumbnailUrl":"http:\/\/www.lospoliticosveracruz.com.mx\/wp-content\/uploads\/2020\/07\/CINTILLO-Armando.jpg","keywords":["Adriana Esther Mart\u00ednez S\u00e1nchez","Ana Miriam Ferr\u00e1ez","Carlos Manuel Jim\u00e9nez D\u00edaz","Fidel Herrera Beltr\u00e1n","Instituto Veracruzano de Acceso a la Informaci\u00f3n","IVAI","Juan Javier G\u00f3mez Cazar\u00edn","Naldy Patricia Rodr\u00edguez","Nopaltepec","PRI","Ricardo Ahued","Ricardo Landa","Salvador Mu\u00f1oz","Tonicho M\u00e1rquez","transparencia"],"articleSection":["De Opini\u00f3n"],"inLanguage":"es","potentialAction":[{"@type":"CommentAction","name":"Comment","target":["https:\/\/lospoliticosveracruz.com\/?p=61639#respond"]}]},{"@type":"WebPage","@id":"https:\/\/lospoliticosveracruz.com\/?p=61639","url":"https:\/\/lospoliticosveracruz.com\/?p=61639","name":"Los estudios de los diputados... - Los pol\u00edticos Veracruz","isPartOf":{"@id":"https:\/\/lospoliticosveracruz.com\/#website"},"primaryImageOfPage":{"@id":"https:\/\/lospoliticosveracruz.com\/?p=61639#primaryimage"},"image":{"@id":"https:\/\/lospoliticosveracruz.com\/?p=61639#primaryimage"},"thumbnailUrl":"http:\/\/www.lospoliticosveracruz.com.mx\/wp-content\/uploads\/2020\/07\/CINTILLO-Armando.jpg","datePublished":"2020-09-29T01:54:14+00:00","dateModified":"2020-09-29T12:47:00+00:00","breadcrumb":{"@id":"https:\/\/lospoliticosveracruz.com\/?p=61639#breadcrumb"},"inLanguage":"es","potentialAction":[{"@type":"ReadAction","target":["https:\/\/lospoliticosveracruz.com\/?p=61639"]}]},{"@type":"ImageObject","inLanguage":"es","@id":"https:\/\/lospoliticosveracruz.com\/?p=61639#primaryimage","url":"http:\/\/www.lospoliticosveracruz.com.mx\/wp-content\/uploads\/2020\/07\/CINTILLO-Armando.jpg","contentUrl":"http:\/\/www.lospoliticosveracruz.com.mx\/wp-content\/uploads\/2020\/07\/CINTILLO-Armando.jpg"},{"@type":"BreadcrumbList","@id":"https:\/\/lospoliticosveracruz.com\/?p=61639#breadcrumb","itemListElement":[{"@type":"ListItem","position":1,"name":"Portada","item":"https:\/\/lospoliticosveracruz.com\/"},{"@type":"ListItem","position":2,"name":"Los estudios de los diputados&#8230;"}]},{"@type":"WebSite","@id":"https:\/\/lospoliticosveracruz.com\/#website","url":"https:\/\/lospoliticosveracruz.com\/","name":"Los pol\u00edticos Veracruz","description":"","publisher":{"@id":"https:\/\/lospoliticosveracruz.com\/#organization"},"potentialAction":[{"@type":"SearchAction","target":{"@type":"EntryPoint","urlTemplate":"https:\/\/lospoliticosveracruz.com\/?s={search_term_string}"},"query-input":{"@type":"PropertyValueSpecification","valueRequired":true,"valueName":"search_term_string"}}],"inLanguage":"es"},{"@type":"Organization","@id":"https:\/\/lospoliticosveracruz.com\/#organization","name":"Los pol\u00edticos Veracruz","url":"https:\/\/lospoliticosveracruz.com\/","logo":{"@type":"ImageObject","inLanguage":"es","@id":"https:\/\/lospoliticosveracruz.com\/#\/schema\/logo\/image\/","url":"https:\/\/lospoliticosveracruz.com\/wp-content\/uploads\/2025\/12\/Logo-Nuevo-LOS-POLITICOS-1.jpg","contentUrl":"https:\/\/lospoliticosveracruz.com\/wp-content\/uploads\/2025\/12\/Logo-Nuevo-LOS-POLITICOS-1.jpg","width":260,"height":70,"caption":"Los pol\u00edticos Veracruz"},"image":{"@id":"https:\/\/lospoliticosveracruz.com\/#\/schema\/logo\/image\/"},"sameAs":["https:\/\/www.facebook.com\/people\/Notimemes-de-los-Polticos\/61565672886568\/","https:\/\/x.com\/LosPoliticosVer"]},{"@type":"Person","@id":"https:\/\/lospoliticosveracruz.com\/#\/schema\/person\/b8702bb0e538456e6efd07080bf2a4a2","name":"Lo viste en Los Pol\u00edticos","image":{"@type":"ImageObject","inLanguage":"es","@id":"https:\/\/secure.gravatar.com\/avatar\/3a8de04a2656d44082be478bd6c086daa447c4651605818287b9532d3d0bd435?s=96&d=mm&r=g","url":"https:\/\/secure.gravatar.com\/avatar\/3a8de04a2656d44082be478bd6c086daa447c4651605818287b9532d3d0bd435?s=96&d=mm&r=g","contentUrl":"https:\/\/secure.gravatar.com\/avatar\/3a8de04a2656d44082be478bd6c086daa447c4651605818287b9532d3d0bd435?s=96&d=mm&r=g","caption":"Lo viste en Los Pol\u00edticos"},"url":"https:\/\/lospoliticosveracruz.com\/?author=2"}]}},"_links":{"self":[{"href":"https:\/\/lospoliticosveracruz.com\/index.php?rest_route=\/wp\/v2\/posts\/61639","targetHints":{"allow":["GET"]}}],"collection":[{"href":"https:\/\/lospoliticosveracruz.com\/index.php?rest_route=\/wp\/v2\/posts"}],"about":[{"href":"https:\/\/lospoliticosveracruz.com\/index.php?rest_route=\/wp\/v2\/types\/post"}],"author":[{"embeddable":true,"href":"https:\/\/lospoliticosveracruz.com\/index.php?rest_route=\/wp\/v2\/users\/2"}],"replies":[{"embeddable":true,"href":"https:\/\/lospoliticosveracruz.com\/index.php?rest_route=%2Fwp%2Fv2%2Fcomments&post=61639"}],"version-history":[{"count":2,"href":"https:\/\/lospoliticosveracruz.com\/index.php?rest_route=\/wp\/v2\/posts\/61639\/revisions"}],"predecessor-version":[{"id":61642,"href":"https:\/\/lospoliticosveracruz.com\/index.php?rest_route=\/wp\/v2\/posts\/61639\/revisions\/61642"}],"wp:attachment":[{"href":"https:\/\/lospoliticosveracruz.com\/index.php?rest_route=%2Fwp%2Fv2%2Fmedia&parent=61639"}],"wp:term":[{"taxonomy":"category","embeddable":true,"href":"https:\/\/lospoliticosveracruz.com\/index.php?rest_route=%2Fwp%2Fv2%2Fcategories&post=61639"},{"taxonomy":"post_tag","embeddable":true,"href":"https:\/\/lospoliticosveracruz.com\/index.php?rest_route=%2Fwp%2Fv2%2Ftags&post=61639"}],"curies":[{"name":"wp","href":"https:\/\/api.w.org\/{rel}","templated":true}]}}