{"id":61652,"date":"2020-09-29T09:05:19","date_gmt":"2020-09-29T14:05:19","guid":{"rendered":"http:\/\/www.lospoliticosveracruz.com.mx\/?p=61652"},"modified":"2020-09-29T09:05:19","modified_gmt":"2020-09-29T14:05:19","slug":"alianza-opositora-en-veracruz","status":"publish","type":"post","link":"https:\/\/lospoliticosveracruz.com\/?p=61652","title":{"rendered":"Alianza Opositora en Veracruz"},"content":{"rendered":"<p>&nbsp;<\/p>\n<p><strong>Ricardo Ch\u00faa<\/strong><br \/>\n<em>Sale y Vale<\/em><\/p>\n<p>&nbsp;<\/p>\n<p>ALIANZA OPOSITORA EN VERACRUZ&#8230; En concreto, a pesar de que en varios de los partidos pol\u00edticos de oposici\u00f3n en Veracruz, que pueden conformar esa alianza opositora para la elecci\u00f3n del 2021&#8230; Hay muchos resentimientos al interior de sus organismos y NO HAY CONFIANZA en los acuerdos internos porque han habido entre ellos, demasiadas traiciones&#8230; Pese a todo esto, la coalici\u00f3n es aun viable de lograrla..<\/p>\n<p>&nbsp;<a href=\"https:\/\/www.facebook.com\/notaria61veracruz\/\"><img decoding=\"async\" src=\"http:\/\/www.lospoliticosveracruz.com.mx\/wp-content\/uploads\/2020\/07\/CINTILLO-Armando.jpg\" alt=\"\" \/><\/a><\/p>\n<p>De todo esto, quiz\u00e1s, el verdadero problema sea en el PAN&#8230; Que pareciera que ya se convirti\u00f3 en un grupo de \u00abtribus\u00bb como lo era el PRD en anta\u00f1o&#8230; Antes de que se convirtieran en MORENA,.. Ya que aun hay mucho odio y rencor entre sus l\u00edderes pol\u00edticos al interior&#8230;. Ya que las acusaciones p\u00fablicas que se han lanzado en contra&#8230; Les nace del coraz\u00f3n, no de la lengua&#8230; As\u00ed que no se puede decir, que esto no es verdadero&#8230;<br \/>\nPero porque siempre \u00abhay un pinche pero\u00bb&#8230; Tambi\u00e9n es verdad que estos partidos pol\u00edticos tienen que buscar su SUPERVIVICENCIA y, sin duda, tendr\u00e1n que ADAPTARSE a estos nuevos tiempos, donde MORENA lo tiene todo en Veracruz&#8230; As\u00ed que aunque siempre este entre ellos, el velo de la traici\u00f3n y cooptaci\u00f3n&#8230; Lo que les ha quedado claro a todos los opositores y a sus organismos&#8230; Es que sin alianza, no ganan&#8230; AMEN&#8230;<\/p>\n<p>LOS OTROS ALIADOS&#8230; Mucho se ha hablado de la conformaci\u00f3n de una alianza opositora en Veracruz&#8230; Todo indica que el PRD est\u00e1 en busca de su conformaci\u00f3n&#8230; Su nuevo dirigente estatal, Sergio Cadena, tiene puesta la mira en lograrlo&#8230; Tiene asentadas las bases para consumarla y en su partido, los grupos pol\u00edticos fuertes al interior est\u00e1n tambi\u00e9n con la idea de que se conforme&#8230; En pocas palabras, todos est\u00e1n de acuerdo&#8230; Raro en el PRD, pero cierto&#8230;<br \/>\nEl perredismo, al final, de cuentas, con la salida de muchos de sus miembros de partido para irse a las filas de MORENA.. Lograron, sin querer, una \u00abDEPURACI\u00d3N\u00bb necesaria al interior, que los fortaleci\u00f3 en sus bases&#8230; Se desmantelaron si, se les fueron militantes de sus filas, eso tambi\u00e9n&#8230; Pero se quedaron los personajes menos radicales del perredismo en Veracruz y que le ponen \u00abcerebro\u00bb al asunto pol\u00edtico&#8230; Con eso, est\u00e1 empezando a caminar por el Estado reagrup\u00e1ndose&#8230;<br \/>\nAl final, los del PRD est\u00e1n aprovechando lo que en MORENA est\u00e1n dejando ir&#8230; Que es la credibilidad del partido y m\u00e1s ahora que est\u00e1n metidas en este proceso interno de selecci\u00f3n del nuevo dirigente nacional y estatal&#8230; Las \u00abgrillas\u00bb internas est\u00e1n alejando a mucha militancia, que no ha quedado conforme como se han desarrollado a dos a\u00f1os del triunfo en el pa\u00eds y ya muchos han ido a pedir \u00abasilo\u00bb de nuevo con los perredista&#8230; Est\u00e1n volviendo a casa&#8230;. Como todo HIJO PR\u00d3DIGO.. Eso les ser\u00e1 suficiente.. ES LA DUDA&#8230;<br \/>\nEn tanto, que en el PRI estatal&#8230; Despu\u00e9s de su estrepitosa ca\u00edda electoral en 2018&#8230; Obteniendo la m\u00e1s baja votaci\u00f3n en su historia&#8230; S\u00f3lo 500 mil votos&#8230; Mandando al partido hasta el tercer lugar en esta proceso a gobernador.. Se puede decir, que eso paso porque se alejaron de la lucha ciudadana y que por esos excesos perdieron el poder.. Pero ha quedado claro, que despu\u00e9s de los rumores de \u00abluchas intestinas\u00bb al interior, es que este partido, no se \u00abquebr\u00f3\u00bb del todo y ahora sus estructuras ya se est\u00e1n moviendo por el Estado&#8230;.<br \/>\nEl PRI junto con el PRD en estos meses han logrado despu\u00e9s de las elecciones a dirigencia estatales&#8230;Mostrar cosas distintas&#8230; Como el hecho de renovar comit\u00e9s municipales d\u00e1ndole el espacio y respetando poderes regionales, no imponiendo&#8230; Eso evit\u00f3 confrontaciones al interior&#8230; Por ahora, el partido tricolor junto con el \u00abamarillo\u00bb buscan sentarse con los azules para formar una alianza para enfrentar el proceso local del 2021&#8230;<br \/>\nLo est\u00e1n haciendo fortaleciendo, primero sus bases, militancia y estructura de partido&#8230; Por lo pronto, el PRI y PRD est\u00e1n en camino de renovar los 212 comit\u00e9s municipales de sus organismos&#8230; Pero eso, s\u00f3lo lo hacen los partidos que cuentan con una gran estructura&#8230; Sin ella, no sirve de nada ir en busca de las coaliciones pol\u00edticas&#8230; As\u00ed que si de algo est\u00e1n sirviendo estas \u00abpugnas\u00bb internas, es para que estos organismos se muevan&#8230;<br \/>\nA diferencia de antes, que no se hac\u00eda nada y esperaban lo que dijeran sus presidentes de los comit\u00e9s nacionales o gobernadores&#8230; Ahora que no tienen \u00abTlatoanis\u00bb y cuentan con estructura&#8230; Les sirve bastante para poderse organizar y hasta de DEPURAR a su militancia.. Dejando en el camino aquellos que no quieran participar y quedan fuera todos los cuadros \u00abquemados\u00bb y que est\u00e1n se\u00f1alados por la sociedad&#8230; As\u00ed depuran con todas las de la ley y quedan bien ante la ciudadan\u00eda&#8230;<br \/>\nAdem\u00e1s esto les va a servir porque si otros partidos de oposici\u00f3n o en el poder&#8230; Van a buscar a sus militantes o estructura que ten\u00edan estos organismos, se vayan con ellos&#8230; Cuando se den cuenta, ver\u00e1n que son los personajes que en su momento, cuando vean que no les dan lo que quieren, los van a traicionar&#8230; Como lo hicieron con ellos.. Ah\u00ed ver\u00e1n como se manejaran en Veracruz&#8230; As\u00ed que si los partidos logran la alianza opositora y no se \u00abfracturan\u00bb&#8230; AMEN 2021&#8230;<\/p>\n","protected":false},"excerpt":{"rendered":"<p>&nbsp; Ricardo Ch\u00faa Sale y Vale &nbsp; ALIANZA OPOSITORA EN VERACRUZ&#8230; En concreto, a pesar de que en varios de los partidos pol\u00edticos de oposici\u00f3n en Veracruz, que pueden conformar esa alianza opositora para la elecci\u00f3n del 2021&#8230; Hay muchos resentimientos al interior de sus organismos y NO HAY CONFIANZA en los acuerdos internos porque [&hellip;]<\/p>\n","protected":false},"author":2,"featured_media":0,"comment_status":"open","ping_status":"open","sticky":false,"template":"","format":"standard","meta":{"tdm_status":"","tdm_grid_status":"","footnotes":""},"categories":[70],"tags":[21856,19335,20792,1026,266,107,251,15095,21853,21855,21854,195],"class_list":{"0":"post-61652","1":"post","2":"type-post","3":"status-publish","4":"format-standard","6":"category-de-opinion","7":"tag-depuracion","8":"tag-elecciones-2021","9":"tag-militancia","10":"tag-morena","11":"tag-pan","12":"tag-prd","13":"tag-pri","14":"tag-sergio-cadena","15":"tag-supervivencia","16":"tag-tlatoanis","17":"tag-traicion","18":"tag-veracruz"},"yoast_head":"<!-- This site is optimized with the Yoast SEO plugin v27.4 - https:\/\/yoast.com\/product\/yoast-seo-wordpress\/ -->\n<title>Alianza Opositora en Veracruz - Los pol\u00edticos Veracruz<\/title>\n<meta name=\"robots\" content=\"index, follow, max-snippet:-1, max-image-preview:large, max-video-preview:-1\" \/>\n<link rel=\"canonical\" href=\"https:\/\/lospoliticosveracruz.com\/?p=61652\" \/>\n<meta property=\"og:locale\" content=\"es_ES\" \/>\n<meta property=\"og:type\" content=\"article\" \/>\n<meta property=\"og:title\" content=\"Alianza Opositora en Veracruz - Los pol\u00edticos Veracruz\" \/>\n<meta property=\"og:description\" content=\"&nbsp; Ricardo Ch\u00faa Sale y Vale &nbsp; ALIANZA OPOSITORA EN VERACRUZ&#8230; En concreto, a pesar de que en varios de los partidos pol\u00edticos de oposici\u00f3n en Veracruz, que pueden conformar esa alianza opositora para la elecci\u00f3n del 2021&#8230; Hay muchos resentimientos al interior de sus organismos y NO HAY CONFIANZA en los acuerdos internos porque [&hellip;]\" \/>\n<meta property=\"og:url\" content=\"https:\/\/lospoliticosveracruz.com\/?p=61652\" \/>\n<meta property=\"og:site_name\" content=\"Los pol\u00edticos Veracruz\" \/>\n<meta property=\"article:publisher\" content=\"https:\/\/www.facebook.com\/people\/Notimemes-de-los-Polticos\/61565672886568\/\" \/>\n<meta property=\"article:published_time\" content=\"2020-09-29T14:05:19+00:00\" \/>\n<meta property=\"og:image\" content=\"http:\/\/www.lospoliticosveracruz.com.mx\/wp-content\/uploads\/2020\/07\/CINTILLO-Armando.jpg\" \/>\n<meta name=\"author\" content=\"Lo viste en Los Pol\u00edticos\" \/>\n<meta name=\"twitter:card\" content=\"summary_large_image\" \/>\n<meta name=\"twitter:creator\" content=\"@LosPoliticosVer\" \/>\n<meta name=\"twitter:site\" content=\"@LosPoliticosVer\" \/>\n<meta name=\"twitter:label1\" content=\"Escrito por\" \/>\n\t<meta name=\"twitter:data1\" content=\"Lo viste en Los Pol\u00edticos\" \/>\n\t<meta name=\"twitter:label2\" content=\"Tiempo de lectura\" \/>\n\t<meta name=\"twitter:data2\" content=\"5 minutos\" \/>\n<script type=\"application\/ld+json\" class=\"yoast-schema-graph\">{\"@context\":\"https:\\\/\\\/schema.org\",\"@graph\":[{\"@type\":\"Article\",\"@id\":\"https:\\\/\\\/lospoliticosveracruz.com\\\/?p=61652#article\",\"isPartOf\":{\"@id\":\"https:\\\/\\\/lospoliticosveracruz.com\\\/?p=61652\"},\"author\":{\"name\":\"Lo viste en Los Pol\u00edticos\",\"@id\":\"https:\\\/\\\/lospoliticosveracruz.com\\\/#\\\/schema\\\/person\\\/b8702bb0e538456e6efd07080bf2a4a2\"},\"headline\":\"Alianza Opositora en Veracruz\",\"datePublished\":\"2020-09-29T14:05:19+00:00\",\"mainEntityOfPage\":{\"@id\":\"https:\\\/\\\/lospoliticosveracruz.com\\\/?p=61652\"},\"wordCount\":931,\"commentCount\":0,\"publisher\":{\"@id\":\"https:\\\/\\\/lospoliticosveracruz.com\\\/#organization\"},\"image\":{\"@id\":\"https:\\\/\\\/lospoliticosveracruz.com\\\/?p=61652#primaryimage\"},\"thumbnailUrl\":\"http:\\\/\\\/www.lospoliticosveracruz.com.mx\\\/wp-content\\\/uploads\\\/2020\\\/07\\\/CINTILLO-Armando.jpg\",\"keywords\":[\"Depuraci\u00f3n\",\"Elecciones 2021\",\"Militancia\",\"Morena\",\"PAN\",\"PRD\",\"PRI\",\"Sergio Cadena\",\"Supervivencia\",\"Tlatoanis\",\"Traici\u00f3n\",\"Veracruz\"],\"articleSection\":[\"De Opini\u00f3n\"],\"inLanguage\":\"es\",\"potentialAction\":[{\"@type\":\"CommentAction\",\"name\":\"Comment\",\"target\":[\"https:\\\/\\\/lospoliticosveracruz.com\\\/?p=61652#respond\"]}]},{\"@type\":\"WebPage\",\"@id\":\"https:\\\/\\\/lospoliticosveracruz.com\\\/?p=61652\",\"url\":\"https:\\\/\\\/lospoliticosveracruz.com\\\/?p=61652\",\"name\":\"Alianza Opositora en Veracruz - Los pol\u00edticos Veracruz\",\"isPartOf\":{\"@id\":\"https:\\\/\\\/lospoliticosveracruz.com\\\/#website\"},\"primaryImageOfPage\":{\"@id\":\"https:\\\/\\\/lospoliticosveracruz.com\\\/?p=61652#primaryimage\"},\"image\":{\"@id\":\"https:\\\/\\\/lospoliticosveracruz.com\\\/?p=61652#primaryimage\"},\"thumbnailUrl\":\"http:\\\/\\\/www.lospoliticosveracruz.com.mx\\\/wp-content\\\/uploads\\\/2020\\\/07\\\/CINTILLO-Armando.jpg\",\"datePublished\":\"2020-09-29T14:05:19+00:00\",\"breadcrumb\":{\"@id\":\"https:\\\/\\\/lospoliticosveracruz.com\\\/?p=61652#breadcrumb\"},\"inLanguage\":\"es\",\"potentialAction\":[{\"@type\":\"ReadAction\",\"target\":[\"https:\\\/\\\/lospoliticosveracruz.com\\\/?p=61652\"]}]},{\"@type\":\"ImageObject\",\"inLanguage\":\"es\",\"@id\":\"https:\\\/\\\/lospoliticosveracruz.com\\\/?p=61652#primaryimage\",\"url\":\"http:\\\/\\\/www.lospoliticosveracruz.com.mx\\\/wp-content\\\/uploads\\\/2020\\\/07\\\/CINTILLO-Armando.jpg\",\"contentUrl\":\"http:\\\/\\\/www.lospoliticosveracruz.com.mx\\\/wp-content\\\/uploads\\\/2020\\\/07\\\/CINTILLO-Armando.jpg\"},{\"@type\":\"BreadcrumbList\",\"@id\":\"https:\\\/\\\/lospoliticosveracruz.com\\\/?p=61652#breadcrumb\",\"itemListElement\":[{\"@type\":\"ListItem\",\"position\":1,\"name\":\"Portada\",\"item\":\"https:\\\/\\\/lospoliticosveracruz.com\\\/\"},{\"@type\":\"ListItem\",\"position\":2,\"name\":\"Alianza Opositora en Veracruz\"}]},{\"@type\":\"WebSite\",\"@id\":\"https:\\\/\\\/lospoliticosveracruz.com\\\/#website\",\"url\":\"https:\\\/\\\/lospoliticosveracruz.com\\\/\",\"name\":\"Los pol\u00edticos Veracruz\",\"description\":\"\",\"publisher\":{\"@id\":\"https:\\\/\\\/lospoliticosveracruz.com\\\/#organization\"},\"potentialAction\":[{\"@type\":\"SearchAction\",\"target\":{\"@type\":\"EntryPoint\",\"urlTemplate\":\"https:\\\/\\\/lospoliticosveracruz.com\\\/?s={search_term_string}\"},\"query-input\":{\"@type\":\"PropertyValueSpecification\",\"valueRequired\":true,\"valueName\":\"search_term_string\"}}],\"inLanguage\":\"es\"},{\"@type\":\"Organization\",\"@id\":\"https:\\\/\\\/lospoliticosveracruz.com\\\/#organization\",\"name\":\"Los pol\u00edticos Veracruz\",\"url\":\"https:\\\/\\\/lospoliticosveracruz.com\\\/\",\"logo\":{\"@type\":\"ImageObject\",\"inLanguage\":\"es\",\"@id\":\"https:\\\/\\\/lospoliticosveracruz.com\\\/#\\\/schema\\\/logo\\\/image\\\/\",\"url\":\"https:\\\/\\\/lospoliticosveracruz.com\\\/wp-content\\\/uploads\\\/2025\\\/12\\\/Logo-Nuevo-LOS-POLITICOS-1.jpg\",\"contentUrl\":\"https:\\\/\\\/lospoliticosveracruz.com\\\/wp-content\\\/uploads\\\/2025\\\/12\\\/Logo-Nuevo-LOS-POLITICOS-1.jpg\",\"width\":260,\"height\":70,\"caption\":\"Los pol\u00edticos Veracruz\"},\"image\":{\"@id\":\"https:\\\/\\\/lospoliticosveracruz.com\\\/#\\\/schema\\\/logo\\\/image\\\/\"},\"sameAs\":[\"https:\\\/\\\/www.facebook.com\\\/people\\\/Notimemes-de-los-Polticos\\\/61565672886568\\\/\",\"https:\\\/\\\/x.com\\\/LosPoliticosVer\"]},{\"@type\":\"Person\",\"@id\":\"https:\\\/\\\/lospoliticosveracruz.com\\\/#\\\/schema\\\/person\\\/b8702bb0e538456e6efd07080bf2a4a2\",\"name\":\"Lo viste en Los Pol\u00edticos\",\"image\":{\"@type\":\"ImageObject\",\"inLanguage\":\"es\",\"@id\":\"https:\\\/\\\/secure.gravatar.com\\\/avatar\\\/3a8de04a2656d44082be478bd6c086daa447c4651605818287b9532d3d0bd435?s=96&d=mm&r=g\",\"url\":\"https:\\\/\\\/secure.gravatar.com\\\/avatar\\\/3a8de04a2656d44082be478bd6c086daa447c4651605818287b9532d3d0bd435?s=96&d=mm&r=g\",\"contentUrl\":\"https:\\\/\\\/secure.gravatar.com\\\/avatar\\\/3a8de04a2656d44082be478bd6c086daa447c4651605818287b9532d3d0bd435?s=96&d=mm&r=g\",\"caption\":\"Lo viste en Los Pol\u00edticos\"},\"url\":\"https:\\\/\\\/lospoliticosveracruz.com\\\/?author=2\"}]}<\/script>\n<!-- \/ Yoast SEO plugin. -->","yoast_head_json":{"title":"Alianza Opositora en Veracruz - Los pol\u00edticos Veracruz","robots":{"index":"index","follow":"follow","max-snippet":"max-snippet:-1","max-image-preview":"max-image-preview:large","max-video-preview":"max-video-preview:-1"},"canonical":"https:\/\/lospoliticosveracruz.com\/?p=61652","og_locale":"es_ES","og_type":"article","og_title":"Alianza Opositora en Veracruz - Los pol\u00edticos Veracruz","og_description":"&nbsp; Ricardo Ch\u00faa Sale y Vale &nbsp; ALIANZA OPOSITORA EN VERACRUZ&#8230; En concreto, a pesar de que en varios de los partidos pol\u00edticos de oposici\u00f3n en Veracruz, que pueden conformar esa alianza opositora para la elecci\u00f3n del 2021&#8230; Hay muchos resentimientos al interior de sus organismos y NO HAY CONFIANZA en los acuerdos internos porque [&hellip;]","og_url":"https:\/\/lospoliticosveracruz.com\/?p=61652","og_site_name":"Los pol\u00edticos Veracruz","article_publisher":"https:\/\/www.facebook.com\/people\/Notimemes-de-los-Polticos\/61565672886568\/","article_published_time":"2020-09-29T14:05:19+00:00","og_image":[{"url":"http:\/\/www.lospoliticosveracruz.com.mx\/wp-content\/uploads\/2020\/07\/CINTILLO-Armando.jpg","type":"","width":"","height":""}],"author":"Lo viste en Los Pol\u00edticos","twitter_card":"summary_large_image","twitter_creator":"@LosPoliticosVer","twitter_site":"@LosPoliticosVer","twitter_misc":{"Escrito por":"Lo viste en Los Pol\u00edticos","Tiempo de lectura":"5 minutos"},"schema":{"@context":"https:\/\/schema.org","@graph":[{"@type":"Article","@id":"https:\/\/lospoliticosveracruz.com\/?p=61652#article","isPartOf":{"@id":"https:\/\/lospoliticosveracruz.com\/?p=61652"},"author":{"name":"Lo viste en Los Pol\u00edticos","@id":"https:\/\/lospoliticosveracruz.com\/#\/schema\/person\/b8702bb0e538456e6efd07080bf2a4a2"},"headline":"Alianza Opositora en Veracruz","datePublished":"2020-09-29T14:05:19+00:00","mainEntityOfPage":{"@id":"https:\/\/lospoliticosveracruz.com\/?p=61652"},"wordCount":931,"commentCount":0,"publisher":{"@id":"https:\/\/lospoliticosveracruz.com\/#organization"},"image":{"@id":"https:\/\/lospoliticosveracruz.com\/?p=61652#primaryimage"},"thumbnailUrl":"http:\/\/www.lospoliticosveracruz.com.mx\/wp-content\/uploads\/2020\/07\/CINTILLO-Armando.jpg","keywords":["Depuraci\u00f3n","Elecciones 2021","Militancia","Morena","PAN","PRD","PRI","Sergio Cadena","Supervivencia","Tlatoanis","Traici\u00f3n","Veracruz"],"articleSection":["De Opini\u00f3n"],"inLanguage":"es","potentialAction":[{"@type":"CommentAction","name":"Comment","target":["https:\/\/lospoliticosveracruz.com\/?p=61652#respond"]}]},{"@type":"WebPage","@id":"https:\/\/lospoliticosveracruz.com\/?p=61652","url":"https:\/\/lospoliticosveracruz.com\/?p=61652","name":"Alianza Opositora en Veracruz - Los pol\u00edticos Veracruz","isPartOf":{"@id":"https:\/\/lospoliticosveracruz.com\/#website"},"primaryImageOfPage":{"@id":"https:\/\/lospoliticosveracruz.com\/?p=61652#primaryimage"},"image":{"@id":"https:\/\/lospoliticosveracruz.com\/?p=61652#primaryimage"},"thumbnailUrl":"http:\/\/www.lospoliticosveracruz.com.mx\/wp-content\/uploads\/2020\/07\/CINTILLO-Armando.jpg","datePublished":"2020-09-29T14:05:19+00:00","breadcrumb":{"@id":"https:\/\/lospoliticosveracruz.com\/?p=61652#breadcrumb"},"inLanguage":"es","potentialAction":[{"@type":"ReadAction","target":["https:\/\/lospoliticosveracruz.com\/?p=61652"]}]},{"@type":"ImageObject","inLanguage":"es","@id":"https:\/\/lospoliticosveracruz.com\/?p=61652#primaryimage","url":"http:\/\/www.lospoliticosveracruz.com.mx\/wp-content\/uploads\/2020\/07\/CINTILLO-Armando.jpg","contentUrl":"http:\/\/www.lospoliticosveracruz.com.mx\/wp-content\/uploads\/2020\/07\/CINTILLO-Armando.jpg"},{"@type":"BreadcrumbList","@id":"https:\/\/lospoliticosveracruz.com\/?p=61652#breadcrumb","itemListElement":[{"@type":"ListItem","position":1,"name":"Portada","item":"https:\/\/lospoliticosveracruz.com\/"},{"@type":"ListItem","position":2,"name":"Alianza Opositora en Veracruz"}]},{"@type":"WebSite","@id":"https:\/\/lospoliticosveracruz.com\/#website","url":"https:\/\/lospoliticosveracruz.com\/","name":"Los pol\u00edticos Veracruz","description":"","publisher":{"@id":"https:\/\/lospoliticosveracruz.com\/#organization"},"potentialAction":[{"@type":"SearchAction","target":{"@type":"EntryPoint","urlTemplate":"https:\/\/lospoliticosveracruz.com\/?s={search_term_string}"},"query-input":{"@type":"PropertyValueSpecification","valueRequired":true,"valueName":"search_term_string"}}],"inLanguage":"es"},{"@type":"Organization","@id":"https:\/\/lospoliticosveracruz.com\/#organization","name":"Los pol\u00edticos Veracruz","url":"https:\/\/lospoliticosveracruz.com\/","logo":{"@type":"ImageObject","inLanguage":"es","@id":"https:\/\/lospoliticosveracruz.com\/#\/schema\/logo\/image\/","url":"https:\/\/lospoliticosveracruz.com\/wp-content\/uploads\/2025\/12\/Logo-Nuevo-LOS-POLITICOS-1.jpg","contentUrl":"https:\/\/lospoliticosveracruz.com\/wp-content\/uploads\/2025\/12\/Logo-Nuevo-LOS-POLITICOS-1.jpg","width":260,"height":70,"caption":"Los pol\u00edticos Veracruz"},"image":{"@id":"https:\/\/lospoliticosveracruz.com\/#\/schema\/logo\/image\/"},"sameAs":["https:\/\/www.facebook.com\/people\/Notimemes-de-los-Polticos\/61565672886568\/","https:\/\/x.com\/LosPoliticosVer"]},{"@type":"Person","@id":"https:\/\/lospoliticosveracruz.com\/#\/schema\/person\/b8702bb0e538456e6efd07080bf2a4a2","name":"Lo viste en Los Pol\u00edticos","image":{"@type":"ImageObject","inLanguage":"es","@id":"https:\/\/secure.gravatar.com\/avatar\/3a8de04a2656d44082be478bd6c086daa447c4651605818287b9532d3d0bd435?s=96&d=mm&r=g","url":"https:\/\/secure.gravatar.com\/avatar\/3a8de04a2656d44082be478bd6c086daa447c4651605818287b9532d3d0bd435?s=96&d=mm&r=g","contentUrl":"https:\/\/secure.gravatar.com\/avatar\/3a8de04a2656d44082be478bd6c086daa447c4651605818287b9532d3d0bd435?s=96&d=mm&r=g","caption":"Lo viste en Los Pol\u00edticos"},"url":"https:\/\/lospoliticosveracruz.com\/?author=2"}]}},"_links":{"self":[{"href":"https:\/\/lospoliticosveracruz.com\/index.php?rest_route=\/wp\/v2\/posts\/61652","targetHints":{"allow":["GET"]}}],"collection":[{"href":"https:\/\/lospoliticosveracruz.com\/index.php?rest_route=\/wp\/v2\/posts"}],"about":[{"href":"https:\/\/lospoliticosveracruz.com\/index.php?rest_route=\/wp\/v2\/types\/post"}],"author":[{"embeddable":true,"href":"https:\/\/lospoliticosveracruz.com\/index.php?rest_route=\/wp\/v2\/users\/2"}],"replies":[{"embeddable":true,"href":"https:\/\/lospoliticosveracruz.com\/index.php?rest_route=%2Fwp%2Fv2%2Fcomments&post=61652"}],"version-history":[{"count":1,"href":"https:\/\/lospoliticosveracruz.com\/index.php?rest_route=\/wp\/v2\/posts\/61652\/revisions"}],"predecessor-version":[{"id":61654,"href":"https:\/\/lospoliticosveracruz.com\/index.php?rest_route=\/wp\/v2\/posts\/61652\/revisions\/61654"}],"wp:attachment":[{"href":"https:\/\/lospoliticosveracruz.com\/index.php?rest_route=%2Fwp%2Fv2%2Fmedia&parent=61652"}],"wp:term":[{"taxonomy":"category","embeddable":true,"href":"https:\/\/lospoliticosveracruz.com\/index.php?rest_route=%2Fwp%2Fv2%2Fcategories&post=61652"},{"taxonomy":"post_tag","embeddable":true,"href":"https:\/\/lospoliticosveracruz.com\/index.php?rest_route=%2Fwp%2Fv2%2Ftags&post=61652"}],"curies":[{"name":"wp","href":"https:\/\/api.w.org\/{rel}","templated":true}]}}