{"id":61777,"date":"2020-10-01T08:07:21","date_gmt":"2020-10-01T13:07:21","guid":{"rendered":"http:\/\/www.lospoliticosveracruz.com.mx\/?p=61777"},"modified":"2020-10-01T08:07:21","modified_gmt":"2020-10-01T13:07:21","slug":"las-cuatro-aguas","status":"publish","type":"post","link":"https:\/\/lospoliticosveracruz.com\/?p=61777","title":{"rendered":"Las cuatro aguas"},"content":{"rendered":"<p><strong>Adalberto Tejeda-Mart\u00ednez<\/strong><\/p>\n<p>&nbsp;<\/p>\n<p>El cambio clim\u00e1tico agudiza las sequ\u00edas y al mismo tiempo las inundaciones, por lo que deber\u00eda ser motivo importante en los debates en el Congreso federal, donde est\u00e1n en disputa cuatro iniciativas hacia la nueva Ley General de Aguas, cada una representante de intereses espec\u00edficos y con altas posibilidades de polarizar al pa\u00eds en \u00e9ste como en otros aspectos de la vida nacional.<br \/>\nDesde hace a\u00f1os se vienen anunciando las guerras por el agua, que ya se dan en baja escala y empiezan a cobrar v\u00edctimas: en Tecate, Baja California, el 25 de septiembre muere asesinado \u00d3scar Eyraud \u00c1dams, defensor del derecho al agua de los pueblos originarios. Dos semanas antes, el d\u00eda 8, disparos de la Guardia Nacional en C\u00e1rdenas, Chihuahua, mataron a Jessi Silva y dejaron muy herido a su esposo, Ricardo Torres, oponentes al trasvase con que M\u00e9xico debe pagarle a Estados Unidos seg\u00fan el octogenario Tratado Internacional de Aguas (1944), que habr\u00eda que renegociar si no fuera porque Trump intentar\u00eda llevarse toda el agua a su molino.<br \/>\nEl conflicto chihuahuense hizo que el presidente mexicano volteara hacia la Comisi\u00f3n Nacional del Agua (Conagua), donde encontr\u00f3 sitio para aplicar su pol\u00edtica de la fidelidad ciega, que orill\u00f3 a seis subdirectores a renunciar para ser sustituidos por fieles servidores. A ver qu\u00e9 tan broncas se tornan las aguas para la titular de la Conagua, la doctora Blanca Jim\u00e9nez, quien por cierto en la Feria del Libro de la Universidad Veracruzana de 2006 recibi\u00f3 la Medalla al M\u00e9rito Universitario junto con dos personajes que merecen ser mencionados.<br \/>\nEl doctor Rolando Springall era entonces presidente del Consejo Veracruzano del Agua, instituci\u00f3n oficial encargada de asesorar a instancias municipales y estatales en esta materia, desaparecida en el fidelato para mal de la salud h\u00eddrica estatal.<br \/>\nEl otro galardonado fue Pedro Arrojo, cient\u00edfico de la Universidad de Zaragoza, Espa\u00f1a, que a inicios de este siglo encabez\u00f3 un fuerte movimiento en defensa del r\u00edo Ebro, y padre de la llamada \u00abnueva cultura del agua\u00bb, cuya base es la concepci\u00f3n de cuatro aguas: el \u00abagua vida\u00bb, que el Estado deber\u00eda garantizar para la sobrevivencia de humanos y ecosistemas; el \u00abagua ciudadana\u00bb, cuyo precio debe cubrir el costo de llevarla potable hasta las viviendas; el \u00abagua negocio\u00bb, que debe cobrarse suficientemente como para subsidiar al \u00abagua vida\u00bb y un tanto al \u00abagua ciudadana\u00bb, y el \u00abagua delito\u00bb, cuyo precio econ\u00f3mico y penal debe ser suficiente para inhibir que se deteriore su calidad o su cantidad m\u00e1s all\u00e1 de lo se\u00f1alado por la ley.<br \/>\nEsa argumentaci\u00f3n, pero detallada, la escuch\u00f3 la doctora Blanca Jim\u00e9nez en 2006 en el auditorio de la Feria del Libro de voz del propio Pedro Arrojo. Esperemos que no la haya olvidado y que le ayude a normar sus decisiones en esta hora mexicana en que la pol\u00edtica por el poder est\u00e1 por encima de las pol\u00edticas social y ambiental.<\/p>\n","protected":false},"excerpt":{"rendered":"<p>Adalberto Tejeda-Mart\u00ednez &nbsp; El cambio clim\u00e1tico agudiza las sequ\u00edas y al mismo tiempo las inundaciones, por lo que deber\u00eda ser motivo importante en los debates en el Congreso federal, donde est\u00e1n en disputa cuatro iniciativas hacia la nueva Ley General de Aguas, cada una representante de intereses espec\u00edficos y con altas posibilidades de polarizar al [&hellip;]<\/p>\n","protected":false},"author":2,"featured_media":0,"comment_status":"open","ping_status":"open","sticky":false,"template":"","format":"standard","meta":{"tdm_status":"","tdm_grid_status":"","footnotes":""},"categories":[70],"tags":[20918,205,21965,793,21963,13512,2632,21961,21962,21964,18816],"class_list":{"0":"post-61777","1":"post","2":"type-post","3":"status-publish","4":"format-standard","6":"category-de-opinion","7":"tag-comision-nacional-del-agua","8":"tag-conagua","9":"tag-conflicto-chihuahuense","10":"tag-congreso-federal","11":"tag-derecho-al-agua","12":"tag-guardia-nacional","13":"tag-inundaciones","14":"tag-ley-general-de-aguas","15":"tag-polarizar-al-pais","16":"tag-pueblos-originarios","17":"tag-sequias"},"yoast_head":"<!-- This site is optimized with the Yoast SEO plugin v27.4 - https:\/\/yoast.com\/product\/yoast-seo-wordpress\/ -->\n<title>Las cuatro aguas - Los pol\u00edticos Veracruz<\/title>\n<meta name=\"robots\" content=\"index, follow, max-snippet:-1, max-image-preview:large, max-video-preview:-1\" \/>\n<link rel=\"canonical\" href=\"https:\/\/lospoliticosveracruz.com\/?p=61777\" \/>\n<meta property=\"og:locale\" content=\"es_ES\" \/>\n<meta property=\"og:type\" content=\"article\" \/>\n<meta property=\"og:title\" content=\"Las cuatro aguas - Los pol\u00edticos Veracruz\" \/>\n<meta property=\"og:description\" content=\"Adalberto Tejeda-Mart\u00ednez &nbsp; El cambio clim\u00e1tico agudiza las sequ\u00edas y al mismo tiempo las inundaciones, por lo que deber\u00eda ser motivo importante en los debates en el Congreso federal, donde est\u00e1n en disputa cuatro iniciativas hacia la nueva Ley General de Aguas, cada una representante de intereses espec\u00edficos y con altas posibilidades de polarizar al [&hellip;]\" \/>\n<meta property=\"og:url\" content=\"https:\/\/lospoliticosveracruz.com\/?p=61777\" \/>\n<meta property=\"og:site_name\" content=\"Los pol\u00edticos Veracruz\" \/>\n<meta property=\"article:publisher\" content=\"https:\/\/www.facebook.com\/people\/Notimemes-de-los-Polticos\/61565672886568\/\" \/>\n<meta property=\"article:published_time\" content=\"2020-10-01T13:07:21+00:00\" \/>\n<meta property=\"og:image\" content=\"https:\/\/lospoliticosveracruz.com\/wp-content\/uploads\/2016\/07\/Logo-Dor.jpg\" \/>\n\t<meta property=\"og:image:width\" content=\"200\" \/>\n\t<meta property=\"og:image:height\" content=\"200\" \/>\n\t<meta property=\"og:image:type\" content=\"image\/jpeg\" \/>\n<meta name=\"author\" content=\"Lo viste en Los Pol\u00edticos\" \/>\n<meta name=\"twitter:card\" content=\"summary_large_image\" \/>\n<meta name=\"twitter:creator\" content=\"@LosPoliticosVer\" \/>\n<meta name=\"twitter:site\" content=\"@LosPoliticosVer\" \/>\n<meta name=\"twitter:label1\" content=\"Escrito por\" \/>\n\t<meta name=\"twitter:data1\" content=\"Lo viste en Los Pol\u00edticos\" \/>\n\t<meta name=\"twitter:label2\" content=\"Tiempo de lectura\" \/>\n\t<meta name=\"twitter:data2\" content=\"3 minutos\" \/>\n<script type=\"application\/ld+json\" class=\"yoast-schema-graph\">{\"@context\":\"https:\\\/\\\/schema.org\",\"@graph\":[{\"@type\":\"Article\",\"@id\":\"https:\\\/\\\/lospoliticosveracruz.com\\\/?p=61777#article\",\"isPartOf\":{\"@id\":\"https:\\\/\\\/lospoliticosveracruz.com\\\/?p=61777\"},\"author\":{\"name\":\"Lo viste en Los Pol\u00edticos\",\"@id\":\"https:\\\/\\\/lospoliticosveracruz.com\\\/#\\\/schema\\\/person\\\/b8702bb0e538456e6efd07080bf2a4a2\"},\"headline\":\"Las cuatro aguas\",\"datePublished\":\"2020-10-01T13:07:21+00:00\",\"mainEntityOfPage\":{\"@id\":\"https:\\\/\\\/lospoliticosveracruz.com\\\/?p=61777\"},\"wordCount\":512,\"commentCount\":0,\"publisher\":{\"@id\":\"https:\\\/\\\/lospoliticosveracruz.com\\\/#organization\"},\"keywords\":[\"Comisi\u00f3n Nacional del Agua\",\"Conagua\",\"Conflicto chihuahuense\",\"Congreso federal\",\"Derecho al agua\",\"Guardia Nacional\",\"inundaciones\",\"Ley General de Aguas\",\"Polarizar al pa\u00eds\",\"Pueblos originarios\",\"sequ\u00edas\"],\"articleSection\":[\"De Opini\u00f3n\"],\"inLanguage\":\"es\",\"potentialAction\":[{\"@type\":\"CommentAction\",\"name\":\"Comment\",\"target\":[\"https:\\\/\\\/lospoliticosveracruz.com\\\/?p=61777#respond\"]}]},{\"@type\":\"WebPage\",\"@id\":\"https:\\\/\\\/lospoliticosveracruz.com\\\/?p=61777\",\"url\":\"https:\\\/\\\/lospoliticosveracruz.com\\\/?p=61777\",\"name\":\"Las cuatro aguas - Los pol\u00edticos Veracruz\",\"isPartOf\":{\"@id\":\"https:\\\/\\\/lospoliticosveracruz.com\\\/#website\"},\"datePublished\":\"2020-10-01T13:07:21+00:00\",\"breadcrumb\":{\"@id\":\"https:\\\/\\\/lospoliticosveracruz.com\\\/?p=61777#breadcrumb\"},\"inLanguage\":\"es\",\"potentialAction\":[{\"@type\":\"ReadAction\",\"target\":[\"https:\\\/\\\/lospoliticosveracruz.com\\\/?p=61777\"]}]},{\"@type\":\"BreadcrumbList\",\"@id\":\"https:\\\/\\\/lospoliticosveracruz.com\\\/?p=61777#breadcrumb\",\"itemListElement\":[{\"@type\":\"ListItem\",\"position\":1,\"name\":\"Portada\",\"item\":\"https:\\\/\\\/lospoliticosveracruz.com\\\/\"},{\"@type\":\"ListItem\",\"position\":2,\"name\":\"Las cuatro aguas\"}]},{\"@type\":\"WebSite\",\"@id\":\"https:\\\/\\\/lospoliticosveracruz.com\\\/#website\",\"url\":\"https:\\\/\\\/lospoliticosveracruz.com\\\/\",\"name\":\"Los pol\u00edticos Veracruz\",\"description\":\"\",\"publisher\":{\"@id\":\"https:\\\/\\\/lospoliticosveracruz.com\\\/#organization\"},\"potentialAction\":[{\"@type\":\"SearchAction\",\"target\":{\"@type\":\"EntryPoint\",\"urlTemplate\":\"https:\\\/\\\/lospoliticosveracruz.com\\\/?s={search_term_string}\"},\"query-input\":{\"@type\":\"PropertyValueSpecification\",\"valueRequired\":true,\"valueName\":\"search_term_string\"}}],\"inLanguage\":\"es\"},{\"@type\":\"Organization\",\"@id\":\"https:\\\/\\\/lospoliticosveracruz.com\\\/#organization\",\"name\":\"Los pol\u00edticos Veracruz\",\"url\":\"https:\\\/\\\/lospoliticosveracruz.com\\\/\",\"logo\":{\"@type\":\"ImageObject\",\"inLanguage\":\"es\",\"@id\":\"https:\\\/\\\/lospoliticosveracruz.com\\\/#\\\/schema\\\/logo\\\/image\\\/\",\"url\":\"https:\\\/\\\/lospoliticosveracruz.com\\\/wp-content\\\/uploads\\\/2025\\\/12\\\/Logo-Nuevo-LOS-POLITICOS-1.jpg\",\"contentUrl\":\"https:\\\/\\\/lospoliticosveracruz.com\\\/wp-content\\\/uploads\\\/2025\\\/12\\\/Logo-Nuevo-LOS-POLITICOS-1.jpg\",\"width\":260,\"height\":70,\"caption\":\"Los pol\u00edticos Veracruz\"},\"image\":{\"@id\":\"https:\\\/\\\/lospoliticosveracruz.com\\\/#\\\/schema\\\/logo\\\/image\\\/\"},\"sameAs\":[\"https:\\\/\\\/www.facebook.com\\\/people\\\/Notimemes-de-los-Polticos\\\/61565672886568\\\/\",\"https:\\\/\\\/x.com\\\/LosPoliticosVer\"]},{\"@type\":\"Person\",\"@id\":\"https:\\\/\\\/lospoliticosveracruz.com\\\/#\\\/schema\\\/person\\\/b8702bb0e538456e6efd07080bf2a4a2\",\"name\":\"Lo viste en Los Pol\u00edticos\",\"image\":{\"@type\":\"ImageObject\",\"inLanguage\":\"es\",\"@id\":\"https:\\\/\\\/secure.gravatar.com\\\/avatar\\\/3a8de04a2656d44082be478bd6c086daa447c4651605818287b9532d3d0bd435?s=96&d=mm&r=g\",\"url\":\"https:\\\/\\\/secure.gravatar.com\\\/avatar\\\/3a8de04a2656d44082be478bd6c086daa447c4651605818287b9532d3d0bd435?s=96&d=mm&r=g\",\"contentUrl\":\"https:\\\/\\\/secure.gravatar.com\\\/avatar\\\/3a8de04a2656d44082be478bd6c086daa447c4651605818287b9532d3d0bd435?s=96&d=mm&r=g\",\"caption\":\"Lo viste en Los Pol\u00edticos\"},\"url\":\"https:\\\/\\\/lospoliticosveracruz.com\\\/?author=2\"}]}<\/script>\n<!-- \/ Yoast SEO plugin. -->","yoast_head_json":{"title":"Las cuatro aguas - Los pol\u00edticos Veracruz","robots":{"index":"index","follow":"follow","max-snippet":"max-snippet:-1","max-image-preview":"max-image-preview:large","max-video-preview":"max-video-preview:-1"},"canonical":"https:\/\/lospoliticosveracruz.com\/?p=61777","og_locale":"es_ES","og_type":"article","og_title":"Las cuatro aguas - Los pol\u00edticos Veracruz","og_description":"Adalberto Tejeda-Mart\u00ednez &nbsp; El cambio clim\u00e1tico agudiza las sequ\u00edas y al mismo tiempo las inundaciones, por lo que deber\u00eda ser motivo importante en los debates en el Congreso federal, donde est\u00e1n en disputa cuatro iniciativas hacia la nueva Ley General de Aguas, cada una representante de intereses espec\u00edficos y con altas posibilidades de polarizar al [&hellip;]","og_url":"https:\/\/lospoliticosveracruz.com\/?p=61777","og_site_name":"Los pol\u00edticos Veracruz","article_publisher":"https:\/\/www.facebook.com\/people\/Notimemes-de-los-Polticos\/61565672886568\/","article_published_time":"2020-10-01T13:07:21+00:00","og_image":[{"width":200,"height":200,"url":"https:\/\/lospoliticosveracruz.com\/wp-content\/uploads\/2016\/07\/Logo-Dor.jpg","type":"image\/jpeg"}],"author":"Lo viste en Los Pol\u00edticos","twitter_card":"summary_large_image","twitter_creator":"@LosPoliticosVer","twitter_site":"@LosPoliticosVer","twitter_misc":{"Escrito por":"Lo viste en Los Pol\u00edticos","Tiempo de lectura":"3 minutos"},"schema":{"@context":"https:\/\/schema.org","@graph":[{"@type":"Article","@id":"https:\/\/lospoliticosveracruz.com\/?p=61777#article","isPartOf":{"@id":"https:\/\/lospoliticosveracruz.com\/?p=61777"},"author":{"name":"Lo viste en Los Pol\u00edticos","@id":"https:\/\/lospoliticosveracruz.com\/#\/schema\/person\/b8702bb0e538456e6efd07080bf2a4a2"},"headline":"Las cuatro aguas","datePublished":"2020-10-01T13:07:21+00:00","mainEntityOfPage":{"@id":"https:\/\/lospoliticosveracruz.com\/?p=61777"},"wordCount":512,"commentCount":0,"publisher":{"@id":"https:\/\/lospoliticosveracruz.com\/#organization"},"keywords":["Comisi\u00f3n Nacional del Agua","Conagua","Conflicto chihuahuense","Congreso federal","Derecho al agua","Guardia Nacional","inundaciones","Ley General de Aguas","Polarizar al pa\u00eds","Pueblos originarios","sequ\u00edas"],"articleSection":["De Opini\u00f3n"],"inLanguage":"es","potentialAction":[{"@type":"CommentAction","name":"Comment","target":["https:\/\/lospoliticosveracruz.com\/?p=61777#respond"]}]},{"@type":"WebPage","@id":"https:\/\/lospoliticosveracruz.com\/?p=61777","url":"https:\/\/lospoliticosveracruz.com\/?p=61777","name":"Las cuatro aguas - Los pol\u00edticos Veracruz","isPartOf":{"@id":"https:\/\/lospoliticosveracruz.com\/#website"},"datePublished":"2020-10-01T13:07:21+00:00","breadcrumb":{"@id":"https:\/\/lospoliticosveracruz.com\/?p=61777#breadcrumb"},"inLanguage":"es","potentialAction":[{"@type":"ReadAction","target":["https:\/\/lospoliticosveracruz.com\/?p=61777"]}]},{"@type":"BreadcrumbList","@id":"https:\/\/lospoliticosveracruz.com\/?p=61777#breadcrumb","itemListElement":[{"@type":"ListItem","position":1,"name":"Portada","item":"https:\/\/lospoliticosveracruz.com\/"},{"@type":"ListItem","position":2,"name":"Las cuatro aguas"}]},{"@type":"WebSite","@id":"https:\/\/lospoliticosveracruz.com\/#website","url":"https:\/\/lospoliticosveracruz.com\/","name":"Los pol\u00edticos Veracruz","description":"","publisher":{"@id":"https:\/\/lospoliticosveracruz.com\/#organization"},"potentialAction":[{"@type":"SearchAction","target":{"@type":"EntryPoint","urlTemplate":"https:\/\/lospoliticosveracruz.com\/?s={search_term_string}"},"query-input":{"@type":"PropertyValueSpecification","valueRequired":true,"valueName":"search_term_string"}}],"inLanguage":"es"},{"@type":"Organization","@id":"https:\/\/lospoliticosveracruz.com\/#organization","name":"Los pol\u00edticos Veracruz","url":"https:\/\/lospoliticosveracruz.com\/","logo":{"@type":"ImageObject","inLanguage":"es","@id":"https:\/\/lospoliticosveracruz.com\/#\/schema\/logo\/image\/","url":"https:\/\/lospoliticosveracruz.com\/wp-content\/uploads\/2025\/12\/Logo-Nuevo-LOS-POLITICOS-1.jpg","contentUrl":"https:\/\/lospoliticosveracruz.com\/wp-content\/uploads\/2025\/12\/Logo-Nuevo-LOS-POLITICOS-1.jpg","width":260,"height":70,"caption":"Los pol\u00edticos Veracruz"},"image":{"@id":"https:\/\/lospoliticosveracruz.com\/#\/schema\/logo\/image\/"},"sameAs":["https:\/\/www.facebook.com\/people\/Notimemes-de-los-Polticos\/61565672886568\/","https:\/\/x.com\/LosPoliticosVer"]},{"@type":"Person","@id":"https:\/\/lospoliticosveracruz.com\/#\/schema\/person\/b8702bb0e538456e6efd07080bf2a4a2","name":"Lo viste en Los Pol\u00edticos","image":{"@type":"ImageObject","inLanguage":"es","@id":"https:\/\/secure.gravatar.com\/avatar\/3a8de04a2656d44082be478bd6c086daa447c4651605818287b9532d3d0bd435?s=96&d=mm&r=g","url":"https:\/\/secure.gravatar.com\/avatar\/3a8de04a2656d44082be478bd6c086daa447c4651605818287b9532d3d0bd435?s=96&d=mm&r=g","contentUrl":"https:\/\/secure.gravatar.com\/avatar\/3a8de04a2656d44082be478bd6c086daa447c4651605818287b9532d3d0bd435?s=96&d=mm&r=g","caption":"Lo viste en Los Pol\u00edticos"},"url":"https:\/\/lospoliticosveracruz.com\/?author=2"}]}},"_links":{"self":[{"href":"https:\/\/lospoliticosveracruz.com\/index.php?rest_route=\/wp\/v2\/posts\/61777","targetHints":{"allow":["GET"]}}],"collection":[{"href":"https:\/\/lospoliticosveracruz.com\/index.php?rest_route=\/wp\/v2\/posts"}],"about":[{"href":"https:\/\/lospoliticosveracruz.com\/index.php?rest_route=\/wp\/v2\/types\/post"}],"author":[{"embeddable":true,"href":"https:\/\/lospoliticosveracruz.com\/index.php?rest_route=\/wp\/v2\/users\/2"}],"replies":[{"embeddable":true,"href":"https:\/\/lospoliticosveracruz.com\/index.php?rest_route=%2Fwp%2Fv2%2Fcomments&post=61777"}],"version-history":[{"count":1,"href":"https:\/\/lospoliticosveracruz.com\/index.php?rest_route=\/wp\/v2\/posts\/61777\/revisions"}],"predecessor-version":[{"id":61779,"href":"https:\/\/lospoliticosveracruz.com\/index.php?rest_route=\/wp\/v2\/posts\/61777\/revisions\/61779"}],"wp:attachment":[{"href":"https:\/\/lospoliticosveracruz.com\/index.php?rest_route=%2Fwp%2Fv2%2Fmedia&parent=61777"}],"wp:term":[{"taxonomy":"category","embeddable":true,"href":"https:\/\/lospoliticosveracruz.com\/index.php?rest_route=%2Fwp%2Fv2%2Fcategories&post=61777"},{"taxonomy":"post_tag","embeddable":true,"href":"https:\/\/lospoliticosveracruz.com\/index.php?rest_route=%2Fwp%2Fv2%2Ftags&post=61777"}],"curies":[{"name":"wp","href":"https:\/\/api.w.org\/{rel}","templated":true}]}}