{"id":61817,"date":"2020-10-02T08:46:47","date_gmt":"2020-10-02T13:46:47","guid":{"rendered":"http:\/\/www.lospoliticosveracruz.com.mx\/?p=61817"},"modified":"2020-10-02T08:46:47","modified_gmt":"2020-10-02T13:46:47","slug":"2-de-octubre-de-1968-se-olvidaran-algun-dia-esos-fatidicos-momentos","status":"publish","type":"post","link":"https:\/\/lospoliticosveracruz.com\/?p=61817","title":{"rendered":"2 de octubre de 1968, \u00bfse olvidar\u00e1n alg\u00fan d\u00eda esos fat\u00eddicos momentos?"},"content":{"rendered":"<p><strong>Severo Francisco Mar Morales<\/strong><\/p>\n<p><em>Banquillo pol\u00edtico<\/em><\/p>\n<p>\u201cPARA TODOS LOS CIUDADANOS QUIENES PERDIERON LA VIDA Y MUCHOS M\u00c1S QUE INJUSTAMENTE SUFRIERON VEJACIONES, HUMILLACIONES, DETENCIONES ARBITRARIAS Y SOBRE TODO, VIOLACIONES DE SUS DERECHOS COMO INDIVIDUOS, POR EL REGIMEN REPRESOR EN TURNO\u201d<\/p>\n<p>En la lucha por alcanzar una Naci\u00f3n m\u00e1s justa e igualitaria, M\u00e9xico tiene ya su propio rostro. Los acontecimientos ocurridos la tarde del 2 de octubre del a\u00f1o de 1968, forman parte ya de la historia viva del M\u00e9xico de hoy. Posterior a que un helic\u00f3ptero que sobrevolaba la Plaza de las Tres Culturas arrojara una luz de bengala, fue la se\u00f1al precisa para que dieran inicio los disparos en contra de cientos de estudiantes que en esos instantes abarrotaban el lugar. En ese momento en Tlatelolco se llevaba a cabo una gran manifestaci\u00f3n estudiantil en demanda de mayor libertad de expresi\u00f3n, a escasas semanas de que se celebraran en M\u00e9xico los Juegos Ol\u00edmpicos.<br \/>\nEl 2 de octubre es una fecha que cambi\u00f3 el panorama pol\u00edtico y social de M\u00e9xico, un d\u00eda que cada a\u00f1o es recordado por el profundo impacto en la vida de los j\u00f3venes, los estudiantes y hasta en la censura medi\u00e1tica. El acontecimiento ocurri\u00f3 cuando aproximadamente 10,000 personas (en su mayor\u00eda estudiantes), se reunieron en la Plaza de las Tres Culturas para protestar ante los gobernantes y algunos medios de comunicaci\u00f3n. No era la primera protesta, era la consecuencia de meses de descontento entre la sociedad y el gobierno. Actos represores y la gran inversi\u00f3n en los Juegos Ol\u00edmpicos, en gran contraste con la pobreza en ciertos sectores del pa\u00eds, eran algunas de las causas principales detr\u00e1s del descontento.<br \/>\nEl movimiento de 1968 recoge las experiencias de los ferrocarrileros, de las luchas de los maestros, de las luchas de los m\u00e9dicos, de las enfermeras, de tanta efervescencia social previa.<br \/>\nLo que se conoce como la \u201cmatanza de la Plaza de las Tres Culturas\u201d marc\u00f3 profundamente a los mexicanos, es plausible manifestar que fue un hito en la historia social y pol\u00edtica de M\u00e9xico. Desde el punto de vista pol\u00edtico se le recuerda como un momento en que el r\u00e9gimen autoritario mexicano sufri\u00f3 una gran fisura, debido a que fue un desaf\u00edo directo a la figura Presidencial. En la parte social represent\u00f3 el primer gran evento colectivo importante en la historia contempor\u00e1nea de M\u00e9xico, debido a que se cre\u00f3 un frente com\u00fan estudiantil -con muchas simpat\u00edas en clases medias y en muchos otros sectores de la sociedad- que posibilit\u00f3 ese desaf\u00edo.<br \/>\nParadojas de la vida, pues en esos d\u00edas fat\u00eddicos, una persona que a\u00f1os despu\u00e9s llegar\u00eda a ser Presidente de los Estados Unidos Mexicanos, tambi\u00e9n fue injustamente reprimido y detenido, al igual que un candidato presidencial, sus nombres Ernesto Zedillo Ponce de Le\u00f3n, y Diego Fern\u00e1ndez de Cevallos, entre otros ciudadanos, quienes fueron violentados en sus derechos como personas, por el simple hecho de querer manifestar libremente sus ideas y pensamientos, producto de la rebeld\u00eda natural de todo joven en esa etapa de sus vidas.<br \/>\nSin ir muy lejos, aqu\u00ed en Xalapa, a\u00fan viven varias personas que tambi\u00e9n pueden dar sus testimonios de las \u201cformas\u201d y \u201cmanera\u201d tan crueles en que fueron \u201ctratados\u201d y humillados, tanto en la ciudad de M\u00e9xico como en la capital del estado, quienes, por cierto, son personas de bien, muchos(as) de ellos, profesionales egresados de la Universidad Veracruzana y de otras instituciones, con reputaci\u00f3n y fama de ser gente de bien y honorable, quienes tienen familias consolidadas en la sociedad.<br \/>\nCabe se\u00f1alar que la matanza de estudiantes que inici\u00f3 el fat\u00eddico 2 de octubre de 1968, no fue un episodio aislado, ni mucho menos el \u00fanico. Ese mismo a\u00f1o, estudiantes en Argentina, Uruguay, Checoslovaquia, Francia, Espa\u00f1a y en aquel entonces la llamada Rep\u00fablica Federal Alemana, luchaban denodadamente por la justicia social y abrigar la esperanza de un r\u00e9gimen de libertades. Los j\u00f3venes de ese entonces, tuvieron como eje la lucha por la libertad, que manifestaban en una cr\u00edtica al autoritarismo de los gobiernos, a la intervenci\u00f3n militar de Estados Unidos en Vietnam, al orden geopol\u00edtico de la posguerra y al f\u00e9rreo control de la Uni\u00f3n Sovi\u00e9tica sobre los pa\u00edses del este.<br \/>\nHace ya 52 a\u00f1os, una generaci\u00f3n de j\u00f3venes universitarios, estudiantes de escuelas de educaci\u00f3n p\u00fablica superior, alzaron la voz, salieron a las calles, se reunieron en las plazas, convocaron a la sociedad para pedir que sus demandas fueran escuchadas. La respuesta gubernamental fue la intolerancia y la represi\u00f3n, con los resultados conocidos.<br \/>\nNo se olvide jam\u00e1s que, a trav\u00e9s de estos movimientos estudiantiles, sindicales y sociales, mucha gente se ha dado cuenta que los derechos de los ciudadanos son mucho m\u00e1s importantes que los privilegios de los gobernantes\u2026 a trav\u00e9s de estas manifestaciones masivas de descontento, es como se han heredado las ideas de democracia, pluralidad, participaci\u00f3n y sobre todo de libertad y que los gobiernos de hoy las han enarbolado y las han hecho propias.<br \/>\nEl recuerdo perenne de la matanza del 2 de octubre de 1968 enfatiza el valor de la tolerancia en la vida p\u00fablica y alerta sobre la necesidad de avanzar en la consolidaci\u00f3n de la democracia como la forma de gobierno plena para la sociedad en la que actualmente vivimos.<br \/>\nA trav\u00e9s de los a\u00f1os, se han escrito innumerables libros, \u201cLa Noche de Tlatelolco\u201d documentos, filmado pel\u00edculas con motivo de \u00e9sta fecha, pero lo que es innegable y con el paso del tiempo se ha dado cuenta uno, es que fue una tragedia innecesaria, que a la fecha es recordada como uno de los eventos m\u00e1s tristes en la historia moderna del M\u00e9xico de hoy.<br \/>\nLa Noche de Tlatelolco es uno de los momentos m\u00e1s terribles y dolorosos en nuestra historia como pa\u00eds independiente. Debemos mantener vivo el recuerdo de esos acontecimientos, aprender de ellos y hacer lo que nos toca para evitar que puedan llegar a repetirse.<br \/>\nPasar\u00e1 al olvido la fecha del 2 de octubre de 1968, para muchos quienes vivieron esos momentos, JAM\u00c1S.<\/p>\n<p>S\u00d3LO CON EL TIEMPO SE SABR\u00c1 LA RESPUESTA\u2026<\/p>\n<p>pamar0712@hotmail.com<br \/>\n@pamar0712<\/p>\n","protected":false},"excerpt":{"rendered":"<p>Severo Francisco Mar Morales Banquillo pol\u00edtico \u201cPARA TODOS LOS CIUDADANOS QUIENES PERDIERON LA VIDA Y MUCHOS M\u00c1S QUE INJUSTAMENTE SUFRIERON VEJACIONES, HUMILLACIONES, DETENCIONES ARBITRARIAS Y SOBRE TODO, VIOLACIONES DE SUS DERECHOS COMO INDIVIDUOS, POR EL REGIMEN REPRESOR EN TURNO\u201d En la lucha por alcanzar una Naci\u00f3n m\u00e1s justa e igualitaria, M\u00e9xico tiene ya su propio [&hellip;]<\/p>\n","protected":false},"author":2,"featured_media":0,"comment_status":"open","ping_status":"open","sticky":false,"template":"","format":"standard","meta":{"tdm_status":"","tdm_grid_status":"","footnotes":""},"categories":[70],"tags":[22009,22008,17831,22010,22007,395,22006,219],"class_list":{"0":"post-61817","1":"post","2":"type-post","3":"status-publish","4":"format-standard","6":"category-de-opinion","7":"tag-diego-fernandez-de-cevallos","8":"tag-ernesto-zedillo-ponce-de-leon","9":"tag-ferrocarrileros","10":"tag-la-noche-de-tlatelolco","11":"tag-luchas-de-maestros","12":"tag-mexico","13":"tag-nacion-justa-e-igualitaria","14":"tag-universidad-veracruzana"},"yoast_head":"<!-- This site is optimized with the Yoast SEO plugin v27.4 - https:\/\/yoast.com\/product\/yoast-seo-wordpress\/ -->\n<title>2 de octubre de 1968, \u00bfse olvidar\u00e1n alg\u00fan d\u00eda esos fat\u00eddicos momentos? - Los pol\u00edticos Veracruz<\/title>\n<meta name=\"robots\" content=\"index, follow, max-snippet:-1, max-image-preview:large, max-video-preview:-1\" \/>\n<link rel=\"canonical\" href=\"https:\/\/lospoliticosveracruz.com\/?p=61817\" \/>\n<meta property=\"og:locale\" content=\"es_ES\" \/>\n<meta property=\"og:type\" content=\"article\" \/>\n<meta property=\"og:title\" content=\"2 de octubre de 1968, \u00bfse olvidar\u00e1n alg\u00fan d\u00eda esos fat\u00eddicos momentos? - Los pol\u00edticos Veracruz\" \/>\n<meta property=\"og:description\" content=\"Severo Francisco Mar Morales Banquillo pol\u00edtico \u201cPARA TODOS LOS CIUDADANOS QUIENES PERDIERON LA VIDA Y MUCHOS M\u00c1S QUE INJUSTAMENTE SUFRIERON VEJACIONES, HUMILLACIONES, DETENCIONES ARBITRARIAS Y SOBRE TODO, VIOLACIONES DE SUS DERECHOS COMO INDIVIDUOS, POR EL REGIMEN REPRESOR EN TURNO\u201d En la lucha por alcanzar una Naci\u00f3n m\u00e1s justa e igualitaria, M\u00e9xico tiene ya su propio [&hellip;]\" \/>\n<meta property=\"og:url\" content=\"https:\/\/lospoliticosveracruz.com\/?p=61817\" \/>\n<meta property=\"og:site_name\" content=\"Los pol\u00edticos Veracruz\" \/>\n<meta property=\"article:publisher\" content=\"https:\/\/www.facebook.com\/people\/Notimemes-de-los-Polticos\/61565672886568\/\" \/>\n<meta property=\"article:published_time\" content=\"2020-10-02T13:46:47+00:00\" \/>\n<meta property=\"og:image\" content=\"https:\/\/lospoliticosveracruz.com\/wp-content\/uploads\/2016\/07\/Logo-Dor.jpg\" \/>\n\t<meta property=\"og:image:width\" content=\"200\" \/>\n\t<meta property=\"og:image:height\" content=\"200\" \/>\n\t<meta property=\"og:image:type\" content=\"image\/jpeg\" \/>\n<meta name=\"author\" content=\"Lo viste en Los Pol\u00edticos\" \/>\n<meta name=\"twitter:card\" content=\"summary_large_image\" \/>\n<meta name=\"twitter:creator\" content=\"@LosPoliticosVer\" \/>\n<meta name=\"twitter:site\" content=\"@LosPoliticosVer\" \/>\n<meta name=\"twitter:label1\" content=\"Escrito por\" \/>\n\t<meta name=\"twitter:data1\" content=\"Lo viste en Los Pol\u00edticos\" \/>\n\t<meta name=\"twitter:label2\" content=\"Tiempo de lectura\" \/>\n\t<meta name=\"twitter:data2\" content=\"5 minutos\" \/>\n<script type=\"application\/ld+json\" class=\"yoast-schema-graph\">{\"@context\":\"https:\\\/\\\/schema.org\",\"@graph\":[{\"@type\":\"Article\",\"@id\":\"https:\\\/\\\/lospoliticosveracruz.com\\\/?p=61817#article\",\"isPartOf\":{\"@id\":\"https:\\\/\\\/lospoliticosveracruz.com\\\/?p=61817\"},\"author\":{\"name\":\"Lo viste en Los Pol\u00edticos\",\"@id\":\"https:\\\/\\\/lospoliticosveracruz.com\\\/#\\\/schema\\\/person\\\/b8702bb0e538456e6efd07080bf2a4a2\"},\"headline\":\"2 de octubre de 1968, \u00bfse olvidar\u00e1n alg\u00fan d\u00eda esos fat\u00eddicos momentos?\",\"datePublished\":\"2020-10-02T13:46:47+00:00\",\"mainEntityOfPage\":{\"@id\":\"https:\\\/\\\/lospoliticosveracruz.com\\\/?p=61817\"},\"wordCount\":1089,\"commentCount\":0,\"publisher\":{\"@id\":\"https:\\\/\\\/lospoliticosveracruz.com\\\/#organization\"},\"keywords\":[\"Diego Fern\u00e1ndez de Cevallos\",\"Ernesto Zedillo Ponce de Le\u00f3n\",\"ferrocarrileros\",\"La Noche de Tlatelolco\",\"Luchas de maestros\",\"M\u00e9xico\",\"Naci\u00f3n justa e igualitaria\",\"Universidad Veracruzana\"],\"articleSection\":[\"De Opini\u00f3n\"],\"inLanguage\":\"es\",\"potentialAction\":[{\"@type\":\"CommentAction\",\"name\":\"Comment\",\"target\":[\"https:\\\/\\\/lospoliticosveracruz.com\\\/?p=61817#respond\"]}]},{\"@type\":\"WebPage\",\"@id\":\"https:\\\/\\\/lospoliticosveracruz.com\\\/?p=61817\",\"url\":\"https:\\\/\\\/lospoliticosveracruz.com\\\/?p=61817\",\"name\":\"2 de octubre de 1968, \u00bfse olvidar\u00e1n alg\u00fan d\u00eda esos fat\u00eddicos momentos? - Los pol\u00edticos Veracruz\",\"isPartOf\":{\"@id\":\"https:\\\/\\\/lospoliticosveracruz.com\\\/#website\"},\"datePublished\":\"2020-10-02T13:46:47+00:00\",\"breadcrumb\":{\"@id\":\"https:\\\/\\\/lospoliticosveracruz.com\\\/?p=61817#breadcrumb\"},\"inLanguage\":\"es\",\"potentialAction\":[{\"@type\":\"ReadAction\",\"target\":[\"https:\\\/\\\/lospoliticosveracruz.com\\\/?p=61817\"]}]},{\"@type\":\"BreadcrumbList\",\"@id\":\"https:\\\/\\\/lospoliticosveracruz.com\\\/?p=61817#breadcrumb\",\"itemListElement\":[{\"@type\":\"ListItem\",\"position\":1,\"name\":\"Portada\",\"item\":\"https:\\\/\\\/lospoliticosveracruz.com\\\/\"},{\"@type\":\"ListItem\",\"position\":2,\"name\":\"2 de octubre de 1968, \u00bfse olvidar\u00e1n alg\u00fan d\u00eda esos fat\u00eddicos momentos?\"}]},{\"@type\":\"WebSite\",\"@id\":\"https:\\\/\\\/lospoliticosveracruz.com\\\/#website\",\"url\":\"https:\\\/\\\/lospoliticosveracruz.com\\\/\",\"name\":\"Los pol\u00edticos Veracruz\",\"description\":\"\",\"publisher\":{\"@id\":\"https:\\\/\\\/lospoliticosveracruz.com\\\/#organization\"},\"potentialAction\":[{\"@type\":\"SearchAction\",\"target\":{\"@type\":\"EntryPoint\",\"urlTemplate\":\"https:\\\/\\\/lospoliticosveracruz.com\\\/?s={search_term_string}\"},\"query-input\":{\"@type\":\"PropertyValueSpecification\",\"valueRequired\":true,\"valueName\":\"search_term_string\"}}],\"inLanguage\":\"es\"},{\"@type\":\"Organization\",\"@id\":\"https:\\\/\\\/lospoliticosveracruz.com\\\/#organization\",\"name\":\"Los pol\u00edticos Veracruz\",\"url\":\"https:\\\/\\\/lospoliticosveracruz.com\\\/\",\"logo\":{\"@type\":\"ImageObject\",\"inLanguage\":\"es\",\"@id\":\"https:\\\/\\\/lospoliticosveracruz.com\\\/#\\\/schema\\\/logo\\\/image\\\/\",\"url\":\"https:\\\/\\\/lospoliticosveracruz.com\\\/wp-content\\\/uploads\\\/2025\\\/12\\\/Logo-Nuevo-LOS-POLITICOS-1.jpg\",\"contentUrl\":\"https:\\\/\\\/lospoliticosveracruz.com\\\/wp-content\\\/uploads\\\/2025\\\/12\\\/Logo-Nuevo-LOS-POLITICOS-1.jpg\",\"width\":260,\"height\":70,\"caption\":\"Los pol\u00edticos Veracruz\"},\"image\":{\"@id\":\"https:\\\/\\\/lospoliticosveracruz.com\\\/#\\\/schema\\\/logo\\\/image\\\/\"},\"sameAs\":[\"https:\\\/\\\/www.facebook.com\\\/people\\\/Notimemes-de-los-Polticos\\\/61565672886568\\\/\",\"https:\\\/\\\/x.com\\\/LosPoliticosVer\"]},{\"@type\":\"Person\",\"@id\":\"https:\\\/\\\/lospoliticosveracruz.com\\\/#\\\/schema\\\/person\\\/b8702bb0e538456e6efd07080bf2a4a2\",\"name\":\"Lo viste en Los Pol\u00edticos\",\"image\":{\"@type\":\"ImageObject\",\"inLanguage\":\"es\",\"@id\":\"https:\\\/\\\/secure.gravatar.com\\\/avatar\\\/3a8de04a2656d44082be478bd6c086daa447c4651605818287b9532d3d0bd435?s=96&d=mm&r=g\",\"url\":\"https:\\\/\\\/secure.gravatar.com\\\/avatar\\\/3a8de04a2656d44082be478bd6c086daa447c4651605818287b9532d3d0bd435?s=96&d=mm&r=g\",\"contentUrl\":\"https:\\\/\\\/secure.gravatar.com\\\/avatar\\\/3a8de04a2656d44082be478bd6c086daa447c4651605818287b9532d3d0bd435?s=96&d=mm&r=g\",\"caption\":\"Lo viste en Los Pol\u00edticos\"},\"url\":\"https:\\\/\\\/lospoliticosveracruz.com\\\/?author=2\"}]}<\/script>\n<!-- \/ Yoast SEO plugin. -->","yoast_head_json":{"title":"2 de octubre de 1968, \u00bfse olvidar\u00e1n alg\u00fan d\u00eda esos fat\u00eddicos momentos? - Los pol\u00edticos Veracruz","robots":{"index":"index","follow":"follow","max-snippet":"max-snippet:-1","max-image-preview":"max-image-preview:large","max-video-preview":"max-video-preview:-1"},"canonical":"https:\/\/lospoliticosveracruz.com\/?p=61817","og_locale":"es_ES","og_type":"article","og_title":"2 de octubre de 1968, \u00bfse olvidar\u00e1n alg\u00fan d\u00eda esos fat\u00eddicos momentos? - Los pol\u00edticos Veracruz","og_description":"Severo Francisco Mar Morales Banquillo pol\u00edtico \u201cPARA TODOS LOS CIUDADANOS QUIENES PERDIERON LA VIDA Y MUCHOS M\u00c1S QUE INJUSTAMENTE SUFRIERON VEJACIONES, HUMILLACIONES, DETENCIONES ARBITRARIAS Y SOBRE TODO, VIOLACIONES DE SUS DERECHOS COMO INDIVIDUOS, POR EL REGIMEN REPRESOR EN TURNO\u201d En la lucha por alcanzar una Naci\u00f3n m\u00e1s justa e igualitaria, M\u00e9xico tiene ya su propio [&hellip;]","og_url":"https:\/\/lospoliticosveracruz.com\/?p=61817","og_site_name":"Los pol\u00edticos Veracruz","article_publisher":"https:\/\/www.facebook.com\/people\/Notimemes-de-los-Polticos\/61565672886568\/","article_published_time":"2020-10-02T13:46:47+00:00","og_image":[{"width":200,"height":200,"url":"https:\/\/lospoliticosveracruz.com\/wp-content\/uploads\/2016\/07\/Logo-Dor.jpg","type":"image\/jpeg"}],"author":"Lo viste en Los Pol\u00edticos","twitter_card":"summary_large_image","twitter_creator":"@LosPoliticosVer","twitter_site":"@LosPoliticosVer","twitter_misc":{"Escrito por":"Lo viste en Los Pol\u00edticos","Tiempo de lectura":"5 minutos"},"schema":{"@context":"https:\/\/schema.org","@graph":[{"@type":"Article","@id":"https:\/\/lospoliticosveracruz.com\/?p=61817#article","isPartOf":{"@id":"https:\/\/lospoliticosveracruz.com\/?p=61817"},"author":{"name":"Lo viste en Los Pol\u00edticos","@id":"https:\/\/lospoliticosveracruz.com\/#\/schema\/person\/b8702bb0e538456e6efd07080bf2a4a2"},"headline":"2 de octubre de 1968, \u00bfse olvidar\u00e1n alg\u00fan d\u00eda esos fat\u00eddicos momentos?","datePublished":"2020-10-02T13:46:47+00:00","mainEntityOfPage":{"@id":"https:\/\/lospoliticosveracruz.com\/?p=61817"},"wordCount":1089,"commentCount":0,"publisher":{"@id":"https:\/\/lospoliticosveracruz.com\/#organization"},"keywords":["Diego Fern\u00e1ndez de Cevallos","Ernesto Zedillo Ponce de Le\u00f3n","ferrocarrileros","La Noche de Tlatelolco","Luchas de maestros","M\u00e9xico","Naci\u00f3n justa e igualitaria","Universidad Veracruzana"],"articleSection":["De Opini\u00f3n"],"inLanguage":"es","potentialAction":[{"@type":"CommentAction","name":"Comment","target":["https:\/\/lospoliticosveracruz.com\/?p=61817#respond"]}]},{"@type":"WebPage","@id":"https:\/\/lospoliticosveracruz.com\/?p=61817","url":"https:\/\/lospoliticosveracruz.com\/?p=61817","name":"2 de octubre de 1968, \u00bfse olvidar\u00e1n alg\u00fan d\u00eda esos fat\u00eddicos momentos? - Los pol\u00edticos Veracruz","isPartOf":{"@id":"https:\/\/lospoliticosveracruz.com\/#website"},"datePublished":"2020-10-02T13:46:47+00:00","breadcrumb":{"@id":"https:\/\/lospoliticosveracruz.com\/?p=61817#breadcrumb"},"inLanguage":"es","potentialAction":[{"@type":"ReadAction","target":["https:\/\/lospoliticosveracruz.com\/?p=61817"]}]},{"@type":"BreadcrumbList","@id":"https:\/\/lospoliticosveracruz.com\/?p=61817#breadcrumb","itemListElement":[{"@type":"ListItem","position":1,"name":"Portada","item":"https:\/\/lospoliticosveracruz.com\/"},{"@type":"ListItem","position":2,"name":"2 de octubre de 1968, \u00bfse olvidar\u00e1n alg\u00fan d\u00eda esos fat\u00eddicos momentos?"}]},{"@type":"WebSite","@id":"https:\/\/lospoliticosveracruz.com\/#website","url":"https:\/\/lospoliticosveracruz.com\/","name":"Los pol\u00edticos Veracruz","description":"","publisher":{"@id":"https:\/\/lospoliticosveracruz.com\/#organization"},"potentialAction":[{"@type":"SearchAction","target":{"@type":"EntryPoint","urlTemplate":"https:\/\/lospoliticosveracruz.com\/?s={search_term_string}"},"query-input":{"@type":"PropertyValueSpecification","valueRequired":true,"valueName":"search_term_string"}}],"inLanguage":"es"},{"@type":"Organization","@id":"https:\/\/lospoliticosveracruz.com\/#organization","name":"Los pol\u00edticos Veracruz","url":"https:\/\/lospoliticosveracruz.com\/","logo":{"@type":"ImageObject","inLanguage":"es","@id":"https:\/\/lospoliticosveracruz.com\/#\/schema\/logo\/image\/","url":"https:\/\/lospoliticosveracruz.com\/wp-content\/uploads\/2025\/12\/Logo-Nuevo-LOS-POLITICOS-1.jpg","contentUrl":"https:\/\/lospoliticosveracruz.com\/wp-content\/uploads\/2025\/12\/Logo-Nuevo-LOS-POLITICOS-1.jpg","width":260,"height":70,"caption":"Los pol\u00edticos Veracruz"},"image":{"@id":"https:\/\/lospoliticosveracruz.com\/#\/schema\/logo\/image\/"},"sameAs":["https:\/\/www.facebook.com\/people\/Notimemes-de-los-Polticos\/61565672886568\/","https:\/\/x.com\/LosPoliticosVer"]},{"@type":"Person","@id":"https:\/\/lospoliticosveracruz.com\/#\/schema\/person\/b8702bb0e538456e6efd07080bf2a4a2","name":"Lo viste en Los Pol\u00edticos","image":{"@type":"ImageObject","inLanguage":"es","@id":"https:\/\/secure.gravatar.com\/avatar\/3a8de04a2656d44082be478bd6c086daa447c4651605818287b9532d3d0bd435?s=96&d=mm&r=g","url":"https:\/\/secure.gravatar.com\/avatar\/3a8de04a2656d44082be478bd6c086daa447c4651605818287b9532d3d0bd435?s=96&d=mm&r=g","contentUrl":"https:\/\/secure.gravatar.com\/avatar\/3a8de04a2656d44082be478bd6c086daa447c4651605818287b9532d3d0bd435?s=96&d=mm&r=g","caption":"Lo viste en Los Pol\u00edticos"},"url":"https:\/\/lospoliticosveracruz.com\/?author=2"}]}},"_links":{"self":[{"href":"https:\/\/lospoliticosveracruz.com\/index.php?rest_route=\/wp\/v2\/posts\/61817","targetHints":{"allow":["GET"]}}],"collection":[{"href":"https:\/\/lospoliticosveracruz.com\/index.php?rest_route=\/wp\/v2\/posts"}],"about":[{"href":"https:\/\/lospoliticosveracruz.com\/index.php?rest_route=\/wp\/v2\/types\/post"}],"author":[{"embeddable":true,"href":"https:\/\/lospoliticosveracruz.com\/index.php?rest_route=\/wp\/v2\/users\/2"}],"replies":[{"embeddable":true,"href":"https:\/\/lospoliticosveracruz.com\/index.php?rest_route=%2Fwp%2Fv2%2Fcomments&post=61817"}],"version-history":[{"count":1,"href":"https:\/\/lospoliticosveracruz.com\/index.php?rest_route=\/wp\/v2\/posts\/61817\/revisions"}],"predecessor-version":[{"id":61819,"href":"https:\/\/lospoliticosveracruz.com\/index.php?rest_route=\/wp\/v2\/posts\/61817\/revisions\/61819"}],"wp:attachment":[{"href":"https:\/\/lospoliticosveracruz.com\/index.php?rest_route=%2Fwp%2Fv2%2Fmedia&parent=61817"}],"wp:term":[{"taxonomy":"category","embeddable":true,"href":"https:\/\/lospoliticosveracruz.com\/index.php?rest_route=%2Fwp%2Fv2%2Fcategories&post=61817"},{"taxonomy":"post_tag","embeddable":true,"href":"https:\/\/lospoliticosveracruz.com\/index.php?rest_route=%2Fwp%2Fv2%2Ftags&post=61817"}],"curies":[{"name":"wp","href":"https:\/\/api.w.org\/{rel}","templated":true}]}}