{"id":61827,"date":"2020-10-02T10:49:00","date_gmt":"2020-10-02T15:49:00","guid":{"rendered":"http:\/\/www.lospoliticosveracruz.com.mx\/?p=61827"},"modified":"2020-10-02T10:49:00","modified_gmt":"2020-10-02T15:49:00","slug":"alito-y-marlon-mismo-objetivo","status":"publish","type":"post","link":"https:\/\/lospoliticosveracruz.com\/?p=61827","title":{"rendered":"Alito y Marlon, mismo objetivo"},"content":{"rendered":"<p>&nbsp;<\/p>\n<p>El Comit\u00e9 Ejecutivo Nacional del PRI, presidido por Alejandro Moreno C\u00e1rdenas, y el Comit\u00e9 Directivo Estatal del PRI en Veracruz, presidido por Marlon Ram\u00edrez Mar\u00edn, trabajan en sinergia con el objetivo de fortalecerse rumbo al proceso electoral local pr\u00f3ximo, y as\u00ed qued\u00f3 establecido con la Sesi\u00f3n de Instalaci\u00f3n de la Mesa Estatal de Coordinaci\u00f3n con Sectores, Organizaciones y Organismos Especializados, del partido en la entidad.<br \/>\nEn la reuni\u00f3n, celebrada en la Sala Presidentes de la sede estatal del partido, el delegado del CEN en Veracruz, Jorge Meade Ocaranza, puntualiz\u00f3 que se deben redoblar esfuerzos, hablar claro, siempre de frente, mantener una comunicaci\u00f3n permanente, y trabajar de manera coordinada para buscar recuperar espacios en el pr\u00f3ximo proceso electoral local.<br \/>\nDej\u00f3 en claro el respaldo del presidente del CEN del PRI, Alejandro Moreno C\u00e1rdenas y de la secretaria general, Carolina Viggiano Austria, al priismo en Veracruz, y la intenci\u00f3n de integrar a todas las expresiones, de ennoblecer el trabajo en equipo, y la b\u00fasqueda continua de acuerdos por el bien com\u00fan.<br \/>\nEn su mensaje, el presidente del CDE del PRI, Marlon Ram\u00edrez Mar\u00edn, reconoci\u00f3 y agradeci\u00f3 el respaldo de la dirigencia nacional, y del delegado del CEN en Veracruz, y subray\u00f3 que se continuar\u00e1 con la evaluaci\u00f3n constante del desempe\u00f1o en cada una de las responsabilidades, con la suma de esfuerzos, con la apertura de puertas a quienes tengan deseo de trabajar y servir, privilegiando siempre la unidad.<br \/>\nEstuvieron presentes tambi\u00e9n en la sesi\u00f3n, en la que se dio apertura al di\u00e1logo y al intercambio de ideas: Arianna \u00c1ngeles Aguirre, secretaria general; Lorena Pi\u00f1\u00f3n Rivera, secretaria de Gesti\u00f3n Social de CEN del PRI; Ponciano V\u00e1zquez Parissi, secretario de Organizaci\u00f3n; Fernando Kuri Kuri, secretario de Acci\u00f3n Electoral; Ira\u00eds Morales Ju\u00e1rez, secretaria de Finanzas; Ernesto Alarc\u00f3n Guevara, secretario de Municipios en Oposici\u00f3n; Ram\u00f3n Alberto Reyes Viveros, secretario de Comunicaci\u00f3n y Estrategia; Eligio Morales Fuentes, secretario Adjunto a la presidencia; y Meztli Rodr\u00edguez Anota, secretaria t\u00e9cnica de la Comisi\u00f3n Estatal de Procesos Internos.<br \/>\nParticiparon tambi\u00e9n: Anil\u00fa Ingram Vallines, diputada federal; Erika Ayala R\u00edos, diputada local; Jorge Moreno, diputado local; Adolfo Ram\u00edrez Arana; secretario General CNOP; V\u00edctor Garc\u00eda Trueque, secretario general de la CTM; Carlos Rugerio Mart\u00ednez, presidente Estatal de la Red de J\u00f3venes por M\u00e9xico en Veracruz; Yolanda Lagunes L\u00f3pez, presidenta Estatal del ONMPRI en Veracruz; y Roc\u00edo Hagmaier Espinosa, secretaria de Mujeres J\u00f3venes; Irene Arag\u00f3n Santiago, secretaria general del Movimiento Territorial; Samuel Aguirre Ochoa, presidente estatal de Antorcha Campesina; Norma Priscila Bautista, y Jos\u00e9 Cardel, secretaria general y secretario de Acci\u00f3n Pol\u00edtica del Comit\u00e9 de Transici\u00f3n y Renovaci\u00f3n de los Comit\u00e9s de Base Campesina de la Liga de Comunidades Agrarias, Sindicatos y Organizaciones Campesinas del Estado de Veracruz-CNC.<br \/>\nDe igual forma: Tom\u00e1s Montoya Pereyra, y Karla Ladr\u00f3n de Guevara, presidente y secretaria general del Instituto Reyes Heroles en Veracruz; Renato Alarc\u00f3n Guevara y Julio C\u00e9sar Cerecedo Aguilar, presidente y vicepresidente de Filiales de la Fundaci\u00f3n Colosio Veracruz; Jorge Herrera Lezama, secretario de Organizaci\u00f3n estatal de PRI.Mx; Sheyla Jara Balc\u00e1zar, l\u00edder nacional de Chavos Red; Jos\u00e9 Marcelino Amaro Morales, presidente de la Agrupaci\u00f3n \u201cRicardo Flores Mag\u00f3n\u201d; Ricardo Fabio L\u00f3pez Mac\u00edas, presidente de la Corriente Cr\u00edtica Democr\u00e1tica del Siglo XX; Jaime Ortiz Alarc\u00f3n, presidente de la Corriente Cr\u00edtica; Luis G\u00f3mez Garay, presidente de la UGOCP; Yessenia Gallardo Castillo, presidenta de J\u00f3venes Anur, as\u00ed como dem\u00e1s integrantes del CDE del PRI, y representantes de sectores y organizaciones.<br \/>\nInmediatamente despu\u00e9s, se llev\u00f3 a cabo la Instalaci\u00f3n de la Mesa T\u00e9cnica Estatal y Municipal, con la participaci\u00f3n de secretarios y subsecretarios del CDE del PRI en Veracruz, la que de igual forma sesionar\u00e1 cada semana para informar actividades, evaluar y lograr acuerdos.<\/p>\n","protected":false},"excerpt":{"rendered":"<p>&nbsp; El Comit\u00e9 Ejecutivo Nacional del PRI, presidido por Alejandro Moreno C\u00e1rdenas, y el Comit\u00e9 Directivo Estatal del PRI en Veracruz, presidido por Marlon Ram\u00edrez Mar\u00edn, trabajan en sinergia con el objetivo de fortalecerse rumbo al proceso electoral local pr\u00f3ximo, y as\u00ed qued\u00f3 establecido con la Sesi\u00f3n de Instalaci\u00f3n de la Mesa Estatal de Coordinaci\u00f3n [&hellip;]<\/p>\n","protected":false},"author":2,"featured_media":0,"comment_status":"open","ping_status":"open","sticky":false,"template":"","format":"standard","meta":{"tdm_status":"","tdm_grid_status":"","footnotes":""},"categories":[73],"tags":[15048,1872,7581,22016,6676,1913,21593,4770,2908,3951,20045],"class_list":{"0":"post-61827","1":"post","2":"type-post","3":"status-publish","4":"format-standard","6":"category-de-boleto","7":"tag-alejandro-moreno-cardenas","8":"tag-anilu-ingram-vallines","9":"tag-carolina-viggiano-austria","10":"tag-cen-en-veracruz","11":"tag-fernando-kuri-kuri","12":"tag-irais-morales-juarez","13":"tag-jorge-meade-ocaranza","14":"tag-lorena-pinon-rivera","15":"tag-marlon-ramirez-marin","16":"tag-ponciano-vazquez-parissi","17":"tag-pri-en-veracruz"},"yoast_head":"<!-- This site is optimized with the Yoast SEO plugin v27.4 - https:\/\/yoast.com\/product\/yoast-seo-wordpress\/ -->\n<title>Alito y Marlon, mismo objetivo - Los pol\u00edticos Veracruz<\/title>\n<meta name=\"robots\" content=\"index, follow, max-snippet:-1, max-image-preview:large, max-video-preview:-1\" \/>\n<link rel=\"canonical\" href=\"https:\/\/lospoliticosveracruz.com\/?p=61827\" \/>\n<meta property=\"og:locale\" content=\"es_ES\" \/>\n<meta property=\"og:type\" content=\"article\" \/>\n<meta property=\"og:title\" content=\"Alito y Marlon, mismo objetivo - Los pol\u00edticos Veracruz\" \/>\n<meta property=\"og:description\" content=\"&nbsp; El Comit\u00e9 Ejecutivo Nacional del PRI, presidido por Alejandro Moreno C\u00e1rdenas, y el Comit\u00e9 Directivo Estatal del PRI en Veracruz, presidido por Marlon Ram\u00edrez Mar\u00edn, trabajan en sinergia con el objetivo de fortalecerse rumbo al proceso electoral local pr\u00f3ximo, y as\u00ed qued\u00f3 establecido con la Sesi\u00f3n de Instalaci\u00f3n de la Mesa Estatal de Coordinaci\u00f3n [&hellip;]\" \/>\n<meta property=\"og:url\" content=\"https:\/\/lospoliticosveracruz.com\/?p=61827\" \/>\n<meta property=\"og:site_name\" content=\"Los pol\u00edticos Veracruz\" \/>\n<meta property=\"article:publisher\" content=\"https:\/\/www.facebook.com\/people\/Notimemes-de-los-Polticos\/61565672886568\/\" \/>\n<meta property=\"article:published_time\" content=\"2020-10-02T15:49:00+00:00\" \/>\n<meta property=\"og:image\" content=\"https:\/\/lospoliticosveracruz.com\/wp-content\/uploads\/2016\/07\/Logo-Dor.jpg\" \/>\n\t<meta property=\"og:image:width\" content=\"200\" \/>\n\t<meta property=\"og:image:height\" content=\"200\" \/>\n\t<meta property=\"og:image:type\" content=\"image\/jpeg\" \/>\n<meta name=\"author\" content=\"Lo viste en Los Pol\u00edticos\" \/>\n<meta name=\"twitter:card\" content=\"summary_large_image\" \/>\n<meta name=\"twitter:creator\" content=\"@LosPoliticosVer\" \/>\n<meta name=\"twitter:site\" content=\"@LosPoliticosVer\" \/>\n<meta name=\"twitter:label1\" content=\"Escrito por\" \/>\n\t<meta name=\"twitter:data1\" content=\"Lo viste en Los Pol\u00edticos\" \/>\n\t<meta name=\"twitter:label2\" content=\"Tiempo de lectura\" \/>\n\t<meta name=\"twitter:data2\" content=\"3 minutos\" \/>\n<script type=\"application\/ld+json\" class=\"yoast-schema-graph\">{\"@context\":\"https:\\\/\\\/schema.org\",\"@graph\":[{\"@type\":\"Article\",\"@id\":\"https:\\\/\\\/lospoliticosveracruz.com\\\/?p=61827#article\",\"isPartOf\":{\"@id\":\"https:\\\/\\\/lospoliticosveracruz.com\\\/?p=61827\"},\"author\":{\"name\":\"Lo viste en Los Pol\u00edticos\",\"@id\":\"https:\\\/\\\/lospoliticosveracruz.com\\\/#\\\/schema\\\/person\\\/b8702bb0e538456e6efd07080bf2a4a2\"},\"headline\":\"Alito y Marlon, mismo objetivo\",\"datePublished\":\"2020-10-02T15:49:00+00:00\",\"mainEntityOfPage\":{\"@id\":\"https:\\\/\\\/lospoliticosveracruz.com\\\/?p=61827\"},\"wordCount\":685,\"commentCount\":0,\"publisher\":{\"@id\":\"https:\\\/\\\/lospoliticosveracruz.com\\\/#organization\"},\"keywords\":[\"Alejandro Moreno C\u00e1rdenas\",\"Anil\u00fa Ingram Vallines\",\"Carolina Viggiano Austria\",\"CEN en Veracruz\",\"Fernando Kuri Kuri\",\"Ira\u00eds Morales Ju\u00e1rez\",\"Jorge Meade Ocaranza.\",\"Lorena Pi\u00f1\u00f3n Rivera\",\"Marlon Ram\u00edrez Mar\u00edn\",\"Ponciano V\u00e1zquez Parissi\",\"PRI en Veracruz\"],\"articleSection\":[\"De Boleto\"],\"inLanguage\":\"es\",\"potentialAction\":[{\"@type\":\"CommentAction\",\"name\":\"Comment\",\"target\":[\"https:\\\/\\\/lospoliticosveracruz.com\\\/?p=61827#respond\"]}]},{\"@type\":\"WebPage\",\"@id\":\"https:\\\/\\\/lospoliticosveracruz.com\\\/?p=61827\",\"url\":\"https:\\\/\\\/lospoliticosveracruz.com\\\/?p=61827\",\"name\":\"Alito y Marlon, mismo objetivo - Los pol\u00edticos Veracruz\",\"isPartOf\":{\"@id\":\"https:\\\/\\\/lospoliticosveracruz.com\\\/#website\"},\"datePublished\":\"2020-10-02T15:49:00+00:00\",\"breadcrumb\":{\"@id\":\"https:\\\/\\\/lospoliticosveracruz.com\\\/?p=61827#breadcrumb\"},\"inLanguage\":\"es\",\"potentialAction\":[{\"@type\":\"ReadAction\",\"target\":[\"https:\\\/\\\/lospoliticosveracruz.com\\\/?p=61827\"]}]},{\"@type\":\"BreadcrumbList\",\"@id\":\"https:\\\/\\\/lospoliticosveracruz.com\\\/?p=61827#breadcrumb\",\"itemListElement\":[{\"@type\":\"ListItem\",\"position\":1,\"name\":\"Portada\",\"item\":\"https:\\\/\\\/lospoliticosveracruz.com\\\/\"},{\"@type\":\"ListItem\",\"position\":2,\"name\":\"Alito y Marlon, mismo objetivo\"}]},{\"@type\":\"WebSite\",\"@id\":\"https:\\\/\\\/lospoliticosveracruz.com\\\/#website\",\"url\":\"https:\\\/\\\/lospoliticosveracruz.com\\\/\",\"name\":\"Los pol\u00edticos Veracruz\",\"description\":\"\",\"publisher\":{\"@id\":\"https:\\\/\\\/lospoliticosveracruz.com\\\/#organization\"},\"potentialAction\":[{\"@type\":\"SearchAction\",\"target\":{\"@type\":\"EntryPoint\",\"urlTemplate\":\"https:\\\/\\\/lospoliticosveracruz.com\\\/?s={search_term_string}\"},\"query-input\":{\"@type\":\"PropertyValueSpecification\",\"valueRequired\":true,\"valueName\":\"search_term_string\"}}],\"inLanguage\":\"es\"},{\"@type\":\"Organization\",\"@id\":\"https:\\\/\\\/lospoliticosveracruz.com\\\/#organization\",\"name\":\"Los pol\u00edticos Veracruz\",\"url\":\"https:\\\/\\\/lospoliticosveracruz.com\\\/\",\"logo\":{\"@type\":\"ImageObject\",\"inLanguage\":\"es\",\"@id\":\"https:\\\/\\\/lospoliticosveracruz.com\\\/#\\\/schema\\\/logo\\\/image\\\/\",\"url\":\"https:\\\/\\\/lospoliticosveracruz.com\\\/wp-content\\\/uploads\\\/2025\\\/12\\\/Logo-Nuevo-LOS-POLITICOS-1.jpg\",\"contentUrl\":\"https:\\\/\\\/lospoliticosveracruz.com\\\/wp-content\\\/uploads\\\/2025\\\/12\\\/Logo-Nuevo-LOS-POLITICOS-1.jpg\",\"width\":260,\"height\":70,\"caption\":\"Los pol\u00edticos Veracruz\"},\"image\":{\"@id\":\"https:\\\/\\\/lospoliticosveracruz.com\\\/#\\\/schema\\\/logo\\\/image\\\/\"},\"sameAs\":[\"https:\\\/\\\/www.facebook.com\\\/people\\\/Notimemes-de-los-Polticos\\\/61565672886568\\\/\",\"https:\\\/\\\/x.com\\\/LosPoliticosVer\"]},{\"@type\":\"Person\",\"@id\":\"https:\\\/\\\/lospoliticosveracruz.com\\\/#\\\/schema\\\/person\\\/b8702bb0e538456e6efd07080bf2a4a2\",\"name\":\"Lo viste en Los Pol\u00edticos\",\"image\":{\"@type\":\"ImageObject\",\"inLanguage\":\"es\",\"@id\":\"https:\\\/\\\/secure.gravatar.com\\\/avatar\\\/3a8de04a2656d44082be478bd6c086daa447c4651605818287b9532d3d0bd435?s=96&d=mm&r=g\",\"url\":\"https:\\\/\\\/secure.gravatar.com\\\/avatar\\\/3a8de04a2656d44082be478bd6c086daa447c4651605818287b9532d3d0bd435?s=96&d=mm&r=g\",\"contentUrl\":\"https:\\\/\\\/secure.gravatar.com\\\/avatar\\\/3a8de04a2656d44082be478bd6c086daa447c4651605818287b9532d3d0bd435?s=96&d=mm&r=g\",\"caption\":\"Lo viste en Los Pol\u00edticos\"},\"url\":\"https:\\\/\\\/lospoliticosveracruz.com\\\/?author=2\"}]}<\/script>\n<!-- \/ Yoast SEO plugin. -->","yoast_head_json":{"title":"Alito y Marlon, mismo objetivo - Los pol\u00edticos Veracruz","robots":{"index":"index","follow":"follow","max-snippet":"max-snippet:-1","max-image-preview":"max-image-preview:large","max-video-preview":"max-video-preview:-1"},"canonical":"https:\/\/lospoliticosveracruz.com\/?p=61827","og_locale":"es_ES","og_type":"article","og_title":"Alito y Marlon, mismo objetivo - Los pol\u00edticos Veracruz","og_description":"&nbsp; El Comit\u00e9 Ejecutivo Nacional del PRI, presidido por Alejandro Moreno C\u00e1rdenas, y el Comit\u00e9 Directivo Estatal del PRI en Veracruz, presidido por Marlon Ram\u00edrez Mar\u00edn, trabajan en sinergia con el objetivo de fortalecerse rumbo al proceso electoral local pr\u00f3ximo, y as\u00ed qued\u00f3 establecido con la Sesi\u00f3n de Instalaci\u00f3n de la Mesa Estatal de Coordinaci\u00f3n [&hellip;]","og_url":"https:\/\/lospoliticosveracruz.com\/?p=61827","og_site_name":"Los pol\u00edticos Veracruz","article_publisher":"https:\/\/www.facebook.com\/people\/Notimemes-de-los-Polticos\/61565672886568\/","article_published_time":"2020-10-02T15:49:00+00:00","og_image":[{"width":200,"height":200,"url":"https:\/\/lospoliticosveracruz.com\/wp-content\/uploads\/2016\/07\/Logo-Dor.jpg","type":"image\/jpeg"}],"author":"Lo viste en Los Pol\u00edticos","twitter_card":"summary_large_image","twitter_creator":"@LosPoliticosVer","twitter_site":"@LosPoliticosVer","twitter_misc":{"Escrito por":"Lo viste en Los Pol\u00edticos","Tiempo de lectura":"3 minutos"},"schema":{"@context":"https:\/\/schema.org","@graph":[{"@type":"Article","@id":"https:\/\/lospoliticosveracruz.com\/?p=61827#article","isPartOf":{"@id":"https:\/\/lospoliticosveracruz.com\/?p=61827"},"author":{"name":"Lo viste en Los Pol\u00edticos","@id":"https:\/\/lospoliticosveracruz.com\/#\/schema\/person\/b8702bb0e538456e6efd07080bf2a4a2"},"headline":"Alito y Marlon, mismo objetivo","datePublished":"2020-10-02T15:49:00+00:00","mainEntityOfPage":{"@id":"https:\/\/lospoliticosveracruz.com\/?p=61827"},"wordCount":685,"commentCount":0,"publisher":{"@id":"https:\/\/lospoliticosveracruz.com\/#organization"},"keywords":["Alejandro Moreno C\u00e1rdenas","Anil\u00fa Ingram Vallines","Carolina Viggiano Austria","CEN en Veracruz","Fernando Kuri Kuri","Ira\u00eds Morales Ju\u00e1rez","Jorge Meade Ocaranza.","Lorena Pi\u00f1\u00f3n Rivera","Marlon Ram\u00edrez Mar\u00edn","Ponciano V\u00e1zquez Parissi","PRI en Veracruz"],"articleSection":["De Boleto"],"inLanguage":"es","potentialAction":[{"@type":"CommentAction","name":"Comment","target":["https:\/\/lospoliticosveracruz.com\/?p=61827#respond"]}]},{"@type":"WebPage","@id":"https:\/\/lospoliticosveracruz.com\/?p=61827","url":"https:\/\/lospoliticosveracruz.com\/?p=61827","name":"Alito y Marlon, mismo objetivo - Los pol\u00edticos Veracruz","isPartOf":{"@id":"https:\/\/lospoliticosveracruz.com\/#website"},"datePublished":"2020-10-02T15:49:00+00:00","breadcrumb":{"@id":"https:\/\/lospoliticosveracruz.com\/?p=61827#breadcrumb"},"inLanguage":"es","potentialAction":[{"@type":"ReadAction","target":["https:\/\/lospoliticosveracruz.com\/?p=61827"]}]},{"@type":"BreadcrumbList","@id":"https:\/\/lospoliticosveracruz.com\/?p=61827#breadcrumb","itemListElement":[{"@type":"ListItem","position":1,"name":"Portada","item":"https:\/\/lospoliticosveracruz.com\/"},{"@type":"ListItem","position":2,"name":"Alito y Marlon, mismo objetivo"}]},{"@type":"WebSite","@id":"https:\/\/lospoliticosveracruz.com\/#website","url":"https:\/\/lospoliticosveracruz.com\/","name":"Los pol\u00edticos Veracruz","description":"","publisher":{"@id":"https:\/\/lospoliticosveracruz.com\/#organization"},"potentialAction":[{"@type":"SearchAction","target":{"@type":"EntryPoint","urlTemplate":"https:\/\/lospoliticosveracruz.com\/?s={search_term_string}"},"query-input":{"@type":"PropertyValueSpecification","valueRequired":true,"valueName":"search_term_string"}}],"inLanguage":"es"},{"@type":"Organization","@id":"https:\/\/lospoliticosveracruz.com\/#organization","name":"Los pol\u00edticos Veracruz","url":"https:\/\/lospoliticosveracruz.com\/","logo":{"@type":"ImageObject","inLanguage":"es","@id":"https:\/\/lospoliticosveracruz.com\/#\/schema\/logo\/image\/","url":"https:\/\/lospoliticosveracruz.com\/wp-content\/uploads\/2025\/12\/Logo-Nuevo-LOS-POLITICOS-1.jpg","contentUrl":"https:\/\/lospoliticosveracruz.com\/wp-content\/uploads\/2025\/12\/Logo-Nuevo-LOS-POLITICOS-1.jpg","width":260,"height":70,"caption":"Los pol\u00edticos Veracruz"},"image":{"@id":"https:\/\/lospoliticosveracruz.com\/#\/schema\/logo\/image\/"},"sameAs":["https:\/\/www.facebook.com\/people\/Notimemes-de-los-Polticos\/61565672886568\/","https:\/\/x.com\/LosPoliticosVer"]},{"@type":"Person","@id":"https:\/\/lospoliticosveracruz.com\/#\/schema\/person\/b8702bb0e538456e6efd07080bf2a4a2","name":"Lo viste en Los Pol\u00edticos","image":{"@type":"ImageObject","inLanguage":"es","@id":"https:\/\/secure.gravatar.com\/avatar\/3a8de04a2656d44082be478bd6c086daa447c4651605818287b9532d3d0bd435?s=96&d=mm&r=g","url":"https:\/\/secure.gravatar.com\/avatar\/3a8de04a2656d44082be478bd6c086daa447c4651605818287b9532d3d0bd435?s=96&d=mm&r=g","contentUrl":"https:\/\/secure.gravatar.com\/avatar\/3a8de04a2656d44082be478bd6c086daa447c4651605818287b9532d3d0bd435?s=96&d=mm&r=g","caption":"Lo viste en Los Pol\u00edticos"},"url":"https:\/\/lospoliticosveracruz.com\/?author=2"}]}},"_links":{"self":[{"href":"https:\/\/lospoliticosveracruz.com\/index.php?rest_route=\/wp\/v2\/posts\/61827","targetHints":{"allow":["GET"]}}],"collection":[{"href":"https:\/\/lospoliticosveracruz.com\/index.php?rest_route=\/wp\/v2\/posts"}],"about":[{"href":"https:\/\/lospoliticosveracruz.com\/index.php?rest_route=\/wp\/v2\/types\/post"}],"author":[{"embeddable":true,"href":"https:\/\/lospoliticosveracruz.com\/index.php?rest_route=\/wp\/v2\/users\/2"}],"replies":[{"embeddable":true,"href":"https:\/\/lospoliticosveracruz.com\/index.php?rest_route=%2Fwp%2Fv2%2Fcomments&post=61827"}],"version-history":[{"count":1,"href":"https:\/\/lospoliticosveracruz.com\/index.php?rest_route=\/wp\/v2\/posts\/61827\/revisions"}],"predecessor-version":[{"id":61829,"href":"https:\/\/lospoliticosveracruz.com\/index.php?rest_route=\/wp\/v2\/posts\/61827\/revisions\/61829"}],"wp:attachment":[{"href":"https:\/\/lospoliticosveracruz.com\/index.php?rest_route=%2Fwp%2Fv2%2Fmedia&parent=61827"}],"wp:term":[{"taxonomy":"category","embeddable":true,"href":"https:\/\/lospoliticosveracruz.com\/index.php?rest_route=%2Fwp%2Fv2%2Fcategories&post=61827"},{"taxonomy":"post_tag","embeddable":true,"href":"https:\/\/lospoliticosveracruz.com\/index.php?rest_route=%2Fwp%2Fv2%2Ftags&post=61827"}],"curies":[{"name":"wp","href":"https:\/\/api.w.org\/{rel}","templated":true}]}}