{"id":61849,"date":"2020-10-02T20:49:39","date_gmt":"2020-10-03T01:49:39","guid":{"rendered":"http:\/\/www.lospoliticosveracruz.com.mx\/?p=61849"},"modified":"2020-10-02T20:49:39","modified_gmt":"2020-10-03T01:49:39","slug":"azules-que-dejaran-huella-en-la-cuenca","status":"publish","type":"post","link":"https:\/\/lospoliticosveracruz.com\/?p=61849","title":{"rendered":"Azules que dejar\u00e1n huella en la Cuenca"},"content":{"rendered":"<p>&nbsp;<\/p>\n<p><strong>Eduardo Venegas Naranjo<\/strong><br \/>\n<em>Ac\u00e1 entre nos<\/em><\/p>\n<p>El Partido Acci\u00f3n Nacional en la Cuenca del Papaloapan tiene buenos alcaldes que han dado buenos resultados durante el ejercicio municipal 2018-2021.<\/p>\n<p>Clara Luz haciendo la diferencia<br \/>\nTlacojalpan tiene en Clara Luz Dom\u00ednguez Vargas una alcaldesa comprometida, mujer de palabra que sabe atacar los rezagos que existen en el municipio, siempre fortaleciendo a los m\u00e1s vulnerables.<br \/>\nElla ha llevado a la transformaci\u00f3n a Tlacojalpan. Hace unos semanas demostr\u00f3 su buena capacidad de gesti\u00f3n, al poner en marcha el primer cajero autom\u00e1tico en la demarcaci\u00f3n. Clara Luz sabe atacar las necesidades, sabe que Tlacojalpan merece cambiar, por ello ha estado realizando las gestiones pertinentes para que llegue a la ciudad una tienda de conveniencia Oxxo, con la finalidad de que los ciudadanos tengan servicios bancarios y eviten trasladarse a otros municipios. Clarita sin duda tendr\u00e1 continuidad su buen trabajo la respalda y los ciudadanos est\u00e1n agradecidos por sus acciones.<\/p>\n<p><a href=\"http:\/\/www.lospoliticosveracruz.com.mx\/wp-content\/uploads\/2020\/10\/2.jpg\"><img loading=\"lazy\" decoding=\"async\" class=\" size-full wp-image-61852 aligncenter\" src=\"http:\/\/www.lospoliticosveracruz.com.mx\/wp-content\/uploads\/2020\/10\/2.jpg\" alt=\"2\" width=\"600\" height=\"400\" \/><\/a><\/p>\n<p>Cosamaloapan rumbo a la transformaci\u00f3n<br \/>\nRa\u00fal Hermida Salt\u00f3 recibi\u00f3 en ruinas a Cosamaloapan. Malas administraciones y malos manejos ten\u00edan hundido al municipio; hoy est\u00e1 saneado, hay inversi\u00f3n, la obra p\u00fablica es visible.<br \/>\nEl liderazgo de Hermida Salt\u00f3 es notable, es un alcalde que trabaja a favor de sus ciudadanos: 35 domos en instituciones educativas, m\u00e1s de 100 cuartos dormitorios, rehabilitaci\u00f3n de caminos rurales, embellecimiento de \u00e1reas verdes&#8230; la ciudad es otra. Los resultados han sido a corto plazo. Sin duda el alcalde cosamaloape\u00f1o tiene una gran tarea a un a\u00f1o tres meses para concluir su mandato. Raul dejar\u00e1 huella, su liderazgo tendr\u00e1 continuidad en su municipio, tiene el respaldo de su gente, de l\u00edderes, as\u00ed como la confianza y apoyo de la directiva del Partido Acci\u00f3n Nacional en el estado de Veracruz.<\/p>\n<p><a href=\"http:\/\/www.lospoliticosveracruz.com.mx\/wp-content\/uploads\/2020\/10\/3.jpg\"><img loading=\"lazy\" decoding=\"async\" class=\" size-full wp-image-61850 aligncenter\" src=\"http:\/\/www.lospoliticosveracruz.com.mx\/wp-content\/uploads\/2020\/10\/3.jpg\" alt=\"3\" width=\"600\" height=\"399\" \/><\/a><\/p>\n<p>Jos\u00e9 Manuel D\u00edaz le invierte a Tres Valles<br \/>\nTres Valles es un municipio que avanza bajo el mando de Jos\u00e9 Manuel D\u00edaz Rodr\u00edguez. Hace unos d\u00edas hizo el anuncio de obras importantes que marcan la diferencia y el bienestar para la poblaci\u00f3n.<br \/>\nEl mi\u00e9rcoles, Jos\u00e9 Manuel puso en marcha 4 obras importantes con una inversi\u00f3n millonaria: 1.- la construcci\u00f3n de pavimento en la calle principal de la colonia Nueva La Pochota; 2.- en la zona urbana Ejidal se construir\u00e1n 1,084 metros cuadrados de pavimento hidr\u00e1ulico en la calle Dante Delgado; 3.- La tan anhelada rehabilitaci\u00f3n de la calle Presidentes Mexicanos, el tramo entre la calle Miguel Hidalgo y Aquiles Serd\u00e1n, 4.- En la comunidad de La Guadalupe donde invertir\u00e1n $1,096,973 de pesos en la construcci\u00f3n de guarniciones y banquetas sobre la calle Libertad y Jos\u00e9 Mar\u00eda Morelos.<br \/>\nSin duda alguna este municipio est\u00e1 bien comandado por Jos\u00e9 Manuel D\u00edaz quien le ha apostado a la obra p\u00fablica en zonas vulnerables. Tres Valles avanza y el alcalde se consolida su futuro para continuar sirviendo a la ciudadan\u00eda.<\/p>\n","protected":false},"excerpt":{"rendered":"<p>&nbsp; Eduardo Venegas Naranjo Ac\u00e1 entre nos El Partido Acci\u00f3n Nacional en la Cuenca del Papaloapan tiene buenos alcaldes que han dado buenos resultados durante el ejercicio municipal 2018-2021. Clara Luz haciendo la diferencia Tlacojalpan tiene en Clara Luz Dom\u00ednguez Vargas una alcaldesa comprometida, mujer de palabra que sabe atacar los rezagos que existen en [&hellip;]<\/p>\n","protected":false},"author":2,"featured_media":0,"comment_status":"open","ping_status":"open","sticky":false,"template":"","format":"standard","meta":{"tdm_status":"","tdm_grid_status":"","footnotes":""},"categories":[70],"tags":[22039,12471,22042,3659,22041,12297,20943,6287,602,2245,12583,22040,12472,12496,195],"class_list":{"0":"post-61849","1":"post","2":"type-post","3":"status-publish","4":"format-standard","6":"category-de-opinion","7":"tag-clara-luz","8":"tag-clara-luz-dominguez-vargas","9":"tag-construccion-de-guarniciones-y-banquetas","10":"tag-cosamaloapan","11":"tag-cosamaloapeno","12":"tag-cuenca-del-papaloapan","13":"tag-jose-manuel-diaz-rodriguez","14":"tag-obra-publica","15":"tag-oxxo","16":"tag-partido-accion-nacional","17":"tag-raul-hermida-salto","18":"tag-servicios-bancarios","19":"tag-tlacojalpan","20":"tag-tres-valles","21":"tag-veracruz"},"yoast_head":"<!-- This site is optimized with the Yoast SEO plugin v27.4 - https:\/\/yoast.com\/product\/yoast-seo-wordpress\/ -->\n<title>Azules que dejar\u00e1n huella en la Cuenca - Los pol\u00edticos Veracruz<\/title>\n<meta name=\"robots\" content=\"index, follow, max-snippet:-1, max-image-preview:large, max-video-preview:-1\" \/>\n<link rel=\"canonical\" href=\"https:\/\/lospoliticosveracruz.com\/?p=61849\" \/>\n<meta property=\"og:locale\" content=\"es_ES\" \/>\n<meta property=\"og:type\" content=\"article\" \/>\n<meta property=\"og:title\" content=\"Azules que dejar\u00e1n huella en la Cuenca - Los pol\u00edticos Veracruz\" \/>\n<meta property=\"og:description\" content=\"&nbsp; Eduardo Venegas Naranjo Ac\u00e1 entre nos El Partido Acci\u00f3n Nacional en la Cuenca del Papaloapan tiene buenos alcaldes que han dado buenos resultados durante el ejercicio municipal 2018-2021. Clara Luz haciendo la diferencia Tlacojalpan tiene en Clara Luz Dom\u00ednguez Vargas una alcaldesa comprometida, mujer de palabra que sabe atacar los rezagos que existen en [&hellip;]\" \/>\n<meta property=\"og:url\" content=\"https:\/\/lospoliticosveracruz.com\/?p=61849\" \/>\n<meta property=\"og:site_name\" content=\"Los pol\u00edticos Veracruz\" \/>\n<meta property=\"article:publisher\" content=\"https:\/\/www.facebook.com\/people\/Notimemes-de-los-Polticos\/61565672886568\/\" \/>\n<meta property=\"article:published_time\" content=\"2020-10-03T01:49:39+00:00\" \/>\n<meta property=\"og:image\" content=\"http:\/\/www.lospoliticosveracruz.com.mx\/wp-content\/uploads\/2020\/10\/2.jpg\" \/>\n<meta name=\"author\" content=\"Lo viste en Los Pol\u00edticos\" \/>\n<meta name=\"twitter:card\" content=\"summary_large_image\" \/>\n<meta name=\"twitter:creator\" content=\"@LosPoliticosVer\" \/>\n<meta name=\"twitter:site\" content=\"@LosPoliticosVer\" \/>\n<meta name=\"twitter:label1\" content=\"Escrito por\" \/>\n\t<meta name=\"twitter:data1\" content=\"Lo viste en Los Pol\u00edticos\" \/>\n\t<meta name=\"twitter:label2\" content=\"Tiempo de lectura\" \/>\n\t<meta name=\"twitter:data2\" content=\"2 minutos\" \/>\n<script type=\"application\/ld+json\" class=\"yoast-schema-graph\">{\"@context\":\"https:\\\/\\\/schema.org\",\"@graph\":[{\"@type\":\"Article\",\"@id\":\"https:\\\/\\\/lospoliticosveracruz.com\\\/?p=61849#article\",\"isPartOf\":{\"@id\":\"https:\\\/\\\/lospoliticosveracruz.com\\\/?p=61849\"},\"author\":{\"name\":\"Lo viste en Los Pol\u00edticos\",\"@id\":\"https:\\\/\\\/lospoliticosveracruz.com\\\/#\\\/schema\\\/person\\\/b8702bb0e538456e6efd07080bf2a4a2\"},\"headline\":\"Azules que dejar\u00e1n huella en la Cuenca\",\"datePublished\":\"2020-10-03T01:49:39+00:00\",\"mainEntityOfPage\":{\"@id\":\"https:\\\/\\\/lospoliticosveracruz.com\\\/?p=61849\"},\"wordCount\":503,\"commentCount\":0,\"publisher\":{\"@id\":\"https:\\\/\\\/lospoliticosveracruz.com\\\/#organization\"},\"image\":{\"@id\":\"https:\\\/\\\/lospoliticosveracruz.com\\\/?p=61849#primaryimage\"},\"thumbnailUrl\":\"http:\\\/\\\/www.lospoliticosveracruz.com.mx\\\/wp-content\\\/uploads\\\/2020\\\/10\\\/2.jpg\",\"keywords\":[\"Clara Luz\",\"Clara Luz Dom\u00ednguez Vargas\",\"construcci\u00f3n de guarniciones y banquetas\",\"Cosamaloapan\",\"cosamaloape\u00f1o\",\"Cuenca del Papaloapan\",\"Jos\u00e9 Manuel D\u00edaz Rodr\u00edguez\",\"Obra p\u00fablica\",\"Oxxo\",\"Partido Acci\u00f3n Nacional\",\"Ra\u00fal Hermida Salto\",\"Servicios bancarios\",\"Tlacojalpan\",\"Tres Valles\",\"Veracruz\"],\"articleSection\":[\"De Opini\u00f3n\"],\"inLanguage\":\"es\",\"potentialAction\":[{\"@type\":\"CommentAction\",\"name\":\"Comment\",\"target\":[\"https:\\\/\\\/lospoliticosveracruz.com\\\/?p=61849#respond\"]}]},{\"@type\":\"WebPage\",\"@id\":\"https:\\\/\\\/lospoliticosveracruz.com\\\/?p=61849\",\"url\":\"https:\\\/\\\/lospoliticosveracruz.com\\\/?p=61849\",\"name\":\"Azules que dejar\u00e1n huella en la Cuenca - Los pol\u00edticos Veracruz\",\"isPartOf\":{\"@id\":\"https:\\\/\\\/lospoliticosveracruz.com\\\/#website\"},\"primaryImageOfPage\":{\"@id\":\"https:\\\/\\\/lospoliticosveracruz.com\\\/?p=61849#primaryimage\"},\"image\":{\"@id\":\"https:\\\/\\\/lospoliticosveracruz.com\\\/?p=61849#primaryimage\"},\"thumbnailUrl\":\"http:\\\/\\\/www.lospoliticosveracruz.com.mx\\\/wp-content\\\/uploads\\\/2020\\\/10\\\/2.jpg\",\"datePublished\":\"2020-10-03T01:49:39+00:00\",\"breadcrumb\":{\"@id\":\"https:\\\/\\\/lospoliticosveracruz.com\\\/?p=61849#breadcrumb\"},\"inLanguage\":\"es\",\"potentialAction\":[{\"@type\":\"ReadAction\",\"target\":[\"https:\\\/\\\/lospoliticosveracruz.com\\\/?p=61849\"]}]},{\"@type\":\"ImageObject\",\"inLanguage\":\"es\",\"@id\":\"https:\\\/\\\/lospoliticosveracruz.com\\\/?p=61849#primaryimage\",\"url\":\"http:\\\/\\\/www.lospoliticosveracruz.com.mx\\\/wp-content\\\/uploads\\\/2020\\\/10\\\/2.jpg\",\"contentUrl\":\"http:\\\/\\\/www.lospoliticosveracruz.com.mx\\\/wp-content\\\/uploads\\\/2020\\\/10\\\/2.jpg\"},{\"@type\":\"BreadcrumbList\",\"@id\":\"https:\\\/\\\/lospoliticosveracruz.com\\\/?p=61849#breadcrumb\",\"itemListElement\":[{\"@type\":\"ListItem\",\"position\":1,\"name\":\"Portada\",\"item\":\"https:\\\/\\\/lospoliticosveracruz.com\\\/\"},{\"@type\":\"ListItem\",\"position\":2,\"name\":\"Azules que dejar\u00e1n huella en la Cuenca\"}]},{\"@type\":\"WebSite\",\"@id\":\"https:\\\/\\\/lospoliticosveracruz.com\\\/#website\",\"url\":\"https:\\\/\\\/lospoliticosveracruz.com\\\/\",\"name\":\"Los pol\u00edticos Veracruz\",\"description\":\"\",\"publisher\":{\"@id\":\"https:\\\/\\\/lospoliticosveracruz.com\\\/#organization\"},\"potentialAction\":[{\"@type\":\"SearchAction\",\"target\":{\"@type\":\"EntryPoint\",\"urlTemplate\":\"https:\\\/\\\/lospoliticosveracruz.com\\\/?s={search_term_string}\"},\"query-input\":{\"@type\":\"PropertyValueSpecification\",\"valueRequired\":true,\"valueName\":\"search_term_string\"}}],\"inLanguage\":\"es\"},{\"@type\":\"Organization\",\"@id\":\"https:\\\/\\\/lospoliticosveracruz.com\\\/#organization\",\"name\":\"Los pol\u00edticos Veracruz\",\"url\":\"https:\\\/\\\/lospoliticosveracruz.com\\\/\",\"logo\":{\"@type\":\"ImageObject\",\"inLanguage\":\"es\",\"@id\":\"https:\\\/\\\/lospoliticosveracruz.com\\\/#\\\/schema\\\/logo\\\/image\\\/\",\"url\":\"https:\\\/\\\/lospoliticosveracruz.com\\\/wp-content\\\/uploads\\\/2025\\\/12\\\/Logo-Nuevo-LOS-POLITICOS-1.jpg\",\"contentUrl\":\"https:\\\/\\\/lospoliticosveracruz.com\\\/wp-content\\\/uploads\\\/2025\\\/12\\\/Logo-Nuevo-LOS-POLITICOS-1.jpg\",\"width\":260,\"height\":70,\"caption\":\"Los pol\u00edticos Veracruz\"},\"image\":{\"@id\":\"https:\\\/\\\/lospoliticosveracruz.com\\\/#\\\/schema\\\/logo\\\/image\\\/\"},\"sameAs\":[\"https:\\\/\\\/www.facebook.com\\\/people\\\/Notimemes-de-los-Polticos\\\/61565672886568\\\/\",\"https:\\\/\\\/x.com\\\/LosPoliticosVer\"]},{\"@type\":\"Person\",\"@id\":\"https:\\\/\\\/lospoliticosveracruz.com\\\/#\\\/schema\\\/person\\\/b8702bb0e538456e6efd07080bf2a4a2\",\"name\":\"Lo viste en Los Pol\u00edticos\",\"image\":{\"@type\":\"ImageObject\",\"inLanguage\":\"es\",\"@id\":\"https:\\\/\\\/secure.gravatar.com\\\/avatar\\\/3a8de04a2656d44082be478bd6c086daa447c4651605818287b9532d3d0bd435?s=96&d=mm&r=g\",\"url\":\"https:\\\/\\\/secure.gravatar.com\\\/avatar\\\/3a8de04a2656d44082be478bd6c086daa447c4651605818287b9532d3d0bd435?s=96&d=mm&r=g\",\"contentUrl\":\"https:\\\/\\\/secure.gravatar.com\\\/avatar\\\/3a8de04a2656d44082be478bd6c086daa447c4651605818287b9532d3d0bd435?s=96&d=mm&r=g\",\"caption\":\"Lo viste en Los Pol\u00edticos\"},\"url\":\"https:\\\/\\\/lospoliticosveracruz.com\\\/?author=2\"}]}<\/script>\n<!-- \/ Yoast SEO plugin. -->","yoast_head_json":{"title":"Azules que dejar\u00e1n huella en la Cuenca - Los pol\u00edticos Veracruz","robots":{"index":"index","follow":"follow","max-snippet":"max-snippet:-1","max-image-preview":"max-image-preview:large","max-video-preview":"max-video-preview:-1"},"canonical":"https:\/\/lospoliticosveracruz.com\/?p=61849","og_locale":"es_ES","og_type":"article","og_title":"Azules que dejar\u00e1n huella en la Cuenca - Los pol\u00edticos Veracruz","og_description":"&nbsp; Eduardo Venegas Naranjo Ac\u00e1 entre nos El Partido Acci\u00f3n Nacional en la Cuenca del Papaloapan tiene buenos alcaldes que han dado buenos resultados durante el ejercicio municipal 2018-2021. Clara Luz haciendo la diferencia Tlacojalpan tiene en Clara Luz Dom\u00ednguez Vargas una alcaldesa comprometida, mujer de palabra que sabe atacar los rezagos que existen en [&hellip;]","og_url":"https:\/\/lospoliticosveracruz.com\/?p=61849","og_site_name":"Los pol\u00edticos Veracruz","article_publisher":"https:\/\/www.facebook.com\/people\/Notimemes-de-los-Polticos\/61565672886568\/","article_published_time":"2020-10-03T01:49:39+00:00","og_image":[{"url":"http:\/\/www.lospoliticosveracruz.com.mx\/wp-content\/uploads\/2020\/10\/2.jpg","type":"","width":"","height":""}],"author":"Lo viste en Los Pol\u00edticos","twitter_card":"summary_large_image","twitter_creator":"@LosPoliticosVer","twitter_site":"@LosPoliticosVer","twitter_misc":{"Escrito por":"Lo viste en Los Pol\u00edticos","Tiempo de lectura":"2 minutos"},"schema":{"@context":"https:\/\/schema.org","@graph":[{"@type":"Article","@id":"https:\/\/lospoliticosveracruz.com\/?p=61849#article","isPartOf":{"@id":"https:\/\/lospoliticosveracruz.com\/?p=61849"},"author":{"name":"Lo viste en Los Pol\u00edticos","@id":"https:\/\/lospoliticosveracruz.com\/#\/schema\/person\/b8702bb0e538456e6efd07080bf2a4a2"},"headline":"Azules que dejar\u00e1n huella en la Cuenca","datePublished":"2020-10-03T01:49:39+00:00","mainEntityOfPage":{"@id":"https:\/\/lospoliticosveracruz.com\/?p=61849"},"wordCount":503,"commentCount":0,"publisher":{"@id":"https:\/\/lospoliticosveracruz.com\/#organization"},"image":{"@id":"https:\/\/lospoliticosveracruz.com\/?p=61849#primaryimage"},"thumbnailUrl":"http:\/\/www.lospoliticosveracruz.com.mx\/wp-content\/uploads\/2020\/10\/2.jpg","keywords":["Clara Luz","Clara Luz Dom\u00ednguez Vargas","construcci\u00f3n de guarniciones y banquetas","Cosamaloapan","cosamaloape\u00f1o","Cuenca del Papaloapan","Jos\u00e9 Manuel D\u00edaz Rodr\u00edguez","Obra p\u00fablica","Oxxo","Partido Acci\u00f3n Nacional","Ra\u00fal Hermida Salto","Servicios bancarios","Tlacojalpan","Tres Valles","Veracruz"],"articleSection":["De Opini\u00f3n"],"inLanguage":"es","potentialAction":[{"@type":"CommentAction","name":"Comment","target":["https:\/\/lospoliticosveracruz.com\/?p=61849#respond"]}]},{"@type":"WebPage","@id":"https:\/\/lospoliticosveracruz.com\/?p=61849","url":"https:\/\/lospoliticosveracruz.com\/?p=61849","name":"Azules que dejar\u00e1n huella en la Cuenca - Los pol\u00edticos Veracruz","isPartOf":{"@id":"https:\/\/lospoliticosveracruz.com\/#website"},"primaryImageOfPage":{"@id":"https:\/\/lospoliticosveracruz.com\/?p=61849#primaryimage"},"image":{"@id":"https:\/\/lospoliticosveracruz.com\/?p=61849#primaryimage"},"thumbnailUrl":"http:\/\/www.lospoliticosveracruz.com.mx\/wp-content\/uploads\/2020\/10\/2.jpg","datePublished":"2020-10-03T01:49:39+00:00","breadcrumb":{"@id":"https:\/\/lospoliticosveracruz.com\/?p=61849#breadcrumb"},"inLanguage":"es","potentialAction":[{"@type":"ReadAction","target":["https:\/\/lospoliticosveracruz.com\/?p=61849"]}]},{"@type":"ImageObject","inLanguage":"es","@id":"https:\/\/lospoliticosveracruz.com\/?p=61849#primaryimage","url":"http:\/\/www.lospoliticosveracruz.com.mx\/wp-content\/uploads\/2020\/10\/2.jpg","contentUrl":"http:\/\/www.lospoliticosveracruz.com.mx\/wp-content\/uploads\/2020\/10\/2.jpg"},{"@type":"BreadcrumbList","@id":"https:\/\/lospoliticosveracruz.com\/?p=61849#breadcrumb","itemListElement":[{"@type":"ListItem","position":1,"name":"Portada","item":"https:\/\/lospoliticosveracruz.com\/"},{"@type":"ListItem","position":2,"name":"Azules que dejar\u00e1n huella en la Cuenca"}]},{"@type":"WebSite","@id":"https:\/\/lospoliticosveracruz.com\/#website","url":"https:\/\/lospoliticosveracruz.com\/","name":"Los pol\u00edticos Veracruz","description":"","publisher":{"@id":"https:\/\/lospoliticosveracruz.com\/#organization"},"potentialAction":[{"@type":"SearchAction","target":{"@type":"EntryPoint","urlTemplate":"https:\/\/lospoliticosveracruz.com\/?s={search_term_string}"},"query-input":{"@type":"PropertyValueSpecification","valueRequired":true,"valueName":"search_term_string"}}],"inLanguage":"es"},{"@type":"Organization","@id":"https:\/\/lospoliticosveracruz.com\/#organization","name":"Los pol\u00edticos Veracruz","url":"https:\/\/lospoliticosveracruz.com\/","logo":{"@type":"ImageObject","inLanguage":"es","@id":"https:\/\/lospoliticosveracruz.com\/#\/schema\/logo\/image\/","url":"https:\/\/lospoliticosveracruz.com\/wp-content\/uploads\/2025\/12\/Logo-Nuevo-LOS-POLITICOS-1.jpg","contentUrl":"https:\/\/lospoliticosveracruz.com\/wp-content\/uploads\/2025\/12\/Logo-Nuevo-LOS-POLITICOS-1.jpg","width":260,"height":70,"caption":"Los pol\u00edticos Veracruz"},"image":{"@id":"https:\/\/lospoliticosveracruz.com\/#\/schema\/logo\/image\/"},"sameAs":["https:\/\/www.facebook.com\/people\/Notimemes-de-los-Polticos\/61565672886568\/","https:\/\/x.com\/LosPoliticosVer"]},{"@type":"Person","@id":"https:\/\/lospoliticosveracruz.com\/#\/schema\/person\/b8702bb0e538456e6efd07080bf2a4a2","name":"Lo viste en Los Pol\u00edticos","image":{"@type":"ImageObject","inLanguage":"es","@id":"https:\/\/secure.gravatar.com\/avatar\/3a8de04a2656d44082be478bd6c086daa447c4651605818287b9532d3d0bd435?s=96&d=mm&r=g","url":"https:\/\/secure.gravatar.com\/avatar\/3a8de04a2656d44082be478bd6c086daa447c4651605818287b9532d3d0bd435?s=96&d=mm&r=g","contentUrl":"https:\/\/secure.gravatar.com\/avatar\/3a8de04a2656d44082be478bd6c086daa447c4651605818287b9532d3d0bd435?s=96&d=mm&r=g","caption":"Lo viste en Los Pol\u00edticos"},"url":"https:\/\/lospoliticosveracruz.com\/?author=2"}]}},"_links":{"self":[{"href":"https:\/\/lospoliticosveracruz.com\/index.php?rest_route=\/wp\/v2\/posts\/61849","targetHints":{"allow":["GET"]}}],"collection":[{"href":"https:\/\/lospoliticosveracruz.com\/index.php?rest_route=\/wp\/v2\/posts"}],"about":[{"href":"https:\/\/lospoliticosveracruz.com\/index.php?rest_route=\/wp\/v2\/types\/post"}],"author":[{"embeddable":true,"href":"https:\/\/lospoliticosveracruz.com\/index.php?rest_route=\/wp\/v2\/users\/2"}],"replies":[{"embeddable":true,"href":"https:\/\/lospoliticosveracruz.com\/index.php?rest_route=%2Fwp%2Fv2%2Fcomments&post=61849"}],"version-history":[{"count":1,"href":"https:\/\/lospoliticosveracruz.com\/index.php?rest_route=\/wp\/v2\/posts\/61849\/revisions"}],"predecessor-version":[{"id":61854,"href":"https:\/\/lospoliticosveracruz.com\/index.php?rest_route=\/wp\/v2\/posts\/61849\/revisions\/61854"}],"wp:attachment":[{"href":"https:\/\/lospoliticosveracruz.com\/index.php?rest_route=%2Fwp%2Fv2%2Fmedia&parent=61849"}],"wp:term":[{"taxonomy":"category","embeddable":true,"href":"https:\/\/lospoliticosveracruz.com\/index.php?rest_route=%2Fwp%2Fv2%2Fcategories&post=61849"},{"taxonomy":"post_tag","embeddable":true,"href":"https:\/\/lospoliticosveracruz.com\/index.php?rest_route=%2Fwp%2Fv2%2Ftags&post=61849"}],"curies":[{"name":"wp","href":"https:\/\/api.w.org\/{rel}","templated":true}]}}