{"id":61995,"date":"2020-10-06T08:28:38","date_gmt":"2020-10-06T13:28:38","guid":{"rendered":"http:\/\/www.lospoliticosveracruz.com.mx\/?p=61995"},"modified":"2020-10-06T08:29:25","modified_gmt":"2020-10-06T13:29:25","slug":"manuel-huerta-la-denuncia","status":"publish","type":"post","link":"https:\/\/lospoliticosveracruz.com\/?p=61995","title":{"rendered":"Manuel Huerta, la denuncia"},"content":{"rendered":"<p><strong>Ricardo Ch\u00faa <\/strong><br \/>\n<em>Sale y Vale<\/em><\/p>\n<p>&nbsp;<\/p>\n<p>Sin duda, el caso ventilado ayer por la persona que presuntamente fue v\u00edctima de abuso sexual por parte del delegado en Veracruz del gobierno federal, Manuel Huerta Ladr\u00f3n de Guevara, que se hizo llamar \u00abMartha 254\u00bb para proteger su identidad como afectada de este bochornoso caso&#8230; No se puede tratar de desviar como un tema pol\u00edtico o de \u00abfuego amigo\u00bb.. La Fiscal\u00eda de Veracruz donde existe la denuncia por este asunto debe dar investigar los hechos, hasta que se confirme o se desmienta este hecho&#8230;<\/p>\n<p>&nbsp;<a href=\"https:\/\/www.facebook.com\/notaria61veracruz\/\"><img decoding=\"async\" src=\"http:\/\/www.lospoliticosveracruz.com.mx\/wp-content\/uploads\/2020\/07\/CINTILLO-Armando.jpg\" alt=\"\" \/><\/a><\/p>\n<p>El mismo Manuel Huerta debe ser el principal interesado para que este tema se ventile de manera transparente y se pueda saber la verdad&#8230; Ya que m\u00e1s all\u00e1 de lo pol\u00edtico o de lo profesional, es una grave acusaci\u00f3n que le hicieron, de manera p\u00fablica, en una rueda de prensa, en la capital del Estado, acus\u00e1ndolo de algo deleznable que es el abuso sexual a una mujer&#8230; Por salud propia del delegado y del mismo gobierno de Andr\u00e9s Manuel L\u00f3pez Obrador, se debe llegar al final de este asunto&#8230; No lo est\u00e1n acusando de corrupci\u00f3n o de \u00abtranzas\u00bb, es un tema delicado que le afecta en su vida privada&#8230;<br \/>\nSin necesidad de que la presunta v\u00edctima se lo pida, el propio L\u00f3pez Obrador tendr\u00eda que exigir a Ver\u00f3nica Hern\u00e1ndez, la Fiscal de Veracruz, una respuesta r\u00e1pida a la investigaci\u00f3n porque todo eso sucedi\u00f3, por la investidura que ostenta el ex dirigente estatal de MORENA actualmente&#8230; Uno de los 32 funcionarios federales que hay en M\u00e9xico en cada uno de los Estado, est\u00e1 acusado ante un Ministerio P\u00fablico de un hecho muy grave como es el abuso sexual&#8230; Y tiene que ser la FGE la que investigue de manera prioritaria el caso..<br \/>\nM\u00e1s cuando la presunta v\u00edctima llamada \u00abMartha 254\u00bb se\u00f1ala p\u00fablicamente dos hechos fundamentales&#8230; El primero que el hecho sucedi\u00f3 hace un a\u00f1o, en 2019, y lo segundo que presuntamente, no hab\u00eda abogado en Xalapa que le quisiera llevar el caso, en su momento, porque supuestamente, Huerta Ladr\u00f3n de Guevara, los presionaba de manera directa para que desistiera de su caso&#8230; Hasta que hubo uno que agarr\u00f3 el caso&#8230;<br \/>\nLo m\u00e1s grave del asunto&#8230; Es que una se\u00f1ora que se supone tiene los recursos econ\u00f3micos suficientes, se \u00abarm\u00f3\u00bb de valor civil para ir a denunciar a un alto funcionario del gobierno de L\u00f3pez Obrador en Veracruz, de abuso sexual, que si fue \u00abdisfrazada\u00bb para que no se le reconociera y proteger su identidad&#8230; Eso es lo de menos, lo importante aqu\u00ed es que tambi\u00e9n Manuel Huerta pueda defenderse de las acusaciones con sus abogados y que ante la FGE haga las declaraciones pertinentes&#8230;<br \/>\nNo se le acusa de nada o se da por hecho que el presunto abuso sucedi\u00f3&#8230; Pero si alguien con un abogado con c\u00e9dula profesional acude a un lugar p\u00fablico a acusarte de un grave delito como es una violaci\u00f3n&#8230; Y que te se\u00f1ale que est\u00e1 acci\u00f3n la realizaste, argumentando el poder pol\u00edtico que te da el cargo que ostentas&#8230; Esto no es vida privada sino p\u00fablica&#8230; A Huerta no le queda de otra, m\u00e1s que salir aclarar el asunto.. Su futuro pol\u00edtico y personal est\u00e1 en juego&#8230; Acusarte de abuso sexual, no es cualquier cosa&#8230;<br \/>\nNadie por muy enemigo tuyo o rival pol\u00edtico que sea&#8230; Se \u00abechar\u00eda un trompo\u00bb de esa magnitud contra un personaje cercano al Presidente de M\u00e9xico&#8230; M\u00e1s cuando todo saben en MORENA, que Manuel Huerta se lleva con L\u00f3pez Obrador&#8230; Y que fue el mismo AMLO quien lo puso ah\u00ed&#8230; Nadie conociendo a Andr\u00e9s Manuel, se arriesgar\u00eda a echarle \u00able\u00f1a verde\u00bb a un personaje p\u00fablico como el delegado federal&#8230; Ya que aqu\u00ed no s\u00f3lo atacas a la persona sino al cargo p\u00fablico, que depende directamente de Palacio Nacional en CDMX, no del gobierno del Estado&#8230; \u00bfFuego amigo?&#8230;<br \/>\nOJO&#8230; En este espacio, el pasado domingo, publicamos de que se ten\u00eda la informaci\u00f3n, que hab\u00eda una presunta denuncia en la Fiscal\u00eda General del Estado por este hecho, en contra de Manuel Huerta.. Pero que NO SE TEN\u00cdA CONFIRMADO NADA&#8230; Ya que se presume que hasta hab\u00eda m\u00e1s v\u00edctimas de esos temas&#8230; Y la \u00abbomba\u00bb explot\u00f3 ayer, ya que no s\u00f3lo el abogado sino la presunta afectada, acudi\u00f3 a dar la cara&#8230;. Ya lo dem\u00e1s es historia&#8230;<br \/>\nEl caso es que a altas horas de la madrugada de hoy&#8230; Lleg\u00f3 a este espacio, un documento (obvio que de manera an\u00f3nima) que presuntamente es parte de la denuncia, que present\u00f3 la afectada contra el funcionario federal en Veracruz&#8230; En la cual, narra los hechos como ocurrieron ese d\u00eda con lujo de detalle y como se da el presunto abuso&#8230; Que quede claro, nadie le quita al afectado, la presunci\u00f3n de inocencia&#8230; Pero estos son los presuntos hechos&#8230;<\/p>\n<p><a href=\"http:\/\/www.lospoliticosveracruz.com.mx\/wp-content\/uploads\/2020\/10\/docu-1.jpg\"><img loading=\"lazy\" decoding=\"async\" src=\"http:\/\/www.lospoliticosveracruz.com.mx\/wp-content\/uploads\/2020\/10\/docu-1-640x1024.jpg\" alt=\"docu 1\" width=\"640\" height=\"1024\" class=\"aligncenter size-large wp-image-61998\" \/><\/a><\/p>\n","protected":false},"excerpt":{"rendered":"<p>Ricardo Ch\u00faa Sale y Vale &nbsp; Sin duda, el caso ventilado ayer por la persona que presuntamente fue v\u00edctima de abuso sexual por parte del delegado en Veracruz del gobierno federal, Manuel Huerta Ladr\u00f3n de Guevara, que se hizo llamar \u00abMartha 254\u00bb para proteger su identidad como afectada de este bochornoso caso&#8230; No se puede [&hellip;]<\/p>\n","protected":false},"author":2,"featured_media":0,"comment_status":"open","ping_status":"open","sticky":false,"template":"","format":"standard","meta":{"tdm_status":"","tdm_grid_status":"","footnotes":""},"categories":[70],"tags":[618,9509,6870,13379,21808,22145,22144,1850,22120,1026,96],"class_list":{"0":"post-61995","1":"post","2":"type-post","3":"status-publish","4":"format-standard","6":"category-de-opinion","7":"tag-andres-manuel-lopez-obrador","8":"tag-denuncia","9":"tag-fge","10":"tag-fiscalia-de-veracruz","11":"tag-fuego-amigo","12":"tag-funcionario-federal-en-veracruz","13":"tag-la-fiscal-de-veracruz","14":"tag-manuel-huerta-ladron-de-guevara","15":"tag-martha-254","16":"tag-morena","17":"tag-xalapa"},"yoast_head":"<!-- This site is optimized with the Yoast SEO plugin v27.4 - https:\/\/yoast.com\/product\/yoast-seo-wordpress\/ -->\n<title>Manuel Huerta, la denuncia - Los pol\u00edticos Veracruz<\/title>\n<meta name=\"robots\" content=\"index, follow, max-snippet:-1, max-image-preview:large, max-video-preview:-1\" \/>\n<link rel=\"canonical\" href=\"https:\/\/lospoliticosveracruz.com\/?p=61995\" \/>\n<meta property=\"og:locale\" content=\"es_ES\" \/>\n<meta property=\"og:type\" content=\"article\" \/>\n<meta property=\"og:title\" content=\"Manuel Huerta, la denuncia - Los pol\u00edticos Veracruz\" \/>\n<meta property=\"og:description\" content=\"Ricardo Ch\u00faa Sale y Vale &nbsp; Sin duda, el caso ventilado ayer por la persona que presuntamente fue v\u00edctima de abuso sexual por parte del delegado en Veracruz del gobierno federal, Manuel Huerta Ladr\u00f3n de Guevara, que se hizo llamar \u00abMartha 254\u00bb para proteger su identidad como afectada de este bochornoso caso&#8230; No se puede [&hellip;]\" \/>\n<meta property=\"og:url\" content=\"https:\/\/lospoliticosveracruz.com\/?p=61995\" \/>\n<meta property=\"og:site_name\" content=\"Los pol\u00edticos Veracruz\" \/>\n<meta property=\"article:publisher\" content=\"https:\/\/www.facebook.com\/people\/Notimemes-de-los-Polticos\/61565672886568\/\" \/>\n<meta property=\"article:published_time\" content=\"2020-10-06T13:28:38+00:00\" \/>\n<meta property=\"article:modified_time\" content=\"2020-10-06T13:29:25+00:00\" \/>\n<meta property=\"og:image\" content=\"http:\/\/www.lospoliticosveracruz.com.mx\/wp-content\/uploads\/2020\/07\/CINTILLO-Armando.jpg\" \/>\n<meta name=\"author\" content=\"Lo viste en Los Pol\u00edticos\" \/>\n<meta name=\"twitter:card\" content=\"summary_large_image\" \/>\n<meta name=\"twitter:creator\" content=\"@LosPoliticosVer\" \/>\n<meta name=\"twitter:site\" content=\"@LosPoliticosVer\" \/>\n<meta name=\"twitter:label1\" content=\"Escrito por\" \/>\n\t<meta name=\"twitter:data1\" content=\"Lo viste en Los Pol\u00edticos\" \/>\n\t<meta name=\"twitter:label2\" content=\"Tiempo de lectura\" \/>\n\t<meta name=\"twitter:data2\" content=\"4 minutos\" \/>\n<script type=\"application\/ld+json\" class=\"yoast-schema-graph\">{\"@context\":\"https:\\\/\\\/schema.org\",\"@graph\":[{\"@type\":\"Article\",\"@id\":\"https:\\\/\\\/lospoliticosveracruz.com\\\/?p=61995#article\",\"isPartOf\":{\"@id\":\"https:\\\/\\\/lospoliticosveracruz.com\\\/?p=61995\"},\"author\":{\"name\":\"Lo viste en Los Pol\u00edticos\",\"@id\":\"https:\\\/\\\/lospoliticosveracruz.com\\\/#\\\/schema\\\/person\\\/b8702bb0e538456e6efd07080bf2a4a2\"},\"headline\":\"Manuel Huerta, la denuncia\",\"datePublished\":\"2020-10-06T13:28:38+00:00\",\"dateModified\":\"2020-10-06T13:29:25+00:00\",\"mainEntityOfPage\":{\"@id\":\"https:\\\/\\\/lospoliticosveracruz.com\\\/?p=61995\"},\"wordCount\":861,\"commentCount\":0,\"publisher\":{\"@id\":\"https:\\\/\\\/lospoliticosveracruz.com\\\/#organization\"},\"image\":{\"@id\":\"https:\\\/\\\/lospoliticosveracruz.com\\\/?p=61995#primaryimage\"},\"thumbnailUrl\":\"http:\\\/\\\/www.lospoliticosveracruz.com.mx\\\/wp-content\\\/uploads\\\/2020\\\/07\\\/CINTILLO-Armando.jpg\",\"keywords\":[\"Andr\u00e9s Manuel L\u00f3pez Obrador\",\"DENUNCIA\",\"FGE\",\"Fiscal\u00eda de Veracruz\",\"Fuego Amigo\",\"Funcionario federal en Veracruz\",\"la Fiscal de Veracruz\",\"Manuel Huerta Ladr\u00f3n de Guevara\",\"Martha 254\\\"\",\"Morena\",\"Xalapa\"],\"articleSection\":[\"De Opini\u00f3n\"],\"inLanguage\":\"es\",\"potentialAction\":[{\"@type\":\"CommentAction\",\"name\":\"Comment\",\"target\":[\"https:\\\/\\\/lospoliticosveracruz.com\\\/?p=61995#respond\"]}]},{\"@type\":\"WebPage\",\"@id\":\"https:\\\/\\\/lospoliticosveracruz.com\\\/?p=61995\",\"url\":\"https:\\\/\\\/lospoliticosveracruz.com\\\/?p=61995\",\"name\":\"Manuel Huerta, la denuncia - Los pol\u00edticos Veracruz\",\"isPartOf\":{\"@id\":\"https:\\\/\\\/lospoliticosveracruz.com\\\/#website\"},\"primaryImageOfPage\":{\"@id\":\"https:\\\/\\\/lospoliticosveracruz.com\\\/?p=61995#primaryimage\"},\"image\":{\"@id\":\"https:\\\/\\\/lospoliticosveracruz.com\\\/?p=61995#primaryimage\"},\"thumbnailUrl\":\"http:\\\/\\\/www.lospoliticosveracruz.com.mx\\\/wp-content\\\/uploads\\\/2020\\\/07\\\/CINTILLO-Armando.jpg\",\"datePublished\":\"2020-10-06T13:28:38+00:00\",\"dateModified\":\"2020-10-06T13:29:25+00:00\",\"breadcrumb\":{\"@id\":\"https:\\\/\\\/lospoliticosveracruz.com\\\/?p=61995#breadcrumb\"},\"inLanguage\":\"es\",\"potentialAction\":[{\"@type\":\"ReadAction\",\"target\":[\"https:\\\/\\\/lospoliticosveracruz.com\\\/?p=61995\"]}]},{\"@type\":\"ImageObject\",\"inLanguage\":\"es\",\"@id\":\"https:\\\/\\\/lospoliticosveracruz.com\\\/?p=61995#primaryimage\",\"url\":\"http:\\\/\\\/www.lospoliticosveracruz.com.mx\\\/wp-content\\\/uploads\\\/2020\\\/07\\\/CINTILLO-Armando.jpg\",\"contentUrl\":\"http:\\\/\\\/www.lospoliticosveracruz.com.mx\\\/wp-content\\\/uploads\\\/2020\\\/07\\\/CINTILLO-Armando.jpg\"},{\"@type\":\"BreadcrumbList\",\"@id\":\"https:\\\/\\\/lospoliticosveracruz.com\\\/?p=61995#breadcrumb\",\"itemListElement\":[{\"@type\":\"ListItem\",\"position\":1,\"name\":\"Portada\",\"item\":\"https:\\\/\\\/lospoliticosveracruz.com\\\/\"},{\"@type\":\"ListItem\",\"position\":2,\"name\":\"Manuel Huerta, la denuncia\"}]},{\"@type\":\"WebSite\",\"@id\":\"https:\\\/\\\/lospoliticosveracruz.com\\\/#website\",\"url\":\"https:\\\/\\\/lospoliticosveracruz.com\\\/\",\"name\":\"Los pol\u00edticos Veracruz\",\"description\":\"\",\"publisher\":{\"@id\":\"https:\\\/\\\/lospoliticosveracruz.com\\\/#organization\"},\"potentialAction\":[{\"@type\":\"SearchAction\",\"target\":{\"@type\":\"EntryPoint\",\"urlTemplate\":\"https:\\\/\\\/lospoliticosveracruz.com\\\/?s={search_term_string}\"},\"query-input\":{\"@type\":\"PropertyValueSpecification\",\"valueRequired\":true,\"valueName\":\"search_term_string\"}}],\"inLanguage\":\"es\"},{\"@type\":\"Organization\",\"@id\":\"https:\\\/\\\/lospoliticosveracruz.com\\\/#organization\",\"name\":\"Los pol\u00edticos Veracruz\",\"url\":\"https:\\\/\\\/lospoliticosveracruz.com\\\/\",\"logo\":{\"@type\":\"ImageObject\",\"inLanguage\":\"es\",\"@id\":\"https:\\\/\\\/lospoliticosveracruz.com\\\/#\\\/schema\\\/logo\\\/image\\\/\",\"url\":\"https:\\\/\\\/lospoliticosveracruz.com\\\/wp-content\\\/uploads\\\/2025\\\/12\\\/Logo-Nuevo-LOS-POLITICOS-1.jpg\",\"contentUrl\":\"https:\\\/\\\/lospoliticosveracruz.com\\\/wp-content\\\/uploads\\\/2025\\\/12\\\/Logo-Nuevo-LOS-POLITICOS-1.jpg\",\"width\":260,\"height\":70,\"caption\":\"Los pol\u00edticos Veracruz\"},\"image\":{\"@id\":\"https:\\\/\\\/lospoliticosveracruz.com\\\/#\\\/schema\\\/logo\\\/image\\\/\"},\"sameAs\":[\"https:\\\/\\\/www.facebook.com\\\/people\\\/Notimemes-de-los-Polticos\\\/61565672886568\\\/\",\"https:\\\/\\\/x.com\\\/LosPoliticosVer\"]},{\"@type\":\"Person\",\"@id\":\"https:\\\/\\\/lospoliticosveracruz.com\\\/#\\\/schema\\\/person\\\/b8702bb0e538456e6efd07080bf2a4a2\",\"name\":\"Lo viste en Los Pol\u00edticos\",\"image\":{\"@type\":\"ImageObject\",\"inLanguage\":\"es\",\"@id\":\"https:\\\/\\\/secure.gravatar.com\\\/avatar\\\/3a8de04a2656d44082be478bd6c086daa447c4651605818287b9532d3d0bd435?s=96&d=mm&r=g\",\"url\":\"https:\\\/\\\/secure.gravatar.com\\\/avatar\\\/3a8de04a2656d44082be478bd6c086daa447c4651605818287b9532d3d0bd435?s=96&d=mm&r=g\",\"contentUrl\":\"https:\\\/\\\/secure.gravatar.com\\\/avatar\\\/3a8de04a2656d44082be478bd6c086daa447c4651605818287b9532d3d0bd435?s=96&d=mm&r=g\",\"caption\":\"Lo viste en Los Pol\u00edticos\"},\"url\":\"https:\\\/\\\/lospoliticosveracruz.com\\\/?author=2\"}]}<\/script>\n<!-- \/ Yoast SEO plugin. -->","yoast_head_json":{"title":"Manuel Huerta, la denuncia - Los pol\u00edticos Veracruz","robots":{"index":"index","follow":"follow","max-snippet":"max-snippet:-1","max-image-preview":"max-image-preview:large","max-video-preview":"max-video-preview:-1"},"canonical":"https:\/\/lospoliticosveracruz.com\/?p=61995","og_locale":"es_ES","og_type":"article","og_title":"Manuel Huerta, la denuncia - Los pol\u00edticos Veracruz","og_description":"Ricardo Ch\u00faa Sale y Vale &nbsp; Sin duda, el caso ventilado ayer por la persona que presuntamente fue v\u00edctima de abuso sexual por parte del delegado en Veracruz del gobierno federal, Manuel Huerta Ladr\u00f3n de Guevara, que se hizo llamar \u00abMartha 254\u00bb para proteger su identidad como afectada de este bochornoso caso&#8230; No se puede [&hellip;]","og_url":"https:\/\/lospoliticosveracruz.com\/?p=61995","og_site_name":"Los pol\u00edticos Veracruz","article_publisher":"https:\/\/www.facebook.com\/people\/Notimemes-de-los-Polticos\/61565672886568\/","article_published_time":"2020-10-06T13:28:38+00:00","article_modified_time":"2020-10-06T13:29:25+00:00","og_image":[{"url":"http:\/\/www.lospoliticosveracruz.com.mx\/wp-content\/uploads\/2020\/07\/CINTILLO-Armando.jpg","type":"","width":"","height":""}],"author":"Lo viste en Los Pol\u00edticos","twitter_card":"summary_large_image","twitter_creator":"@LosPoliticosVer","twitter_site":"@LosPoliticosVer","twitter_misc":{"Escrito por":"Lo viste en Los Pol\u00edticos","Tiempo de lectura":"4 minutos"},"schema":{"@context":"https:\/\/schema.org","@graph":[{"@type":"Article","@id":"https:\/\/lospoliticosveracruz.com\/?p=61995#article","isPartOf":{"@id":"https:\/\/lospoliticosveracruz.com\/?p=61995"},"author":{"name":"Lo viste en Los Pol\u00edticos","@id":"https:\/\/lospoliticosveracruz.com\/#\/schema\/person\/b8702bb0e538456e6efd07080bf2a4a2"},"headline":"Manuel Huerta, la denuncia","datePublished":"2020-10-06T13:28:38+00:00","dateModified":"2020-10-06T13:29:25+00:00","mainEntityOfPage":{"@id":"https:\/\/lospoliticosveracruz.com\/?p=61995"},"wordCount":861,"commentCount":0,"publisher":{"@id":"https:\/\/lospoliticosveracruz.com\/#organization"},"image":{"@id":"https:\/\/lospoliticosveracruz.com\/?p=61995#primaryimage"},"thumbnailUrl":"http:\/\/www.lospoliticosveracruz.com.mx\/wp-content\/uploads\/2020\/07\/CINTILLO-Armando.jpg","keywords":["Andr\u00e9s Manuel L\u00f3pez Obrador","DENUNCIA","FGE","Fiscal\u00eda de Veracruz","Fuego Amigo","Funcionario federal en Veracruz","la Fiscal de Veracruz","Manuel Huerta Ladr\u00f3n de Guevara","Martha 254\"","Morena","Xalapa"],"articleSection":["De Opini\u00f3n"],"inLanguage":"es","potentialAction":[{"@type":"CommentAction","name":"Comment","target":["https:\/\/lospoliticosveracruz.com\/?p=61995#respond"]}]},{"@type":"WebPage","@id":"https:\/\/lospoliticosveracruz.com\/?p=61995","url":"https:\/\/lospoliticosveracruz.com\/?p=61995","name":"Manuel Huerta, la denuncia - Los pol\u00edticos Veracruz","isPartOf":{"@id":"https:\/\/lospoliticosveracruz.com\/#website"},"primaryImageOfPage":{"@id":"https:\/\/lospoliticosveracruz.com\/?p=61995#primaryimage"},"image":{"@id":"https:\/\/lospoliticosveracruz.com\/?p=61995#primaryimage"},"thumbnailUrl":"http:\/\/www.lospoliticosveracruz.com.mx\/wp-content\/uploads\/2020\/07\/CINTILLO-Armando.jpg","datePublished":"2020-10-06T13:28:38+00:00","dateModified":"2020-10-06T13:29:25+00:00","breadcrumb":{"@id":"https:\/\/lospoliticosveracruz.com\/?p=61995#breadcrumb"},"inLanguage":"es","potentialAction":[{"@type":"ReadAction","target":["https:\/\/lospoliticosveracruz.com\/?p=61995"]}]},{"@type":"ImageObject","inLanguage":"es","@id":"https:\/\/lospoliticosveracruz.com\/?p=61995#primaryimage","url":"http:\/\/www.lospoliticosveracruz.com.mx\/wp-content\/uploads\/2020\/07\/CINTILLO-Armando.jpg","contentUrl":"http:\/\/www.lospoliticosveracruz.com.mx\/wp-content\/uploads\/2020\/07\/CINTILLO-Armando.jpg"},{"@type":"BreadcrumbList","@id":"https:\/\/lospoliticosveracruz.com\/?p=61995#breadcrumb","itemListElement":[{"@type":"ListItem","position":1,"name":"Portada","item":"https:\/\/lospoliticosveracruz.com\/"},{"@type":"ListItem","position":2,"name":"Manuel Huerta, la denuncia"}]},{"@type":"WebSite","@id":"https:\/\/lospoliticosveracruz.com\/#website","url":"https:\/\/lospoliticosveracruz.com\/","name":"Los pol\u00edticos Veracruz","description":"","publisher":{"@id":"https:\/\/lospoliticosveracruz.com\/#organization"},"potentialAction":[{"@type":"SearchAction","target":{"@type":"EntryPoint","urlTemplate":"https:\/\/lospoliticosveracruz.com\/?s={search_term_string}"},"query-input":{"@type":"PropertyValueSpecification","valueRequired":true,"valueName":"search_term_string"}}],"inLanguage":"es"},{"@type":"Organization","@id":"https:\/\/lospoliticosveracruz.com\/#organization","name":"Los pol\u00edticos Veracruz","url":"https:\/\/lospoliticosveracruz.com\/","logo":{"@type":"ImageObject","inLanguage":"es","@id":"https:\/\/lospoliticosveracruz.com\/#\/schema\/logo\/image\/","url":"https:\/\/lospoliticosveracruz.com\/wp-content\/uploads\/2025\/12\/Logo-Nuevo-LOS-POLITICOS-1.jpg","contentUrl":"https:\/\/lospoliticosveracruz.com\/wp-content\/uploads\/2025\/12\/Logo-Nuevo-LOS-POLITICOS-1.jpg","width":260,"height":70,"caption":"Los pol\u00edticos Veracruz"},"image":{"@id":"https:\/\/lospoliticosveracruz.com\/#\/schema\/logo\/image\/"},"sameAs":["https:\/\/www.facebook.com\/people\/Notimemes-de-los-Polticos\/61565672886568\/","https:\/\/x.com\/LosPoliticosVer"]},{"@type":"Person","@id":"https:\/\/lospoliticosveracruz.com\/#\/schema\/person\/b8702bb0e538456e6efd07080bf2a4a2","name":"Lo viste en Los Pol\u00edticos","image":{"@type":"ImageObject","inLanguage":"es","@id":"https:\/\/secure.gravatar.com\/avatar\/3a8de04a2656d44082be478bd6c086daa447c4651605818287b9532d3d0bd435?s=96&d=mm&r=g","url":"https:\/\/secure.gravatar.com\/avatar\/3a8de04a2656d44082be478bd6c086daa447c4651605818287b9532d3d0bd435?s=96&d=mm&r=g","contentUrl":"https:\/\/secure.gravatar.com\/avatar\/3a8de04a2656d44082be478bd6c086daa447c4651605818287b9532d3d0bd435?s=96&d=mm&r=g","caption":"Lo viste en Los Pol\u00edticos"},"url":"https:\/\/lospoliticosveracruz.com\/?author=2"}]}},"_links":{"self":[{"href":"https:\/\/lospoliticosveracruz.com\/index.php?rest_route=\/wp\/v2\/posts\/61995","targetHints":{"allow":["GET"]}}],"collection":[{"href":"https:\/\/lospoliticosveracruz.com\/index.php?rest_route=\/wp\/v2\/posts"}],"about":[{"href":"https:\/\/lospoliticosveracruz.com\/index.php?rest_route=\/wp\/v2\/types\/post"}],"author":[{"embeddable":true,"href":"https:\/\/lospoliticosveracruz.com\/index.php?rest_route=\/wp\/v2\/users\/2"}],"replies":[{"embeddable":true,"href":"https:\/\/lospoliticosveracruz.com\/index.php?rest_route=%2Fwp%2Fv2%2Fcomments&post=61995"}],"version-history":[{"count":2,"href":"https:\/\/lospoliticosveracruz.com\/index.php?rest_route=\/wp\/v2\/posts\/61995\/revisions"}],"predecessor-version":[{"id":62000,"href":"https:\/\/lospoliticosveracruz.com\/index.php?rest_route=\/wp\/v2\/posts\/61995\/revisions\/62000"}],"wp:attachment":[{"href":"https:\/\/lospoliticosveracruz.com\/index.php?rest_route=%2Fwp%2Fv2%2Fmedia&parent=61995"}],"wp:term":[{"taxonomy":"category","embeddable":true,"href":"https:\/\/lospoliticosveracruz.com\/index.php?rest_route=%2Fwp%2Fv2%2Fcategories&post=61995"},{"taxonomy":"post_tag","embeddable":true,"href":"https:\/\/lospoliticosveracruz.com\/index.php?rest_route=%2Fwp%2Fv2%2Ftags&post=61995"}],"curies":[{"name":"wp","href":"https:\/\/api.w.org\/{rel}","templated":true}]}}