{"id":62001,"date":"2020-10-06T12:18:32","date_gmt":"2020-10-06T17:18:32","guid":{"rendered":"http:\/\/www.lospoliticosveracruz.com.mx\/?p=62001"},"modified":"2020-10-06T12:18:32","modified_gmt":"2020-10-06T17:18:32","slug":"sin-fiscalizacion-verdadera-crecen-corrupcion-y-simulacion-gubernamental","status":"publish","type":"post","link":"https:\/\/lospoliticosveracruz.com\/?p=62001","title":{"rendered":"Sin fiscalizaci\u00f3n verdadera, crecen corrupci\u00f3n y simulaci\u00f3n gubernamental"},"content":{"rendered":"<p>&nbsp;<\/p>\n<p><strong>Rafael Arias Hern\u00e1ndez<\/strong><\/p>\n<p>&nbsp;<\/p>\n<p>\u00bfQu\u00e9 hacen los que cobran por vigilar y\u00a0 supervisar,\u00a0 calificar y fiscalizar?<\/p>\n<p>Con raras o contadas excepciones aparte, consideradas ejemplos \u00fatiles para ef\u00edmeras justificaciones, o convenientes entretenimientos. Desde siempre se caracterizan porque no denuncian, ni acusan. No procesan, ni castigan. A muy pocos o a nadie, ponen ante la justicia, para sancionarlos o mandarlos a la c\u00e1rcel.<\/p>\n<p>\u00bfPara qu\u00e9 sirve \u00e9sta costosa burocracia encubridora y simuladora?<\/p>\n<p>Por qu\u00e9 no realizan bien y a tiempo su trabajo, no cumplen ni hacen cumplir las normas vigentes; y, m\u00e1s bien, ellos tambi\u00e9n se caracterizan por su falta de transparencia, rendici\u00f3n de cuentas y\u00a0 evaluaci\u00f3n.<\/p>\n<p>Excepciones aparte, se le conoce como una burocracia elitista y aterrorizadora, \u00a0cara e in\u00fatil, encubridora y corrupta.<\/p>\n<p>Ante las condiciones imperantes y las situaciones prevalecientes, es previsible que se incrementen,\u00a0 exigencias de aut\u00e9nticas transparencia y rendici\u00f3n de cuentas, as\u00ed como\u00a0 garant\u00edas de verdadera fiscalizaci\u00f3n y evaluaci\u00f3n ciudadana y social.<\/p>\n<p>Demasiados se\u00f1alamientos y denuncias se acumulan y hacen historia y costumbre, del \u00a0ineficiente y hasta delictivo desempe\u00f1o gubernamental.<\/p>\n<p>Conforme a resultados y hechos, urge ajustar a fondo definici\u00f3n, funci\u00f3n y operaci\u00f3n y alcances de elefantes blancos o circos de entretenimiento como las Contralor\u00edas, el \u00d3rgano de Simulaci\u00f3n Superior ORFIS y el sistema zombi anticorrupci\u00f3n. Todos demasiado bien pagados, y siempre cuestionados, por sus nulos o intranscendentes resultados. Eso s\u00ed, todos con cargo al presupuesto.<\/p>\n<p>Todo indica que es hora, de fiscalizar a los fiscalizadores.<\/p>\n<p>\u00bfPor qu\u00e9 sostener una cara e in\u00fatil\u00a0 fiscalizaci\u00f3n a modo, simuladora y encubridora, de entretenimiento y distracci\u00f3n? \u00bfQui\u00e9n vigila a los vigilantes y fiscalizadores oficiales?<\/p>\n<p>De ah\u00ed que tambi\u00e9n es necesario, repetir e insistir, que es indispensable dar su importancia y lugar a la participaci\u00f3n y evaluaci\u00f3n, ciudadana y social.<\/p>\n<p>Todos a la b\u00e1scula de la fiscalizaci\u00f3n y evaluaci\u00f3n permanentes.<\/p>\n<p>Para empezar, todo gobierno que asume sus responsabilidades, debe dar a conocer las condiciones en las que se recibe el cargo.<\/p>\n<p>Esto es, comenzar por identificar \u00a0con claridad\u00a0 que reciben. Precisar en verdad, que hicieron y qu\u00e9 no. Saber de logros y pendientes, de aciertos y errores; y desde luego, deslindar responsabilidades y culpabilidades en las p\u00e9rdidas, da\u00f1os, retrocesos que habr\u00e1n de pagar presentes y futuras generaciones.<\/p>\n<p>Inaceptable cerrar los ojos y hacer como que no pasa nada y todo va bien. Mucho menos justificar lo injustificable y resignarse o aceptar \u00a0ineptitud e ineficiencia como\u00a0 h\u00e1bito o costumbre; y \u00a0crimen sin castigo, como normalidad.<\/p>\n<p>Parte del cambio exigido, es no hacerles el juego a vividores y par\u00e1sitos, malhechores y delincuentes, \u00a0refugiados en las estructuras de seguimiento y control, vigilancia y fiscalizaci\u00f3n. Convertidos en c\u00f3mplices y garantes de la impunidad, de renombrados intocables y reciclables expertos en proteger y esconder ineptitud, ineficiencia, corrupci\u00f3n y delincuencia gubernamentales.<\/p>\n<p>Esos que cobran muy bien y han hecho un creciente negocio de lo que no funciona; aprovech\u00e1ndose de lo que fundamentalmente ha servido y sirve para encubrir, esconder o corregir a modo; los mismos que cuando no les queda de otra, siguen sin denunciar y probar que se debe castigar a los responsables y culpables, ampliamente se\u00f1alados y\u00a0 conocidos por todos; los llamados fiscalizadores, que en lugar de cumplir con su deber, adem\u00e1s de que encubren, protegen y obtienen beneficios propios,\u00a0 hasta llegan c\u00ednicamente a reconocer y\u00a0 exaltar la existencia de los problemas, para\u00a0 proponer y recomendar\u00a0 la creaci\u00f3n de m\u00e1s instituciones, dependencias o burocracia en general, obviamente con cargo al presupuesto y \u00a0nulos o mediocres resultados.<\/p>\n<p>Fiscalizar, controlar, asegurar, auditar para remediar, corregir y reorientar a tiempo, para evitar o reducir da\u00f1os y p\u00e9rdidas es, por desgracia y en gran parte,\u00a0 una funci\u00f3n p\u00fablica ausente, convertida en muchas formas, solo de apariencia o entretenimiento, encubridora y hasta c\u00f3mplice,\u00a0 en los gobiernos que ya han caracterizado la banca rota, quiebra, insolvencia o latrocinio de sus administraciones y finanzas\u00a0 p\u00fablicas, cada vez m\u00e1s y m\u00e1s comprometidas y perjudicadas por generaciones.<\/p>\n<p>LATROCINIO PRESUPUESTAL Y\u00a0 FISCALIZACI\u00d3N DEL \u201cTIO LOLO\u201d.<\/p>\n<p>Al cuestionado manejo de los recursos p\u00fablicos, en donde ineptos y corruptos hacen de las suyas y se benefician, hay que agregar el uso y abuso de las atribuciones institucionales; y tambi\u00e9n, la inactividad y complacencia, la perversidad y arbitrariedad de los presuntos responsables en cargos oficiales.<\/p>\n<p>Rid\u00edculas y costosas negaciones de la realidad, manipulaci\u00f3n de hechos y verdades a medias. Todo para no enfrentar a fondo y en forma, los graves problemas. Mediocridad e ineptitud van de la mano con delincuencia e impunidad.<\/p>\n<p>Imposible ignorar o minimizar, las repercusiones inmediatas, que se reflejan ya, en las quebrantadas y saqueadas finanzas gubernamentales de todo tipo.<\/p>\n<p>En el caso de las estatales y municipales, urge negociar y gestionar mejor, para obtener m\u00e1s. No esperar que la federaci\u00f3n lo haga todo, que rescate o incremente presupuestos de todos, cuando sus finanzas est\u00e1n en serios y peores aprietos, y deben someterse a severos y urgentes ajustes. Sobre todo,\u00a0 ante una nueva realidad m\u00e1s compleja y\u00a0 adversa, empeorada por crisis financiera internacional.<\/p>\n<p>Se debe actuar r\u00e1pido y con efectividad, integral y consistentemente, contra ineficiencia, delincuencia e impunidad. Importante alertar, a tiempo sobre insuficiencias, desviaciones,\u00a0 endeudamiento que debilitan la pol\u00edtica econ\u00f3mica y social; porque tambi\u00e9n aumentan limitaciones y sacrificios, protestas e inconformidad social. Habr\u00e1 m\u00e1s resistencia y desobediencia civil.<\/p>\n<p>EL NEGOCIO DE ENDEUDAR, CONCESIONAR\u00a0 Y PRIVATIZAR<\/p>\n<p>Y la historia se repite. Miles de millones de pesos malversados, desaparecidos, despojados y, lo que es peor, endeudados.<\/p>\n<p>Y\u00a0 claro, tambi\u00e9n hay que mencionar otra frecuente forma de asalto, donde otros miles de millones, son trasladados a concesiones y privatizaciones.<\/p>\n<p>En fin. \u00bfD\u00f3nde termina lo presupuestado? \u00bfCu\u00e1l es el total-total de deuda p\u00fablica estatal y municipal? \u00a0\u00bfCu\u00e1ntos despedidos y nuevos contratados van? \u00bfRenovar o autorizar concesiones y privatizaciones, para beneficiar a quienes? \u00bfCu\u00e1l es el costo de la reestructuraci\u00f3n de la deuda? \u00bfEs obligatorio sostener a funcionarios ineptos o mediocres con elevados y ofensivos sueldos, m\u00e1s beneficios especiales?<\/p>\n<p>Por lo pronto, \u201cLa Unidad de Inteligencia Financiera (UIF) publicar\u00e1 una gu\u00eda anticorrupci\u00f3n para sujetos en actividades propensas a lavado de dinero\u2026\u201d<\/p>\n<p>&nbsp;<\/p>\n<p><a href=\"mailto:*AcademicoIIESESUV@RafaelAriasH.Facebook:VeracruzHoydeRafaelAriasHdez\">*AcademicoIIESESUV @RafaelAriasH. Facebook:VeracruzHoydeRafaelAriasHdez<\/a><\/p>\n","protected":false},"excerpt":{"rendered":"<p>&nbsp; Rafael Arias Hern\u00e1ndez &nbsp; \u00bfQu\u00e9 hacen los que cobran por vigilar y\u00a0 supervisar,\u00a0 calificar y fiscalizar? Con raras o contadas excepciones aparte, consideradas ejemplos \u00fatiles para ef\u00edmeras justificaciones, o convenientes entretenimientos. Desde siempre se caracterizan porque no denuncian, ni acusan. No procesan, ni castigan. A muy pocos o a nadie, ponen ante la justicia, [&hellip;]<\/p>\n","protected":false},"author":2,"featured_media":0,"comment_status":"open","ping_status":"open","sticky":false,"template":"","format":"standard","meta":{"tdm_status":"","tdm_grid_status":"","footnotes":""},"categories":[70],"tags":[7059,552,135,15674,14697],"class_list":{"0":"post-62001","1":"post","2":"type-post","3":"status-publish","4":"format-standard","6":"category-de-opinion","7":"tag-burocracia","8":"tag-fiscalizacion","9":"tag-orfis","10":"tag-uif","11":"tag-unidad-de-inteligencia-financiera"},"yoast_head":"<!-- This site is optimized with the Yoast SEO plugin v27.4 - https:\/\/yoast.com\/product\/yoast-seo-wordpress\/ -->\n<title>Sin fiscalizaci\u00f3n verdadera, crecen corrupci\u00f3n y simulaci\u00f3n gubernamental - Los pol\u00edticos Veracruz<\/title>\n<meta name=\"robots\" content=\"index, follow, max-snippet:-1, max-image-preview:large, max-video-preview:-1\" \/>\n<link rel=\"canonical\" href=\"https:\/\/lospoliticosveracruz.com\/?p=62001\" \/>\n<meta property=\"og:locale\" content=\"es_ES\" \/>\n<meta property=\"og:type\" content=\"article\" \/>\n<meta property=\"og:title\" content=\"Sin fiscalizaci\u00f3n verdadera, crecen corrupci\u00f3n y simulaci\u00f3n gubernamental - Los pol\u00edticos Veracruz\" \/>\n<meta property=\"og:description\" content=\"&nbsp; Rafael Arias Hern\u00e1ndez &nbsp; \u00bfQu\u00e9 hacen los que cobran por vigilar y\u00a0 supervisar,\u00a0 calificar y fiscalizar? Con raras o contadas excepciones aparte, consideradas ejemplos \u00fatiles para ef\u00edmeras justificaciones, o convenientes entretenimientos. Desde siempre se caracterizan porque no denuncian, ni acusan. No procesan, ni castigan. A muy pocos o a nadie, ponen ante la justicia, [&hellip;]\" \/>\n<meta property=\"og:url\" content=\"https:\/\/lospoliticosveracruz.com\/?p=62001\" \/>\n<meta property=\"og:site_name\" content=\"Los pol\u00edticos Veracruz\" \/>\n<meta property=\"article:publisher\" content=\"https:\/\/www.facebook.com\/people\/Notimemes-de-los-Polticos\/61565672886568\/\" \/>\n<meta property=\"article:published_time\" content=\"2020-10-06T17:18:32+00:00\" \/>\n<meta property=\"og:image\" content=\"https:\/\/lospoliticosveracruz.com\/wp-content\/uploads\/2016\/07\/Logo-Dor.jpg\" \/>\n\t<meta property=\"og:image:width\" content=\"200\" \/>\n\t<meta property=\"og:image:height\" content=\"200\" \/>\n\t<meta property=\"og:image:type\" content=\"image\/jpeg\" \/>\n<meta name=\"author\" content=\"Lo viste en Los Pol\u00edticos\" \/>\n<meta name=\"twitter:card\" content=\"summary_large_image\" \/>\n<meta name=\"twitter:creator\" content=\"@LosPoliticosVer\" \/>\n<meta name=\"twitter:site\" content=\"@LosPoliticosVer\" \/>\n<meta name=\"twitter:label1\" content=\"Escrito por\" \/>\n\t<meta name=\"twitter:data1\" content=\"Lo viste en Los Pol\u00edticos\" \/>\n\t<meta name=\"twitter:label2\" content=\"Tiempo de lectura\" \/>\n\t<meta name=\"twitter:data2\" content=\"5 minutos\" \/>\n<script type=\"application\/ld+json\" class=\"yoast-schema-graph\">{\"@context\":\"https:\\\/\\\/schema.org\",\"@graph\":[{\"@type\":\"Article\",\"@id\":\"https:\\\/\\\/lospoliticosveracruz.com\\\/?p=62001#article\",\"isPartOf\":{\"@id\":\"https:\\\/\\\/lospoliticosveracruz.com\\\/?p=62001\"},\"author\":{\"name\":\"Lo viste en Los Pol\u00edticos\",\"@id\":\"https:\\\/\\\/lospoliticosveracruz.com\\\/#\\\/schema\\\/person\\\/b8702bb0e538456e6efd07080bf2a4a2\"},\"headline\":\"Sin fiscalizaci\u00f3n verdadera, crecen corrupci\u00f3n y simulaci\u00f3n gubernamental\",\"datePublished\":\"2020-10-06T17:18:32+00:00\",\"mainEntityOfPage\":{\"@id\":\"https:\\\/\\\/lospoliticosveracruz.com\\\/?p=62001\"},\"wordCount\":1085,\"commentCount\":0,\"publisher\":{\"@id\":\"https:\\\/\\\/lospoliticosveracruz.com\\\/#organization\"},\"keywords\":[\"Burocracia\",\"fiscalizaci\u00f3n\",\"Orfis\",\"UIF\",\"Unidad de Inteligencia Financiera\"],\"articleSection\":[\"De Opini\u00f3n\"],\"inLanguage\":\"es\",\"potentialAction\":[{\"@type\":\"CommentAction\",\"name\":\"Comment\",\"target\":[\"https:\\\/\\\/lospoliticosveracruz.com\\\/?p=62001#respond\"]}]},{\"@type\":\"WebPage\",\"@id\":\"https:\\\/\\\/lospoliticosveracruz.com\\\/?p=62001\",\"url\":\"https:\\\/\\\/lospoliticosveracruz.com\\\/?p=62001\",\"name\":\"Sin fiscalizaci\u00f3n verdadera, crecen corrupci\u00f3n y simulaci\u00f3n gubernamental - Los pol\u00edticos Veracruz\",\"isPartOf\":{\"@id\":\"https:\\\/\\\/lospoliticosveracruz.com\\\/#website\"},\"datePublished\":\"2020-10-06T17:18:32+00:00\",\"breadcrumb\":{\"@id\":\"https:\\\/\\\/lospoliticosveracruz.com\\\/?p=62001#breadcrumb\"},\"inLanguage\":\"es\",\"potentialAction\":[{\"@type\":\"ReadAction\",\"target\":[\"https:\\\/\\\/lospoliticosveracruz.com\\\/?p=62001\"]}]},{\"@type\":\"BreadcrumbList\",\"@id\":\"https:\\\/\\\/lospoliticosveracruz.com\\\/?p=62001#breadcrumb\",\"itemListElement\":[{\"@type\":\"ListItem\",\"position\":1,\"name\":\"Portada\",\"item\":\"https:\\\/\\\/lospoliticosveracruz.com\\\/\"},{\"@type\":\"ListItem\",\"position\":2,\"name\":\"Sin fiscalizaci\u00f3n verdadera, crecen corrupci\u00f3n y simulaci\u00f3n gubernamental\"}]},{\"@type\":\"WebSite\",\"@id\":\"https:\\\/\\\/lospoliticosveracruz.com\\\/#website\",\"url\":\"https:\\\/\\\/lospoliticosveracruz.com\\\/\",\"name\":\"Los pol\u00edticos Veracruz\",\"description\":\"\",\"publisher\":{\"@id\":\"https:\\\/\\\/lospoliticosveracruz.com\\\/#organization\"},\"potentialAction\":[{\"@type\":\"SearchAction\",\"target\":{\"@type\":\"EntryPoint\",\"urlTemplate\":\"https:\\\/\\\/lospoliticosveracruz.com\\\/?s={search_term_string}\"},\"query-input\":{\"@type\":\"PropertyValueSpecification\",\"valueRequired\":true,\"valueName\":\"search_term_string\"}}],\"inLanguage\":\"es\"},{\"@type\":\"Organization\",\"@id\":\"https:\\\/\\\/lospoliticosveracruz.com\\\/#organization\",\"name\":\"Los pol\u00edticos Veracruz\",\"url\":\"https:\\\/\\\/lospoliticosveracruz.com\\\/\",\"logo\":{\"@type\":\"ImageObject\",\"inLanguage\":\"es\",\"@id\":\"https:\\\/\\\/lospoliticosveracruz.com\\\/#\\\/schema\\\/logo\\\/image\\\/\",\"url\":\"https:\\\/\\\/lospoliticosveracruz.com\\\/wp-content\\\/uploads\\\/2025\\\/12\\\/Logo-Nuevo-LOS-POLITICOS-1.jpg\",\"contentUrl\":\"https:\\\/\\\/lospoliticosveracruz.com\\\/wp-content\\\/uploads\\\/2025\\\/12\\\/Logo-Nuevo-LOS-POLITICOS-1.jpg\",\"width\":260,\"height\":70,\"caption\":\"Los pol\u00edticos Veracruz\"},\"image\":{\"@id\":\"https:\\\/\\\/lospoliticosveracruz.com\\\/#\\\/schema\\\/logo\\\/image\\\/\"},\"sameAs\":[\"https:\\\/\\\/www.facebook.com\\\/people\\\/Notimemes-de-los-Polticos\\\/61565672886568\\\/\",\"https:\\\/\\\/x.com\\\/LosPoliticosVer\"]},{\"@type\":\"Person\",\"@id\":\"https:\\\/\\\/lospoliticosveracruz.com\\\/#\\\/schema\\\/person\\\/b8702bb0e538456e6efd07080bf2a4a2\",\"name\":\"Lo viste en Los Pol\u00edticos\",\"image\":{\"@type\":\"ImageObject\",\"inLanguage\":\"es\",\"@id\":\"https:\\\/\\\/secure.gravatar.com\\\/avatar\\\/3a8de04a2656d44082be478bd6c086daa447c4651605818287b9532d3d0bd435?s=96&d=mm&r=g\",\"url\":\"https:\\\/\\\/secure.gravatar.com\\\/avatar\\\/3a8de04a2656d44082be478bd6c086daa447c4651605818287b9532d3d0bd435?s=96&d=mm&r=g\",\"contentUrl\":\"https:\\\/\\\/secure.gravatar.com\\\/avatar\\\/3a8de04a2656d44082be478bd6c086daa447c4651605818287b9532d3d0bd435?s=96&d=mm&r=g\",\"caption\":\"Lo viste en Los Pol\u00edticos\"},\"url\":\"https:\\\/\\\/lospoliticosveracruz.com\\\/?author=2\"}]}<\/script>\n<!-- \/ Yoast SEO plugin. -->","yoast_head_json":{"title":"Sin fiscalizaci\u00f3n verdadera, crecen corrupci\u00f3n y simulaci\u00f3n gubernamental - Los pol\u00edticos Veracruz","robots":{"index":"index","follow":"follow","max-snippet":"max-snippet:-1","max-image-preview":"max-image-preview:large","max-video-preview":"max-video-preview:-1"},"canonical":"https:\/\/lospoliticosveracruz.com\/?p=62001","og_locale":"es_ES","og_type":"article","og_title":"Sin fiscalizaci\u00f3n verdadera, crecen corrupci\u00f3n y simulaci\u00f3n gubernamental - Los pol\u00edticos Veracruz","og_description":"&nbsp; Rafael Arias Hern\u00e1ndez &nbsp; \u00bfQu\u00e9 hacen los que cobran por vigilar y\u00a0 supervisar,\u00a0 calificar y fiscalizar? Con raras o contadas excepciones aparte, consideradas ejemplos \u00fatiles para ef\u00edmeras justificaciones, o convenientes entretenimientos. Desde siempre se caracterizan porque no denuncian, ni acusan. No procesan, ni castigan. A muy pocos o a nadie, ponen ante la justicia, [&hellip;]","og_url":"https:\/\/lospoliticosveracruz.com\/?p=62001","og_site_name":"Los pol\u00edticos Veracruz","article_publisher":"https:\/\/www.facebook.com\/people\/Notimemes-de-los-Polticos\/61565672886568\/","article_published_time":"2020-10-06T17:18:32+00:00","og_image":[{"width":200,"height":200,"url":"https:\/\/lospoliticosveracruz.com\/wp-content\/uploads\/2016\/07\/Logo-Dor.jpg","type":"image\/jpeg"}],"author":"Lo viste en Los Pol\u00edticos","twitter_card":"summary_large_image","twitter_creator":"@LosPoliticosVer","twitter_site":"@LosPoliticosVer","twitter_misc":{"Escrito por":"Lo viste en Los Pol\u00edticos","Tiempo de lectura":"5 minutos"},"schema":{"@context":"https:\/\/schema.org","@graph":[{"@type":"Article","@id":"https:\/\/lospoliticosveracruz.com\/?p=62001#article","isPartOf":{"@id":"https:\/\/lospoliticosveracruz.com\/?p=62001"},"author":{"name":"Lo viste en Los Pol\u00edticos","@id":"https:\/\/lospoliticosveracruz.com\/#\/schema\/person\/b8702bb0e538456e6efd07080bf2a4a2"},"headline":"Sin fiscalizaci\u00f3n verdadera, crecen corrupci\u00f3n y simulaci\u00f3n gubernamental","datePublished":"2020-10-06T17:18:32+00:00","mainEntityOfPage":{"@id":"https:\/\/lospoliticosveracruz.com\/?p=62001"},"wordCount":1085,"commentCount":0,"publisher":{"@id":"https:\/\/lospoliticosveracruz.com\/#organization"},"keywords":["Burocracia","fiscalizaci\u00f3n","Orfis","UIF","Unidad de Inteligencia Financiera"],"articleSection":["De Opini\u00f3n"],"inLanguage":"es","potentialAction":[{"@type":"CommentAction","name":"Comment","target":["https:\/\/lospoliticosveracruz.com\/?p=62001#respond"]}]},{"@type":"WebPage","@id":"https:\/\/lospoliticosveracruz.com\/?p=62001","url":"https:\/\/lospoliticosveracruz.com\/?p=62001","name":"Sin fiscalizaci\u00f3n verdadera, crecen corrupci\u00f3n y simulaci\u00f3n gubernamental - Los pol\u00edticos Veracruz","isPartOf":{"@id":"https:\/\/lospoliticosveracruz.com\/#website"},"datePublished":"2020-10-06T17:18:32+00:00","breadcrumb":{"@id":"https:\/\/lospoliticosveracruz.com\/?p=62001#breadcrumb"},"inLanguage":"es","potentialAction":[{"@type":"ReadAction","target":["https:\/\/lospoliticosveracruz.com\/?p=62001"]}]},{"@type":"BreadcrumbList","@id":"https:\/\/lospoliticosveracruz.com\/?p=62001#breadcrumb","itemListElement":[{"@type":"ListItem","position":1,"name":"Portada","item":"https:\/\/lospoliticosveracruz.com\/"},{"@type":"ListItem","position":2,"name":"Sin fiscalizaci\u00f3n verdadera, crecen corrupci\u00f3n y simulaci\u00f3n gubernamental"}]},{"@type":"WebSite","@id":"https:\/\/lospoliticosveracruz.com\/#website","url":"https:\/\/lospoliticosveracruz.com\/","name":"Los pol\u00edticos Veracruz","description":"","publisher":{"@id":"https:\/\/lospoliticosveracruz.com\/#organization"},"potentialAction":[{"@type":"SearchAction","target":{"@type":"EntryPoint","urlTemplate":"https:\/\/lospoliticosveracruz.com\/?s={search_term_string}"},"query-input":{"@type":"PropertyValueSpecification","valueRequired":true,"valueName":"search_term_string"}}],"inLanguage":"es"},{"@type":"Organization","@id":"https:\/\/lospoliticosveracruz.com\/#organization","name":"Los pol\u00edticos Veracruz","url":"https:\/\/lospoliticosveracruz.com\/","logo":{"@type":"ImageObject","inLanguage":"es","@id":"https:\/\/lospoliticosveracruz.com\/#\/schema\/logo\/image\/","url":"https:\/\/lospoliticosveracruz.com\/wp-content\/uploads\/2025\/12\/Logo-Nuevo-LOS-POLITICOS-1.jpg","contentUrl":"https:\/\/lospoliticosveracruz.com\/wp-content\/uploads\/2025\/12\/Logo-Nuevo-LOS-POLITICOS-1.jpg","width":260,"height":70,"caption":"Los pol\u00edticos Veracruz"},"image":{"@id":"https:\/\/lospoliticosveracruz.com\/#\/schema\/logo\/image\/"},"sameAs":["https:\/\/www.facebook.com\/people\/Notimemes-de-los-Polticos\/61565672886568\/","https:\/\/x.com\/LosPoliticosVer"]},{"@type":"Person","@id":"https:\/\/lospoliticosveracruz.com\/#\/schema\/person\/b8702bb0e538456e6efd07080bf2a4a2","name":"Lo viste en Los Pol\u00edticos","image":{"@type":"ImageObject","inLanguage":"es","@id":"https:\/\/secure.gravatar.com\/avatar\/3a8de04a2656d44082be478bd6c086daa447c4651605818287b9532d3d0bd435?s=96&d=mm&r=g","url":"https:\/\/secure.gravatar.com\/avatar\/3a8de04a2656d44082be478bd6c086daa447c4651605818287b9532d3d0bd435?s=96&d=mm&r=g","contentUrl":"https:\/\/secure.gravatar.com\/avatar\/3a8de04a2656d44082be478bd6c086daa447c4651605818287b9532d3d0bd435?s=96&d=mm&r=g","caption":"Lo viste en Los Pol\u00edticos"},"url":"https:\/\/lospoliticosveracruz.com\/?author=2"}]}},"_links":{"self":[{"href":"https:\/\/lospoliticosveracruz.com\/index.php?rest_route=\/wp\/v2\/posts\/62001","targetHints":{"allow":["GET"]}}],"collection":[{"href":"https:\/\/lospoliticosveracruz.com\/index.php?rest_route=\/wp\/v2\/posts"}],"about":[{"href":"https:\/\/lospoliticosveracruz.com\/index.php?rest_route=\/wp\/v2\/types\/post"}],"author":[{"embeddable":true,"href":"https:\/\/lospoliticosveracruz.com\/index.php?rest_route=\/wp\/v2\/users\/2"}],"replies":[{"embeddable":true,"href":"https:\/\/lospoliticosveracruz.com\/index.php?rest_route=%2Fwp%2Fv2%2Fcomments&post=62001"}],"version-history":[{"count":1,"href":"https:\/\/lospoliticosveracruz.com\/index.php?rest_route=\/wp\/v2\/posts\/62001\/revisions"}],"predecessor-version":[{"id":62003,"href":"https:\/\/lospoliticosveracruz.com\/index.php?rest_route=\/wp\/v2\/posts\/62001\/revisions\/62003"}],"wp:attachment":[{"href":"https:\/\/lospoliticosveracruz.com\/index.php?rest_route=%2Fwp%2Fv2%2Fmedia&parent=62001"}],"wp:term":[{"taxonomy":"category","embeddable":true,"href":"https:\/\/lospoliticosveracruz.com\/index.php?rest_route=%2Fwp%2Fv2%2Fcategories&post=62001"},{"taxonomy":"post_tag","embeddable":true,"href":"https:\/\/lospoliticosveracruz.com\/index.php?rest_route=%2Fwp%2Fv2%2Ftags&post=62001"}],"curies":[{"name":"wp","href":"https:\/\/api.w.org\/{rel}","templated":true}]}}