{"id":62018,"date":"2020-10-06T18:24:36","date_gmt":"2020-10-06T23:24:36","guid":{"rendered":"http:\/\/www.lospoliticosveracruz.com.mx\/?p=62018"},"modified":"2020-10-07T07:56:39","modified_gmt":"2020-10-07T12:56:39","slug":"cinthya-y-paco","status":"publish","type":"post","link":"https:\/\/lospoliticosveracruz.com\/?p=62018","title":{"rendered":"Cinthya y Paco"},"content":{"rendered":"<p><strong>Salvador Mu\u00f1oz<\/strong><\/p>\n<p><em>Los Pol\u00edticos<\/em><\/p>\n<p>Dijera el \u00ednclito: mi pecho no es bodega, y sin m\u00e1s, le pregunto a Paco, si han considerado que por ser pareja, el partido sea visto como un \u201cnegocio familiar\u201d. Me responde que fue un escenario que se plante\u00f3 desde el inicio, pero la designaci\u00f3n de Cinthya Lobato como dirigente de Unidad Ciudadana, as\u00ed como la de \u00e9l, como secretario general del mismo, no obedeci\u00f3 a un sentido \u201cpatrimonialista\u201d o \u201cautoritario\u201d, sino a una decisi\u00f3n, a partir de una asamblea, por parte de las Comisiones que integran este partido estatal de reciente creaci\u00f3n que es ya una opci\u00f3n para el ciudadano con miras a las elecciones de este 2021.<\/p>\n<p>&nbsp; <a href=\"https:\/\/www.facebook.com\/notaria61veracruz\/\"><img decoding=\"async\" src=\"http:\/\/www.lospoliticosveracruz.com.mx\/wp-content\/uploads\/2020\/07\/CINTILLO-Armando.jpg\" alt=\"\" \/><\/a><\/p>\n<p>Platico con Francisco Hern\u00e1ndez Toriz, secretario general del partido Unidad Ciudadana y coincidimos en varios puntos, entre ellos, el ideal de que ojal\u00e1 todos los partidos designaran a sus mejores hombres y mujeres como candidatos, en aras de que, sin importar quien gane, se lleve a las curules y presidencias municipales, personas comprometidas, no con los institutos pol\u00edticos, sino con sus ciudadanos, con su sociedad, con su municipio.<br \/>\nEn Unidad Ciudadana tienen en claro que el Proyecto Pol\u00edtico no puede estar por encima del beneficio ciudadano\u2026 deben de ir de la mano. Si bien, en todos los partidos pol\u00edticos est\u00e1 impl\u00edcito este objetivo, el asunto es cuando \u00e9ste se distorsiona en las dirigencias y se da espacio a los \u201cintereses pol\u00edticos\u201d traducidos \u00e9stos, en \u201cbeneficios econ\u00f3micos\u201d en forma de \u201cca\u00f1onazos\u201d donde no s\u00f3lo participan los representantes populares, incluso hasta empresas en contubernio con autoridades municipales o estatales.<br \/>\nPor ello, Unidad Ciudadana, en esta pr\u00f3xima contienda, tiene las reglas bien claras tanto en la conformaci\u00f3n de sus comit\u00e9s municipales como en lo que ser\u00e1 la designaci\u00f3n de los candidatos y candidatas a presidencias municipales y por curules: Lo que diga la sociedad. Por supuesto que no hay un deslinde o un \u201cai se va\u201d o que \u201cse las arreglen como Dios les d\u00e9 a entender\u201d. En Unidad Ciudadana, platica Paco Hern\u00e1ndez Toriz, se apuesta a la formaci\u00f3n de cuadros pol\u00edticos as\u00ed como en su capacitaci\u00f3n que tenga como objetivo principal el Servicio Social\u2026 organizar a los ciudadanos haciendo del partido, un espacio incluyente, que sume y transforme en positivo.<br \/>\n\u2013\u00bfT\u00fa o Cinthya van a participar en la b\u00fasqueda de alg\u00fan cargo en estas elecciones?<br \/>\nLa respuesta es un \u201cNo creo\u201d, tajante y rotundo\u2026 se est\u00e1 trabajando en la conformaci\u00f3n de los 212 comit\u00e9s municipales, de cuadros de mujeres y hombres, de ciudadanos con compromiso y servicio social comprobado, y a este proyecto se est\u00e1n sumando m\u00e9dicos, maestros, empresarios, etc\u00e9tera, \u00a1vamos! hasta ciudadanos que ten\u00edan proyectado buscar en la calidad de Independiente, un cargo de representaci\u00f3n popular, ya ven en Unidad Ciudadana una opci\u00f3n viable, ajena a la imagen que se tiene de muchos partidos que se han convertido en agencia de colocaciones, de intereses pol\u00edticos y econ\u00f3micos que se alejan del sentido primario y hoy son objeto del descr\u00e9dito y la falta de credibilidad por parte de los ciudadanos.<br \/>\nAl final, el deseo del secretario general de Unidad Ciudadana, es llevar a los mejores candidatos y candidatas por las presidencias municipales y diputaciones, con la idea de que los otros partidos hagan lo mismo.<br \/>\nNo puedo evitar preguntarle a Paco Hern\u00e1ndez Toriz qu\u00e9 pasa cuando la dirigente de Unidad Ciudadana y el secretario general llegan a casa\u2026 me responde que cuando fue diputada Cinthya, nunca conoci\u00f3 su oficina y tampoco hubo invasi\u00f3n del espacio del uno o del otro en el quehacer pol\u00edtico, y si bien, disfrutan lo que los hace felices y aman, entienden que el hogar es sagrado, \u201cafuera se queda la pol\u00edtica\u201d, y si acaso hubiera asunto que tratar, buscan resolverlo de inmediato, bajo la idea de respetar los espacios para ser en casa s\u00f3lo Cinthya y Paco, una pareja que lleva doce a\u00f1os de relaci\u00f3n, que no dos sexenios.<\/p>\n<p>smcainito@gmail.com<\/p>\n","protected":false},"excerpt":{"rendered":"<p>Salvador Mu\u00f1oz Los Pol\u00edticos Dijera el \u00ednclito: mi pecho no es bodega, y sin m\u00e1s, le pregunto a Paco, si han considerado que por ser pareja, el partido sea visto como un \u201cnegocio familiar\u201d. Me responde que fue un escenario que se plante\u00f3 desde el inicio, pero la designaci\u00f3n de Cinthya Lobato como dirigente de [&hellip;]<\/p>\n","protected":false},"author":2,"featured_media":0,"comment_status":"open","ping_status":"open","sticky":false,"template":"","format":"standard","meta":{"tdm_status":"","tdm_grid_status":"","footnotes":""},"categories":[70],"tags":[1818,5021,22155,8016,2646,18710,195,96],"class_list":{"0":"post-62018","1":"post","2":"type-post","3":"status-publish","4":"format-standard","6":"category-de-opinion","7":"tag-candidatos","8":"tag-cinthya-lobato-calderon","9":"tag-francisco-hernandez-toriz","10":"tag-presidencias-municipales","11":"tag-salvador-munoz","12":"tag-unidad-ciudadana","13":"tag-veracruz","14":"tag-xalapa"},"yoast_head":"<!-- This site is optimized with the Yoast SEO plugin v27.4 - https:\/\/yoast.com\/product\/yoast-seo-wordpress\/ -->\n<title>Cinthya y Paco - Los pol\u00edticos Veracruz<\/title>\n<meta name=\"robots\" content=\"index, follow, max-snippet:-1, max-image-preview:large, max-video-preview:-1\" \/>\n<link rel=\"canonical\" href=\"https:\/\/lospoliticosveracruz.com\/?p=62018\" \/>\n<meta property=\"og:locale\" content=\"es_ES\" \/>\n<meta property=\"og:type\" content=\"article\" \/>\n<meta property=\"og:title\" content=\"Cinthya y Paco - Los pol\u00edticos Veracruz\" \/>\n<meta property=\"og:description\" content=\"Salvador Mu\u00f1oz Los Pol\u00edticos Dijera el \u00ednclito: mi pecho no es bodega, y sin m\u00e1s, le pregunto a Paco, si han considerado que por ser pareja, el partido sea visto como un \u201cnegocio familiar\u201d. Me responde que fue un escenario que se plante\u00f3 desde el inicio, pero la designaci\u00f3n de Cinthya Lobato como dirigente de [&hellip;]\" \/>\n<meta property=\"og:url\" content=\"https:\/\/lospoliticosveracruz.com\/?p=62018\" \/>\n<meta property=\"og:site_name\" content=\"Los pol\u00edticos Veracruz\" \/>\n<meta property=\"article:publisher\" content=\"https:\/\/www.facebook.com\/people\/Notimemes-de-los-Polticos\/61565672886568\/\" \/>\n<meta property=\"article:published_time\" content=\"2020-10-06T23:24:36+00:00\" \/>\n<meta property=\"article:modified_time\" content=\"2020-10-07T12:56:39+00:00\" \/>\n<meta property=\"og:image\" content=\"http:\/\/www.lospoliticosveracruz.com.mx\/wp-content\/uploads\/2020\/07\/CINTILLO-Armando.jpg\" \/>\n<meta name=\"author\" content=\"Lo viste en Los Pol\u00edticos\" \/>\n<meta name=\"twitter:card\" content=\"summary_large_image\" \/>\n<meta name=\"twitter:creator\" content=\"@LosPoliticosVer\" \/>\n<meta name=\"twitter:site\" content=\"@LosPoliticosVer\" \/>\n<meta name=\"twitter:label1\" content=\"Escrito por\" \/>\n\t<meta name=\"twitter:data1\" content=\"Lo viste en Los Pol\u00edticos\" \/>\n\t<meta name=\"twitter:label2\" content=\"Tiempo de lectura\" \/>\n\t<meta name=\"twitter:data2\" content=\"3 minutos\" \/>\n<script type=\"application\/ld+json\" class=\"yoast-schema-graph\">{\"@context\":\"https:\\\/\\\/schema.org\",\"@graph\":[{\"@type\":\"Article\",\"@id\":\"https:\\\/\\\/lospoliticosveracruz.com\\\/?p=62018#article\",\"isPartOf\":{\"@id\":\"https:\\\/\\\/lospoliticosveracruz.com\\\/?p=62018\"},\"author\":{\"name\":\"Lo viste en Los Pol\u00edticos\",\"@id\":\"https:\\\/\\\/lospoliticosveracruz.com\\\/#\\\/schema\\\/person\\\/b8702bb0e538456e6efd07080bf2a4a2\"},\"headline\":\"Cinthya y Paco\",\"datePublished\":\"2020-10-06T23:24:36+00:00\",\"dateModified\":\"2020-10-07T12:56:39+00:00\",\"mainEntityOfPage\":{\"@id\":\"https:\\\/\\\/lospoliticosveracruz.com\\\/?p=62018\"},\"wordCount\":694,\"commentCount\":0,\"publisher\":{\"@id\":\"https:\\\/\\\/lospoliticosveracruz.com\\\/#organization\"},\"image\":{\"@id\":\"https:\\\/\\\/lospoliticosveracruz.com\\\/?p=62018#primaryimage\"},\"thumbnailUrl\":\"http:\\\/\\\/www.lospoliticosveracruz.com.mx\\\/wp-content\\\/uploads\\\/2020\\\/07\\\/CINTILLO-Armando.jpg\",\"keywords\":[\"candidatos\",\"Cinthya Lobato Calder\u00f3n\",\"Francisco Hern\u00e1ndez Toriz\",\"Presidencias municipales\",\"Salvador Mu\u00f1oz\",\"Unidad Ciudadana\",\"Veracruz\",\"Xalapa\"],\"articleSection\":[\"De Opini\u00f3n\"],\"inLanguage\":\"es\",\"potentialAction\":[{\"@type\":\"CommentAction\",\"name\":\"Comment\",\"target\":[\"https:\\\/\\\/lospoliticosveracruz.com\\\/?p=62018#respond\"]}]},{\"@type\":\"WebPage\",\"@id\":\"https:\\\/\\\/lospoliticosveracruz.com\\\/?p=62018\",\"url\":\"https:\\\/\\\/lospoliticosveracruz.com\\\/?p=62018\",\"name\":\"Cinthya y Paco - Los pol\u00edticos Veracruz\",\"isPartOf\":{\"@id\":\"https:\\\/\\\/lospoliticosveracruz.com\\\/#website\"},\"primaryImageOfPage\":{\"@id\":\"https:\\\/\\\/lospoliticosveracruz.com\\\/?p=62018#primaryimage\"},\"image\":{\"@id\":\"https:\\\/\\\/lospoliticosveracruz.com\\\/?p=62018#primaryimage\"},\"thumbnailUrl\":\"http:\\\/\\\/www.lospoliticosveracruz.com.mx\\\/wp-content\\\/uploads\\\/2020\\\/07\\\/CINTILLO-Armando.jpg\",\"datePublished\":\"2020-10-06T23:24:36+00:00\",\"dateModified\":\"2020-10-07T12:56:39+00:00\",\"breadcrumb\":{\"@id\":\"https:\\\/\\\/lospoliticosveracruz.com\\\/?p=62018#breadcrumb\"},\"inLanguage\":\"es\",\"potentialAction\":[{\"@type\":\"ReadAction\",\"target\":[\"https:\\\/\\\/lospoliticosveracruz.com\\\/?p=62018\"]}]},{\"@type\":\"ImageObject\",\"inLanguage\":\"es\",\"@id\":\"https:\\\/\\\/lospoliticosveracruz.com\\\/?p=62018#primaryimage\",\"url\":\"http:\\\/\\\/www.lospoliticosveracruz.com.mx\\\/wp-content\\\/uploads\\\/2020\\\/07\\\/CINTILLO-Armando.jpg\",\"contentUrl\":\"http:\\\/\\\/www.lospoliticosveracruz.com.mx\\\/wp-content\\\/uploads\\\/2020\\\/07\\\/CINTILLO-Armando.jpg\"},{\"@type\":\"BreadcrumbList\",\"@id\":\"https:\\\/\\\/lospoliticosveracruz.com\\\/?p=62018#breadcrumb\",\"itemListElement\":[{\"@type\":\"ListItem\",\"position\":1,\"name\":\"Portada\",\"item\":\"https:\\\/\\\/lospoliticosveracruz.com\\\/\"},{\"@type\":\"ListItem\",\"position\":2,\"name\":\"Cinthya y Paco\"}]},{\"@type\":\"WebSite\",\"@id\":\"https:\\\/\\\/lospoliticosveracruz.com\\\/#website\",\"url\":\"https:\\\/\\\/lospoliticosveracruz.com\\\/\",\"name\":\"Los pol\u00edticos Veracruz\",\"description\":\"\",\"publisher\":{\"@id\":\"https:\\\/\\\/lospoliticosveracruz.com\\\/#organization\"},\"potentialAction\":[{\"@type\":\"SearchAction\",\"target\":{\"@type\":\"EntryPoint\",\"urlTemplate\":\"https:\\\/\\\/lospoliticosveracruz.com\\\/?s={search_term_string}\"},\"query-input\":{\"@type\":\"PropertyValueSpecification\",\"valueRequired\":true,\"valueName\":\"search_term_string\"}}],\"inLanguage\":\"es\"},{\"@type\":\"Organization\",\"@id\":\"https:\\\/\\\/lospoliticosveracruz.com\\\/#organization\",\"name\":\"Los pol\u00edticos Veracruz\",\"url\":\"https:\\\/\\\/lospoliticosveracruz.com\\\/\",\"logo\":{\"@type\":\"ImageObject\",\"inLanguage\":\"es\",\"@id\":\"https:\\\/\\\/lospoliticosveracruz.com\\\/#\\\/schema\\\/logo\\\/image\\\/\",\"url\":\"https:\\\/\\\/lospoliticosveracruz.com\\\/wp-content\\\/uploads\\\/2025\\\/12\\\/Logo-Nuevo-LOS-POLITICOS-1.jpg\",\"contentUrl\":\"https:\\\/\\\/lospoliticosveracruz.com\\\/wp-content\\\/uploads\\\/2025\\\/12\\\/Logo-Nuevo-LOS-POLITICOS-1.jpg\",\"width\":260,\"height\":70,\"caption\":\"Los pol\u00edticos Veracruz\"},\"image\":{\"@id\":\"https:\\\/\\\/lospoliticosveracruz.com\\\/#\\\/schema\\\/logo\\\/image\\\/\"},\"sameAs\":[\"https:\\\/\\\/www.facebook.com\\\/people\\\/Notimemes-de-los-Polticos\\\/61565672886568\\\/\",\"https:\\\/\\\/x.com\\\/LosPoliticosVer\"]},{\"@type\":\"Person\",\"@id\":\"https:\\\/\\\/lospoliticosveracruz.com\\\/#\\\/schema\\\/person\\\/b8702bb0e538456e6efd07080bf2a4a2\",\"name\":\"Lo viste en Los Pol\u00edticos\",\"image\":{\"@type\":\"ImageObject\",\"inLanguage\":\"es\",\"@id\":\"https:\\\/\\\/secure.gravatar.com\\\/avatar\\\/3a8de04a2656d44082be478bd6c086daa447c4651605818287b9532d3d0bd435?s=96&d=mm&r=g\",\"url\":\"https:\\\/\\\/secure.gravatar.com\\\/avatar\\\/3a8de04a2656d44082be478bd6c086daa447c4651605818287b9532d3d0bd435?s=96&d=mm&r=g\",\"contentUrl\":\"https:\\\/\\\/secure.gravatar.com\\\/avatar\\\/3a8de04a2656d44082be478bd6c086daa447c4651605818287b9532d3d0bd435?s=96&d=mm&r=g\",\"caption\":\"Lo viste en Los Pol\u00edticos\"},\"url\":\"https:\\\/\\\/lospoliticosveracruz.com\\\/?author=2\"}]}<\/script>\n<!-- \/ Yoast SEO plugin. -->","yoast_head_json":{"title":"Cinthya y Paco - Los pol\u00edticos Veracruz","robots":{"index":"index","follow":"follow","max-snippet":"max-snippet:-1","max-image-preview":"max-image-preview:large","max-video-preview":"max-video-preview:-1"},"canonical":"https:\/\/lospoliticosveracruz.com\/?p=62018","og_locale":"es_ES","og_type":"article","og_title":"Cinthya y Paco - Los pol\u00edticos Veracruz","og_description":"Salvador Mu\u00f1oz Los Pol\u00edticos Dijera el \u00ednclito: mi pecho no es bodega, y sin m\u00e1s, le pregunto a Paco, si han considerado que por ser pareja, el partido sea visto como un \u201cnegocio familiar\u201d. Me responde que fue un escenario que se plante\u00f3 desde el inicio, pero la designaci\u00f3n de Cinthya Lobato como dirigente de [&hellip;]","og_url":"https:\/\/lospoliticosveracruz.com\/?p=62018","og_site_name":"Los pol\u00edticos Veracruz","article_publisher":"https:\/\/www.facebook.com\/people\/Notimemes-de-los-Polticos\/61565672886568\/","article_published_time":"2020-10-06T23:24:36+00:00","article_modified_time":"2020-10-07T12:56:39+00:00","og_image":[{"url":"http:\/\/www.lospoliticosveracruz.com.mx\/wp-content\/uploads\/2020\/07\/CINTILLO-Armando.jpg","type":"","width":"","height":""}],"author":"Lo viste en Los Pol\u00edticos","twitter_card":"summary_large_image","twitter_creator":"@LosPoliticosVer","twitter_site":"@LosPoliticosVer","twitter_misc":{"Escrito por":"Lo viste en Los Pol\u00edticos","Tiempo de lectura":"3 minutos"},"schema":{"@context":"https:\/\/schema.org","@graph":[{"@type":"Article","@id":"https:\/\/lospoliticosveracruz.com\/?p=62018#article","isPartOf":{"@id":"https:\/\/lospoliticosveracruz.com\/?p=62018"},"author":{"name":"Lo viste en Los Pol\u00edticos","@id":"https:\/\/lospoliticosveracruz.com\/#\/schema\/person\/b8702bb0e538456e6efd07080bf2a4a2"},"headline":"Cinthya y Paco","datePublished":"2020-10-06T23:24:36+00:00","dateModified":"2020-10-07T12:56:39+00:00","mainEntityOfPage":{"@id":"https:\/\/lospoliticosveracruz.com\/?p=62018"},"wordCount":694,"commentCount":0,"publisher":{"@id":"https:\/\/lospoliticosveracruz.com\/#organization"},"image":{"@id":"https:\/\/lospoliticosveracruz.com\/?p=62018#primaryimage"},"thumbnailUrl":"http:\/\/www.lospoliticosveracruz.com.mx\/wp-content\/uploads\/2020\/07\/CINTILLO-Armando.jpg","keywords":["candidatos","Cinthya Lobato Calder\u00f3n","Francisco Hern\u00e1ndez Toriz","Presidencias municipales","Salvador Mu\u00f1oz","Unidad Ciudadana","Veracruz","Xalapa"],"articleSection":["De Opini\u00f3n"],"inLanguage":"es","potentialAction":[{"@type":"CommentAction","name":"Comment","target":["https:\/\/lospoliticosveracruz.com\/?p=62018#respond"]}]},{"@type":"WebPage","@id":"https:\/\/lospoliticosveracruz.com\/?p=62018","url":"https:\/\/lospoliticosveracruz.com\/?p=62018","name":"Cinthya y Paco - Los pol\u00edticos Veracruz","isPartOf":{"@id":"https:\/\/lospoliticosveracruz.com\/#website"},"primaryImageOfPage":{"@id":"https:\/\/lospoliticosveracruz.com\/?p=62018#primaryimage"},"image":{"@id":"https:\/\/lospoliticosveracruz.com\/?p=62018#primaryimage"},"thumbnailUrl":"http:\/\/www.lospoliticosveracruz.com.mx\/wp-content\/uploads\/2020\/07\/CINTILLO-Armando.jpg","datePublished":"2020-10-06T23:24:36+00:00","dateModified":"2020-10-07T12:56:39+00:00","breadcrumb":{"@id":"https:\/\/lospoliticosveracruz.com\/?p=62018#breadcrumb"},"inLanguage":"es","potentialAction":[{"@type":"ReadAction","target":["https:\/\/lospoliticosveracruz.com\/?p=62018"]}]},{"@type":"ImageObject","inLanguage":"es","@id":"https:\/\/lospoliticosveracruz.com\/?p=62018#primaryimage","url":"http:\/\/www.lospoliticosveracruz.com.mx\/wp-content\/uploads\/2020\/07\/CINTILLO-Armando.jpg","contentUrl":"http:\/\/www.lospoliticosveracruz.com.mx\/wp-content\/uploads\/2020\/07\/CINTILLO-Armando.jpg"},{"@type":"BreadcrumbList","@id":"https:\/\/lospoliticosveracruz.com\/?p=62018#breadcrumb","itemListElement":[{"@type":"ListItem","position":1,"name":"Portada","item":"https:\/\/lospoliticosveracruz.com\/"},{"@type":"ListItem","position":2,"name":"Cinthya y Paco"}]},{"@type":"WebSite","@id":"https:\/\/lospoliticosveracruz.com\/#website","url":"https:\/\/lospoliticosveracruz.com\/","name":"Los pol\u00edticos Veracruz","description":"","publisher":{"@id":"https:\/\/lospoliticosveracruz.com\/#organization"},"potentialAction":[{"@type":"SearchAction","target":{"@type":"EntryPoint","urlTemplate":"https:\/\/lospoliticosveracruz.com\/?s={search_term_string}"},"query-input":{"@type":"PropertyValueSpecification","valueRequired":true,"valueName":"search_term_string"}}],"inLanguage":"es"},{"@type":"Organization","@id":"https:\/\/lospoliticosveracruz.com\/#organization","name":"Los pol\u00edticos Veracruz","url":"https:\/\/lospoliticosveracruz.com\/","logo":{"@type":"ImageObject","inLanguage":"es","@id":"https:\/\/lospoliticosveracruz.com\/#\/schema\/logo\/image\/","url":"https:\/\/lospoliticosveracruz.com\/wp-content\/uploads\/2025\/12\/Logo-Nuevo-LOS-POLITICOS-1.jpg","contentUrl":"https:\/\/lospoliticosveracruz.com\/wp-content\/uploads\/2025\/12\/Logo-Nuevo-LOS-POLITICOS-1.jpg","width":260,"height":70,"caption":"Los pol\u00edticos Veracruz"},"image":{"@id":"https:\/\/lospoliticosveracruz.com\/#\/schema\/logo\/image\/"},"sameAs":["https:\/\/www.facebook.com\/people\/Notimemes-de-los-Polticos\/61565672886568\/","https:\/\/x.com\/LosPoliticosVer"]},{"@type":"Person","@id":"https:\/\/lospoliticosveracruz.com\/#\/schema\/person\/b8702bb0e538456e6efd07080bf2a4a2","name":"Lo viste en Los Pol\u00edticos","image":{"@type":"ImageObject","inLanguage":"es","@id":"https:\/\/secure.gravatar.com\/avatar\/3a8de04a2656d44082be478bd6c086daa447c4651605818287b9532d3d0bd435?s=96&d=mm&r=g","url":"https:\/\/secure.gravatar.com\/avatar\/3a8de04a2656d44082be478bd6c086daa447c4651605818287b9532d3d0bd435?s=96&d=mm&r=g","contentUrl":"https:\/\/secure.gravatar.com\/avatar\/3a8de04a2656d44082be478bd6c086daa447c4651605818287b9532d3d0bd435?s=96&d=mm&r=g","caption":"Lo viste en Los Pol\u00edticos"},"url":"https:\/\/lospoliticosveracruz.com\/?author=2"}]}},"_links":{"self":[{"href":"https:\/\/lospoliticosveracruz.com\/index.php?rest_route=\/wp\/v2\/posts\/62018","targetHints":{"allow":["GET"]}}],"collection":[{"href":"https:\/\/lospoliticosveracruz.com\/index.php?rest_route=\/wp\/v2\/posts"}],"about":[{"href":"https:\/\/lospoliticosveracruz.com\/index.php?rest_route=\/wp\/v2\/types\/post"}],"author":[{"embeddable":true,"href":"https:\/\/lospoliticosveracruz.com\/index.php?rest_route=\/wp\/v2\/users\/2"}],"replies":[{"embeddable":true,"href":"https:\/\/lospoliticosveracruz.com\/index.php?rest_route=%2Fwp%2Fv2%2Fcomments&post=62018"}],"version-history":[{"count":2,"href":"https:\/\/lospoliticosveracruz.com\/index.php?rest_route=\/wp\/v2\/posts\/62018\/revisions"}],"predecessor-version":[{"id":62051,"href":"https:\/\/lospoliticosveracruz.com\/index.php?rest_route=\/wp\/v2\/posts\/62018\/revisions\/62051"}],"wp:attachment":[{"href":"https:\/\/lospoliticosveracruz.com\/index.php?rest_route=%2Fwp%2Fv2%2Fmedia&parent=62018"}],"wp:term":[{"taxonomy":"category","embeddable":true,"href":"https:\/\/lospoliticosveracruz.com\/index.php?rest_route=%2Fwp%2Fv2%2Fcategories&post=62018"},{"taxonomy":"post_tag","embeddable":true,"href":"https:\/\/lospoliticosveracruz.com\/index.php?rest_route=%2Fwp%2Fv2%2Ftags&post=62018"}],"curies":[{"name":"wp","href":"https:\/\/api.w.org\/{rel}","templated":true}]}}