{"id":62061,"date":"2020-10-07T08:50:25","date_gmt":"2020-10-07T13:50:25","guid":{"rendered":"http:\/\/www.lospoliticosveracruz.com.mx\/?p=62061"},"modified":"2020-10-07T08:50:25","modified_gmt":"2020-10-07T13:50:25","slug":"maleno-la-cloaca-erika-la-traicion","status":"publish","type":"post","link":"https:\/\/lospoliticosveracruz.com\/?p=62061","title":{"rendered":"Maleno, la cloaca; Erika, la traici\u00f3n"},"content":{"rendered":"<p>&nbsp;<\/p>\n<p><strong>Ricardo Ch\u00faa<\/strong><br \/>\n<em>Sale y Vale<\/em><\/p>\n<p>&nbsp;<\/p>\n<p>MORENA, SUS OTRAS \u00abMADRINAS\u00bb&#8230; Bien dicen que \u00abel peor enemigo del alacr\u00e1n, es otro alacr\u00e1n\u00bb&#8230; C\u00f3mo si no bastara el tema de la falta de medicamentos oncol\u00f3gicos en Veracruz para ni\u00f1os y pacientes con c\u00e1ncer&#8230; Como si no fueran suficientes, los esc\u00e1ndalos en que est\u00e1 inmerso el delegado del gobierno federal en Veracruz, Manuel Huerta, acusado de presunto abuso sexual&#8230; Ahora se destapa una \u00abcloaca\u00bb m\u00e1s en el Congreso Local&#8230; Donde diputado de MORENA acusan de extorsi\u00f3n a funcionarios de la Legislatura que trabajan para ellos&#8230;<\/p>\n<p>&nbsp; <a href=\"https:\/\/www.facebook.com\/notaria61veracruz\/\"><img decoding=\"async\" src=\"http:\/\/www.lospoliticosveracruz.com.mx\/wp-content\/uploads\/2020\/07\/CINTILLO-Armando.jpg\" alt=\"\" \/><\/a><\/p>\n<p>Otra vez fue el diputado local por el distrito de Medell\u00edn de Bravo, Magdaleno \u00abMaleno\u00bb Rosales Torres, qui\u00e9n acus\u00f3 de EXTORSI\u00d3N al jefe de prensa del Congreso Local, Aldo Valerio Zamudi\u00f3, de pedir \u00abmoches\u00bb por 10 mil pesos a cada legislador de MORENA para difundir sus actividades dentro del \u00e1rea de Comunicaci\u00f3n Social del Congreso del Estado y que esta situaci\u00f3n es permitida por Juan Javier G\u00f3mez Cazar\u00edn, presidente de la Junta de Coordinaci\u00f3n Pol\u00edtica de este recinto&#8230; Y jefe directo de Aldo Zamudio&#8230;<br \/>\nHay que recordar que Aldo Valerio Zamudio, es una posici\u00f3n pol\u00edtica que dej\u00f3 ah\u00ed, el actual titular de la SEV, Zenyanzen Escobar, alias \u00abTarz\u00e1n Boy\u00bb&#8230; Y a quien planea terminando esta legislatura estatal en 2021&#8230; Lograr que Zamudio pueda ser regidor o diputado local por el distrito de C\u00f3rdoba&#8230; Por eso, Maleno Rosales ha comentado que es la forma de que se ha financiado sus \u00abpre pre pre\u00bb campa\u00f1as&#8230; Con los \u00abmoches\u00bb que le exigen a los legisladores MORENOS para publicitarlos en medios de comunicaci\u00f3n&#8230;.<br \/>\nOJO&#8230; No hay que hacerle m\u00e1s al cuento&#8230; Si Maleno dice que esto es verdad&#8230; Que presente una denuncia ante las instancias correspondientes por estos presuntos delitos en contra de Valerio y Cazar\u00edn&#8230; Pero que tambi\u00e9n, confiese por salud propia, que diputados Morenos tienen a su familia en la n\u00f3mina del Congreso Local para confirmar el nepotismo&#8230; As\u00ed como grabo un v\u00eddeo haciendo esos se\u00f1alamientos&#8230; Que no le \u00abtiemblen\u00bb las piernas para hacer p\u00fablico todo esto&#8230; Y no se quede como una \u00abllamarada de petate\u00bb, si despu\u00e9s lo \u00abapapacha\u00bb Cazar\u00edn&#8230;<br \/>\nLo que es un hecho es que Maleno \u00abdestap\u00f3\u00bb la \u00abcloaca\u00bb que hay en el Congreso Local&#8230; D\u00f3nde MORENA y sus diputados no han cambiado el estilo de gobernar que ten\u00edan el PRI o PAN cuando eran los partidos que lo ten\u00edan todo&#8230;. Siguen present\u00e1ndose las mismas acciones: nepotismo, \u00abcompadrazgo\u00bb, extorsi\u00f3n, pero sobre todo presuntos actos de corrupci\u00f3n hechos p\u00fablicos&#8230; El no robar y no mentir, son puras falacias que s\u00f3lo sirven en campa\u00f1a&#8230; Las acusaciones de Maleno han dejado en claro que: \u00abLos jugadores cambian, el juego no\u00bb&#8230;. AMEN&#8230;<\/p>\n<p>LA TRAICI\u00d3N DE LAS \u00abREINIS\u00bb&#8230; Considerada la \u00bfpriista? m\u00e1s MILLONARIA del sistema pol\u00edtico en Veracruz&#8230; Todo parece indicar que la diputada local, Ericka Ayala, ha sido invitada a ser candidata por la alcald\u00eda de Poza Rica, pero no por el PRI,,, Si no por el partido MORENA&#8230; T\u00f3mala \u00abpich\u00f3n\u00bb&#8230; Y la invitaci\u00f3n no se la ha hecho Rocio Nahle, con quien tiene cercan\u00eda&#8230; Menos Cuitl\u00e1huac Garc\u00eda&#8230;. Sino que ha sido Juan Javier G\u00f3mez Cazar\u00edn, el l\u00edder de los diputados locales de MORENA y de ella tambi\u00e9n&#8230;. Ericka ya est\u00e1 m\u00e1s all\u00e1, que ac\u00e1&#8230;<br \/>\nAyala ha sido una de las pol\u00edticas que m\u00e1s le ha sacado \u00abjugo\u00bb al PRI en todos los momentos que gobern\u00f3 Veracruz&#8230; Ella su fortuna personal y su carrera profesional, se la debe a ese partido&#8230; Le ha dado todo y la ha convertido en lo que es, gracias al tricolor&#8230; Pero ahora como no le ve futuro&#8230; Su \u00abcoqueteo\u00bb con MORENA ahora le puede dar \u00abfrutos\u00bb porque ha falta de cuadros pol\u00edticos&#8230; La pueden postular por Poza Rica&#8230;. Que ya gobierna ese partido&#8230; Pese que ella ha comentado que NO VA&#8230; Pero del \u00abplato a la boca, se cae la sopa\u00bb&#8230;.<br \/>\nEricka ha sido una diputada priista \u00abcomod\u00edn\u00bb de MORENA en el actual Congreso Local&#8230; Les ha aprobado todo&#8230; Cazarin la trae de aliada y ella, le ha sabido sacar provecho a esa alianza con Juan Javier&#8230; Logrando grandes prebendas siendo una coordinadora de 4 diputados locales, que ya no se sabe si est\u00e1n juntos o no&#8230; \u00abLa Reinis\u00bb opera con Cazar\u00edn, juega en el bando de los Morenos.. Apoya a los Morenos&#8230; Ya qu\u00e9 m\u00e1s&#8230; \u00abSi camina y come como pato, es pato\u00bb&#8230; Por eso, ahora la ven \u00abguinda\u00bb, no tricolor&#8230;<br \/>\nBien lo dec\u00eda el empresario hotelero orizabe\u00f1o, David Dom\u00ednguez Ferraez: \u00abEricka es una mujer que dice, que va contigo, que te apoya, pero al final, si no conviene a sus intereses personales, no del partido, te da la espalda&#8230; Es una mujer sin palabra y sin escr\u00fapulos pol\u00edticos&#8230; A mi, me lo hizo y me agarr\u00f3 de pen&#8230;.\u00bb&#8230; Por eso, ahora es que Cazar\u00edn, es qui\u00e9n la impulsa en MORENA para ser candidata y \u00e9l convertirse en el \u00abGonzalo N Santos\u00bb de Hueyapan de Ocampo y ser el \u00abcacique\u00bb de MORENA en Veracruz&#8230; Quitarle ese poder a Manuel Huerta..<br \/>\nHay que recordar que Ericka Ayala fue presionada por el gobierno de MORENA de que se hiciera una \u00abauditor\u00eda\u00bb al sindicato de COBAEV&#8230; Ya que presuntamente esta diputada local, ten\u00eda una \u00abpista de aterrizaje\u00bb muy grande, que cobraban en el gobierno, pero que no iban a trabajar y que lo har\u00edan p\u00fablico&#8230; Al final, no pas\u00f3 nada y Ayala empez\u00f3 a votar con MORENA&#8230; Un \u00abapret\u00f3n\u00bb fue suficiente y ahora la quieren hacer, hasta su candidata en Poza Rica&#8230; Cazar\u00edn debe estudiar m\u00e1s a pol\u00edticos como Fernando Guti\u00e9rrez Barrios, quien dec\u00eda: \u00abEl que traiciona una vez, lo hace siempre\u00bb&#8230; El que entendi\u00f3. entendi\u00f3&#8230; JES\u00daS NOS AMPARE&#8230;<\/p>\n<p>PD&#8230; Ya despu\u00e9s de que el PRD nacional analiza ir en alianza de partido con el PRI y PAN&#8230;. Se han \u00abprendido\u00bb las alertas en Veracruz porque algo similar puede ocurrir en la elecci\u00f3n local interna&#8230;. M\u00e1s cuando el PRI tiene una Secretar\u00eda de Alianzas, que no hay otra cartera igual en ning\u00fan organismo en el pa\u00eds, en manos del \u00abtenebroso\u00bb de Joel Arcos Roldan, primo de PepeYu y ex diputado local por Perote&#8230; Obvio aliado de Marl\u00f3n&#8230;<\/p>\n<p>El caso es que Marl\u00f3n tendr\u00e1 que abrir muy bien los ojos.. Si quiere derrotar a MORENA&#8230;. Se empiezan a dar las alianzas estatales&#8230; Y, al parecer, Joel Arcos, ya tiene acuerdos con los partidos pol\u00edticos como el PRD y PAN&#8230; Para que Marl\u00f3n la firme&#8230;Al final de cuentas, el haberse \u00abjalado\u00bb a Arcos, ya empieza a darle \u00abfrutos\u00bb al PRI y a la dirigencia de Ram\u00edrez Mar\u00edn&#8230;. Bien dice que \u00abm\u00e1s sabe el Diablo por viejo, que por Diablo\u00bb&#8230; Arcos lleva 2 meses sentados con los azules y amarillos tratando de conformar la alianza opositora.. AMEN..<\/p>\n","protected":false},"excerpt":{"rendered":"<p>&nbsp; Ricardo Ch\u00faa Sale y Vale &nbsp; MORENA, SUS OTRAS \u00abMADRINAS\u00bb&#8230; Bien dicen que \u00abel peor enemigo del alacr\u00e1n, es otro alacr\u00e1n\u00bb&#8230; C\u00f3mo si no bastara el tema de la falta de medicamentos oncol\u00f3gicos en Veracruz para ni\u00f1os y pacientes con c\u00e1ncer&#8230; Como si no fueran suficientes, los esc\u00e1ndalos en que est\u00e1 inmerso el delegado [&hellip;]<\/p>\n","protected":false},"author":2,"featured_media":0,"comment_status":"open","ping_status":"open","sticky":false,"template":"","format":"standard","meta":{"tdm_status":"","tdm_grid_status":"","footnotes":""},"categories":[70],"tags":[819,1681,22193,22192,611,435,12695,14327,19041,10317,17795,1420,1026,266,1267,107,251,88,195],"class_list":{"0":"post-62061","1":"post","2":"type-post","3":"status-publish","4":"format-standard","6":"category-de-opinion","7":"tag-congreso-local","8":"tag-cuitlahuac-garcia","9":"tag-david-dominguez-ferraez","10":"tag-ericka-ayala","11":"tag-fernando-gutierrez-barrios","12":"tag-joel-arcos-roldan","13":"tag-juan-javier-gomez-cazarin","14":"tag-magdaleno-rosales-torres","15":"tag-maleno","16":"tag-manuel-huerta","17":"tag-marlon-eduardo-ramirez-marin","18":"tag-medellin-de-bravo","19":"tag-morena","20":"tag-pan","21":"tag-poza-rica","22":"tag-prd","23":"tag-pri","24":"tag-sev","25":"tag-veracruz"},"yoast_head":"<!-- This site is optimized with the Yoast SEO plugin v27.4 - https:\/\/yoast.com\/product\/yoast-seo-wordpress\/ -->\n<title>Maleno, la cloaca; Erika, la traici\u00f3n - Los pol\u00edticos Veracruz<\/title>\n<meta name=\"robots\" content=\"index, follow, max-snippet:-1, max-image-preview:large, max-video-preview:-1\" \/>\n<link rel=\"canonical\" href=\"https:\/\/lospoliticosveracruz.com\/?p=62061\" \/>\n<meta property=\"og:locale\" content=\"es_ES\" \/>\n<meta property=\"og:type\" content=\"article\" \/>\n<meta property=\"og:title\" content=\"Maleno, la cloaca; Erika, la traici\u00f3n - Los pol\u00edticos Veracruz\" \/>\n<meta property=\"og:description\" content=\"&nbsp; Ricardo Ch\u00faa Sale y Vale &nbsp; MORENA, SUS OTRAS \u00abMADRINAS\u00bb&#8230; Bien dicen que \u00abel peor enemigo del alacr\u00e1n, es otro alacr\u00e1n\u00bb&#8230; C\u00f3mo si no bastara el tema de la falta de medicamentos oncol\u00f3gicos en Veracruz para ni\u00f1os y pacientes con c\u00e1ncer&#8230; Como si no fueran suficientes, los esc\u00e1ndalos en que est\u00e1 inmerso el delegado [&hellip;]\" \/>\n<meta property=\"og:url\" content=\"https:\/\/lospoliticosveracruz.com\/?p=62061\" \/>\n<meta property=\"og:site_name\" content=\"Los pol\u00edticos Veracruz\" \/>\n<meta property=\"article:publisher\" content=\"https:\/\/www.facebook.com\/people\/Notimemes-de-los-Polticos\/61565672886568\/\" \/>\n<meta property=\"article:published_time\" content=\"2020-10-07T13:50:25+00:00\" \/>\n<meta property=\"og:image\" content=\"http:\/\/www.lospoliticosveracruz.com.mx\/wp-content\/uploads\/2020\/07\/CINTILLO-Armando.jpg\" \/>\n<meta name=\"author\" content=\"Lo viste en Los Pol\u00edticos\" \/>\n<meta name=\"twitter:card\" content=\"summary_large_image\" \/>\n<meta name=\"twitter:creator\" content=\"@LosPoliticosVer\" \/>\n<meta name=\"twitter:site\" content=\"@LosPoliticosVer\" \/>\n<meta name=\"twitter:label1\" content=\"Escrito por\" \/>\n\t<meta name=\"twitter:data1\" content=\"Lo viste en Los Pol\u00edticos\" \/>\n\t<meta name=\"twitter:label2\" content=\"Tiempo de lectura\" \/>\n\t<meta name=\"twitter:data2\" content=\"6 minutos\" \/>\n<script type=\"application\/ld+json\" class=\"yoast-schema-graph\">{\"@context\":\"https:\\\/\\\/schema.org\",\"@graph\":[{\"@type\":\"Article\",\"@id\":\"https:\\\/\\\/lospoliticosveracruz.com\\\/?p=62061#article\",\"isPartOf\":{\"@id\":\"https:\\\/\\\/lospoliticosveracruz.com\\\/?p=62061\"},\"author\":{\"name\":\"Lo viste en Los Pol\u00edticos\",\"@id\":\"https:\\\/\\\/lospoliticosveracruz.com\\\/#\\\/schema\\\/person\\\/b8702bb0e538456e6efd07080bf2a4a2\"},\"headline\":\"Maleno, la cloaca; Erika, la traici\u00f3n\",\"datePublished\":\"2020-10-07T13:50:25+00:00\",\"mainEntityOfPage\":{\"@id\":\"https:\\\/\\\/lospoliticosveracruz.com\\\/?p=62061\"},\"wordCount\":1209,\"commentCount\":0,\"publisher\":{\"@id\":\"https:\\\/\\\/lospoliticosveracruz.com\\\/#organization\"},\"image\":{\"@id\":\"https:\\\/\\\/lospoliticosveracruz.com\\\/?p=62061#primaryimage\"},\"thumbnailUrl\":\"http:\\\/\\\/www.lospoliticosveracruz.com.mx\\\/wp-content\\\/uploads\\\/2020\\\/07\\\/CINTILLO-Armando.jpg\",\"keywords\":[\"Congreso local\",\"Cuitl\u00e1huac Garc\u00eda\",\"David Dom\u00ednguez Ferraez\",\"Ericka Ayala\",\"Fernando Guti\u00e9rrez Barrios\",\"Joel Arcos Rold\u00e1n\",\"Juan Javier G\u00f3mez Cazar\u00edn\",\"Magdaleno Rosales Torres\",\"Maleno\",\"Manuel Huerta\",\"Marlon Eduardo Ram\u00edrez Mar\u00edn\",\"Medell\u00edn de Bravo\",\"Morena\",\"PAN\",\"Poza Rica\",\"PRD\",\"PRI\",\"SEV\",\"Veracruz\"],\"articleSection\":[\"De Opini\u00f3n\"],\"inLanguage\":\"es\",\"potentialAction\":[{\"@type\":\"CommentAction\",\"name\":\"Comment\",\"target\":[\"https:\\\/\\\/lospoliticosveracruz.com\\\/?p=62061#respond\"]}]},{\"@type\":\"WebPage\",\"@id\":\"https:\\\/\\\/lospoliticosveracruz.com\\\/?p=62061\",\"url\":\"https:\\\/\\\/lospoliticosveracruz.com\\\/?p=62061\",\"name\":\"Maleno, la cloaca; Erika, la traici\u00f3n - Los pol\u00edticos Veracruz\",\"isPartOf\":{\"@id\":\"https:\\\/\\\/lospoliticosveracruz.com\\\/#website\"},\"primaryImageOfPage\":{\"@id\":\"https:\\\/\\\/lospoliticosveracruz.com\\\/?p=62061#primaryimage\"},\"image\":{\"@id\":\"https:\\\/\\\/lospoliticosveracruz.com\\\/?p=62061#primaryimage\"},\"thumbnailUrl\":\"http:\\\/\\\/www.lospoliticosveracruz.com.mx\\\/wp-content\\\/uploads\\\/2020\\\/07\\\/CINTILLO-Armando.jpg\",\"datePublished\":\"2020-10-07T13:50:25+00:00\",\"breadcrumb\":{\"@id\":\"https:\\\/\\\/lospoliticosveracruz.com\\\/?p=62061#breadcrumb\"},\"inLanguage\":\"es\",\"potentialAction\":[{\"@type\":\"ReadAction\",\"target\":[\"https:\\\/\\\/lospoliticosveracruz.com\\\/?p=62061\"]}]},{\"@type\":\"ImageObject\",\"inLanguage\":\"es\",\"@id\":\"https:\\\/\\\/lospoliticosveracruz.com\\\/?p=62061#primaryimage\",\"url\":\"http:\\\/\\\/www.lospoliticosveracruz.com.mx\\\/wp-content\\\/uploads\\\/2020\\\/07\\\/CINTILLO-Armando.jpg\",\"contentUrl\":\"http:\\\/\\\/www.lospoliticosveracruz.com.mx\\\/wp-content\\\/uploads\\\/2020\\\/07\\\/CINTILLO-Armando.jpg\"},{\"@type\":\"BreadcrumbList\",\"@id\":\"https:\\\/\\\/lospoliticosveracruz.com\\\/?p=62061#breadcrumb\",\"itemListElement\":[{\"@type\":\"ListItem\",\"position\":1,\"name\":\"Portada\",\"item\":\"https:\\\/\\\/lospoliticosveracruz.com\\\/\"},{\"@type\":\"ListItem\",\"position\":2,\"name\":\"Maleno, la cloaca; Erika, la traici\u00f3n\"}]},{\"@type\":\"WebSite\",\"@id\":\"https:\\\/\\\/lospoliticosveracruz.com\\\/#website\",\"url\":\"https:\\\/\\\/lospoliticosveracruz.com\\\/\",\"name\":\"Los pol\u00edticos Veracruz\",\"description\":\"\",\"publisher\":{\"@id\":\"https:\\\/\\\/lospoliticosveracruz.com\\\/#organization\"},\"potentialAction\":[{\"@type\":\"SearchAction\",\"target\":{\"@type\":\"EntryPoint\",\"urlTemplate\":\"https:\\\/\\\/lospoliticosveracruz.com\\\/?s={search_term_string}\"},\"query-input\":{\"@type\":\"PropertyValueSpecification\",\"valueRequired\":true,\"valueName\":\"search_term_string\"}}],\"inLanguage\":\"es\"},{\"@type\":\"Organization\",\"@id\":\"https:\\\/\\\/lospoliticosveracruz.com\\\/#organization\",\"name\":\"Los pol\u00edticos Veracruz\",\"url\":\"https:\\\/\\\/lospoliticosveracruz.com\\\/\",\"logo\":{\"@type\":\"ImageObject\",\"inLanguage\":\"es\",\"@id\":\"https:\\\/\\\/lospoliticosveracruz.com\\\/#\\\/schema\\\/logo\\\/image\\\/\",\"url\":\"https:\\\/\\\/lospoliticosveracruz.com\\\/wp-content\\\/uploads\\\/2025\\\/12\\\/Logo-Nuevo-LOS-POLITICOS-1.jpg\",\"contentUrl\":\"https:\\\/\\\/lospoliticosveracruz.com\\\/wp-content\\\/uploads\\\/2025\\\/12\\\/Logo-Nuevo-LOS-POLITICOS-1.jpg\",\"width\":260,\"height\":70,\"caption\":\"Los pol\u00edticos Veracruz\"},\"image\":{\"@id\":\"https:\\\/\\\/lospoliticosveracruz.com\\\/#\\\/schema\\\/logo\\\/image\\\/\"},\"sameAs\":[\"https:\\\/\\\/www.facebook.com\\\/people\\\/Notimemes-de-los-Polticos\\\/61565672886568\\\/\",\"https:\\\/\\\/x.com\\\/LosPoliticosVer\"]},{\"@type\":\"Person\",\"@id\":\"https:\\\/\\\/lospoliticosveracruz.com\\\/#\\\/schema\\\/person\\\/b8702bb0e538456e6efd07080bf2a4a2\",\"name\":\"Lo viste en Los Pol\u00edticos\",\"image\":{\"@type\":\"ImageObject\",\"inLanguage\":\"es\",\"@id\":\"https:\\\/\\\/secure.gravatar.com\\\/avatar\\\/3a8de04a2656d44082be478bd6c086daa447c4651605818287b9532d3d0bd435?s=96&d=mm&r=g\",\"url\":\"https:\\\/\\\/secure.gravatar.com\\\/avatar\\\/3a8de04a2656d44082be478bd6c086daa447c4651605818287b9532d3d0bd435?s=96&d=mm&r=g\",\"contentUrl\":\"https:\\\/\\\/secure.gravatar.com\\\/avatar\\\/3a8de04a2656d44082be478bd6c086daa447c4651605818287b9532d3d0bd435?s=96&d=mm&r=g\",\"caption\":\"Lo viste en Los Pol\u00edticos\"},\"url\":\"https:\\\/\\\/lospoliticosveracruz.com\\\/?author=2\"}]}<\/script>\n<!-- \/ Yoast SEO plugin. -->","yoast_head_json":{"title":"Maleno, la cloaca; Erika, la traici\u00f3n - Los pol\u00edticos Veracruz","robots":{"index":"index","follow":"follow","max-snippet":"max-snippet:-1","max-image-preview":"max-image-preview:large","max-video-preview":"max-video-preview:-1"},"canonical":"https:\/\/lospoliticosveracruz.com\/?p=62061","og_locale":"es_ES","og_type":"article","og_title":"Maleno, la cloaca; Erika, la traici\u00f3n - Los pol\u00edticos Veracruz","og_description":"&nbsp; Ricardo Ch\u00faa Sale y Vale &nbsp; MORENA, SUS OTRAS \u00abMADRINAS\u00bb&#8230; Bien dicen que \u00abel peor enemigo del alacr\u00e1n, es otro alacr\u00e1n\u00bb&#8230; C\u00f3mo si no bastara el tema de la falta de medicamentos oncol\u00f3gicos en Veracruz para ni\u00f1os y pacientes con c\u00e1ncer&#8230; Como si no fueran suficientes, los esc\u00e1ndalos en que est\u00e1 inmerso el delegado [&hellip;]","og_url":"https:\/\/lospoliticosveracruz.com\/?p=62061","og_site_name":"Los pol\u00edticos Veracruz","article_publisher":"https:\/\/www.facebook.com\/people\/Notimemes-de-los-Polticos\/61565672886568\/","article_published_time":"2020-10-07T13:50:25+00:00","og_image":[{"url":"http:\/\/www.lospoliticosveracruz.com.mx\/wp-content\/uploads\/2020\/07\/CINTILLO-Armando.jpg","type":"","width":"","height":""}],"author":"Lo viste en Los Pol\u00edticos","twitter_card":"summary_large_image","twitter_creator":"@LosPoliticosVer","twitter_site":"@LosPoliticosVer","twitter_misc":{"Escrito por":"Lo viste en Los Pol\u00edticos","Tiempo de lectura":"6 minutos"},"schema":{"@context":"https:\/\/schema.org","@graph":[{"@type":"Article","@id":"https:\/\/lospoliticosveracruz.com\/?p=62061#article","isPartOf":{"@id":"https:\/\/lospoliticosveracruz.com\/?p=62061"},"author":{"name":"Lo viste en Los Pol\u00edticos","@id":"https:\/\/lospoliticosveracruz.com\/#\/schema\/person\/b8702bb0e538456e6efd07080bf2a4a2"},"headline":"Maleno, la cloaca; Erika, la traici\u00f3n","datePublished":"2020-10-07T13:50:25+00:00","mainEntityOfPage":{"@id":"https:\/\/lospoliticosveracruz.com\/?p=62061"},"wordCount":1209,"commentCount":0,"publisher":{"@id":"https:\/\/lospoliticosveracruz.com\/#organization"},"image":{"@id":"https:\/\/lospoliticosveracruz.com\/?p=62061#primaryimage"},"thumbnailUrl":"http:\/\/www.lospoliticosveracruz.com.mx\/wp-content\/uploads\/2020\/07\/CINTILLO-Armando.jpg","keywords":["Congreso local","Cuitl\u00e1huac Garc\u00eda","David Dom\u00ednguez Ferraez","Ericka Ayala","Fernando Guti\u00e9rrez Barrios","Joel Arcos Rold\u00e1n","Juan Javier G\u00f3mez Cazar\u00edn","Magdaleno Rosales Torres","Maleno","Manuel Huerta","Marlon Eduardo Ram\u00edrez Mar\u00edn","Medell\u00edn de Bravo","Morena","PAN","Poza Rica","PRD","PRI","SEV","Veracruz"],"articleSection":["De Opini\u00f3n"],"inLanguage":"es","potentialAction":[{"@type":"CommentAction","name":"Comment","target":["https:\/\/lospoliticosveracruz.com\/?p=62061#respond"]}]},{"@type":"WebPage","@id":"https:\/\/lospoliticosveracruz.com\/?p=62061","url":"https:\/\/lospoliticosveracruz.com\/?p=62061","name":"Maleno, la cloaca; Erika, la traici\u00f3n - Los pol\u00edticos Veracruz","isPartOf":{"@id":"https:\/\/lospoliticosveracruz.com\/#website"},"primaryImageOfPage":{"@id":"https:\/\/lospoliticosveracruz.com\/?p=62061#primaryimage"},"image":{"@id":"https:\/\/lospoliticosveracruz.com\/?p=62061#primaryimage"},"thumbnailUrl":"http:\/\/www.lospoliticosveracruz.com.mx\/wp-content\/uploads\/2020\/07\/CINTILLO-Armando.jpg","datePublished":"2020-10-07T13:50:25+00:00","breadcrumb":{"@id":"https:\/\/lospoliticosveracruz.com\/?p=62061#breadcrumb"},"inLanguage":"es","potentialAction":[{"@type":"ReadAction","target":["https:\/\/lospoliticosveracruz.com\/?p=62061"]}]},{"@type":"ImageObject","inLanguage":"es","@id":"https:\/\/lospoliticosveracruz.com\/?p=62061#primaryimage","url":"http:\/\/www.lospoliticosveracruz.com.mx\/wp-content\/uploads\/2020\/07\/CINTILLO-Armando.jpg","contentUrl":"http:\/\/www.lospoliticosveracruz.com.mx\/wp-content\/uploads\/2020\/07\/CINTILLO-Armando.jpg"},{"@type":"BreadcrumbList","@id":"https:\/\/lospoliticosveracruz.com\/?p=62061#breadcrumb","itemListElement":[{"@type":"ListItem","position":1,"name":"Portada","item":"https:\/\/lospoliticosveracruz.com\/"},{"@type":"ListItem","position":2,"name":"Maleno, la cloaca; Erika, la traici\u00f3n"}]},{"@type":"WebSite","@id":"https:\/\/lospoliticosveracruz.com\/#website","url":"https:\/\/lospoliticosveracruz.com\/","name":"Los pol\u00edticos Veracruz","description":"","publisher":{"@id":"https:\/\/lospoliticosveracruz.com\/#organization"},"potentialAction":[{"@type":"SearchAction","target":{"@type":"EntryPoint","urlTemplate":"https:\/\/lospoliticosveracruz.com\/?s={search_term_string}"},"query-input":{"@type":"PropertyValueSpecification","valueRequired":true,"valueName":"search_term_string"}}],"inLanguage":"es"},{"@type":"Organization","@id":"https:\/\/lospoliticosveracruz.com\/#organization","name":"Los pol\u00edticos Veracruz","url":"https:\/\/lospoliticosveracruz.com\/","logo":{"@type":"ImageObject","inLanguage":"es","@id":"https:\/\/lospoliticosveracruz.com\/#\/schema\/logo\/image\/","url":"https:\/\/lospoliticosveracruz.com\/wp-content\/uploads\/2025\/12\/Logo-Nuevo-LOS-POLITICOS-1.jpg","contentUrl":"https:\/\/lospoliticosveracruz.com\/wp-content\/uploads\/2025\/12\/Logo-Nuevo-LOS-POLITICOS-1.jpg","width":260,"height":70,"caption":"Los pol\u00edticos Veracruz"},"image":{"@id":"https:\/\/lospoliticosveracruz.com\/#\/schema\/logo\/image\/"},"sameAs":["https:\/\/www.facebook.com\/people\/Notimemes-de-los-Polticos\/61565672886568\/","https:\/\/x.com\/LosPoliticosVer"]},{"@type":"Person","@id":"https:\/\/lospoliticosveracruz.com\/#\/schema\/person\/b8702bb0e538456e6efd07080bf2a4a2","name":"Lo viste en Los Pol\u00edticos","image":{"@type":"ImageObject","inLanguage":"es","@id":"https:\/\/secure.gravatar.com\/avatar\/3a8de04a2656d44082be478bd6c086daa447c4651605818287b9532d3d0bd435?s=96&d=mm&r=g","url":"https:\/\/secure.gravatar.com\/avatar\/3a8de04a2656d44082be478bd6c086daa447c4651605818287b9532d3d0bd435?s=96&d=mm&r=g","contentUrl":"https:\/\/secure.gravatar.com\/avatar\/3a8de04a2656d44082be478bd6c086daa447c4651605818287b9532d3d0bd435?s=96&d=mm&r=g","caption":"Lo viste en Los Pol\u00edticos"},"url":"https:\/\/lospoliticosveracruz.com\/?author=2"}]}},"_links":{"self":[{"href":"https:\/\/lospoliticosveracruz.com\/index.php?rest_route=\/wp\/v2\/posts\/62061","targetHints":{"allow":["GET"]}}],"collection":[{"href":"https:\/\/lospoliticosveracruz.com\/index.php?rest_route=\/wp\/v2\/posts"}],"about":[{"href":"https:\/\/lospoliticosveracruz.com\/index.php?rest_route=\/wp\/v2\/types\/post"}],"author":[{"embeddable":true,"href":"https:\/\/lospoliticosveracruz.com\/index.php?rest_route=\/wp\/v2\/users\/2"}],"replies":[{"embeddable":true,"href":"https:\/\/lospoliticosveracruz.com\/index.php?rest_route=%2Fwp%2Fv2%2Fcomments&post=62061"}],"version-history":[{"count":1,"href":"https:\/\/lospoliticosveracruz.com\/index.php?rest_route=\/wp\/v2\/posts\/62061\/revisions"}],"predecessor-version":[{"id":62063,"href":"https:\/\/lospoliticosveracruz.com\/index.php?rest_route=\/wp\/v2\/posts\/62061\/revisions\/62063"}],"wp:attachment":[{"href":"https:\/\/lospoliticosveracruz.com\/index.php?rest_route=%2Fwp%2Fv2%2Fmedia&parent=62061"}],"wp:term":[{"taxonomy":"category","embeddable":true,"href":"https:\/\/lospoliticosveracruz.com\/index.php?rest_route=%2Fwp%2Fv2%2Fcategories&post=62061"},{"taxonomy":"post_tag","embeddable":true,"href":"https:\/\/lospoliticosveracruz.com\/index.php?rest_route=%2Fwp%2Fv2%2Ftags&post=62061"}],"curies":[{"name":"wp","href":"https:\/\/api.w.org\/{rel}","templated":true}]}}