{"id":62210,"date":"2020-10-09T19:52:16","date_gmt":"2020-10-10T00:52:16","guid":{"rendered":"http:\/\/www.lospoliticosveracruz.com.mx\/?p=62210"},"modified":"2020-10-09T19:52:16","modified_gmt":"2020-10-10T00:52:16","slug":"acuerdan-imss-y-sntss-incremento-del-5-70","status":"publish","type":"post","link":"https:\/\/lospoliticosveracruz.com\/?p=62210","title":{"rendered":"Acuerdan IMSS y Sntss incremento del 5.70%"},"content":{"rendered":"<p>&nbsp;<\/p>\n<p>El Sindicato Nacional de Trabajadores del Seguro Social (SNTSS) y el Instituto Mexicano del Seguro Social (IMSS) acordaron un incremento global del 5.70 por ciento por arriba de la inflaci\u00f3n, distribuido en 3.60 por ciento al sueldo tabular y 2.10 por ciento al Concepto 11 (prestaciones), el cual estar\u00e1 vigente del 16 de octubre de 2020 al 15 de octubre de 2021.<br \/>\nEn el marco de la clausura del LIX Congreso Nacional Ordinario del SNTSS, realizado en Le\u00f3n, Guanajuato, el l\u00edder del sindicato, doctor Arturo Olivares Cerda, y el director general del IMSS, Maestro Zo\u00e9 Robledo, resaltaron la coordinaci\u00f3n entre ambas partes en beneficio de los trabajadores y la derechohabiencia.<br \/>\nEn su mensaje, el doctor Arturo Olivares Cerda, Secretario General del Comit\u00e9 Ejecutivo Nacional del SNTSS, dijo que la negociaci\u00f3n no fue sencilla, pero que en todo momento se dej\u00f3 claro que a pesar de la crisis econ\u00f3mica que vive el pa\u00eds, el bienestar de los trabajadores debe ser una prioridad.<br \/>\n\u00abAgradezco la apertura institucional por escuchar la demanda de los trabajadores. Al Maestro Zo\u00e9 Robledo Aburto, director general del IMSS por su sensibilidad y respaldo\u00bb, apunt\u00f3 el l\u00edder nacional en el marco del LIX Congreso Nacional Ordinario.<br \/>\nAgreg\u00f3 que hay pendientes en materia de infraestructura m\u00e9dica, compra de insumos y ampliaci\u00f3n de la plantilla laboral, asuntos que ya estamos platicando con el IMSS para darle soluci\u00f3n.<br \/>\nPor su parte, el director general del IMSS, Maestro Zo\u00e9 Robledo, reconoci\u00f3 la aprobaci\u00f3n del incremento salarial en un contexto complicado para la econom\u00eda del pa\u00eds por la p\u00e9rdida de empleos y disminuci\u00f3n de salarios, \u201ces muy significativo porque es siempre para arriba y siempre para adelante\u201d.<br \/>\nAfirm\u00f3 que la apuesta por la grandeza y defensa de la instituci\u00f3n empieza por reconocer que la mayor fortaleza reside en su base trabajadora, su esfuerzo individual, pero tambi\u00e9n el colectivo y organizado que piensa siempre en el porvenir del Instituto y su derechohabiencia.<br \/>\n\u201cDesde que el Presidente Andr\u00e9s Manuel L\u00f3pez Obrador me dio \u00e9ste, el encargo m\u00e1s honroso de toda mi vida, he tenido claro que la transformaci\u00f3n del Instituto no solamente pasaba, sino que empezaba por construir una relaci\u00f3n basada en la confianza y en el respeto con la base trabajadora. No bastaba con buenas intenciones, hab\u00eda que dar certezas y actuar\u201d, enfatiz\u00f3.<br \/>\nZo\u00e9 Robledo asegur\u00f3 que en muy pocos meses Instituto y Sindicato construyeron una relaci\u00f3n pol\u00edtica s\u00f3lida y, sobre todo, confiable, fue as\u00ed como se apareci\u00f3 en nuestro horizonte la pandemia. El COVID-19 puso a prueba los cimientos de esa naciente relaci\u00f3n, enfrentar\u00edamos juntos la pandemia o quiz\u00e1 hubi\u00e9ramos fracasado separados.<br \/>\nEl director general del IMSS se\u00f1al\u00f3 que en apoyo a los trabajadores del Instituto en el marco de la pandemia se les ha otorgado el Bono COVID y Notas de M\u00e9rito, est\u00edmulos econ\u00f3micos que han beneficiado a 182 mil trabajadores.<br \/>\nAdem\u00e1s, subray\u00f3 que el Seguro Social no escatim\u00f3 recursos, ni horas de trabajo para la seguridad de su personal m\u00e9dico, \u201cen lo que va de la pandemia se han adquirido m\u00e1s de 30 millones de respiradores; cerca de 35 millones de cubrebocas, 2 millones de caretas, m\u00e1s de 25 millones de guantes y de batas; y alrededor de 3 millones de googles\u201d.<br \/>\nAfirm\u00f3 que todo esto ha sido gracias a trabajadores y trabajadoras, y enfatiz\u00f3 que el l\u00edder sindical, el doctor Arturo Olivares, ha cumplido con el deber de velar por el bienestar de los agremiados, pues siempre ha estado abierto al di\u00e1logo y al acuerdo.<br \/>\nInform\u00f3 que para el 2021 se cuenta con el presupuesto m\u00e1s grande en la historia del Seguro Social para conservaci\u00f3n y remodelaci\u00f3n de unidades: seis mil 135 millones de pesos, es decir, 15 por ciento m\u00e1s que en 2020 para mejorar iluminaci\u00f3n, calefacci\u00f3n, aires acondicionados, sistemas de seguridad, elevadores, ventiladores, cocinas, comedores, vestidores, residencias y otras obras que repercutir\u00e1n en la seguridad de los pacientes.<\/p>\n","protected":false},"excerpt":{"rendered":"<p>&nbsp; El Sindicato Nacional de Trabajadores del Seguro Social (SNTSS) y el Instituto Mexicano del Seguro Social (IMSS) acordaron un incremento global del 5.70 por ciento por arriba de la inflaci\u00f3n, distribuido en 3.60 por ciento al sueldo tabular y 2.10 por ciento al Concepto 11 (prestaciones), el cual estar\u00e1 vigente del 16 de octubre [&hellip;]<\/p>\n","protected":false},"author":2,"featured_media":0,"comment_status":"open","ping_status":"open","sticky":false,"template":"","format":"standard","meta":{"tdm_status":"","tdm_grid_status":"","footnotes":""},"categories":[73],"tags":[618,1208,12852,22318,14000,22320],"class_list":{"0":"post-62210","1":"post","2":"type-post","3":"status-publish","4":"format-standard","6":"category-de-boleto","7":"tag-andres-manuel-lopez-obrador","8":"tag-imss","9":"tag-instituto-mexicano-del-seguro-social","10":"tag-maestro-zoe-robledo","11":"tag-sntss","12":"tag-transformacion-del-instituto"},"yoast_head":"<!-- This site is optimized with the Yoast SEO plugin v27.4 - https:\/\/yoast.com\/product\/yoast-seo-wordpress\/ -->\n<title>Acuerdan IMSS y Sntss incremento del 5.70% - Los pol\u00edticos Veracruz<\/title>\n<meta name=\"robots\" content=\"index, follow, max-snippet:-1, max-image-preview:large, max-video-preview:-1\" \/>\n<link rel=\"canonical\" href=\"https:\/\/lospoliticosveracruz.com\/?p=62210\" \/>\n<meta property=\"og:locale\" content=\"es_ES\" \/>\n<meta property=\"og:type\" content=\"article\" \/>\n<meta property=\"og:title\" content=\"Acuerdan IMSS y Sntss incremento del 5.70% - Los pol\u00edticos Veracruz\" \/>\n<meta property=\"og:description\" content=\"&nbsp; El Sindicato Nacional de Trabajadores del Seguro Social (SNTSS) y el Instituto Mexicano del Seguro Social (IMSS) acordaron un incremento global del 5.70 por ciento por arriba de la inflaci\u00f3n, distribuido en 3.60 por ciento al sueldo tabular y 2.10 por ciento al Concepto 11 (prestaciones), el cual estar\u00e1 vigente del 16 de octubre [&hellip;]\" \/>\n<meta property=\"og:url\" content=\"https:\/\/lospoliticosveracruz.com\/?p=62210\" \/>\n<meta property=\"og:site_name\" content=\"Los pol\u00edticos Veracruz\" \/>\n<meta property=\"article:publisher\" content=\"https:\/\/www.facebook.com\/people\/Notimemes-de-los-Polticos\/61565672886568\/\" \/>\n<meta property=\"article:published_time\" content=\"2020-10-10T00:52:16+00:00\" \/>\n<meta property=\"og:image\" content=\"https:\/\/lospoliticosveracruz.com\/wp-content\/uploads\/2016\/07\/Logo-Dor.jpg\" \/>\n\t<meta property=\"og:image:width\" content=\"200\" \/>\n\t<meta property=\"og:image:height\" content=\"200\" \/>\n\t<meta property=\"og:image:type\" content=\"image\/jpeg\" \/>\n<meta name=\"author\" content=\"Lo viste en Los Pol\u00edticos\" \/>\n<meta name=\"twitter:card\" content=\"summary_large_image\" \/>\n<meta name=\"twitter:creator\" content=\"@LosPoliticosVer\" \/>\n<meta name=\"twitter:site\" content=\"@LosPoliticosVer\" \/>\n<meta name=\"twitter:label1\" content=\"Escrito por\" \/>\n\t<meta name=\"twitter:data1\" content=\"Lo viste en Los Pol\u00edticos\" \/>\n\t<meta name=\"twitter:label2\" content=\"Tiempo de lectura\" \/>\n\t<meta name=\"twitter:data2\" content=\"3 minutos\" \/>\n<script type=\"application\/ld+json\" class=\"yoast-schema-graph\">{\"@context\":\"https:\\\/\\\/schema.org\",\"@graph\":[{\"@type\":\"Article\",\"@id\":\"https:\\\/\\\/lospoliticosveracruz.com\\\/?p=62210#article\",\"isPartOf\":{\"@id\":\"https:\\\/\\\/lospoliticosveracruz.com\\\/?p=62210\"},\"author\":{\"name\":\"Lo viste en Los Pol\u00edticos\",\"@id\":\"https:\\\/\\\/lospoliticosveracruz.com\\\/#\\\/schema\\\/person\\\/b8702bb0e538456e6efd07080bf2a4a2\"},\"headline\":\"Acuerdan IMSS y Sntss incremento del 5.70%\",\"datePublished\":\"2020-10-10T00:52:16+00:00\",\"mainEntityOfPage\":{\"@id\":\"https:\\\/\\\/lospoliticosveracruz.com\\\/?p=62210\"},\"wordCount\":676,\"commentCount\":0,\"publisher\":{\"@id\":\"https:\\\/\\\/lospoliticosveracruz.com\\\/#organization\"},\"keywords\":[\"Andr\u00e9s Manuel L\u00f3pez Obrador\",\"IMSS\",\"Instituto Mexicano del Seguro Social\",\"Maestro Zo\u00e9 Robledo\",\"SNTSS\",\"Transformaci\u00f3n del Instituto\"],\"articleSection\":[\"De Boleto\"],\"inLanguage\":\"es\",\"potentialAction\":[{\"@type\":\"CommentAction\",\"name\":\"Comment\",\"target\":[\"https:\\\/\\\/lospoliticosveracruz.com\\\/?p=62210#respond\"]}]},{\"@type\":\"WebPage\",\"@id\":\"https:\\\/\\\/lospoliticosveracruz.com\\\/?p=62210\",\"url\":\"https:\\\/\\\/lospoliticosveracruz.com\\\/?p=62210\",\"name\":\"Acuerdan IMSS y Sntss incremento del 5.70% - Los pol\u00edticos Veracruz\",\"isPartOf\":{\"@id\":\"https:\\\/\\\/lospoliticosveracruz.com\\\/#website\"},\"datePublished\":\"2020-10-10T00:52:16+00:00\",\"breadcrumb\":{\"@id\":\"https:\\\/\\\/lospoliticosveracruz.com\\\/?p=62210#breadcrumb\"},\"inLanguage\":\"es\",\"potentialAction\":[{\"@type\":\"ReadAction\",\"target\":[\"https:\\\/\\\/lospoliticosveracruz.com\\\/?p=62210\"]}]},{\"@type\":\"BreadcrumbList\",\"@id\":\"https:\\\/\\\/lospoliticosveracruz.com\\\/?p=62210#breadcrumb\",\"itemListElement\":[{\"@type\":\"ListItem\",\"position\":1,\"name\":\"Portada\",\"item\":\"https:\\\/\\\/lospoliticosveracruz.com\\\/\"},{\"@type\":\"ListItem\",\"position\":2,\"name\":\"Acuerdan IMSS y Sntss incremento del 5.70%\"}]},{\"@type\":\"WebSite\",\"@id\":\"https:\\\/\\\/lospoliticosveracruz.com\\\/#website\",\"url\":\"https:\\\/\\\/lospoliticosveracruz.com\\\/\",\"name\":\"Los pol\u00edticos Veracruz\",\"description\":\"\",\"publisher\":{\"@id\":\"https:\\\/\\\/lospoliticosveracruz.com\\\/#organization\"},\"potentialAction\":[{\"@type\":\"SearchAction\",\"target\":{\"@type\":\"EntryPoint\",\"urlTemplate\":\"https:\\\/\\\/lospoliticosveracruz.com\\\/?s={search_term_string}\"},\"query-input\":{\"@type\":\"PropertyValueSpecification\",\"valueRequired\":true,\"valueName\":\"search_term_string\"}}],\"inLanguage\":\"es\"},{\"@type\":\"Organization\",\"@id\":\"https:\\\/\\\/lospoliticosveracruz.com\\\/#organization\",\"name\":\"Los pol\u00edticos Veracruz\",\"url\":\"https:\\\/\\\/lospoliticosveracruz.com\\\/\",\"logo\":{\"@type\":\"ImageObject\",\"inLanguage\":\"es\",\"@id\":\"https:\\\/\\\/lospoliticosveracruz.com\\\/#\\\/schema\\\/logo\\\/image\\\/\",\"url\":\"https:\\\/\\\/lospoliticosveracruz.com\\\/wp-content\\\/uploads\\\/2025\\\/12\\\/Logo-Nuevo-LOS-POLITICOS-1.jpg\",\"contentUrl\":\"https:\\\/\\\/lospoliticosveracruz.com\\\/wp-content\\\/uploads\\\/2025\\\/12\\\/Logo-Nuevo-LOS-POLITICOS-1.jpg\",\"width\":260,\"height\":70,\"caption\":\"Los pol\u00edticos Veracruz\"},\"image\":{\"@id\":\"https:\\\/\\\/lospoliticosveracruz.com\\\/#\\\/schema\\\/logo\\\/image\\\/\"},\"sameAs\":[\"https:\\\/\\\/www.facebook.com\\\/people\\\/Notimemes-de-los-Polticos\\\/61565672886568\\\/\",\"https:\\\/\\\/x.com\\\/LosPoliticosVer\"]},{\"@type\":\"Person\",\"@id\":\"https:\\\/\\\/lospoliticosveracruz.com\\\/#\\\/schema\\\/person\\\/b8702bb0e538456e6efd07080bf2a4a2\",\"name\":\"Lo viste en Los Pol\u00edticos\",\"image\":{\"@type\":\"ImageObject\",\"inLanguage\":\"es\",\"@id\":\"https:\\\/\\\/secure.gravatar.com\\\/avatar\\\/3a8de04a2656d44082be478bd6c086daa447c4651605818287b9532d3d0bd435?s=96&d=mm&r=g\",\"url\":\"https:\\\/\\\/secure.gravatar.com\\\/avatar\\\/3a8de04a2656d44082be478bd6c086daa447c4651605818287b9532d3d0bd435?s=96&d=mm&r=g\",\"contentUrl\":\"https:\\\/\\\/secure.gravatar.com\\\/avatar\\\/3a8de04a2656d44082be478bd6c086daa447c4651605818287b9532d3d0bd435?s=96&d=mm&r=g\",\"caption\":\"Lo viste en Los Pol\u00edticos\"},\"url\":\"https:\\\/\\\/lospoliticosveracruz.com\\\/?author=2\"}]}<\/script>\n<!-- \/ Yoast SEO plugin. -->","yoast_head_json":{"title":"Acuerdan IMSS y Sntss incremento del 5.70% - Los pol\u00edticos Veracruz","robots":{"index":"index","follow":"follow","max-snippet":"max-snippet:-1","max-image-preview":"max-image-preview:large","max-video-preview":"max-video-preview:-1"},"canonical":"https:\/\/lospoliticosveracruz.com\/?p=62210","og_locale":"es_ES","og_type":"article","og_title":"Acuerdan IMSS y Sntss incremento del 5.70% - Los pol\u00edticos Veracruz","og_description":"&nbsp; El Sindicato Nacional de Trabajadores del Seguro Social (SNTSS) y el Instituto Mexicano del Seguro Social (IMSS) acordaron un incremento global del 5.70 por ciento por arriba de la inflaci\u00f3n, distribuido en 3.60 por ciento al sueldo tabular y 2.10 por ciento al Concepto 11 (prestaciones), el cual estar\u00e1 vigente del 16 de octubre [&hellip;]","og_url":"https:\/\/lospoliticosveracruz.com\/?p=62210","og_site_name":"Los pol\u00edticos Veracruz","article_publisher":"https:\/\/www.facebook.com\/people\/Notimemes-de-los-Polticos\/61565672886568\/","article_published_time":"2020-10-10T00:52:16+00:00","og_image":[{"width":200,"height":200,"url":"https:\/\/lospoliticosveracruz.com\/wp-content\/uploads\/2016\/07\/Logo-Dor.jpg","type":"image\/jpeg"}],"author":"Lo viste en Los Pol\u00edticos","twitter_card":"summary_large_image","twitter_creator":"@LosPoliticosVer","twitter_site":"@LosPoliticosVer","twitter_misc":{"Escrito por":"Lo viste en Los Pol\u00edticos","Tiempo de lectura":"3 minutos"},"schema":{"@context":"https:\/\/schema.org","@graph":[{"@type":"Article","@id":"https:\/\/lospoliticosveracruz.com\/?p=62210#article","isPartOf":{"@id":"https:\/\/lospoliticosveracruz.com\/?p=62210"},"author":{"name":"Lo viste en Los Pol\u00edticos","@id":"https:\/\/lospoliticosveracruz.com\/#\/schema\/person\/b8702bb0e538456e6efd07080bf2a4a2"},"headline":"Acuerdan IMSS y Sntss incremento del 5.70%","datePublished":"2020-10-10T00:52:16+00:00","mainEntityOfPage":{"@id":"https:\/\/lospoliticosveracruz.com\/?p=62210"},"wordCount":676,"commentCount":0,"publisher":{"@id":"https:\/\/lospoliticosveracruz.com\/#organization"},"keywords":["Andr\u00e9s Manuel L\u00f3pez Obrador","IMSS","Instituto Mexicano del Seguro Social","Maestro Zo\u00e9 Robledo","SNTSS","Transformaci\u00f3n del Instituto"],"articleSection":["De Boleto"],"inLanguage":"es","potentialAction":[{"@type":"CommentAction","name":"Comment","target":["https:\/\/lospoliticosveracruz.com\/?p=62210#respond"]}]},{"@type":"WebPage","@id":"https:\/\/lospoliticosveracruz.com\/?p=62210","url":"https:\/\/lospoliticosveracruz.com\/?p=62210","name":"Acuerdan IMSS y Sntss incremento del 5.70% - Los pol\u00edticos Veracruz","isPartOf":{"@id":"https:\/\/lospoliticosveracruz.com\/#website"},"datePublished":"2020-10-10T00:52:16+00:00","breadcrumb":{"@id":"https:\/\/lospoliticosveracruz.com\/?p=62210#breadcrumb"},"inLanguage":"es","potentialAction":[{"@type":"ReadAction","target":["https:\/\/lospoliticosveracruz.com\/?p=62210"]}]},{"@type":"BreadcrumbList","@id":"https:\/\/lospoliticosveracruz.com\/?p=62210#breadcrumb","itemListElement":[{"@type":"ListItem","position":1,"name":"Portada","item":"https:\/\/lospoliticosveracruz.com\/"},{"@type":"ListItem","position":2,"name":"Acuerdan IMSS y Sntss incremento del 5.70%"}]},{"@type":"WebSite","@id":"https:\/\/lospoliticosveracruz.com\/#website","url":"https:\/\/lospoliticosveracruz.com\/","name":"Los pol\u00edticos Veracruz","description":"","publisher":{"@id":"https:\/\/lospoliticosveracruz.com\/#organization"},"potentialAction":[{"@type":"SearchAction","target":{"@type":"EntryPoint","urlTemplate":"https:\/\/lospoliticosveracruz.com\/?s={search_term_string}"},"query-input":{"@type":"PropertyValueSpecification","valueRequired":true,"valueName":"search_term_string"}}],"inLanguage":"es"},{"@type":"Organization","@id":"https:\/\/lospoliticosveracruz.com\/#organization","name":"Los pol\u00edticos Veracruz","url":"https:\/\/lospoliticosveracruz.com\/","logo":{"@type":"ImageObject","inLanguage":"es","@id":"https:\/\/lospoliticosveracruz.com\/#\/schema\/logo\/image\/","url":"https:\/\/lospoliticosveracruz.com\/wp-content\/uploads\/2025\/12\/Logo-Nuevo-LOS-POLITICOS-1.jpg","contentUrl":"https:\/\/lospoliticosveracruz.com\/wp-content\/uploads\/2025\/12\/Logo-Nuevo-LOS-POLITICOS-1.jpg","width":260,"height":70,"caption":"Los pol\u00edticos Veracruz"},"image":{"@id":"https:\/\/lospoliticosveracruz.com\/#\/schema\/logo\/image\/"},"sameAs":["https:\/\/www.facebook.com\/people\/Notimemes-de-los-Polticos\/61565672886568\/","https:\/\/x.com\/LosPoliticosVer"]},{"@type":"Person","@id":"https:\/\/lospoliticosveracruz.com\/#\/schema\/person\/b8702bb0e538456e6efd07080bf2a4a2","name":"Lo viste en Los Pol\u00edticos","image":{"@type":"ImageObject","inLanguage":"es","@id":"https:\/\/secure.gravatar.com\/avatar\/3a8de04a2656d44082be478bd6c086daa447c4651605818287b9532d3d0bd435?s=96&d=mm&r=g","url":"https:\/\/secure.gravatar.com\/avatar\/3a8de04a2656d44082be478bd6c086daa447c4651605818287b9532d3d0bd435?s=96&d=mm&r=g","contentUrl":"https:\/\/secure.gravatar.com\/avatar\/3a8de04a2656d44082be478bd6c086daa447c4651605818287b9532d3d0bd435?s=96&d=mm&r=g","caption":"Lo viste en Los Pol\u00edticos"},"url":"https:\/\/lospoliticosveracruz.com\/?author=2"}]}},"_links":{"self":[{"href":"https:\/\/lospoliticosveracruz.com\/index.php?rest_route=\/wp\/v2\/posts\/62210","targetHints":{"allow":["GET"]}}],"collection":[{"href":"https:\/\/lospoliticosveracruz.com\/index.php?rest_route=\/wp\/v2\/posts"}],"about":[{"href":"https:\/\/lospoliticosveracruz.com\/index.php?rest_route=\/wp\/v2\/types\/post"}],"author":[{"embeddable":true,"href":"https:\/\/lospoliticosveracruz.com\/index.php?rest_route=\/wp\/v2\/users\/2"}],"replies":[{"embeddable":true,"href":"https:\/\/lospoliticosveracruz.com\/index.php?rest_route=%2Fwp%2Fv2%2Fcomments&post=62210"}],"version-history":[{"count":1,"href":"https:\/\/lospoliticosveracruz.com\/index.php?rest_route=\/wp\/v2\/posts\/62210\/revisions"}],"predecessor-version":[{"id":62211,"href":"https:\/\/lospoliticosveracruz.com\/index.php?rest_route=\/wp\/v2\/posts\/62210\/revisions\/62211"}],"wp:attachment":[{"href":"https:\/\/lospoliticosveracruz.com\/index.php?rest_route=%2Fwp%2Fv2%2Fmedia&parent=62210"}],"wp:term":[{"taxonomy":"category","embeddable":true,"href":"https:\/\/lospoliticosveracruz.com\/index.php?rest_route=%2Fwp%2Fv2%2Fcategories&post=62210"},{"taxonomy":"post_tag","embeddable":true,"href":"https:\/\/lospoliticosveracruz.com\/index.php?rest_route=%2Fwp%2Fv2%2Ftags&post=62210"}],"curies":[{"name":"wp","href":"https:\/\/api.w.org\/{rel}","templated":true}]}}