{"id":62219,"date":"2020-10-10T09:23:52","date_gmt":"2020-10-10T14:23:52","guid":{"rendered":"http:\/\/www.lospoliticosveracruz.com.mx\/?p=62219"},"modified":"2020-10-10T09:23:52","modified_gmt":"2020-10-10T14:23:52","slug":"escandalos-y-proceso-electoral","status":"publish","type":"post","link":"https:\/\/lospoliticosveracruz.com\/?p=62219","title":{"rendered":"Esc\u00e1ndalos y Proceso Electoral"},"content":{"rendered":"<p><strong>Brenda Caballero<\/strong><\/p>\n<p><em>N\u00fameros Rojos<\/em><\/p>\n<p>&nbsp;<\/p>\n<p>Las descalificaciones, los madrazos, los insultos, los trapos al sol entre los y las pol\u00edticas, comprueban que en Veracruz, las elecciones est\u00e1n m\u00e1s cerca de lo que parece.<br \/>\nA falta de contrapesos en los partidos pol\u00edticos, el proceso electoral lo definir\u00e1n los chismes y los esc\u00e1ndalos, muy ad hoc con esta bipolaridad social que estamos viviendo.<br \/>\nAl 4 de septiembre 2020, en Veracruz, el Padr\u00f3n es de 5 millones 915 mil 844 ciudadanos y la lista nominal de 5 millones 830 mil 025, y aunque faltan unos meses para que inicie el pr\u00f3ximo a\u00f1o y sean elecciones, lo que est\u00e1 en juego seguramente definir\u00e1 la vida pol\u00edtica de Veracruz. Estamos hablando que ser\u00e1n designados 30 diputados de mayor\u00eda relativa, 20 diputados de representaci\u00f3n proporcional, 212 presidentes municipales, 633 regidur\u00edas y 212 sindicaturas. Todo un paquete que puede hacer contrapeso al gobierno de Cuitl\u00e1huac Garc\u00eda Jim\u00e9nez.<br \/>\nPero en este proceso electoral, pareciera que son innecesarios los contrapesos porque al menos en Veracruz, Morena presenta fracturas severas, al grado que pueden dejar inv\u00e1lido a m\u00e1s de uno, si no acuerdan y sanan sus cicatrices.<br \/>\nPor eso, desde este mes, ya vemos a un s\u00faper delegado Manuel Huerta Ladr\u00f3n de Guevara envuelto en esc\u00e1ndalos, acusado directamente de violaci\u00f3n, situaci\u00f3n bastante grave que sinceramente deber\u00eda aclarar y donde la Fiscal\u00eda del Estado se qued\u00f3 congelada sin tomar cartas en el asunto.<br \/>\nAunque en Veracruz no habr\u00e1 elecciones a gobernador como en 15 estados, donde por cierto ya 10 delegados federales se alistan y preparan la contienda, todo indica que es necesario bajar a Don Manuel Huerta antes de que agarre vuelo y sea imparable.<br \/>\nMisma suerte llev\u00f3 al diputado local por Morena, Maleno Rosales, quien ya le ventanearon hasta a su hijo que est\u00e1 en n\u00f3mina del Congreso. Ante la exhibida, Maleno se ha tirado cual gato panza arriba para defenderse, no importa a quien le cae el zarpazo.<br \/>\nLo cierto es que la corrupci\u00f3n que tanto hemos querido erradicar sigue all\u00ed, intacta, simplemente cambi\u00f3 de color. Por tal motivo, el discurso contra ella no ser\u00e1 un factor que funcione para atraer votantes o indecisos. \u00bfQu\u00e9 les queda a los candidatos a los puestos de elecci\u00f3n popular? Pues investigar al opositor u opositora y mostrar sus trapitos al sol. Ahora s\u00ed, puede ganar el candidato o candidata que tenga menos cola que le pisen.<br \/>\nNo me cabe la menor duda que de aqu\u00ed en adelante, ir\u00e1n saliendo m\u00e1s cosas, m\u00e1s chismes, m\u00e1s nepotismo, m\u00e1s trapitos y trapotes, pues el proceso electoral 2021 apenas se est\u00e1 cocinando.<\/p>\n<p>La Reina Damara<br \/>\nDicen que no hay publicidad mala y mire que Damara Isabel G\u00f3mez Morales lo est\u00e1 aprovechando bastante bien. En un dos por tres, la regidora del PRI por Minatitl\u00e1n ha dado de qu\u00e9 hablar en redes sociales por sus videos subidos en Tik tok, donde algunos afirman exhibe sus lujos por mostrar autos Mercedes Benz, lentes y ropa de marca.<br \/>\nA la regidora se le critica por pertenecer al PRI, pero tambi\u00e9n se le ha reconocido por ser aut\u00e9ntica en sus videos y romper estereotipos. Ya hasta ha roto varios corazones. \u00a1No olvidemos que estamos en la era de las redes sociales! Y que tambi\u00e9n ser\u00e1n un factor determinante en el pr\u00f3ximo proceso electoral, nos guste o no.<\/p>\n<p>@NumerosRojos_BC<br \/>\ncaballero_brenda@hotmail.com<\/p>\n","protected":false},"excerpt":{"rendered":"<p>Brenda Caballero N\u00fameros Rojos &nbsp; Las descalificaciones, los madrazos, los insultos, los trapos al sol entre los y las pol\u00edticas, comprueban que en Veracruz, las elecciones est\u00e1n m\u00e1s cerca de lo que parece. A falta de contrapesos en los partidos pol\u00edticos, el proceso electoral lo definir\u00e1n los chismes y los esc\u00e1ndalos, muy ad hoc con [&hellip;]<\/p>\n","protected":false},"author":2,"featured_media":0,"comment_status":"open","ping_status":"open","sticky":false,"template":"","format":"standard","meta":{"tdm_status":"","tdm_grid_status":"","footnotes":""},"categories":[70],"tags":[1302,1563,14307,19041,13812,1850,1026,5346,22324,251,22326,15652,195],"class_list":{"0":"post-62219","1":"post","2":"type-post","3":"status-publish","4":"format-standard","6":"category-de-opinion","7":"tag-congreso","8":"tag-cuitlahuac-garcia-jimenez","9":"tag-damara-isabel-gomez-morales","10":"tag-maleno","11":"tag-maleno-rosales","12":"tag-manuel-huerta-ladron-de-guevara","13":"tag-morena","14":"tag-padron-electoral","15":"tag-politicas","16":"tag-pri","17":"tag-pri-por-minatitlan","18":"tag-tik-tok","19":"tag-veracruz"},"yoast_head":"<!-- This site is optimized with the Yoast SEO plugin v27.4 - https:\/\/yoast.com\/product\/yoast-seo-wordpress\/ -->\n<title>Esc\u00e1ndalos y Proceso Electoral - Los pol\u00edticos Veracruz<\/title>\n<meta name=\"robots\" content=\"index, follow, max-snippet:-1, max-image-preview:large, max-video-preview:-1\" \/>\n<link rel=\"canonical\" href=\"https:\/\/lospoliticosveracruz.com\/?p=62219\" \/>\n<meta property=\"og:locale\" content=\"es_ES\" \/>\n<meta property=\"og:type\" content=\"article\" \/>\n<meta property=\"og:title\" content=\"Esc\u00e1ndalos y Proceso Electoral - Los pol\u00edticos Veracruz\" \/>\n<meta property=\"og:description\" content=\"Brenda Caballero N\u00fameros Rojos &nbsp; Las descalificaciones, los madrazos, los insultos, los trapos al sol entre los y las pol\u00edticas, comprueban que en Veracruz, las elecciones est\u00e1n m\u00e1s cerca de lo que parece. A falta de contrapesos en los partidos pol\u00edticos, el proceso electoral lo definir\u00e1n los chismes y los esc\u00e1ndalos, muy ad hoc con [&hellip;]\" \/>\n<meta property=\"og:url\" content=\"https:\/\/lospoliticosveracruz.com\/?p=62219\" \/>\n<meta property=\"og:site_name\" content=\"Los pol\u00edticos Veracruz\" \/>\n<meta property=\"article:publisher\" content=\"https:\/\/www.facebook.com\/people\/Notimemes-de-los-Polticos\/61565672886568\/\" \/>\n<meta property=\"article:published_time\" content=\"2020-10-10T14:23:52+00:00\" \/>\n<meta property=\"og:image\" content=\"https:\/\/lospoliticosveracruz.com\/wp-content\/uploads\/2016\/07\/Logo-Dor.jpg\" \/>\n\t<meta property=\"og:image:width\" content=\"200\" \/>\n\t<meta property=\"og:image:height\" content=\"200\" \/>\n\t<meta property=\"og:image:type\" content=\"image\/jpeg\" \/>\n<meta name=\"author\" content=\"Lo viste en Los Pol\u00edticos\" \/>\n<meta name=\"twitter:card\" content=\"summary_large_image\" \/>\n<meta name=\"twitter:creator\" content=\"@LosPoliticosVer\" \/>\n<meta name=\"twitter:site\" content=\"@LosPoliticosVer\" \/>\n<meta name=\"twitter:label1\" content=\"Escrito por\" \/>\n\t<meta name=\"twitter:data1\" content=\"Lo viste en Los Pol\u00edticos\" \/>\n\t<meta name=\"twitter:label2\" content=\"Tiempo de lectura\" \/>\n\t<meta name=\"twitter:data2\" content=\"3 minutos\" \/>\n<script type=\"application\/ld+json\" class=\"yoast-schema-graph\">{\"@context\":\"https:\\\/\\\/schema.org\",\"@graph\":[{\"@type\":\"Article\",\"@id\":\"https:\\\/\\\/lospoliticosveracruz.com\\\/?p=62219#article\",\"isPartOf\":{\"@id\":\"https:\\\/\\\/lospoliticosveracruz.com\\\/?p=62219\"},\"author\":{\"name\":\"Lo viste en Los Pol\u00edticos\",\"@id\":\"https:\\\/\\\/lospoliticosveracruz.com\\\/#\\\/schema\\\/person\\\/b8702bb0e538456e6efd07080bf2a4a2\"},\"headline\":\"Esc\u00e1ndalos y Proceso Electoral\",\"datePublished\":\"2020-10-10T14:23:52+00:00\",\"mainEntityOfPage\":{\"@id\":\"https:\\\/\\\/lospoliticosveracruz.com\\\/?p=62219\"},\"wordCount\":585,\"commentCount\":0,\"publisher\":{\"@id\":\"https:\\\/\\\/lospoliticosveracruz.com\\\/#organization\"},\"keywords\":[\"Congreso\",\"Cuitl\u00e1huac Garc\u00eda Jim\u00e9nez\",\"Damara Isabel G\u00f3mez Morales\",\"Maleno\",\"Maleno Rosales\",\"Manuel Huerta Ladr\u00f3n de Guevara\",\"Morena\",\"Padr\u00f3n electoral\",\"Politicas\",\"PRI\",\"PRI por Minatitl\u00e1n\",\"Tik Tok\",\"Veracruz\"],\"articleSection\":[\"De Opini\u00f3n\"],\"inLanguage\":\"es\",\"potentialAction\":[{\"@type\":\"CommentAction\",\"name\":\"Comment\",\"target\":[\"https:\\\/\\\/lospoliticosveracruz.com\\\/?p=62219#respond\"]}]},{\"@type\":\"WebPage\",\"@id\":\"https:\\\/\\\/lospoliticosveracruz.com\\\/?p=62219\",\"url\":\"https:\\\/\\\/lospoliticosveracruz.com\\\/?p=62219\",\"name\":\"Esc\u00e1ndalos y Proceso Electoral - Los pol\u00edticos Veracruz\",\"isPartOf\":{\"@id\":\"https:\\\/\\\/lospoliticosveracruz.com\\\/#website\"},\"datePublished\":\"2020-10-10T14:23:52+00:00\",\"breadcrumb\":{\"@id\":\"https:\\\/\\\/lospoliticosveracruz.com\\\/?p=62219#breadcrumb\"},\"inLanguage\":\"es\",\"potentialAction\":[{\"@type\":\"ReadAction\",\"target\":[\"https:\\\/\\\/lospoliticosveracruz.com\\\/?p=62219\"]}]},{\"@type\":\"BreadcrumbList\",\"@id\":\"https:\\\/\\\/lospoliticosveracruz.com\\\/?p=62219#breadcrumb\",\"itemListElement\":[{\"@type\":\"ListItem\",\"position\":1,\"name\":\"Portada\",\"item\":\"https:\\\/\\\/lospoliticosveracruz.com\\\/\"},{\"@type\":\"ListItem\",\"position\":2,\"name\":\"Esc\u00e1ndalos y Proceso Electoral\"}]},{\"@type\":\"WebSite\",\"@id\":\"https:\\\/\\\/lospoliticosveracruz.com\\\/#website\",\"url\":\"https:\\\/\\\/lospoliticosveracruz.com\\\/\",\"name\":\"Los pol\u00edticos Veracruz\",\"description\":\"\",\"publisher\":{\"@id\":\"https:\\\/\\\/lospoliticosveracruz.com\\\/#organization\"},\"potentialAction\":[{\"@type\":\"SearchAction\",\"target\":{\"@type\":\"EntryPoint\",\"urlTemplate\":\"https:\\\/\\\/lospoliticosveracruz.com\\\/?s={search_term_string}\"},\"query-input\":{\"@type\":\"PropertyValueSpecification\",\"valueRequired\":true,\"valueName\":\"search_term_string\"}}],\"inLanguage\":\"es\"},{\"@type\":\"Organization\",\"@id\":\"https:\\\/\\\/lospoliticosveracruz.com\\\/#organization\",\"name\":\"Los pol\u00edticos Veracruz\",\"url\":\"https:\\\/\\\/lospoliticosveracruz.com\\\/\",\"logo\":{\"@type\":\"ImageObject\",\"inLanguage\":\"es\",\"@id\":\"https:\\\/\\\/lospoliticosveracruz.com\\\/#\\\/schema\\\/logo\\\/image\\\/\",\"url\":\"https:\\\/\\\/lospoliticosveracruz.com\\\/wp-content\\\/uploads\\\/2025\\\/12\\\/Logo-Nuevo-LOS-POLITICOS-1.jpg\",\"contentUrl\":\"https:\\\/\\\/lospoliticosveracruz.com\\\/wp-content\\\/uploads\\\/2025\\\/12\\\/Logo-Nuevo-LOS-POLITICOS-1.jpg\",\"width\":260,\"height\":70,\"caption\":\"Los pol\u00edticos Veracruz\"},\"image\":{\"@id\":\"https:\\\/\\\/lospoliticosveracruz.com\\\/#\\\/schema\\\/logo\\\/image\\\/\"},\"sameAs\":[\"https:\\\/\\\/www.facebook.com\\\/people\\\/Notimemes-de-los-Polticos\\\/61565672886568\\\/\",\"https:\\\/\\\/x.com\\\/LosPoliticosVer\"]},{\"@type\":\"Person\",\"@id\":\"https:\\\/\\\/lospoliticosveracruz.com\\\/#\\\/schema\\\/person\\\/b8702bb0e538456e6efd07080bf2a4a2\",\"name\":\"Lo viste en Los Pol\u00edticos\",\"image\":{\"@type\":\"ImageObject\",\"inLanguage\":\"es\",\"@id\":\"https:\\\/\\\/secure.gravatar.com\\\/avatar\\\/3a8de04a2656d44082be478bd6c086daa447c4651605818287b9532d3d0bd435?s=96&d=mm&r=g\",\"url\":\"https:\\\/\\\/secure.gravatar.com\\\/avatar\\\/3a8de04a2656d44082be478bd6c086daa447c4651605818287b9532d3d0bd435?s=96&d=mm&r=g\",\"contentUrl\":\"https:\\\/\\\/secure.gravatar.com\\\/avatar\\\/3a8de04a2656d44082be478bd6c086daa447c4651605818287b9532d3d0bd435?s=96&d=mm&r=g\",\"caption\":\"Lo viste en Los Pol\u00edticos\"},\"url\":\"https:\\\/\\\/lospoliticosveracruz.com\\\/?author=2\"}]}<\/script>\n<!-- \/ Yoast SEO plugin. -->","yoast_head_json":{"title":"Esc\u00e1ndalos y Proceso Electoral - Los pol\u00edticos Veracruz","robots":{"index":"index","follow":"follow","max-snippet":"max-snippet:-1","max-image-preview":"max-image-preview:large","max-video-preview":"max-video-preview:-1"},"canonical":"https:\/\/lospoliticosveracruz.com\/?p=62219","og_locale":"es_ES","og_type":"article","og_title":"Esc\u00e1ndalos y Proceso Electoral - Los pol\u00edticos Veracruz","og_description":"Brenda Caballero N\u00fameros Rojos &nbsp; Las descalificaciones, los madrazos, los insultos, los trapos al sol entre los y las pol\u00edticas, comprueban que en Veracruz, las elecciones est\u00e1n m\u00e1s cerca de lo que parece. A falta de contrapesos en los partidos pol\u00edticos, el proceso electoral lo definir\u00e1n los chismes y los esc\u00e1ndalos, muy ad hoc con [&hellip;]","og_url":"https:\/\/lospoliticosveracruz.com\/?p=62219","og_site_name":"Los pol\u00edticos Veracruz","article_publisher":"https:\/\/www.facebook.com\/people\/Notimemes-de-los-Polticos\/61565672886568\/","article_published_time":"2020-10-10T14:23:52+00:00","og_image":[{"width":200,"height":200,"url":"https:\/\/lospoliticosveracruz.com\/wp-content\/uploads\/2016\/07\/Logo-Dor.jpg","type":"image\/jpeg"}],"author":"Lo viste en Los Pol\u00edticos","twitter_card":"summary_large_image","twitter_creator":"@LosPoliticosVer","twitter_site":"@LosPoliticosVer","twitter_misc":{"Escrito por":"Lo viste en Los Pol\u00edticos","Tiempo de lectura":"3 minutos"},"schema":{"@context":"https:\/\/schema.org","@graph":[{"@type":"Article","@id":"https:\/\/lospoliticosveracruz.com\/?p=62219#article","isPartOf":{"@id":"https:\/\/lospoliticosveracruz.com\/?p=62219"},"author":{"name":"Lo viste en Los Pol\u00edticos","@id":"https:\/\/lospoliticosveracruz.com\/#\/schema\/person\/b8702bb0e538456e6efd07080bf2a4a2"},"headline":"Esc\u00e1ndalos y Proceso Electoral","datePublished":"2020-10-10T14:23:52+00:00","mainEntityOfPage":{"@id":"https:\/\/lospoliticosveracruz.com\/?p=62219"},"wordCount":585,"commentCount":0,"publisher":{"@id":"https:\/\/lospoliticosveracruz.com\/#organization"},"keywords":["Congreso","Cuitl\u00e1huac Garc\u00eda Jim\u00e9nez","Damara Isabel G\u00f3mez Morales","Maleno","Maleno Rosales","Manuel Huerta Ladr\u00f3n de Guevara","Morena","Padr\u00f3n electoral","Politicas","PRI","PRI por Minatitl\u00e1n","Tik Tok","Veracruz"],"articleSection":["De Opini\u00f3n"],"inLanguage":"es","potentialAction":[{"@type":"CommentAction","name":"Comment","target":["https:\/\/lospoliticosveracruz.com\/?p=62219#respond"]}]},{"@type":"WebPage","@id":"https:\/\/lospoliticosveracruz.com\/?p=62219","url":"https:\/\/lospoliticosveracruz.com\/?p=62219","name":"Esc\u00e1ndalos y Proceso Electoral - Los pol\u00edticos Veracruz","isPartOf":{"@id":"https:\/\/lospoliticosveracruz.com\/#website"},"datePublished":"2020-10-10T14:23:52+00:00","breadcrumb":{"@id":"https:\/\/lospoliticosveracruz.com\/?p=62219#breadcrumb"},"inLanguage":"es","potentialAction":[{"@type":"ReadAction","target":["https:\/\/lospoliticosveracruz.com\/?p=62219"]}]},{"@type":"BreadcrumbList","@id":"https:\/\/lospoliticosveracruz.com\/?p=62219#breadcrumb","itemListElement":[{"@type":"ListItem","position":1,"name":"Portada","item":"https:\/\/lospoliticosveracruz.com\/"},{"@type":"ListItem","position":2,"name":"Esc\u00e1ndalos y Proceso Electoral"}]},{"@type":"WebSite","@id":"https:\/\/lospoliticosveracruz.com\/#website","url":"https:\/\/lospoliticosveracruz.com\/","name":"Los pol\u00edticos Veracruz","description":"","publisher":{"@id":"https:\/\/lospoliticosveracruz.com\/#organization"},"potentialAction":[{"@type":"SearchAction","target":{"@type":"EntryPoint","urlTemplate":"https:\/\/lospoliticosveracruz.com\/?s={search_term_string}"},"query-input":{"@type":"PropertyValueSpecification","valueRequired":true,"valueName":"search_term_string"}}],"inLanguage":"es"},{"@type":"Organization","@id":"https:\/\/lospoliticosveracruz.com\/#organization","name":"Los pol\u00edticos Veracruz","url":"https:\/\/lospoliticosveracruz.com\/","logo":{"@type":"ImageObject","inLanguage":"es","@id":"https:\/\/lospoliticosveracruz.com\/#\/schema\/logo\/image\/","url":"https:\/\/lospoliticosveracruz.com\/wp-content\/uploads\/2025\/12\/Logo-Nuevo-LOS-POLITICOS-1.jpg","contentUrl":"https:\/\/lospoliticosveracruz.com\/wp-content\/uploads\/2025\/12\/Logo-Nuevo-LOS-POLITICOS-1.jpg","width":260,"height":70,"caption":"Los pol\u00edticos Veracruz"},"image":{"@id":"https:\/\/lospoliticosveracruz.com\/#\/schema\/logo\/image\/"},"sameAs":["https:\/\/www.facebook.com\/people\/Notimemes-de-los-Polticos\/61565672886568\/","https:\/\/x.com\/LosPoliticosVer"]},{"@type":"Person","@id":"https:\/\/lospoliticosveracruz.com\/#\/schema\/person\/b8702bb0e538456e6efd07080bf2a4a2","name":"Lo viste en Los Pol\u00edticos","image":{"@type":"ImageObject","inLanguage":"es","@id":"https:\/\/secure.gravatar.com\/avatar\/3a8de04a2656d44082be478bd6c086daa447c4651605818287b9532d3d0bd435?s=96&d=mm&r=g","url":"https:\/\/secure.gravatar.com\/avatar\/3a8de04a2656d44082be478bd6c086daa447c4651605818287b9532d3d0bd435?s=96&d=mm&r=g","contentUrl":"https:\/\/secure.gravatar.com\/avatar\/3a8de04a2656d44082be478bd6c086daa447c4651605818287b9532d3d0bd435?s=96&d=mm&r=g","caption":"Lo viste en Los Pol\u00edticos"},"url":"https:\/\/lospoliticosveracruz.com\/?author=2"}]}},"_links":{"self":[{"href":"https:\/\/lospoliticosveracruz.com\/index.php?rest_route=\/wp\/v2\/posts\/62219","targetHints":{"allow":["GET"]}}],"collection":[{"href":"https:\/\/lospoliticosveracruz.com\/index.php?rest_route=\/wp\/v2\/posts"}],"about":[{"href":"https:\/\/lospoliticosveracruz.com\/index.php?rest_route=\/wp\/v2\/types\/post"}],"author":[{"embeddable":true,"href":"https:\/\/lospoliticosveracruz.com\/index.php?rest_route=\/wp\/v2\/users\/2"}],"replies":[{"embeddable":true,"href":"https:\/\/lospoliticosveracruz.com\/index.php?rest_route=%2Fwp%2Fv2%2Fcomments&post=62219"}],"version-history":[{"count":1,"href":"https:\/\/lospoliticosveracruz.com\/index.php?rest_route=\/wp\/v2\/posts\/62219\/revisions"}],"predecessor-version":[{"id":62221,"href":"https:\/\/lospoliticosveracruz.com\/index.php?rest_route=\/wp\/v2\/posts\/62219\/revisions\/62221"}],"wp:attachment":[{"href":"https:\/\/lospoliticosveracruz.com\/index.php?rest_route=%2Fwp%2Fv2%2Fmedia&parent=62219"}],"wp:term":[{"taxonomy":"category","embeddable":true,"href":"https:\/\/lospoliticosveracruz.com\/index.php?rest_route=%2Fwp%2Fv2%2Fcategories&post=62219"},{"taxonomy":"post_tag","embeddable":true,"href":"https:\/\/lospoliticosveracruz.com\/index.php?rest_route=%2Fwp%2Fv2%2Ftags&post=62219"}],"curies":[{"name":"wp","href":"https:\/\/api.w.org\/{rel}","templated":true}]}}