{"id":62359,"date":"2020-10-13T07:56:15","date_gmt":"2020-10-13T12:56:15","guid":{"rendered":"http:\/\/www.lospoliticosveracruz.com.mx\/?p=62359"},"modified":"2020-10-13T07:56:15","modified_gmt":"2020-10-13T12:56:15","slug":"ni-de-aqui-ni-de-alla","status":"publish","type":"post","link":"https:\/\/lospoliticosveracruz.com\/?p=62359","title":{"rendered":"Ni de aqu\u00ed ni de all\u00e1"},"content":{"rendered":"<p><strong>Eduardo Venegas Naranjo<\/strong><\/p>\n<p><em>Aqu\u00ed entre nos&#8230;<\/em><\/p>\n<p>&nbsp;<br \/>\n<em><strong>Tavo Senties un \u201chu\u00e9rfano pol\u00edtico\u201c<\/strong><\/em><br \/>\nGustavo Senties, hace unos a\u00f1os era el \u201cdelf\u00edn\u201d de Juan Carlos Molina (qepd) para la alcald\u00eda de Cosamaloapan.<br \/>\nEl joven empresario manejaba programas que le hac\u00eda llegar el l\u00edder de la CNC, luego neg\u00f3 ser pri\u00edsta, y asegur\u00f3 ir v\u00eda independiente, posteriormente se le vio en la toma de protesta del Comit\u00e9 Municipal de Podemos en Cosamaloapan, este domingo estuvo en Otatitl\u00e1n donde salud\u00f3 y platic\u00f3 con el Secretario de Gobierno, Eric Patrocinio Cisneros Burgos.<br \/>\nTavo Senties, actualmente es un \u201chu\u00e9rfano pol\u00edtico\u201d carece de liderazgo y de un padrino que lo apuntale.<br \/>\nEl joven cosamaloape\u00f1o no se le ve rumbo fijo, no sabe tomar decisiones por donde ir,\u00a0\u00a0mostr\u00f3 que se anda \u201cregalando\u201d por todos lados, no hay pacto con nadie y los tiempos electorales se acercan, su derrumbe pol\u00edtico es evidente, Tavo ha perdido credibilidad, su imagen ha ca\u00eddo por los errores que comete a diario.<\/p>\n<p><a href=\"http:\/\/www.lospoliticosveracruz.com.mx\/wp-content\/uploads\/2020\/10\/PRD.jpg\"><img loading=\"lazy\" decoding=\"async\" class=\"aligncenter size-full wp-image-62356\" src=\"http:\/\/www.lospoliticosveracruz.com.mx\/wp-content\/uploads\/2020\/10\/PRD.jpg\" alt=\"PRD\" width=\"600\" height=\"320\" \/><\/a><br \/>\n<em><strong>Juan Ren\u00e9 ahora en el PRD<\/strong><\/em><br \/>\nEl ex alcalde de a Cosamaloapan Juan Ren\u00e9 Chiunti Hern\u00e1ndez,\u00a0es una carta vigente que aspira a la alcald\u00eda.<br \/>\nHa sido dos veces presidente municipal y otras dos diputado local, este fin de semana se le vio en la toma de protesta de quienes dirigir\u00e1n a dicho partido en municipios de la Cuenca del Papaloapan, acto que encabez\u00f3 el l\u00edder estatal Sergio Cadena Mart\u00ednez.<br \/>\nTodo indica que Juan Ren\u00e9 Chiunti buscar\u00e1 la alcald\u00eda ahora por el sol azteca en el 2021, ser\u00e1 un elecci\u00f3n compleja, donde hasta el momento varios cosamaloape\u00f1os han levantando la mano, mientras otros buscan\u00a0como locos y desesperados alg\u00fan partido que los cobije, Juan Rene tiene hasta para escoger, as\u00ed de circunstancial es la pol\u00edtica.<br \/>\nChiunti Hernandez, tiene la fortuna de que var\u00edas siglas se le han acercado, Juan ya gan\u00f3 con el PAN, con el PRI, con Nueva Alianza y ahora se alberga en el PRD.<br \/>\n\u00c9l es h\u00e1bil, tendr\u00e1 que moverse y tejer sus redes, aunque la ciudadan\u00eda ya est\u00e1 despierta, el pueblo aprendi\u00f3 a votar, aun faltan algunos meses y puede haber sorpresas.<\/p>\n","protected":false},"excerpt":{"rendered":"<p>Eduardo Venegas Naranjo Aqu\u00ed entre nos&#8230; &nbsp; Tavo Senties un \u201chu\u00e9rfano pol\u00edtico\u201c Gustavo Senties, hace unos a\u00f1os era el \u201cdelf\u00edn\u201d de Juan Carlos Molina (qepd) para la alcald\u00eda de Cosamaloapan. El joven empresario manejaba programas que le hac\u00eda llegar el l\u00edder de la CNC, luego neg\u00f3 ser pri\u00edsta, y asegur\u00f3 ir v\u00eda independiente, posteriormente se [&hellip;]<\/p>\n","protected":false},"author":2,"featured_media":0,"comment_status":"open","ping_status":"open","sticky":false,"template":"","format":"standard","meta":{"tdm_status":"","tdm_grid_status":"","footnotes":""},"categories":[70],"tags":[3199,3118,22427,19335,12587,3654,1409,7835,266,107,251,22428,7887],"class_list":{"0":"post-62359","1":"post","2":"type-post","3":"status-publish","4":"format-standard","6":"category-de-opinion","7":"tag-alianza","8":"tag-cnc","9":"tag-cosamaloapan-juan","10":"tag-elecciones-2021","11":"tag-gustavo-senties","12":"tag-juan-carlos-molina","13":"tag-nueva-alianza","14":"tag-otatitlan","15":"tag-pan","16":"tag-prd","17":"tag-pri","18":"tag-rene-chiunti-hernandez","19":"tag-sergio-cadena-martinez"},"yoast_head":"<!-- This site is optimized with the Yoast SEO plugin v27.4 - https:\/\/yoast.com\/product\/yoast-seo-wordpress\/ -->\n<title>Ni de aqu\u00ed ni de all\u00e1 - Los pol\u00edticos Veracruz<\/title>\n<meta name=\"robots\" content=\"index, follow, max-snippet:-1, max-image-preview:large, max-video-preview:-1\" \/>\n<link rel=\"canonical\" href=\"https:\/\/lospoliticosveracruz.com\/?p=62359\" \/>\n<meta property=\"og:locale\" content=\"es_ES\" \/>\n<meta property=\"og:type\" content=\"article\" \/>\n<meta property=\"og:title\" content=\"Ni de aqu\u00ed ni de all\u00e1 - Los pol\u00edticos Veracruz\" \/>\n<meta property=\"og:description\" content=\"Eduardo Venegas Naranjo Aqu\u00ed entre nos&#8230; &nbsp; Tavo Senties un \u201chu\u00e9rfano pol\u00edtico\u201c Gustavo Senties, hace unos a\u00f1os era el \u201cdelf\u00edn\u201d de Juan Carlos Molina (qepd) para la alcald\u00eda de Cosamaloapan. El joven empresario manejaba programas que le hac\u00eda llegar el l\u00edder de la CNC, luego neg\u00f3 ser pri\u00edsta, y asegur\u00f3 ir v\u00eda independiente, posteriormente se [&hellip;]\" \/>\n<meta property=\"og:url\" content=\"https:\/\/lospoliticosveracruz.com\/?p=62359\" \/>\n<meta property=\"og:site_name\" content=\"Los pol\u00edticos Veracruz\" \/>\n<meta property=\"article:publisher\" content=\"https:\/\/www.facebook.com\/people\/Notimemes-de-los-Polticos\/61565672886568\/\" \/>\n<meta property=\"article:published_time\" content=\"2020-10-13T12:56:15+00:00\" \/>\n<meta property=\"og:image\" content=\"http:\/\/www.lospoliticosveracruz.com.mx\/wp-content\/uploads\/2020\/10\/PRD.jpg\" \/>\n<meta name=\"author\" content=\"Lo viste en Los Pol\u00edticos\" \/>\n<meta name=\"twitter:card\" content=\"summary_large_image\" \/>\n<meta name=\"twitter:creator\" content=\"@LosPoliticosVer\" \/>\n<meta name=\"twitter:site\" content=\"@LosPoliticosVer\" \/>\n<meta name=\"twitter:label1\" content=\"Escrito por\" \/>\n\t<meta name=\"twitter:data1\" content=\"Lo viste en Los Pol\u00edticos\" \/>\n\t<meta name=\"twitter:label2\" content=\"Tiempo de lectura\" \/>\n\t<meta name=\"twitter:data2\" content=\"2 minutos\" \/>\n<script type=\"application\/ld+json\" class=\"yoast-schema-graph\">{\"@context\":\"https:\\\/\\\/schema.org\",\"@graph\":[{\"@type\":\"Article\",\"@id\":\"https:\\\/\\\/lospoliticosveracruz.com\\\/?p=62359#article\",\"isPartOf\":{\"@id\":\"https:\\\/\\\/lospoliticosveracruz.com\\\/?p=62359\"},\"author\":{\"name\":\"Lo viste en Los Pol\u00edticos\",\"@id\":\"https:\\\/\\\/lospoliticosveracruz.com\\\/#\\\/schema\\\/person\\\/b8702bb0e538456e6efd07080bf2a4a2\"},\"headline\":\"Ni de aqu\u00ed ni de all\u00e1\",\"datePublished\":\"2020-10-13T12:56:15+00:00\",\"mainEntityOfPage\":{\"@id\":\"https:\\\/\\\/lospoliticosveracruz.com\\\/?p=62359\"},\"wordCount\":378,\"commentCount\":0,\"publisher\":{\"@id\":\"https:\\\/\\\/lospoliticosveracruz.com\\\/#organization\"},\"image\":{\"@id\":\"https:\\\/\\\/lospoliticosveracruz.com\\\/?p=62359#primaryimage\"},\"thumbnailUrl\":\"http:\\\/\\\/www.lospoliticosveracruz.com.mx\\\/wp-content\\\/uploads\\\/2020\\\/10\\\/PRD.jpg\",\"keywords\":[\"alianza\",\"CNC\",\"Cosamaloapan Juan\",\"Elecciones 2021\",\"Gustavo Sent\u00edes\",\"Juan Carlos Molina\",\"Nueva Alianza\",\"Otatitl\u00e1n\",\"PAN\",\"PRD\",\"PRI\",\"Ren\u00e9 Chiunti Hern\u00e1ndez\",\"Sergio Cadena Mart\u00ednez\"],\"articleSection\":[\"De Opini\u00f3n\"],\"inLanguage\":\"es\",\"potentialAction\":[{\"@type\":\"CommentAction\",\"name\":\"Comment\",\"target\":[\"https:\\\/\\\/lospoliticosveracruz.com\\\/?p=62359#respond\"]}]},{\"@type\":\"WebPage\",\"@id\":\"https:\\\/\\\/lospoliticosveracruz.com\\\/?p=62359\",\"url\":\"https:\\\/\\\/lospoliticosveracruz.com\\\/?p=62359\",\"name\":\"Ni de aqu\u00ed ni de all\u00e1 - Los pol\u00edticos Veracruz\",\"isPartOf\":{\"@id\":\"https:\\\/\\\/lospoliticosveracruz.com\\\/#website\"},\"primaryImageOfPage\":{\"@id\":\"https:\\\/\\\/lospoliticosveracruz.com\\\/?p=62359#primaryimage\"},\"image\":{\"@id\":\"https:\\\/\\\/lospoliticosveracruz.com\\\/?p=62359#primaryimage\"},\"thumbnailUrl\":\"http:\\\/\\\/www.lospoliticosveracruz.com.mx\\\/wp-content\\\/uploads\\\/2020\\\/10\\\/PRD.jpg\",\"datePublished\":\"2020-10-13T12:56:15+00:00\",\"breadcrumb\":{\"@id\":\"https:\\\/\\\/lospoliticosveracruz.com\\\/?p=62359#breadcrumb\"},\"inLanguage\":\"es\",\"potentialAction\":[{\"@type\":\"ReadAction\",\"target\":[\"https:\\\/\\\/lospoliticosveracruz.com\\\/?p=62359\"]}]},{\"@type\":\"ImageObject\",\"inLanguage\":\"es\",\"@id\":\"https:\\\/\\\/lospoliticosveracruz.com\\\/?p=62359#primaryimage\",\"url\":\"http:\\\/\\\/www.lospoliticosveracruz.com.mx\\\/wp-content\\\/uploads\\\/2020\\\/10\\\/PRD.jpg\",\"contentUrl\":\"http:\\\/\\\/www.lospoliticosveracruz.com.mx\\\/wp-content\\\/uploads\\\/2020\\\/10\\\/PRD.jpg\"},{\"@type\":\"BreadcrumbList\",\"@id\":\"https:\\\/\\\/lospoliticosveracruz.com\\\/?p=62359#breadcrumb\",\"itemListElement\":[{\"@type\":\"ListItem\",\"position\":1,\"name\":\"Portada\",\"item\":\"https:\\\/\\\/lospoliticosveracruz.com\\\/\"},{\"@type\":\"ListItem\",\"position\":2,\"name\":\"Ni de aqu\u00ed ni de all\u00e1\"}]},{\"@type\":\"WebSite\",\"@id\":\"https:\\\/\\\/lospoliticosveracruz.com\\\/#website\",\"url\":\"https:\\\/\\\/lospoliticosveracruz.com\\\/\",\"name\":\"Los pol\u00edticos Veracruz\",\"description\":\"\",\"publisher\":{\"@id\":\"https:\\\/\\\/lospoliticosveracruz.com\\\/#organization\"},\"potentialAction\":[{\"@type\":\"SearchAction\",\"target\":{\"@type\":\"EntryPoint\",\"urlTemplate\":\"https:\\\/\\\/lospoliticosveracruz.com\\\/?s={search_term_string}\"},\"query-input\":{\"@type\":\"PropertyValueSpecification\",\"valueRequired\":true,\"valueName\":\"search_term_string\"}}],\"inLanguage\":\"es\"},{\"@type\":\"Organization\",\"@id\":\"https:\\\/\\\/lospoliticosveracruz.com\\\/#organization\",\"name\":\"Los pol\u00edticos Veracruz\",\"url\":\"https:\\\/\\\/lospoliticosveracruz.com\\\/\",\"logo\":{\"@type\":\"ImageObject\",\"inLanguage\":\"es\",\"@id\":\"https:\\\/\\\/lospoliticosveracruz.com\\\/#\\\/schema\\\/logo\\\/image\\\/\",\"url\":\"https:\\\/\\\/lospoliticosveracruz.com\\\/wp-content\\\/uploads\\\/2025\\\/12\\\/Logo-Nuevo-LOS-POLITICOS-1.jpg\",\"contentUrl\":\"https:\\\/\\\/lospoliticosveracruz.com\\\/wp-content\\\/uploads\\\/2025\\\/12\\\/Logo-Nuevo-LOS-POLITICOS-1.jpg\",\"width\":260,\"height\":70,\"caption\":\"Los pol\u00edticos Veracruz\"},\"image\":{\"@id\":\"https:\\\/\\\/lospoliticosveracruz.com\\\/#\\\/schema\\\/logo\\\/image\\\/\"},\"sameAs\":[\"https:\\\/\\\/www.facebook.com\\\/people\\\/Notimemes-de-los-Polticos\\\/61565672886568\\\/\",\"https:\\\/\\\/x.com\\\/LosPoliticosVer\"]},{\"@type\":\"Person\",\"@id\":\"https:\\\/\\\/lospoliticosveracruz.com\\\/#\\\/schema\\\/person\\\/b8702bb0e538456e6efd07080bf2a4a2\",\"name\":\"Lo viste en Los Pol\u00edticos\",\"image\":{\"@type\":\"ImageObject\",\"inLanguage\":\"es\",\"@id\":\"https:\\\/\\\/secure.gravatar.com\\\/avatar\\\/3a8de04a2656d44082be478bd6c086daa447c4651605818287b9532d3d0bd435?s=96&d=mm&r=g\",\"url\":\"https:\\\/\\\/secure.gravatar.com\\\/avatar\\\/3a8de04a2656d44082be478bd6c086daa447c4651605818287b9532d3d0bd435?s=96&d=mm&r=g\",\"contentUrl\":\"https:\\\/\\\/secure.gravatar.com\\\/avatar\\\/3a8de04a2656d44082be478bd6c086daa447c4651605818287b9532d3d0bd435?s=96&d=mm&r=g\",\"caption\":\"Lo viste en Los Pol\u00edticos\"},\"url\":\"https:\\\/\\\/lospoliticosveracruz.com\\\/?author=2\"}]}<\/script>\n<!-- \/ Yoast SEO plugin. -->","yoast_head_json":{"title":"Ni de aqu\u00ed ni de all\u00e1 - Los pol\u00edticos Veracruz","robots":{"index":"index","follow":"follow","max-snippet":"max-snippet:-1","max-image-preview":"max-image-preview:large","max-video-preview":"max-video-preview:-1"},"canonical":"https:\/\/lospoliticosveracruz.com\/?p=62359","og_locale":"es_ES","og_type":"article","og_title":"Ni de aqu\u00ed ni de all\u00e1 - Los pol\u00edticos Veracruz","og_description":"Eduardo Venegas Naranjo Aqu\u00ed entre nos&#8230; &nbsp; Tavo Senties un \u201chu\u00e9rfano pol\u00edtico\u201c Gustavo Senties, hace unos a\u00f1os era el \u201cdelf\u00edn\u201d de Juan Carlos Molina (qepd) para la alcald\u00eda de Cosamaloapan. El joven empresario manejaba programas que le hac\u00eda llegar el l\u00edder de la CNC, luego neg\u00f3 ser pri\u00edsta, y asegur\u00f3 ir v\u00eda independiente, posteriormente se [&hellip;]","og_url":"https:\/\/lospoliticosveracruz.com\/?p=62359","og_site_name":"Los pol\u00edticos Veracruz","article_publisher":"https:\/\/www.facebook.com\/people\/Notimemes-de-los-Polticos\/61565672886568\/","article_published_time":"2020-10-13T12:56:15+00:00","og_image":[{"url":"http:\/\/www.lospoliticosveracruz.com.mx\/wp-content\/uploads\/2020\/10\/PRD.jpg","type":"","width":"","height":""}],"author":"Lo viste en Los Pol\u00edticos","twitter_card":"summary_large_image","twitter_creator":"@LosPoliticosVer","twitter_site":"@LosPoliticosVer","twitter_misc":{"Escrito por":"Lo viste en Los Pol\u00edticos","Tiempo de lectura":"2 minutos"},"schema":{"@context":"https:\/\/schema.org","@graph":[{"@type":"Article","@id":"https:\/\/lospoliticosveracruz.com\/?p=62359#article","isPartOf":{"@id":"https:\/\/lospoliticosveracruz.com\/?p=62359"},"author":{"name":"Lo viste en Los Pol\u00edticos","@id":"https:\/\/lospoliticosveracruz.com\/#\/schema\/person\/b8702bb0e538456e6efd07080bf2a4a2"},"headline":"Ni de aqu\u00ed ni de all\u00e1","datePublished":"2020-10-13T12:56:15+00:00","mainEntityOfPage":{"@id":"https:\/\/lospoliticosveracruz.com\/?p=62359"},"wordCount":378,"commentCount":0,"publisher":{"@id":"https:\/\/lospoliticosveracruz.com\/#organization"},"image":{"@id":"https:\/\/lospoliticosveracruz.com\/?p=62359#primaryimage"},"thumbnailUrl":"http:\/\/www.lospoliticosveracruz.com.mx\/wp-content\/uploads\/2020\/10\/PRD.jpg","keywords":["alianza","CNC","Cosamaloapan Juan","Elecciones 2021","Gustavo Sent\u00edes","Juan Carlos Molina","Nueva Alianza","Otatitl\u00e1n","PAN","PRD","PRI","Ren\u00e9 Chiunti Hern\u00e1ndez","Sergio Cadena Mart\u00ednez"],"articleSection":["De Opini\u00f3n"],"inLanguage":"es","potentialAction":[{"@type":"CommentAction","name":"Comment","target":["https:\/\/lospoliticosveracruz.com\/?p=62359#respond"]}]},{"@type":"WebPage","@id":"https:\/\/lospoliticosveracruz.com\/?p=62359","url":"https:\/\/lospoliticosveracruz.com\/?p=62359","name":"Ni de aqu\u00ed ni de all\u00e1 - Los pol\u00edticos Veracruz","isPartOf":{"@id":"https:\/\/lospoliticosveracruz.com\/#website"},"primaryImageOfPage":{"@id":"https:\/\/lospoliticosveracruz.com\/?p=62359#primaryimage"},"image":{"@id":"https:\/\/lospoliticosveracruz.com\/?p=62359#primaryimage"},"thumbnailUrl":"http:\/\/www.lospoliticosveracruz.com.mx\/wp-content\/uploads\/2020\/10\/PRD.jpg","datePublished":"2020-10-13T12:56:15+00:00","breadcrumb":{"@id":"https:\/\/lospoliticosveracruz.com\/?p=62359#breadcrumb"},"inLanguage":"es","potentialAction":[{"@type":"ReadAction","target":["https:\/\/lospoliticosveracruz.com\/?p=62359"]}]},{"@type":"ImageObject","inLanguage":"es","@id":"https:\/\/lospoliticosveracruz.com\/?p=62359#primaryimage","url":"http:\/\/www.lospoliticosveracruz.com.mx\/wp-content\/uploads\/2020\/10\/PRD.jpg","contentUrl":"http:\/\/www.lospoliticosveracruz.com.mx\/wp-content\/uploads\/2020\/10\/PRD.jpg"},{"@type":"BreadcrumbList","@id":"https:\/\/lospoliticosveracruz.com\/?p=62359#breadcrumb","itemListElement":[{"@type":"ListItem","position":1,"name":"Portada","item":"https:\/\/lospoliticosveracruz.com\/"},{"@type":"ListItem","position":2,"name":"Ni de aqu\u00ed ni de all\u00e1"}]},{"@type":"WebSite","@id":"https:\/\/lospoliticosveracruz.com\/#website","url":"https:\/\/lospoliticosveracruz.com\/","name":"Los pol\u00edticos Veracruz","description":"","publisher":{"@id":"https:\/\/lospoliticosveracruz.com\/#organization"},"potentialAction":[{"@type":"SearchAction","target":{"@type":"EntryPoint","urlTemplate":"https:\/\/lospoliticosveracruz.com\/?s={search_term_string}"},"query-input":{"@type":"PropertyValueSpecification","valueRequired":true,"valueName":"search_term_string"}}],"inLanguage":"es"},{"@type":"Organization","@id":"https:\/\/lospoliticosveracruz.com\/#organization","name":"Los pol\u00edticos Veracruz","url":"https:\/\/lospoliticosveracruz.com\/","logo":{"@type":"ImageObject","inLanguage":"es","@id":"https:\/\/lospoliticosveracruz.com\/#\/schema\/logo\/image\/","url":"https:\/\/lospoliticosveracruz.com\/wp-content\/uploads\/2025\/12\/Logo-Nuevo-LOS-POLITICOS-1.jpg","contentUrl":"https:\/\/lospoliticosveracruz.com\/wp-content\/uploads\/2025\/12\/Logo-Nuevo-LOS-POLITICOS-1.jpg","width":260,"height":70,"caption":"Los pol\u00edticos Veracruz"},"image":{"@id":"https:\/\/lospoliticosveracruz.com\/#\/schema\/logo\/image\/"},"sameAs":["https:\/\/www.facebook.com\/people\/Notimemes-de-los-Polticos\/61565672886568\/","https:\/\/x.com\/LosPoliticosVer"]},{"@type":"Person","@id":"https:\/\/lospoliticosveracruz.com\/#\/schema\/person\/b8702bb0e538456e6efd07080bf2a4a2","name":"Lo viste en Los Pol\u00edticos","image":{"@type":"ImageObject","inLanguage":"es","@id":"https:\/\/secure.gravatar.com\/avatar\/3a8de04a2656d44082be478bd6c086daa447c4651605818287b9532d3d0bd435?s=96&d=mm&r=g","url":"https:\/\/secure.gravatar.com\/avatar\/3a8de04a2656d44082be478bd6c086daa447c4651605818287b9532d3d0bd435?s=96&d=mm&r=g","contentUrl":"https:\/\/secure.gravatar.com\/avatar\/3a8de04a2656d44082be478bd6c086daa447c4651605818287b9532d3d0bd435?s=96&d=mm&r=g","caption":"Lo viste en Los Pol\u00edticos"},"url":"https:\/\/lospoliticosveracruz.com\/?author=2"}]}},"_links":{"self":[{"href":"https:\/\/lospoliticosveracruz.com\/index.php?rest_route=\/wp\/v2\/posts\/62359","targetHints":{"allow":["GET"]}}],"collection":[{"href":"https:\/\/lospoliticosveracruz.com\/index.php?rest_route=\/wp\/v2\/posts"}],"about":[{"href":"https:\/\/lospoliticosveracruz.com\/index.php?rest_route=\/wp\/v2\/types\/post"}],"author":[{"embeddable":true,"href":"https:\/\/lospoliticosveracruz.com\/index.php?rest_route=\/wp\/v2\/users\/2"}],"replies":[{"embeddable":true,"href":"https:\/\/lospoliticosveracruz.com\/index.php?rest_route=%2Fwp%2Fv2%2Fcomments&post=62359"}],"version-history":[{"count":1,"href":"https:\/\/lospoliticosveracruz.com\/index.php?rest_route=\/wp\/v2\/posts\/62359\/revisions"}],"predecessor-version":[{"id":62360,"href":"https:\/\/lospoliticosveracruz.com\/index.php?rest_route=\/wp\/v2\/posts\/62359\/revisions\/62360"}],"wp:attachment":[{"href":"https:\/\/lospoliticosveracruz.com\/index.php?rest_route=%2Fwp%2Fv2%2Fmedia&parent=62359"}],"wp:term":[{"taxonomy":"category","embeddable":true,"href":"https:\/\/lospoliticosveracruz.com\/index.php?rest_route=%2Fwp%2Fv2%2Fcategories&post=62359"},{"taxonomy":"post_tag","embeddable":true,"href":"https:\/\/lospoliticosveracruz.com\/index.php?rest_route=%2Fwp%2Fv2%2Ftags&post=62359"}],"curies":[{"name":"wp","href":"https:\/\/api.w.org\/{rel}","templated":true}]}}