{"id":62370,"date":"2020-10-13T10:30:44","date_gmt":"2020-10-13T15:30:44","guid":{"rendered":"http:\/\/www.lospoliticosveracruz.com.mx\/?p=62370"},"modified":"2020-10-13T10:30:44","modified_gmt":"2020-10-13T15:30:44","slug":"deuda-publica-creciente-y-mas-desastres","status":"publish","type":"post","link":"https:\/\/lospoliticosveracruz.com\/?p=62370","title":{"rendered":"Deuda P\u00fablica: Creciente y m\u00e1s desastres"},"content":{"rendered":"<p><strong>Rafael Arias Hern\u00e1ndez<\/strong><\/p>\n<p><em>Mutatis mutandis<\/em><\/p>\n<p>&nbsp;<br \/>\nLa licuadora financiera cumple sus objetivos. Los bancos no pierden; y sin duda, batir las finanzas del gobierno, tiene algunos aspectos positivos, pero tambi\u00e9n oculta inmensos da\u00f1os para demasiados, as\u00ed como ventajas y beneficios para unos cuantos.<br \/>\nEndeudar, para heredar. Abusar en el presente, es cancelar el futuro. Y siguen acumul\u00e1ndose obligaciones por pagar, se pasa la carga a quienes todav\u00eda no nacen y ya est\u00e1n endeudados. Esclavismo de nuestro tiempo, que sustituye cadenas por pr\u00e9stamos, plazos, intereses y gastos sin control ni medida. Uso y abuso de disponer lo que es de otros. Presente negado, futuro cancelado.<br \/>\nA menos de dos a\u00f1os, Veracruz ya tiene record de cr\u00e9ditos anunciados, gestionados y realizados. \u00abSeguiremos pidiendo hasta el 2023&#8243;&#8230;cuando menos. \u00bfTambi\u00e9n se seguir\u00e1 practicando improvisaci\u00f3n, ineficiencia y ocurrencia?<br \/>\nPor lo pronto, se conocen alcances y consecuencias del presumido subejercicio suicida; de la abyecta y servil costumbre de regresar recursos al gobierno federal; y del contradictorio discurso oficial, de finanzas firmes, pero quebradas; sanas, pero enfermas, de super\u00e1vit con d\u00e9ficit.<br \/>\nCuento de nunca acabar, a\u00f1o con a\u00f1o, nos vuelven a endeudar. Y las preguntas se repinen:<br \/>\n\u00bfPara Veracruz, cu\u00e1l es el total de la deuda p\u00fablica estatal y municipal? \u00bfQu\u00e9 plazos, intereses y gastos financieros hay que pagar? \u00bfA cu\u00e1nto asciende su deuda bancaria y burs\u00e1til? \u00bfCu\u00e1les han sido los costos de las reestructuraciones, y a quienes se ha contratado y pagado por asesorar y ayudar?<br \/>\nLas noticias se abren paso por s\u00ed mismas.<br \/>\n\u00abM\u00e1s deuda para Veracruz\u2026 piden casi 2 mil millones\u2026- reporta la nota de Isabel Ortega- Y lo quieren para el cierre del ejercicio fiscal 2020.\u00bb (NOTIVER. 111020).<br \/>\nAl ser a corto plazo, su tasa de inter\u00e9s es m\u00e1s alta. \u00bfCu\u00e1nto ser\u00e1 su costo total, vencimiento y gastos de gesti\u00f3n financiera?<br \/>\nTiempo de recordar que en agosto del 2018, tras la elecci\u00f3n de gobernador, se declar\u00f3 que se ten\u00eda una deuda p\u00fablica de 80,000 millones de pesos, ante un presupuesto de m\u00e1s de 100,000 millones. (INFOBAE, COM. 200520). \u00bfQu\u00e9 pas\u00f3?<br \/>\nEl hecho es simple y claro, Veracruz se endeuda hasta 2040, lo cual cambia montos y utilidades financieras. Se, \u00abheredar\u00e1 la deuda a otros tres gobernadores y en promedio, por d\u00eda, la entidad deber\u00e1 pagar 2 millones 398 mil 740 pesos para saldar los cr\u00e9ditos\u2026\u00bb (Palabras Claras. 200520)<br \/>\n\u00bfQui\u00e9nes deben responder del cuestionado manejo de recursos p\u00fablico y de deuda p\u00fablica en particular?<br \/>\n\u00bfResponsables y culpables, debe ser denunciados, juzgados y encarcelados, continuando el ejemplo duartista?<br \/>\nLos nombres ya est\u00e1n ah\u00ed, imposible ignorarlos.<br \/>\nEL TAMA\u00d1O DEL DA\u00d1O.<br \/>\nEl tema de reflexi\u00f3n es simple y sencillo. \u00bfEstamos conscientes del tama\u00f1o, complejidad y alcances, de las crisis que enfrentamos?<br \/>\nY lo m\u00e1s importante, entendemos que hay y habr\u00e1 un considerable aumento de limitaciones y sacrificios, a buena parte de la poblaci\u00f3n presente y la del futuro inmediato, que no tendr\u00e1n oportunidades, recursos y apoyos suficientes, para superar pobreza, hambre, violencia y problemas de salud.<br \/>\nAdvertir, que no se puede, ni debe admitir ni permitir el menosprecio a la Justicia y violaci\u00f3n a la Ley, como principio de convivencia y vida civilizada. No se debe apoyar desinter\u00e9s e indolencia, a la protecci\u00f3n y garant\u00eda, de libertades y derechos de todos.<br \/>\nFomentar y apoyar el crimen sin castigo, tiene y tendr\u00e1 lamentables y costosas consecuencias.<br \/>\nDe las crisis que se padecen, oportuno resaltar la gravedad, de las de Econom\u00eda y las Finanzas P\u00fablicas, que reduce capacidad de atender, bien y a tiempo, las necesidades b\u00e1sicas de la poblaci\u00f3n; y tambi\u00e9n, limitan o impiden, la soluci\u00f3n a m\u00faltiples problemas que crecen y se complican.<br \/>\nLa realidad se impone. No hay lugar para el discurso oficial de finanzas sanas y en recuperaci\u00f3n; tampoco para el lenguaje oficial \u00abcantinflesco\u00bb, que no explica nada; o el mensaje \u00abchimoltrufo\u00bb de contradicci\u00f3n y absurdos, porque como gubernamentalmente se afirma una cosa, enseguida se asegura lo contrario.<br \/>\nPor ejemplo, abundan las declaraciones y hasta los informes oficiales, que reportan austeridad, subejercicio, ahorro y hasta se presume de regresar recursos, para terminar pidiendo prestado e incrementando la deuda.<br \/>\nEs, para decirlo de otra forma sencilla y clara, el eterno juego de la pirinola, en donde algunos siempre sacan \u00abtoma todo\u00bb; y los de siempre, esto es la poblaci\u00f3n, resulta con un \u00abtodos ponen\u00bb.<br \/>\nEL NO PODER LEGISLATIVO COMPLICE Y CULPABLE<br \/>\n\u00bfQu\u00e9 se hace con los miles y miles de millones de pesos presupuestados? \u00bfD\u00f3nde est\u00e1 la informaci\u00f3n oficial objetiva, actualizada y pertinente? \u00bfY los responsables de ejercer el presupuesto, que muy pocas veces se respeta?<br \/>\nLo que bien se sabe, porque desde siempre se repite, es que los in\u00fatiles miembros del poder legislativo, excepciones aparte, no cumplen con su deber de vigilar ejercicio, administraci\u00f3n y resultados presupuestales, pues todo lo aprueban.<br \/>\nVan y vienen del encubrimiento, al entretenimiento; de la distracci\u00f3n a la simulaci\u00f3n. No ven ni sancionan ineficiencia y delincuencia; tampoco limitan o impiden discrecionalidad e impunidad, sobre todo en comprobables casos de corrupci\u00f3n y arbitrariedad gubernamental.<br \/>\nBien se sabe que el anacr\u00f3nico sistema fiscal, dizque federalista, ya no funciona, ante las nuevas realidades.<br \/>\nCrecen, las crisis de las finanzas p\u00fablicas estatales y municipales.<br \/>\n\u00abTransferencias a estados y municipios, son insuficientes\u2026El titular de la SHCP asegura que a las arcas subnacionales han entrado 54,800 millones de pesos; en el periodo enero-agosto los gobiernos estatales y municipales registran una reducci\u00f3n anual de 67,676 millones en gasto federalizado\u2026 respecto al mismo periodo del a\u00f1o pasado, lo que signific\u00f3 la mayor reducci\u00f3n desde al menos 1990\u00bb. (EL ECONOMISTA. 071020)<br \/>\nLas nuevas condiciones agravan debilidades estructurales del actual esquema fiscal nacional.<br \/>\n\u00abTemas en los que no hemos reflexionado ni discutido profundamente y que est\u00e1n relacionados con los retos que, en el largo plazo, enfrentamos en materia de salud, las alternativas para reducir de manera sostenida nuestra dependencia respecto a los ingresos petroleros\u00bb<br \/>\nLa sola oportunidad de establecer dialogo y debate p\u00fablicos, alienta las expectativas de encontrar alternativas de soluci\u00f3n a viejos y nuevos problemas\u2026<br \/>\n-Acad\u00e9mico. IIESESUV.Twitter@RafaelAriasH,Facebook:VeracruzHoydeRafaelAriasH<\/p>\n","protected":false},"excerpt":{"rendered":"<p>Rafael Arias Hern\u00e1ndez Mutatis mutandis &nbsp; La licuadora financiera cumple sus objetivos. Los bancos no pierden; y sin duda, batir las finanzas del gobierno, tiene algunos aspectos positivos, pero tambi\u00e9n oculta inmensos da\u00f1os para demasiados, as\u00ed como ventajas y beneficios para unos cuantos. Endeudar, para heredar. Abusar en el presente, es cancelar el futuro. Y [&hellip;]<\/p>\n","protected":false},"author":2,"featured_media":0,"comment_status":"open","ping_status":"open","sticky":false,"template":"","format":"standard","meta":{"tdm_status":"","tdm_grid_status":"","footnotes":""},"categories":[70],"tags":[2228,22438,22437,22440,22439,1849,195],"class_list":{"0":"post-62370","1":"post","2":"type-post","3":"status-publish","4":"format-standard","6":"category-de-opinion","7":"tag-economia","8":"tag-esclavismo","9":"tag-finanzas-del-gobierno","10":"tag-mas-deuda-para-veracruz","11":"tag-record-de-creditos-anunciados","12":"tag-shcp","13":"tag-veracruz"},"yoast_head":"<!-- This site is optimized with the Yoast SEO plugin v27.4 - https:\/\/yoast.com\/product\/yoast-seo-wordpress\/ -->\n<title>Deuda P\u00fablica: Creciente y m\u00e1s desastres - Los pol\u00edticos Veracruz<\/title>\n<meta name=\"robots\" content=\"index, follow, max-snippet:-1, max-image-preview:large, max-video-preview:-1\" \/>\n<link rel=\"canonical\" href=\"https:\/\/lospoliticosveracruz.com\/?p=62370\" \/>\n<meta property=\"og:locale\" content=\"es_ES\" \/>\n<meta property=\"og:type\" content=\"article\" \/>\n<meta property=\"og:title\" content=\"Deuda P\u00fablica: Creciente y m\u00e1s desastres - Los pol\u00edticos Veracruz\" \/>\n<meta property=\"og:description\" content=\"Rafael Arias Hern\u00e1ndez Mutatis mutandis &nbsp; La licuadora financiera cumple sus objetivos. Los bancos no pierden; y sin duda, batir las finanzas del gobierno, tiene algunos aspectos positivos, pero tambi\u00e9n oculta inmensos da\u00f1os para demasiados, as\u00ed como ventajas y beneficios para unos cuantos. Endeudar, para heredar. Abusar en el presente, es cancelar el futuro. Y [&hellip;]\" \/>\n<meta property=\"og:url\" content=\"https:\/\/lospoliticosveracruz.com\/?p=62370\" \/>\n<meta property=\"og:site_name\" content=\"Los pol\u00edticos Veracruz\" \/>\n<meta property=\"article:publisher\" content=\"https:\/\/www.facebook.com\/people\/Notimemes-de-los-Polticos\/61565672886568\/\" \/>\n<meta property=\"article:published_time\" content=\"2020-10-13T15:30:44+00:00\" \/>\n<meta property=\"og:image\" content=\"https:\/\/lospoliticosveracruz.com\/wp-content\/uploads\/2016\/07\/Logo-Dor.jpg\" \/>\n\t<meta property=\"og:image:width\" content=\"200\" \/>\n\t<meta property=\"og:image:height\" content=\"200\" \/>\n\t<meta property=\"og:image:type\" content=\"image\/jpeg\" \/>\n<meta name=\"author\" content=\"Lo viste en Los Pol\u00edticos\" \/>\n<meta name=\"twitter:card\" content=\"summary_large_image\" \/>\n<meta name=\"twitter:creator\" content=\"@LosPoliticosVer\" \/>\n<meta name=\"twitter:site\" content=\"@LosPoliticosVer\" \/>\n<meta name=\"twitter:label1\" content=\"Escrito por\" \/>\n\t<meta name=\"twitter:data1\" content=\"Lo viste en Los Pol\u00edticos\" \/>\n\t<meta name=\"twitter:label2\" content=\"Tiempo de lectura\" \/>\n\t<meta name=\"twitter:data2\" content=\"5 minutos\" \/>\n<script type=\"application\/ld+json\" class=\"yoast-schema-graph\">{\"@context\":\"https:\\\/\\\/schema.org\",\"@graph\":[{\"@type\":\"Article\",\"@id\":\"https:\\\/\\\/lospoliticosveracruz.com\\\/?p=62370#article\",\"isPartOf\":{\"@id\":\"https:\\\/\\\/lospoliticosveracruz.com\\\/?p=62370\"},\"author\":{\"name\":\"Lo viste en Los Pol\u00edticos\",\"@id\":\"https:\\\/\\\/lospoliticosveracruz.com\\\/#\\\/schema\\\/person\\\/b8702bb0e538456e6efd07080bf2a4a2\"},\"headline\":\"Deuda P\u00fablica: Creciente y m\u00e1s desastres\",\"datePublished\":\"2020-10-13T15:30:44+00:00\",\"mainEntityOfPage\":{\"@id\":\"https:\\\/\\\/lospoliticosveracruz.com\\\/?p=62370\"},\"wordCount\":1058,\"commentCount\":0,\"publisher\":{\"@id\":\"https:\\\/\\\/lospoliticosveracruz.com\\\/#organization\"},\"keywords\":[\"Econom\u00eda\",\"Esclavismo\",\"Finanzas del gobierno\",\"M\u00e1s deuda para Veracruz\",\"Record de cr\u00e9ditos anunciados\",\"SHCP\",\"Veracruz\"],\"articleSection\":[\"De Opini\u00f3n\"],\"inLanguage\":\"es\",\"potentialAction\":[{\"@type\":\"CommentAction\",\"name\":\"Comment\",\"target\":[\"https:\\\/\\\/lospoliticosveracruz.com\\\/?p=62370#respond\"]}]},{\"@type\":\"WebPage\",\"@id\":\"https:\\\/\\\/lospoliticosveracruz.com\\\/?p=62370\",\"url\":\"https:\\\/\\\/lospoliticosveracruz.com\\\/?p=62370\",\"name\":\"Deuda P\u00fablica: Creciente y m\u00e1s desastres - Los pol\u00edticos Veracruz\",\"isPartOf\":{\"@id\":\"https:\\\/\\\/lospoliticosveracruz.com\\\/#website\"},\"datePublished\":\"2020-10-13T15:30:44+00:00\",\"breadcrumb\":{\"@id\":\"https:\\\/\\\/lospoliticosveracruz.com\\\/?p=62370#breadcrumb\"},\"inLanguage\":\"es\",\"potentialAction\":[{\"@type\":\"ReadAction\",\"target\":[\"https:\\\/\\\/lospoliticosveracruz.com\\\/?p=62370\"]}]},{\"@type\":\"BreadcrumbList\",\"@id\":\"https:\\\/\\\/lospoliticosveracruz.com\\\/?p=62370#breadcrumb\",\"itemListElement\":[{\"@type\":\"ListItem\",\"position\":1,\"name\":\"Portada\",\"item\":\"https:\\\/\\\/lospoliticosveracruz.com\\\/\"},{\"@type\":\"ListItem\",\"position\":2,\"name\":\"Deuda P\u00fablica: Creciente y m\u00e1s desastres\"}]},{\"@type\":\"WebSite\",\"@id\":\"https:\\\/\\\/lospoliticosveracruz.com\\\/#website\",\"url\":\"https:\\\/\\\/lospoliticosveracruz.com\\\/\",\"name\":\"Los pol\u00edticos Veracruz\",\"description\":\"\",\"publisher\":{\"@id\":\"https:\\\/\\\/lospoliticosveracruz.com\\\/#organization\"},\"potentialAction\":[{\"@type\":\"SearchAction\",\"target\":{\"@type\":\"EntryPoint\",\"urlTemplate\":\"https:\\\/\\\/lospoliticosveracruz.com\\\/?s={search_term_string}\"},\"query-input\":{\"@type\":\"PropertyValueSpecification\",\"valueRequired\":true,\"valueName\":\"search_term_string\"}}],\"inLanguage\":\"es\"},{\"@type\":\"Organization\",\"@id\":\"https:\\\/\\\/lospoliticosveracruz.com\\\/#organization\",\"name\":\"Los pol\u00edticos Veracruz\",\"url\":\"https:\\\/\\\/lospoliticosveracruz.com\\\/\",\"logo\":{\"@type\":\"ImageObject\",\"inLanguage\":\"es\",\"@id\":\"https:\\\/\\\/lospoliticosveracruz.com\\\/#\\\/schema\\\/logo\\\/image\\\/\",\"url\":\"https:\\\/\\\/lospoliticosveracruz.com\\\/wp-content\\\/uploads\\\/2025\\\/12\\\/Logo-Nuevo-LOS-POLITICOS-1.jpg\",\"contentUrl\":\"https:\\\/\\\/lospoliticosveracruz.com\\\/wp-content\\\/uploads\\\/2025\\\/12\\\/Logo-Nuevo-LOS-POLITICOS-1.jpg\",\"width\":260,\"height\":70,\"caption\":\"Los pol\u00edticos Veracruz\"},\"image\":{\"@id\":\"https:\\\/\\\/lospoliticosveracruz.com\\\/#\\\/schema\\\/logo\\\/image\\\/\"},\"sameAs\":[\"https:\\\/\\\/www.facebook.com\\\/people\\\/Notimemes-de-los-Polticos\\\/61565672886568\\\/\",\"https:\\\/\\\/x.com\\\/LosPoliticosVer\"]},{\"@type\":\"Person\",\"@id\":\"https:\\\/\\\/lospoliticosveracruz.com\\\/#\\\/schema\\\/person\\\/b8702bb0e538456e6efd07080bf2a4a2\",\"name\":\"Lo viste en Los Pol\u00edticos\",\"image\":{\"@type\":\"ImageObject\",\"inLanguage\":\"es\",\"@id\":\"https:\\\/\\\/secure.gravatar.com\\\/avatar\\\/3a8de04a2656d44082be478bd6c086daa447c4651605818287b9532d3d0bd435?s=96&d=mm&r=g\",\"url\":\"https:\\\/\\\/secure.gravatar.com\\\/avatar\\\/3a8de04a2656d44082be478bd6c086daa447c4651605818287b9532d3d0bd435?s=96&d=mm&r=g\",\"contentUrl\":\"https:\\\/\\\/secure.gravatar.com\\\/avatar\\\/3a8de04a2656d44082be478bd6c086daa447c4651605818287b9532d3d0bd435?s=96&d=mm&r=g\",\"caption\":\"Lo viste en Los Pol\u00edticos\"},\"url\":\"https:\\\/\\\/lospoliticosveracruz.com\\\/?author=2\"}]}<\/script>\n<!-- \/ Yoast SEO plugin. -->","yoast_head_json":{"title":"Deuda P\u00fablica: Creciente y m\u00e1s desastres - Los pol\u00edticos Veracruz","robots":{"index":"index","follow":"follow","max-snippet":"max-snippet:-1","max-image-preview":"max-image-preview:large","max-video-preview":"max-video-preview:-1"},"canonical":"https:\/\/lospoliticosveracruz.com\/?p=62370","og_locale":"es_ES","og_type":"article","og_title":"Deuda P\u00fablica: Creciente y m\u00e1s desastres - Los pol\u00edticos Veracruz","og_description":"Rafael Arias Hern\u00e1ndez Mutatis mutandis &nbsp; La licuadora financiera cumple sus objetivos. Los bancos no pierden; y sin duda, batir las finanzas del gobierno, tiene algunos aspectos positivos, pero tambi\u00e9n oculta inmensos da\u00f1os para demasiados, as\u00ed como ventajas y beneficios para unos cuantos. Endeudar, para heredar. Abusar en el presente, es cancelar el futuro. Y [&hellip;]","og_url":"https:\/\/lospoliticosveracruz.com\/?p=62370","og_site_name":"Los pol\u00edticos Veracruz","article_publisher":"https:\/\/www.facebook.com\/people\/Notimemes-de-los-Polticos\/61565672886568\/","article_published_time":"2020-10-13T15:30:44+00:00","og_image":[{"width":200,"height":200,"url":"https:\/\/lospoliticosveracruz.com\/wp-content\/uploads\/2016\/07\/Logo-Dor.jpg","type":"image\/jpeg"}],"author":"Lo viste en Los Pol\u00edticos","twitter_card":"summary_large_image","twitter_creator":"@LosPoliticosVer","twitter_site":"@LosPoliticosVer","twitter_misc":{"Escrito por":"Lo viste en Los Pol\u00edticos","Tiempo de lectura":"5 minutos"},"schema":{"@context":"https:\/\/schema.org","@graph":[{"@type":"Article","@id":"https:\/\/lospoliticosveracruz.com\/?p=62370#article","isPartOf":{"@id":"https:\/\/lospoliticosveracruz.com\/?p=62370"},"author":{"name":"Lo viste en Los Pol\u00edticos","@id":"https:\/\/lospoliticosveracruz.com\/#\/schema\/person\/b8702bb0e538456e6efd07080bf2a4a2"},"headline":"Deuda P\u00fablica: Creciente y m\u00e1s desastres","datePublished":"2020-10-13T15:30:44+00:00","mainEntityOfPage":{"@id":"https:\/\/lospoliticosveracruz.com\/?p=62370"},"wordCount":1058,"commentCount":0,"publisher":{"@id":"https:\/\/lospoliticosveracruz.com\/#organization"},"keywords":["Econom\u00eda","Esclavismo","Finanzas del gobierno","M\u00e1s deuda para Veracruz","Record de cr\u00e9ditos anunciados","SHCP","Veracruz"],"articleSection":["De Opini\u00f3n"],"inLanguage":"es","potentialAction":[{"@type":"CommentAction","name":"Comment","target":["https:\/\/lospoliticosveracruz.com\/?p=62370#respond"]}]},{"@type":"WebPage","@id":"https:\/\/lospoliticosveracruz.com\/?p=62370","url":"https:\/\/lospoliticosveracruz.com\/?p=62370","name":"Deuda P\u00fablica: Creciente y m\u00e1s desastres - Los pol\u00edticos Veracruz","isPartOf":{"@id":"https:\/\/lospoliticosveracruz.com\/#website"},"datePublished":"2020-10-13T15:30:44+00:00","breadcrumb":{"@id":"https:\/\/lospoliticosveracruz.com\/?p=62370#breadcrumb"},"inLanguage":"es","potentialAction":[{"@type":"ReadAction","target":["https:\/\/lospoliticosveracruz.com\/?p=62370"]}]},{"@type":"BreadcrumbList","@id":"https:\/\/lospoliticosveracruz.com\/?p=62370#breadcrumb","itemListElement":[{"@type":"ListItem","position":1,"name":"Portada","item":"https:\/\/lospoliticosveracruz.com\/"},{"@type":"ListItem","position":2,"name":"Deuda P\u00fablica: Creciente y m\u00e1s desastres"}]},{"@type":"WebSite","@id":"https:\/\/lospoliticosveracruz.com\/#website","url":"https:\/\/lospoliticosveracruz.com\/","name":"Los pol\u00edticos Veracruz","description":"","publisher":{"@id":"https:\/\/lospoliticosveracruz.com\/#organization"},"potentialAction":[{"@type":"SearchAction","target":{"@type":"EntryPoint","urlTemplate":"https:\/\/lospoliticosveracruz.com\/?s={search_term_string}"},"query-input":{"@type":"PropertyValueSpecification","valueRequired":true,"valueName":"search_term_string"}}],"inLanguage":"es"},{"@type":"Organization","@id":"https:\/\/lospoliticosveracruz.com\/#organization","name":"Los pol\u00edticos Veracruz","url":"https:\/\/lospoliticosveracruz.com\/","logo":{"@type":"ImageObject","inLanguage":"es","@id":"https:\/\/lospoliticosveracruz.com\/#\/schema\/logo\/image\/","url":"https:\/\/lospoliticosveracruz.com\/wp-content\/uploads\/2025\/12\/Logo-Nuevo-LOS-POLITICOS-1.jpg","contentUrl":"https:\/\/lospoliticosveracruz.com\/wp-content\/uploads\/2025\/12\/Logo-Nuevo-LOS-POLITICOS-1.jpg","width":260,"height":70,"caption":"Los pol\u00edticos Veracruz"},"image":{"@id":"https:\/\/lospoliticosveracruz.com\/#\/schema\/logo\/image\/"},"sameAs":["https:\/\/www.facebook.com\/people\/Notimemes-de-los-Polticos\/61565672886568\/","https:\/\/x.com\/LosPoliticosVer"]},{"@type":"Person","@id":"https:\/\/lospoliticosveracruz.com\/#\/schema\/person\/b8702bb0e538456e6efd07080bf2a4a2","name":"Lo viste en Los Pol\u00edticos","image":{"@type":"ImageObject","inLanguage":"es","@id":"https:\/\/secure.gravatar.com\/avatar\/3a8de04a2656d44082be478bd6c086daa447c4651605818287b9532d3d0bd435?s=96&d=mm&r=g","url":"https:\/\/secure.gravatar.com\/avatar\/3a8de04a2656d44082be478bd6c086daa447c4651605818287b9532d3d0bd435?s=96&d=mm&r=g","contentUrl":"https:\/\/secure.gravatar.com\/avatar\/3a8de04a2656d44082be478bd6c086daa447c4651605818287b9532d3d0bd435?s=96&d=mm&r=g","caption":"Lo viste en Los Pol\u00edticos"},"url":"https:\/\/lospoliticosveracruz.com\/?author=2"}]}},"_links":{"self":[{"href":"https:\/\/lospoliticosveracruz.com\/index.php?rest_route=\/wp\/v2\/posts\/62370","targetHints":{"allow":["GET"]}}],"collection":[{"href":"https:\/\/lospoliticosveracruz.com\/index.php?rest_route=\/wp\/v2\/posts"}],"about":[{"href":"https:\/\/lospoliticosveracruz.com\/index.php?rest_route=\/wp\/v2\/types\/post"}],"author":[{"embeddable":true,"href":"https:\/\/lospoliticosveracruz.com\/index.php?rest_route=\/wp\/v2\/users\/2"}],"replies":[{"embeddable":true,"href":"https:\/\/lospoliticosveracruz.com\/index.php?rest_route=%2Fwp%2Fv2%2Fcomments&post=62370"}],"version-history":[{"count":2,"href":"https:\/\/lospoliticosveracruz.com\/index.php?rest_route=\/wp\/v2\/posts\/62370\/revisions"}],"predecessor-version":[{"id":62380,"href":"https:\/\/lospoliticosveracruz.com\/index.php?rest_route=\/wp\/v2\/posts\/62370\/revisions\/62380"}],"wp:attachment":[{"href":"https:\/\/lospoliticosveracruz.com\/index.php?rest_route=%2Fwp%2Fv2%2Fmedia&parent=62370"}],"wp:term":[{"taxonomy":"category","embeddable":true,"href":"https:\/\/lospoliticosveracruz.com\/index.php?rest_route=%2Fwp%2Fv2%2Fcategories&post=62370"},{"taxonomy":"post_tag","embeddable":true,"href":"https:\/\/lospoliticosveracruz.com\/index.php?rest_route=%2Fwp%2Fv2%2Ftags&post=62370"}],"curies":[{"name":"wp","href":"https:\/\/api.w.org\/{rel}","templated":true}]}}