{"id":62440,"date":"2020-10-14T12:27:09","date_gmt":"2020-10-14T17:27:09","guid":{"rendered":"http:\/\/www.lospoliticosveracruz.com.mx\/?p=62440"},"modified":"2020-10-14T12:27:09","modified_gmt":"2020-10-14T17:27:09","slug":"una-manita-a-la-casa-para-mas-de-22-mil-veracruzanos","status":"publish","type":"post","link":"https:\/\/lospoliticosveracruz.com\/?p=62440","title":{"rendered":"Una manita a la casa para m\u00e1s de 22 mil veracruzanos"},"content":{"rendered":"<p>&nbsp;<\/p>\n<p>Con un apoyo directo para la ampliaci\u00f3n de la vivienda o su rehabilitaci\u00f3n, el Gobierno Federal beneficia con m\u00e1s de 4 millones de cr\u00e9ditos para igual n\u00famero de familias, en un esfuerzo sin precedente que adem\u00e1s detona la generaci\u00f3n de empleos.<\/p>\n<p>El Delegado de los Programas de Desarrollo en Veracruz, Manuel Huerta, destac\u00f3 que son 2 millones de empleos directos los que genera este proyecto de la federaci\u00f3n, como parte de las acciones para enfrentar los efectos econ\u00f3micos que deja la pandemia por el COVID 19.<\/p>\n<p>\u201cA nivel nacional son cerca de 170 mil acciones de mejoramiento de vivienda, son subsidios directos a la poblaci\u00f3n, 90 mil pesos para la ampliaci\u00f3n, 35 mil para el mejoramiento y la gente auto administra el recurso para el objetivo concreto de ampliar una rec\u00e1mara, una cocina, ba\u00f1o, en fin, las necesidades que la familia tenga de ampliaci\u00f3n o mejorar instalaciones hidroel\u00e9ctricas, sanitarias, techos, la seguridad de la vivienda, para ello la familia recibe y administra el recurso\u201d. Explic\u00f3.<\/p>\n<p>El Programa Emergente de Vivienda se aplica en colonias marginadas de los municipios donde se tiene el registro de los m\u00e1s altos grados de pobreza, en esta primera etapa en el estado de Veracruz, se contempl\u00f3 a San Andr\u00e9s Tuxtla, Acayucan, Cosoleacaque, Minatitl\u00e1n, Soteapan, Sayula de Alem\u00e1n, C\u00f3rdoba y Xalapa.<\/p>\n<p>Es un programa que depende de la Secretar\u00eda de Desarrollo Agrario, Territorial y Urbano (SEDATU) y la Comisi\u00f3n Nacional de Vivienda, (CONAVI) y atiende prioritariamente a padres o madres solteras, jefe o jefa de familia y particularmente a la poblaci\u00f3n ind\u00edgena. En Veracruz son 22 mil 500 acciones de ampliaci\u00f3n y mejoramiento que se van a realizar en un lapso de 2 meses, a partir del momento en que se entrega el recurso a cada beneficiario.<\/p>\n<p>\u201cEs un programa que no tiene ning\u00fan costo, no hay intermediarios, nadie les puede pedir moche, no les puede pedir piquete de ojos, ni nada, la asesor\u00eda y seguimiento la brindan los servidores de la naci\u00f3n, para ver c\u00f3mo aplican el recurso, solo verifican que el recurso se aplique correctamente y se tenga un feliz t\u00e9rmino, pero se conf\u00eda mucho en la gente\u201d, se\u00f1al\u00f3 Manuel Huerta.<\/p>\n<p>Hasta el d\u00eda de hoy el padr\u00f3n de beneficiados ya est\u00e1 cubierto para el presente a\u00f1o, desde la federaci\u00f3n se realiz\u00f3 el listado de familias que son incluidas en este programa, en donde se colabora con las autoridades municipales, a fin de que las viviendas incluidas cuenten con una certeza jur\u00eddica, no se ubiquen en zonas de alto riesgo, no se haga un costo elevado por los permisos de construcci\u00f3n correspondientes y por el contrario se les otorguen todas las facilidades considerando su alto nivel de pobreza y marginaci\u00f3n.<\/p>\n<p>\u201cEs un programa tan noble que le ayuda al que lo recibe, resuelve problemas estructurales de la familia, pero adem\u00e1s genera una derrama econ\u00f3mica en las comunidades y detona el empleo\u201d, concluy\u00f3.<\/p>\n","protected":false},"excerpt":{"rendered":"<p>&nbsp; Con un apoyo directo para la ampliaci\u00f3n de la vivienda o su rehabilitaci\u00f3n, el Gobierno Federal beneficia con m\u00e1s de 4 millones de cr\u00e9ditos para igual n\u00famero de familias, en un esfuerzo sin precedente que adem\u00e1s detona la generaci\u00f3n de empleos. El Delegado de los Programas de Desarrollo en Veracruz, Manuel Huerta, destac\u00f3 que [&hellip;]<\/p>\n","protected":false},"author":2,"featured_media":0,"comment_status":"open","ping_status":"open","sticky":false,"template":"","format":"standard","meta":{"tdm_status":"","tdm_grid_status":"","footnotes":""},"categories":[73],"tags":[22483,19718,2056,10317,22482,22481,7329,22484,1948,22485,195],"class_list":{"0":"post-62440","1":"post","2":"type-post","3":"status-publish","4":"format-standard","6":"category-de-boleto","7":"tag-comision-nacional-de-vivienda","8":"tag-delegado-manuel-huerta-ladron-de-guevara","9":"tag-gobierno-federal","10":"tag-manuel-huerta","11":"tag-programa-emergente-de-vivienda","12":"tag-programas-de-desarrollo-en-veracruz","13":"tag-rehabilitacion","14":"tag-secretaria-de-desarrollo-agrario","15":"tag-sedatu","16":"tag-territorial-y-urbano","17":"tag-veracruz"},"yoast_head":"<!-- This site is optimized with the Yoast SEO plugin v27.4 - https:\/\/yoast.com\/product\/yoast-seo-wordpress\/ -->\n<title>Una manita a la casa para m\u00e1s de 22 mil veracruzanos - Los pol\u00edticos Veracruz<\/title>\n<meta name=\"robots\" content=\"index, follow, max-snippet:-1, max-image-preview:large, max-video-preview:-1\" \/>\n<link rel=\"canonical\" href=\"https:\/\/lospoliticosveracruz.com\/?p=62440\" \/>\n<meta property=\"og:locale\" content=\"es_ES\" \/>\n<meta property=\"og:type\" content=\"article\" \/>\n<meta property=\"og:title\" content=\"Una manita a la casa para m\u00e1s de 22 mil veracruzanos - Los pol\u00edticos Veracruz\" \/>\n<meta property=\"og:description\" content=\"&nbsp; Con un apoyo directo para la ampliaci\u00f3n de la vivienda o su rehabilitaci\u00f3n, el Gobierno Federal beneficia con m\u00e1s de 4 millones de cr\u00e9ditos para igual n\u00famero de familias, en un esfuerzo sin precedente que adem\u00e1s detona la generaci\u00f3n de empleos. El Delegado de los Programas de Desarrollo en Veracruz, Manuel Huerta, destac\u00f3 que [&hellip;]\" \/>\n<meta property=\"og:url\" content=\"https:\/\/lospoliticosveracruz.com\/?p=62440\" \/>\n<meta property=\"og:site_name\" content=\"Los pol\u00edticos Veracruz\" \/>\n<meta property=\"article:publisher\" content=\"https:\/\/www.facebook.com\/people\/Notimemes-de-los-Polticos\/61565672886568\/\" \/>\n<meta property=\"article:published_time\" content=\"2020-10-14T17:27:09+00:00\" \/>\n<meta property=\"og:image\" content=\"https:\/\/lospoliticosveracruz.com\/wp-content\/uploads\/2016\/07\/Logo-Dor.jpg\" \/>\n\t<meta property=\"og:image:width\" content=\"200\" \/>\n\t<meta property=\"og:image:height\" content=\"200\" \/>\n\t<meta property=\"og:image:type\" content=\"image\/jpeg\" \/>\n<meta name=\"author\" content=\"Lo viste en Los Pol\u00edticos\" \/>\n<meta name=\"twitter:card\" content=\"summary_large_image\" \/>\n<meta name=\"twitter:creator\" content=\"@LosPoliticosVer\" \/>\n<meta name=\"twitter:site\" content=\"@LosPoliticosVer\" \/>\n<meta name=\"twitter:label1\" content=\"Escrito por\" \/>\n\t<meta name=\"twitter:data1\" content=\"Lo viste en Los Pol\u00edticos\" \/>\n\t<meta name=\"twitter:label2\" content=\"Tiempo de lectura\" \/>\n\t<meta name=\"twitter:data2\" content=\"3 minutos\" \/>\n<script type=\"application\/ld+json\" class=\"yoast-schema-graph\">{\"@context\":\"https:\\\/\\\/schema.org\",\"@graph\":[{\"@type\":\"Article\",\"@id\":\"https:\\\/\\\/lospoliticosveracruz.com\\\/?p=62440#article\",\"isPartOf\":{\"@id\":\"https:\\\/\\\/lospoliticosveracruz.com\\\/?p=62440\"},\"author\":{\"name\":\"Lo viste en Los Pol\u00edticos\",\"@id\":\"https:\\\/\\\/lospoliticosveracruz.com\\\/#\\\/schema\\\/person\\\/b8702bb0e538456e6efd07080bf2a4a2\"},\"headline\":\"Una manita a la casa para m\u00e1s de 22 mil veracruzanos\",\"datePublished\":\"2020-10-14T17:27:09+00:00\",\"mainEntityOfPage\":{\"@id\":\"https:\\\/\\\/lospoliticosveracruz.com\\\/?p=62440\"},\"wordCount\":522,\"commentCount\":0,\"publisher\":{\"@id\":\"https:\\\/\\\/lospoliticosveracruz.com\\\/#organization\"},\"keywords\":[\"Comisi\u00f3n Nacional de Vivienda\",\"Delegado Manuel Huerta Ladr\u00f3n de Guevara\",\"Gobierno federal\",\"Manuel Huerta\",\"Programa Emergente de Vivienda\",\"Programas de Desarrollo en Veracruz\",\"Rehabilitaci\u00f3n\",\"Secretar\u00eda de Desarrollo Agrario\",\"Sedatu\",\"Territorial y Urbano\",\"Veracruz\"],\"articleSection\":[\"De Boleto\"],\"inLanguage\":\"es\",\"potentialAction\":[{\"@type\":\"CommentAction\",\"name\":\"Comment\",\"target\":[\"https:\\\/\\\/lospoliticosveracruz.com\\\/?p=62440#respond\"]}]},{\"@type\":\"WebPage\",\"@id\":\"https:\\\/\\\/lospoliticosveracruz.com\\\/?p=62440\",\"url\":\"https:\\\/\\\/lospoliticosveracruz.com\\\/?p=62440\",\"name\":\"Una manita a la casa para m\u00e1s de 22 mil veracruzanos - Los pol\u00edticos Veracruz\",\"isPartOf\":{\"@id\":\"https:\\\/\\\/lospoliticosveracruz.com\\\/#website\"},\"datePublished\":\"2020-10-14T17:27:09+00:00\",\"breadcrumb\":{\"@id\":\"https:\\\/\\\/lospoliticosveracruz.com\\\/?p=62440#breadcrumb\"},\"inLanguage\":\"es\",\"potentialAction\":[{\"@type\":\"ReadAction\",\"target\":[\"https:\\\/\\\/lospoliticosveracruz.com\\\/?p=62440\"]}]},{\"@type\":\"BreadcrumbList\",\"@id\":\"https:\\\/\\\/lospoliticosveracruz.com\\\/?p=62440#breadcrumb\",\"itemListElement\":[{\"@type\":\"ListItem\",\"position\":1,\"name\":\"Portada\",\"item\":\"https:\\\/\\\/lospoliticosveracruz.com\\\/\"},{\"@type\":\"ListItem\",\"position\":2,\"name\":\"Una manita a la casa para m\u00e1s de 22 mil veracruzanos\"}]},{\"@type\":\"WebSite\",\"@id\":\"https:\\\/\\\/lospoliticosveracruz.com\\\/#website\",\"url\":\"https:\\\/\\\/lospoliticosveracruz.com\\\/\",\"name\":\"Los pol\u00edticos Veracruz\",\"description\":\"\",\"publisher\":{\"@id\":\"https:\\\/\\\/lospoliticosveracruz.com\\\/#organization\"},\"potentialAction\":[{\"@type\":\"SearchAction\",\"target\":{\"@type\":\"EntryPoint\",\"urlTemplate\":\"https:\\\/\\\/lospoliticosveracruz.com\\\/?s={search_term_string}\"},\"query-input\":{\"@type\":\"PropertyValueSpecification\",\"valueRequired\":true,\"valueName\":\"search_term_string\"}}],\"inLanguage\":\"es\"},{\"@type\":\"Organization\",\"@id\":\"https:\\\/\\\/lospoliticosveracruz.com\\\/#organization\",\"name\":\"Los pol\u00edticos Veracruz\",\"url\":\"https:\\\/\\\/lospoliticosveracruz.com\\\/\",\"logo\":{\"@type\":\"ImageObject\",\"inLanguage\":\"es\",\"@id\":\"https:\\\/\\\/lospoliticosveracruz.com\\\/#\\\/schema\\\/logo\\\/image\\\/\",\"url\":\"https:\\\/\\\/lospoliticosveracruz.com\\\/wp-content\\\/uploads\\\/2025\\\/12\\\/Logo-Nuevo-LOS-POLITICOS-1.jpg\",\"contentUrl\":\"https:\\\/\\\/lospoliticosveracruz.com\\\/wp-content\\\/uploads\\\/2025\\\/12\\\/Logo-Nuevo-LOS-POLITICOS-1.jpg\",\"width\":260,\"height\":70,\"caption\":\"Los pol\u00edticos Veracruz\"},\"image\":{\"@id\":\"https:\\\/\\\/lospoliticosveracruz.com\\\/#\\\/schema\\\/logo\\\/image\\\/\"},\"sameAs\":[\"https:\\\/\\\/www.facebook.com\\\/people\\\/Notimemes-de-los-Polticos\\\/61565672886568\\\/\",\"https:\\\/\\\/x.com\\\/LosPoliticosVer\"]},{\"@type\":\"Person\",\"@id\":\"https:\\\/\\\/lospoliticosveracruz.com\\\/#\\\/schema\\\/person\\\/b8702bb0e538456e6efd07080bf2a4a2\",\"name\":\"Lo viste en Los Pol\u00edticos\",\"image\":{\"@type\":\"ImageObject\",\"inLanguage\":\"es\",\"@id\":\"https:\\\/\\\/secure.gravatar.com\\\/avatar\\\/3a8de04a2656d44082be478bd6c086daa447c4651605818287b9532d3d0bd435?s=96&d=mm&r=g\",\"url\":\"https:\\\/\\\/secure.gravatar.com\\\/avatar\\\/3a8de04a2656d44082be478bd6c086daa447c4651605818287b9532d3d0bd435?s=96&d=mm&r=g\",\"contentUrl\":\"https:\\\/\\\/secure.gravatar.com\\\/avatar\\\/3a8de04a2656d44082be478bd6c086daa447c4651605818287b9532d3d0bd435?s=96&d=mm&r=g\",\"caption\":\"Lo viste en Los Pol\u00edticos\"},\"url\":\"https:\\\/\\\/lospoliticosveracruz.com\\\/?author=2\"}]}<\/script>\n<!-- \/ Yoast SEO plugin. -->","yoast_head_json":{"title":"Una manita a la casa para m\u00e1s de 22 mil veracruzanos - Los pol\u00edticos Veracruz","robots":{"index":"index","follow":"follow","max-snippet":"max-snippet:-1","max-image-preview":"max-image-preview:large","max-video-preview":"max-video-preview:-1"},"canonical":"https:\/\/lospoliticosveracruz.com\/?p=62440","og_locale":"es_ES","og_type":"article","og_title":"Una manita a la casa para m\u00e1s de 22 mil veracruzanos - Los pol\u00edticos Veracruz","og_description":"&nbsp; Con un apoyo directo para la ampliaci\u00f3n de la vivienda o su rehabilitaci\u00f3n, el Gobierno Federal beneficia con m\u00e1s de 4 millones de cr\u00e9ditos para igual n\u00famero de familias, en un esfuerzo sin precedente que adem\u00e1s detona la generaci\u00f3n de empleos. El Delegado de los Programas de Desarrollo en Veracruz, Manuel Huerta, destac\u00f3 que [&hellip;]","og_url":"https:\/\/lospoliticosveracruz.com\/?p=62440","og_site_name":"Los pol\u00edticos Veracruz","article_publisher":"https:\/\/www.facebook.com\/people\/Notimemes-de-los-Polticos\/61565672886568\/","article_published_time":"2020-10-14T17:27:09+00:00","og_image":[{"width":200,"height":200,"url":"https:\/\/lospoliticosveracruz.com\/wp-content\/uploads\/2016\/07\/Logo-Dor.jpg","type":"image\/jpeg"}],"author":"Lo viste en Los Pol\u00edticos","twitter_card":"summary_large_image","twitter_creator":"@LosPoliticosVer","twitter_site":"@LosPoliticosVer","twitter_misc":{"Escrito por":"Lo viste en Los Pol\u00edticos","Tiempo de lectura":"3 minutos"},"schema":{"@context":"https:\/\/schema.org","@graph":[{"@type":"Article","@id":"https:\/\/lospoliticosveracruz.com\/?p=62440#article","isPartOf":{"@id":"https:\/\/lospoliticosveracruz.com\/?p=62440"},"author":{"name":"Lo viste en Los Pol\u00edticos","@id":"https:\/\/lospoliticosveracruz.com\/#\/schema\/person\/b8702bb0e538456e6efd07080bf2a4a2"},"headline":"Una manita a la casa para m\u00e1s de 22 mil veracruzanos","datePublished":"2020-10-14T17:27:09+00:00","mainEntityOfPage":{"@id":"https:\/\/lospoliticosveracruz.com\/?p=62440"},"wordCount":522,"commentCount":0,"publisher":{"@id":"https:\/\/lospoliticosveracruz.com\/#organization"},"keywords":["Comisi\u00f3n Nacional de Vivienda","Delegado Manuel Huerta Ladr\u00f3n de Guevara","Gobierno federal","Manuel Huerta","Programa Emergente de Vivienda","Programas de Desarrollo en Veracruz","Rehabilitaci\u00f3n","Secretar\u00eda de Desarrollo Agrario","Sedatu","Territorial y Urbano","Veracruz"],"articleSection":["De Boleto"],"inLanguage":"es","potentialAction":[{"@type":"CommentAction","name":"Comment","target":["https:\/\/lospoliticosveracruz.com\/?p=62440#respond"]}]},{"@type":"WebPage","@id":"https:\/\/lospoliticosveracruz.com\/?p=62440","url":"https:\/\/lospoliticosveracruz.com\/?p=62440","name":"Una manita a la casa para m\u00e1s de 22 mil veracruzanos - Los pol\u00edticos Veracruz","isPartOf":{"@id":"https:\/\/lospoliticosveracruz.com\/#website"},"datePublished":"2020-10-14T17:27:09+00:00","breadcrumb":{"@id":"https:\/\/lospoliticosveracruz.com\/?p=62440#breadcrumb"},"inLanguage":"es","potentialAction":[{"@type":"ReadAction","target":["https:\/\/lospoliticosveracruz.com\/?p=62440"]}]},{"@type":"BreadcrumbList","@id":"https:\/\/lospoliticosveracruz.com\/?p=62440#breadcrumb","itemListElement":[{"@type":"ListItem","position":1,"name":"Portada","item":"https:\/\/lospoliticosveracruz.com\/"},{"@type":"ListItem","position":2,"name":"Una manita a la casa para m\u00e1s de 22 mil veracruzanos"}]},{"@type":"WebSite","@id":"https:\/\/lospoliticosveracruz.com\/#website","url":"https:\/\/lospoliticosveracruz.com\/","name":"Los pol\u00edticos Veracruz","description":"","publisher":{"@id":"https:\/\/lospoliticosveracruz.com\/#organization"},"potentialAction":[{"@type":"SearchAction","target":{"@type":"EntryPoint","urlTemplate":"https:\/\/lospoliticosveracruz.com\/?s={search_term_string}"},"query-input":{"@type":"PropertyValueSpecification","valueRequired":true,"valueName":"search_term_string"}}],"inLanguage":"es"},{"@type":"Organization","@id":"https:\/\/lospoliticosveracruz.com\/#organization","name":"Los pol\u00edticos Veracruz","url":"https:\/\/lospoliticosveracruz.com\/","logo":{"@type":"ImageObject","inLanguage":"es","@id":"https:\/\/lospoliticosveracruz.com\/#\/schema\/logo\/image\/","url":"https:\/\/lospoliticosveracruz.com\/wp-content\/uploads\/2025\/12\/Logo-Nuevo-LOS-POLITICOS-1.jpg","contentUrl":"https:\/\/lospoliticosveracruz.com\/wp-content\/uploads\/2025\/12\/Logo-Nuevo-LOS-POLITICOS-1.jpg","width":260,"height":70,"caption":"Los pol\u00edticos Veracruz"},"image":{"@id":"https:\/\/lospoliticosveracruz.com\/#\/schema\/logo\/image\/"},"sameAs":["https:\/\/www.facebook.com\/people\/Notimemes-de-los-Polticos\/61565672886568\/","https:\/\/x.com\/LosPoliticosVer"]},{"@type":"Person","@id":"https:\/\/lospoliticosveracruz.com\/#\/schema\/person\/b8702bb0e538456e6efd07080bf2a4a2","name":"Lo viste en Los Pol\u00edticos","image":{"@type":"ImageObject","inLanguage":"es","@id":"https:\/\/secure.gravatar.com\/avatar\/3a8de04a2656d44082be478bd6c086daa447c4651605818287b9532d3d0bd435?s=96&d=mm&r=g","url":"https:\/\/secure.gravatar.com\/avatar\/3a8de04a2656d44082be478bd6c086daa447c4651605818287b9532d3d0bd435?s=96&d=mm&r=g","contentUrl":"https:\/\/secure.gravatar.com\/avatar\/3a8de04a2656d44082be478bd6c086daa447c4651605818287b9532d3d0bd435?s=96&d=mm&r=g","caption":"Lo viste en Los Pol\u00edticos"},"url":"https:\/\/lospoliticosveracruz.com\/?author=2"}]}},"_links":{"self":[{"href":"https:\/\/lospoliticosveracruz.com\/index.php?rest_route=\/wp\/v2\/posts\/62440","targetHints":{"allow":["GET"]}}],"collection":[{"href":"https:\/\/lospoliticosveracruz.com\/index.php?rest_route=\/wp\/v2\/posts"}],"about":[{"href":"https:\/\/lospoliticosveracruz.com\/index.php?rest_route=\/wp\/v2\/types\/post"}],"author":[{"embeddable":true,"href":"https:\/\/lospoliticosveracruz.com\/index.php?rest_route=\/wp\/v2\/users\/2"}],"replies":[{"embeddable":true,"href":"https:\/\/lospoliticosveracruz.com\/index.php?rest_route=%2Fwp%2Fv2%2Fcomments&post=62440"}],"version-history":[{"count":1,"href":"https:\/\/lospoliticosveracruz.com\/index.php?rest_route=\/wp\/v2\/posts\/62440\/revisions"}],"predecessor-version":[{"id":62444,"href":"https:\/\/lospoliticosveracruz.com\/index.php?rest_route=\/wp\/v2\/posts\/62440\/revisions\/62444"}],"wp:attachment":[{"href":"https:\/\/lospoliticosveracruz.com\/index.php?rest_route=%2Fwp%2Fv2%2Fmedia&parent=62440"}],"wp:term":[{"taxonomy":"category","embeddable":true,"href":"https:\/\/lospoliticosveracruz.com\/index.php?rest_route=%2Fwp%2Fv2%2Fcategories&post=62440"},{"taxonomy":"post_tag","embeddable":true,"href":"https:\/\/lospoliticosveracruz.com\/index.php?rest_route=%2Fwp%2Fv2%2Ftags&post=62440"}],"curies":[{"name":"wp","href":"https:\/\/api.w.org\/{rel}","templated":true}]}}