{"id":62449,"date":"2020-10-14T14:43:38","date_gmt":"2020-10-14T19:43:38","guid":{"rendered":"http:\/\/www.lospoliticosveracruz.com.mx\/?p=62449"},"modified":"2020-10-14T14:45:43","modified_gmt":"2020-10-14T19:45:43","slug":"se-refuerzan-para-dia-de-muertos","status":"publish","type":"post","link":"https:\/\/lospoliticosveracruz.com\/?p=62449","title":{"rendered":"Se refuerzan para D\u00eda de Muertos!"},"content":{"rendered":"<p>Ante el anuncio de que se mantendr\u00e1n cerrados los panteones municipales para la conmemoraci\u00f3n de Todos Santos debido a la emergencia por COVID19, la Direcci\u00f3n de Comercio del Ayuntamiento de C\u00f3rdoba invit\u00f3 a la ciudadan\u00eda a adquirir los elementos de sus altares en los mercados locales para recordar estas fechas desde casa.<br \/>\n<a href=\"https:\/\/cordoba.gob.mx\/site\/\"><img decoding=\"async\" class=\" alignleft\" src=\"http:\/\/www.lospoliticosveracruz.com.mx\/wp-content\/uploads\/2020\/10\/Recuadro-Sanitizaciones.jpg\" alt=\"\" \/><\/a> Maximino Garc\u00eda Guzm\u00e1n, director de comercio, dijo que la autoridad municipal refuerza la aplicaci\u00f3n de medidas sanitarias en los zocos locales a fin de procurar la salud de la ciudadan\u00eda y comerciantes. \u201cVamos a cuidar nuestras tradiciones cuidando la salud\u201d, asegur\u00f3.<br \/>\nSe\u00f1al\u00f3 que los mercados de C\u00f3rdoba se preparan para abastecer a la poblaci\u00f3n de los insumos b\u00e1sicos para las tradicionales ofrendas sin descuidar los protocolos de seguridad sanitaria. \u201cEste a\u00f1o D\u00eda de Muertos se realizar\u00e1 de manera distinta\u201d, dijo al llamar a conmemorar la fecha desde casa.<br \/>\nResalt\u00f3 que la autoridad sanitaria ha exhortado a evitar aglomeraciones de personas ante el aumento de casos en la regi\u00f3n, en la que cuatro municipios vecinos se consideran focos rojos en la transmisi\u00f3n de SARS-CoV2, por lo que dijo que es importante mantener esta tradici\u00f3n sin descuidar la salud<br \/>\n\u201cPara Todos Santos y de D\u00eda de Muertos los ciudadanos pueden ir a los mercados de C\u00f3rdoba donde podr\u00e1n encontrar todos los art\u00edculos para esta celebraci\u00f3n como son veladoras, calaveras de dulce, pan, papel cortado y dem\u00e1s. Todos los mercados tienen filtros de higiene para que las compran sean seguras\u201d, a\u00f1adi\u00f3 el Director de Comercio.<br \/>\nUrgi\u00f3 a no bajar la guardia ante el COVID19. Dijo que si bien C\u00f3rdoba se encuentra en color naranja del sem\u00e1foro epidemiol\u00f3gico, existe una alerta ante el incremento de casos sospechosos, por lo que llam\u00f3 a mantener el uso de cubreboca y procurar la distancia f\u00edsica entre personas como las medidas prioritarias para romper la cadena de contagios.<br \/>\nConvoc\u00f3 a la poblaci\u00f3n a realizar sus compras de manera responsable acudiendo una persona por familia, evitando exponer a adultos mayores y menores de edad, as\u00ed como a la poblaci\u00f3n considerada entre los grupos de mayor riesgo ante el COVID19.<\/p>\n","protected":false},"excerpt":{"rendered":"<p>Ante el anuncio de que se mantendr\u00e1n cerrados los panteones municipales para la conmemoraci\u00f3n de Todos Santos debido a la emergencia por COVID19, la Direcci\u00f3n de Comercio del Ayuntamiento de C\u00f3rdoba invit\u00f3 a la ciudadan\u00eda a adquirir los elementos de sus altares en los mercados locales para recordar estas fechas desde casa. Maximino Garc\u00eda Guzm\u00e1n, [&hellip;]<\/p>\n","protected":false},"author":2,"featured_media":0,"comment_status":"open","ping_status":"open","sticky":false,"template":"","format":"standard","meta":{"tdm_status":"","tdm_grid_status":"","footnotes":""},"categories":[73],"tags":[22495,22494,16673,22496,7641,19267,22493,19467,17239,18970,558],"class_list":{"0":"post-62449","1":"post","2":"type-post","3":"status-publish","4":"format-standard","6":"category-de-boleto","7":"tag-casos-sospechosos","8":"tag-color-naranja","9":"tag-covid-19","10":"tag-direccion-de-comercio-del-ayuntamiento","11":"tag-leticia-lopez-landero","12":"tag-medidas-sanitarias","13":"tag-mercados","14":"tag-panteones-municipales","15":"tag-sana-distancia","16":"tag-semaforo-epidemiologico","17":"tag-todos-santos"},"yoast_head":"<!-- This site is optimized with the Yoast SEO plugin v27.4 - https:\/\/yoast.com\/product\/yoast-seo-wordpress\/ -->\n<title>Se refuerzan para D\u00eda de Muertos! - Los pol\u00edticos Veracruz<\/title>\n<meta name=\"robots\" content=\"index, follow, max-snippet:-1, max-image-preview:large, max-video-preview:-1\" \/>\n<link rel=\"canonical\" href=\"https:\/\/lospoliticosveracruz.com\/?p=62449\" \/>\n<meta property=\"og:locale\" content=\"es_ES\" \/>\n<meta property=\"og:type\" content=\"article\" \/>\n<meta property=\"og:title\" content=\"Se refuerzan para D\u00eda de Muertos! - Los pol\u00edticos Veracruz\" \/>\n<meta property=\"og:description\" content=\"Ante el anuncio de que se mantendr\u00e1n cerrados los panteones municipales para la conmemoraci\u00f3n de Todos Santos debido a la emergencia por COVID19, la Direcci\u00f3n de Comercio del Ayuntamiento de C\u00f3rdoba invit\u00f3 a la ciudadan\u00eda a adquirir los elementos de sus altares en los mercados locales para recordar estas fechas desde casa. Maximino Garc\u00eda Guzm\u00e1n, [&hellip;]\" \/>\n<meta property=\"og:url\" content=\"https:\/\/lospoliticosveracruz.com\/?p=62449\" \/>\n<meta property=\"og:site_name\" content=\"Los pol\u00edticos Veracruz\" \/>\n<meta property=\"article:publisher\" content=\"https:\/\/www.facebook.com\/people\/Notimemes-de-los-Polticos\/61565672886568\/\" \/>\n<meta property=\"article:published_time\" content=\"2020-10-14T19:43:38+00:00\" \/>\n<meta property=\"article:modified_time\" content=\"2020-10-14T19:45:43+00:00\" \/>\n<meta property=\"og:image\" content=\"http:\/\/www.lospoliticosveracruz.com.mx\/wp-content\/uploads\/2020\/10\/Recuadro-Sanitizaciones.jpg\" \/>\n<meta name=\"author\" content=\"Lo viste en Los Pol\u00edticos\" \/>\n<meta name=\"twitter:card\" content=\"summary_large_image\" \/>\n<meta name=\"twitter:creator\" content=\"@LosPoliticosVer\" \/>\n<meta name=\"twitter:site\" content=\"@LosPoliticosVer\" \/>\n<meta name=\"twitter:label1\" content=\"Escrito por\" \/>\n\t<meta name=\"twitter:data1\" content=\"Lo viste en Los Pol\u00edticos\" \/>\n\t<meta name=\"twitter:label2\" content=\"Tiempo de lectura\" \/>\n\t<meta name=\"twitter:data2\" content=\"2 minutos\" \/>\n<script type=\"application\/ld+json\" class=\"yoast-schema-graph\">{\"@context\":\"https:\\\/\\\/schema.org\",\"@graph\":[{\"@type\":\"Article\",\"@id\":\"https:\\\/\\\/lospoliticosveracruz.com\\\/?p=62449#article\",\"isPartOf\":{\"@id\":\"https:\\\/\\\/lospoliticosveracruz.com\\\/?p=62449\"},\"author\":{\"name\":\"Lo viste en Los Pol\u00edticos\",\"@id\":\"https:\\\/\\\/lospoliticosveracruz.com\\\/#\\\/schema\\\/person\\\/b8702bb0e538456e6efd07080bf2a4a2\"},\"headline\":\"Se refuerzan para D\u00eda de Muertos!\",\"datePublished\":\"2020-10-14T19:43:38+00:00\",\"dateModified\":\"2020-10-14T19:45:43+00:00\",\"mainEntityOfPage\":{\"@id\":\"https:\\\/\\\/lospoliticosveracruz.com\\\/?p=62449\"},\"wordCount\":380,\"commentCount\":0,\"publisher\":{\"@id\":\"https:\\\/\\\/lospoliticosveracruz.com\\\/#organization\"},\"image\":{\"@id\":\"https:\\\/\\\/lospoliticosveracruz.com\\\/?p=62449#primaryimage\"},\"thumbnailUrl\":\"http:\\\/\\\/www.lospoliticosveracruz.com.mx\\\/wp-content\\\/uploads\\\/2020\\\/10\\\/Recuadro-Sanitizaciones.jpg\",\"keywords\":[\"Casos sospechosos\",\"Color naranja\",\"Covid 19\",\"Direcci\u00f3n de Comercio del Ayuntamiento\",\"Leticia L\u00f3pez Landero\",\"medidas sanitarias\",\"Mercados\",\"Panteones municipales\",\"sana distancia\",\"sem\u00e1foro epidemiol\u00f3gico\",\"Todos Santos\"],\"articleSection\":[\"De Boleto\"],\"inLanguage\":\"es\",\"potentialAction\":[{\"@type\":\"CommentAction\",\"name\":\"Comment\",\"target\":[\"https:\\\/\\\/lospoliticosveracruz.com\\\/?p=62449#respond\"]}]},{\"@type\":\"WebPage\",\"@id\":\"https:\\\/\\\/lospoliticosveracruz.com\\\/?p=62449\",\"url\":\"https:\\\/\\\/lospoliticosveracruz.com\\\/?p=62449\",\"name\":\"Se refuerzan para D\u00eda de Muertos! - Los pol\u00edticos Veracruz\",\"isPartOf\":{\"@id\":\"https:\\\/\\\/lospoliticosveracruz.com\\\/#website\"},\"primaryImageOfPage\":{\"@id\":\"https:\\\/\\\/lospoliticosveracruz.com\\\/?p=62449#primaryimage\"},\"image\":{\"@id\":\"https:\\\/\\\/lospoliticosveracruz.com\\\/?p=62449#primaryimage\"},\"thumbnailUrl\":\"http:\\\/\\\/www.lospoliticosveracruz.com.mx\\\/wp-content\\\/uploads\\\/2020\\\/10\\\/Recuadro-Sanitizaciones.jpg\",\"datePublished\":\"2020-10-14T19:43:38+00:00\",\"dateModified\":\"2020-10-14T19:45:43+00:00\",\"breadcrumb\":{\"@id\":\"https:\\\/\\\/lospoliticosveracruz.com\\\/?p=62449#breadcrumb\"},\"inLanguage\":\"es\",\"potentialAction\":[{\"@type\":\"ReadAction\",\"target\":[\"https:\\\/\\\/lospoliticosveracruz.com\\\/?p=62449\"]}]},{\"@type\":\"ImageObject\",\"inLanguage\":\"es\",\"@id\":\"https:\\\/\\\/lospoliticosveracruz.com\\\/?p=62449#primaryimage\",\"url\":\"http:\\\/\\\/www.lospoliticosveracruz.com.mx\\\/wp-content\\\/uploads\\\/2020\\\/10\\\/Recuadro-Sanitizaciones.jpg\",\"contentUrl\":\"http:\\\/\\\/www.lospoliticosveracruz.com.mx\\\/wp-content\\\/uploads\\\/2020\\\/10\\\/Recuadro-Sanitizaciones.jpg\"},{\"@type\":\"BreadcrumbList\",\"@id\":\"https:\\\/\\\/lospoliticosveracruz.com\\\/?p=62449#breadcrumb\",\"itemListElement\":[{\"@type\":\"ListItem\",\"position\":1,\"name\":\"Portada\",\"item\":\"https:\\\/\\\/lospoliticosveracruz.com\\\/\"},{\"@type\":\"ListItem\",\"position\":2,\"name\":\"Se refuerzan para D\u00eda de Muertos!\"}]},{\"@type\":\"WebSite\",\"@id\":\"https:\\\/\\\/lospoliticosveracruz.com\\\/#website\",\"url\":\"https:\\\/\\\/lospoliticosveracruz.com\\\/\",\"name\":\"Los pol\u00edticos Veracruz\",\"description\":\"\",\"publisher\":{\"@id\":\"https:\\\/\\\/lospoliticosveracruz.com\\\/#organization\"},\"potentialAction\":[{\"@type\":\"SearchAction\",\"target\":{\"@type\":\"EntryPoint\",\"urlTemplate\":\"https:\\\/\\\/lospoliticosveracruz.com\\\/?s={search_term_string}\"},\"query-input\":{\"@type\":\"PropertyValueSpecification\",\"valueRequired\":true,\"valueName\":\"search_term_string\"}}],\"inLanguage\":\"es\"},{\"@type\":\"Organization\",\"@id\":\"https:\\\/\\\/lospoliticosveracruz.com\\\/#organization\",\"name\":\"Los pol\u00edticos Veracruz\",\"url\":\"https:\\\/\\\/lospoliticosveracruz.com\\\/\",\"logo\":{\"@type\":\"ImageObject\",\"inLanguage\":\"es\",\"@id\":\"https:\\\/\\\/lospoliticosveracruz.com\\\/#\\\/schema\\\/logo\\\/image\\\/\",\"url\":\"https:\\\/\\\/lospoliticosveracruz.com\\\/wp-content\\\/uploads\\\/2025\\\/12\\\/Logo-Nuevo-LOS-POLITICOS-1.jpg\",\"contentUrl\":\"https:\\\/\\\/lospoliticosveracruz.com\\\/wp-content\\\/uploads\\\/2025\\\/12\\\/Logo-Nuevo-LOS-POLITICOS-1.jpg\",\"width\":260,\"height\":70,\"caption\":\"Los pol\u00edticos Veracruz\"},\"image\":{\"@id\":\"https:\\\/\\\/lospoliticosveracruz.com\\\/#\\\/schema\\\/logo\\\/image\\\/\"},\"sameAs\":[\"https:\\\/\\\/www.facebook.com\\\/people\\\/Notimemes-de-los-Polticos\\\/61565672886568\\\/\",\"https:\\\/\\\/x.com\\\/LosPoliticosVer\"]},{\"@type\":\"Person\",\"@id\":\"https:\\\/\\\/lospoliticosveracruz.com\\\/#\\\/schema\\\/person\\\/b8702bb0e538456e6efd07080bf2a4a2\",\"name\":\"Lo viste en Los Pol\u00edticos\",\"image\":{\"@type\":\"ImageObject\",\"inLanguage\":\"es\",\"@id\":\"https:\\\/\\\/secure.gravatar.com\\\/avatar\\\/3a8de04a2656d44082be478bd6c086daa447c4651605818287b9532d3d0bd435?s=96&d=mm&r=g\",\"url\":\"https:\\\/\\\/secure.gravatar.com\\\/avatar\\\/3a8de04a2656d44082be478bd6c086daa447c4651605818287b9532d3d0bd435?s=96&d=mm&r=g\",\"contentUrl\":\"https:\\\/\\\/secure.gravatar.com\\\/avatar\\\/3a8de04a2656d44082be478bd6c086daa447c4651605818287b9532d3d0bd435?s=96&d=mm&r=g\",\"caption\":\"Lo viste en Los Pol\u00edticos\"},\"url\":\"https:\\\/\\\/lospoliticosveracruz.com\\\/?author=2\"}]}<\/script>\n<!-- \/ Yoast SEO plugin. -->","yoast_head_json":{"title":"Se refuerzan para D\u00eda de Muertos! - Los pol\u00edticos Veracruz","robots":{"index":"index","follow":"follow","max-snippet":"max-snippet:-1","max-image-preview":"max-image-preview:large","max-video-preview":"max-video-preview:-1"},"canonical":"https:\/\/lospoliticosveracruz.com\/?p=62449","og_locale":"es_ES","og_type":"article","og_title":"Se refuerzan para D\u00eda de Muertos! - Los pol\u00edticos Veracruz","og_description":"Ante el anuncio de que se mantendr\u00e1n cerrados los panteones municipales para la conmemoraci\u00f3n de Todos Santos debido a la emergencia por COVID19, la Direcci\u00f3n de Comercio del Ayuntamiento de C\u00f3rdoba invit\u00f3 a la ciudadan\u00eda a adquirir los elementos de sus altares en los mercados locales para recordar estas fechas desde casa. Maximino Garc\u00eda Guzm\u00e1n, [&hellip;]","og_url":"https:\/\/lospoliticosveracruz.com\/?p=62449","og_site_name":"Los pol\u00edticos Veracruz","article_publisher":"https:\/\/www.facebook.com\/people\/Notimemes-de-los-Polticos\/61565672886568\/","article_published_time":"2020-10-14T19:43:38+00:00","article_modified_time":"2020-10-14T19:45:43+00:00","og_image":[{"url":"http:\/\/www.lospoliticosveracruz.com.mx\/wp-content\/uploads\/2020\/10\/Recuadro-Sanitizaciones.jpg","type":"","width":"","height":""}],"author":"Lo viste en Los Pol\u00edticos","twitter_card":"summary_large_image","twitter_creator":"@LosPoliticosVer","twitter_site":"@LosPoliticosVer","twitter_misc":{"Escrito por":"Lo viste en Los Pol\u00edticos","Tiempo de lectura":"2 minutos"},"schema":{"@context":"https:\/\/schema.org","@graph":[{"@type":"Article","@id":"https:\/\/lospoliticosveracruz.com\/?p=62449#article","isPartOf":{"@id":"https:\/\/lospoliticosveracruz.com\/?p=62449"},"author":{"name":"Lo viste en Los Pol\u00edticos","@id":"https:\/\/lospoliticosveracruz.com\/#\/schema\/person\/b8702bb0e538456e6efd07080bf2a4a2"},"headline":"Se refuerzan para D\u00eda de Muertos!","datePublished":"2020-10-14T19:43:38+00:00","dateModified":"2020-10-14T19:45:43+00:00","mainEntityOfPage":{"@id":"https:\/\/lospoliticosveracruz.com\/?p=62449"},"wordCount":380,"commentCount":0,"publisher":{"@id":"https:\/\/lospoliticosveracruz.com\/#organization"},"image":{"@id":"https:\/\/lospoliticosveracruz.com\/?p=62449#primaryimage"},"thumbnailUrl":"http:\/\/www.lospoliticosveracruz.com.mx\/wp-content\/uploads\/2020\/10\/Recuadro-Sanitizaciones.jpg","keywords":["Casos sospechosos","Color naranja","Covid 19","Direcci\u00f3n de Comercio del Ayuntamiento","Leticia L\u00f3pez Landero","medidas sanitarias","Mercados","Panteones municipales","sana distancia","sem\u00e1foro epidemiol\u00f3gico","Todos Santos"],"articleSection":["De Boleto"],"inLanguage":"es","potentialAction":[{"@type":"CommentAction","name":"Comment","target":["https:\/\/lospoliticosveracruz.com\/?p=62449#respond"]}]},{"@type":"WebPage","@id":"https:\/\/lospoliticosveracruz.com\/?p=62449","url":"https:\/\/lospoliticosveracruz.com\/?p=62449","name":"Se refuerzan para D\u00eda de Muertos! - Los pol\u00edticos Veracruz","isPartOf":{"@id":"https:\/\/lospoliticosveracruz.com\/#website"},"primaryImageOfPage":{"@id":"https:\/\/lospoliticosveracruz.com\/?p=62449#primaryimage"},"image":{"@id":"https:\/\/lospoliticosveracruz.com\/?p=62449#primaryimage"},"thumbnailUrl":"http:\/\/www.lospoliticosveracruz.com.mx\/wp-content\/uploads\/2020\/10\/Recuadro-Sanitizaciones.jpg","datePublished":"2020-10-14T19:43:38+00:00","dateModified":"2020-10-14T19:45:43+00:00","breadcrumb":{"@id":"https:\/\/lospoliticosveracruz.com\/?p=62449#breadcrumb"},"inLanguage":"es","potentialAction":[{"@type":"ReadAction","target":["https:\/\/lospoliticosveracruz.com\/?p=62449"]}]},{"@type":"ImageObject","inLanguage":"es","@id":"https:\/\/lospoliticosveracruz.com\/?p=62449#primaryimage","url":"http:\/\/www.lospoliticosveracruz.com.mx\/wp-content\/uploads\/2020\/10\/Recuadro-Sanitizaciones.jpg","contentUrl":"http:\/\/www.lospoliticosveracruz.com.mx\/wp-content\/uploads\/2020\/10\/Recuadro-Sanitizaciones.jpg"},{"@type":"BreadcrumbList","@id":"https:\/\/lospoliticosveracruz.com\/?p=62449#breadcrumb","itemListElement":[{"@type":"ListItem","position":1,"name":"Portada","item":"https:\/\/lospoliticosveracruz.com\/"},{"@type":"ListItem","position":2,"name":"Se refuerzan para D\u00eda de Muertos!"}]},{"@type":"WebSite","@id":"https:\/\/lospoliticosveracruz.com\/#website","url":"https:\/\/lospoliticosveracruz.com\/","name":"Los pol\u00edticos Veracruz","description":"","publisher":{"@id":"https:\/\/lospoliticosveracruz.com\/#organization"},"potentialAction":[{"@type":"SearchAction","target":{"@type":"EntryPoint","urlTemplate":"https:\/\/lospoliticosveracruz.com\/?s={search_term_string}"},"query-input":{"@type":"PropertyValueSpecification","valueRequired":true,"valueName":"search_term_string"}}],"inLanguage":"es"},{"@type":"Organization","@id":"https:\/\/lospoliticosveracruz.com\/#organization","name":"Los pol\u00edticos Veracruz","url":"https:\/\/lospoliticosveracruz.com\/","logo":{"@type":"ImageObject","inLanguage":"es","@id":"https:\/\/lospoliticosveracruz.com\/#\/schema\/logo\/image\/","url":"https:\/\/lospoliticosveracruz.com\/wp-content\/uploads\/2025\/12\/Logo-Nuevo-LOS-POLITICOS-1.jpg","contentUrl":"https:\/\/lospoliticosveracruz.com\/wp-content\/uploads\/2025\/12\/Logo-Nuevo-LOS-POLITICOS-1.jpg","width":260,"height":70,"caption":"Los pol\u00edticos Veracruz"},"image":{"@id":"https:\/\/lospoliticosveracruz.com\/#\/schema\/logo\/image\/"},"sameAs":["https:\/\/www.facebook.com\/people\/Notimemes-de-los-Polticos\/61565672886568\/","https:\/\/x.com\/LosPoliticosVer"]},{"@type":"Person","@id":"https:\/\/lospoliticosveracruz.com\/#\/schema\/person\/b8702bb0e538456e6efd07080bf2a4a2","name":"Lo viste en Los Pol\u00edticos","image":{"@type":"ImageObject","inLanguage":"es","@id":"https:\/\/secure.gravatar.com\/avatar\/3a8de04a2656d44082be478bd6c086daa447c4651605818287b9532d3d0bd435?s=96&d=mm&r=g","url":"https:\/\/secure.gravatar.com\/avatar\/3a8de04a2656d44082be478bd6c086daa447c4651605818287b9532d3d0bd435?s=96&d=mm&r=g","contentUrl":"https:\/\/secure.gravatar.com\/avatar\/3a8de04a2656d44082be478bd6c086daa447c4651605818287b9532d3d0bd435?s=96&d=mm&r=g","caption":"Lo viste en Los Pol\u00edticos"},"url":"https:\/\/lospoliticosveracruz.com\/?author=2"}]}},"_links":{"self":[{"href":"https:\/\/lospoliticosveracruz.com\/index.php?rest_route=\/wp\/v2\/posts\/62449","targetHints":{"allow":["GET"]}}],"collection":[{"href":"https:\/\/lospoliticosveracruz.com\/index.php?rest_route=\/wp\/v2\/posts"}],"about":[{"href":"https:\/\/lospoliticosveracruz.com\/index.php?rest_route=\/wp\/v2\/types\/post"}],"author":[{"embeddable":true,"href":"https:\/\/lospoliticosveracruz.com\/index.php?rest_route=\/wp\/v2\/users\/2"}],"replies":[{"embeddable":true,"href":"https:\/\/lospoliticosveracruz.com\/index.php?rest_route=%2Fwp%2Fv2%2Fcomments&post=62449"}],"version-history":[{"count":2,"href":"https:\/\/lospoliticosveracruz.com\/index.php?rest_route=\/wp\/v2\/posts\/62449\/revisions"}],"predecessor-version":[{"id":62452,"href":"https:\/\/lospoliticosveracruz.com\/index.php?rest_route=\/wp\/v2\/posts\/62449\/revisions\/62452"}],"wp:attachment":[{"href":"https:\/\/lospoliticosveracruz.com\/index.php?rest_route=%2Fwp%2Fv2%2Fmedia&parent=62449"}],"wp:term":[{"taxonomy":"category","embeddable":true,"href":"https:\/\/lospoliticosveracruz.com\/index.php?rest_route=%2Fwp%2Fv2%2Fcategories&post=62449"},{"taxonomy":"post_tag","embeddable":true,"href":"https:\/\/lospoliticosveracruz.com\/index.php?rest_route=%2Fwp%2Fv2%2Ftags&post=62449"}],"curies":[{"name":"wp","href":"https:\/\/api.w.org\/{rel}","templated":true}]}}