{"id":62505,"date":"2020-10-15T10:26:31","date_gmt":"2020-10-15T15:26:31","guid":{"rendered":"http:\/\/www.lospoliticosveracruz.com.mx\/?p=62505"},"modified":"2020-10-15T10:26:31","modified_gmt":"2020-10-15T15:26:31","slug":"hoy-la-final-intermunicipal","status":"publish","type":"post","link":"https:\/\/lospoliticosveracruz.com\/?p=62505","title":{"rendered":"Hoy, la Final Intermunicipal!"},"content":{"rendered":"<p>&nbsp;<\/p>\n<p>La final del concurso de debate Expresi\u00f3n Juvenil, Realidad y Actualidad, se celebrar\u00e1 este jueves 15 de octubre, teniendo como sede el teatro Pedro D\u00edaz de C\u00f3rdoba a partir de las quince horas, inform\u00f3 Paulina C\u00f3zar Pe\u00f1a, directora del Instituto Juventud C\u00f3rdoba (IJC)<\/p>\n<p><a href=\"https:\/\/cordoba.gob.mx\/site\/\"><img decoding=\"async\" src=\"http:\/\/www.lospoliticosveracruz.com.mx\/wp-content\/uploads\/2020\/10\/Cintillo-Contigo-en-Tu-Colonia.jpg\" alt=\"\"><\/a> En la etapa intermunicipal participar\u00e1n 19 j\u00f3venes provenientes de Fort\u00edn, Cuitl\u00e1huac, Tepatlaxco, Maltrata, Orizaba y C\u00f3rdoba que ser\u00e1n calificados en funci\u00f3n de su capacidad de argumentaci\u00f3n, dominio del tema, estilo y uso del lenguaje.<\/p>\n<p>Las y los participantes de cada municipio fueron seleccionados en una primera etapa celebrada del 23 al 25 de septiembre de este a\u00f1o.<\/p>\n<p>C\u00f3zar Pe\u00f1a indic\u00f3 que ahora concursar\u00e1n a partir de dos categor\u00edas dividas por edad y que los temas a debatir se refieren a asuntos que influyen en el desarrollo de la juventud de la regi\u00f3n de las altas monta\u00f1as.<\/p>\n<p>Record\u00f3 que para la final intermunicipal se modific\u00f3 la fecha prevista en la convocatoria, ya que por temas de agenda pas\u00f3 del s\u00e1bado 10 de octubre a este jueves 15.<\/p>\n<p>Dijo que el Instituto Juventud C\u00f3rdoba, en coordinaci\u00f3n con el Instituto de la Juventud de Fort\u00edn, que encabeza Jiovanny Dorantes Jim\u00e9nez, organiz\u00f3 este concurso de debate con el objetivo de visibulizar temas de la Agenda 2030 e impulsar espacios para las y los j\u00f3venes para que expresen su opini\u00f3n y as\u00ed se contribuya al fortalecimiento de la cultura democr\u00e1tica.<\/p>\n","protected":false},"excerpt":{"rendered":"<p>&nbsp; La final del concurso de debate Expresi\u00f3n Juvenil, Realidad y Actualidad, se celebrar\u00e1 este jueves 15 de octubre, teniendo como sede el teatro Pedro D\u00edaz de C\u00f3rdoba a partir de las quince horas, inform\u00f3 Paulina C\u00f3zar Pe\u00f1a, directora del Instituto Juventud C\u00f3rdoba (IJC) En la etapa intermunicipal participar\u00e1n 19 j\u00f3venes provenientes de Fort\u00edn, Cuitl\u00e1huac, [&hellip;]<\/p>\n","protected":false},"author":2,"featured_media":0,"comment_status":"open","ping_status":"open","sticky":false,"template":"","format":"standard","meta":{"tdm_status":"","tdm_grid_status":"","footnotes":""},"categories":[73],"tags":[22343,21170,17747,22538,7641,17751,21171,22537],"class_list":{"0":"post-62505","1":"post","2":"type-post","3":"status-publish","4":"format-standard","6":"category-de-boleto","7":"tag-concurso-de-debate","8":"tag-expresion-juvenil","9":"tag-instituto-juventud-cordoba","10":"tag-jiovanny-dorantes-jimenez","11":"tag-leticia-lopez-landero","12":"tag-paulina-cozar-pena","13":"tag-realidad-y-actualidad","14":"tag-teatro-pedro-diaz"},"yoast_head":"<!-- This site is optimized with the Yoast SEO plugin v27.4 - https:\/\/yoast.com\/product\/yoast-seo-wordpress\/ -->\n<title>Hoy, la Final Intermunicipal! - Los pol\u00edticos Veracruz<\/title>\n<meta name=\"robots\" content=\"index, follow, max-snippet:-1, max-image-preview:large, max-video-preview:-1\" \/>\n<link rel=\"canonical\" href=\"https:\/\/lospoliticosveracruz.com\/?p=62505\" \/>\n<meta property=\"og:locale\" content=\"es_ES\" \/>\n<meta property=\"og:type\" content=\"article\" \/>\n<meta property=\"og:title\" content=\"Hoy, la Final Intermunicipal! - Los pol\u00edticos Veracruz\" \/>\n<meta property=\"og:description\" content=\"&nbsp; La final del concurso de debate Expresi\u00f3n Juvenil, Realidad y Actualidad, se celebrar\u00e1 este jueves 15 de octubre, teniendo como sede el teatro Pedro D\u00edaz de C\u00f3rdoba a partir de las quince horas, inform\u00f3 Paulina C\u00f3zar Pe\u00f1a, directora del Instituto Juventud C\u00f3rdoba (IJC) En la etapa intermunicipal participar\u00e1n 19 j\u00f3venes provenientes de Fort\u00edn, Cuitl\u00e1huac, [&hellip;]\" \/>\n<meta property=\"og:url\" content=\"https:\/\/lospoliticosveracruz.com\/?p=62505\" \/>\n<meta property=\"og:site_name\" content=\"Los pol\u00edticos Veracruz\" \/>\n<meta property=\"article:publisher\" content=\"https:\/\/www.facebook.com\/people\/Notimemes-de-los-Polticos\/61565672886568\/\" \/>\n<meta property=\"article:published_time\" content=\"2020-10-15T15:26:31+00:00\" \/>\n<meta property=\"og:image\" content=\"http:\/\/www.lospoliticosveracruz.com.mx\/wp-content\/uploads\/2020\/10\/Cintillo-Contigo-en-Tu-Colonia.jpg\" \/>\n<meta name=\"author\" content=\"Lo viste en Los Pol\u00edticos\" \/>\n<meta name=\"twitter:card\" content=\"summary_large_image\" \/>\n<meta name=\"twitter:creator\" content=\"@LosPoliticosVer\" \/>\n<meta name=\"twitter:site\" content=\"@LosPoliticosVer\" \/>\n<meta name=\"twitter:label1\" content=\"Escrito por\" \/>\n\t<meta name=\"twitter:data1\" content=\"Lo viste en Los Pol\u00edticos\" \/>\n\t<meta name=\"twitter:label2\" content=\"Tiempo de lectura\" \/>\n\t<meta name=\"twitter:data2\" content=\"1 minuto\" \/>\n<script type=\"application\/ld+json\" class=\"yoast-schema-graph\">{\"@context\":\"https:\\\/\\\/schema.org\",\"@graph\":[{\"@type\":\"Article\",\"@id\":\"https:\\\/\\\/lospoliticosveracruz.com\\\/?p=62505#article\",\"isPartOf\":{\"@id\":\"https:\\\/\\\/lospoliticosveracruz.com\\\/?p=62505\"},\"author\":{\"name\":\"Lo viste en Los Pol\u00edticos\",\"@id\":\"https:\\\/\\\/lospoliticosveracruz.com\\\/#\\\/schema\\\/person\\\/b8702bb0e538456e6efd07080bf2a4a2\"},\"headline\":\"Hoy, la Final Intermunicipal!\",\"datePublished\":\"2020-10-15T15:26:31+00:00\",\"mainEntityOfPage\":{\"@id\":\"https:\\\/\\\/lospoliticosveracruz.com\\\/?p=62505\"},\"wordCount\":255,\"commentCount\":0,\"publisher\":{\"@id\":\"https:\\\/\\\/lospoliticosveracruz.com\\\/#organization\"},\"image\":{\"@id\":\"https:\\\/\\\/lospoliticosveracruz.com\\\/?p=62505#primaryimage\"},\"thumbnailUrl\":\"http:\\\/\\\/www.lospoliticosveracruz.com.mx\\\/wp-content\\\/uploads\\\/2020\\\/10\\\/Cintillo-Contigo-en-Tu-Colonia.jpg\",\"keywords\":[\"Concurso de debate\",\"Expresi\u00f3n Juvenil\",\"Instituto Juventud C\u00f3rdoba\",\"Jiovanny Dorantes Jim\u00e9nez\",\"Leticia L\u00f3pez Landero\",\"Paulina Cozar Pe\u00f1a\",\"Realidad y Actualidad\",\"Teatro Pedro D\u00edaz\"],\"articleSection\":[\"De Boleto\"],\"inLanguage\":\"es\",\"potentialAction\":[{\"@type\":\"CommentAction\",\"name\":\"Comment\",\"target\":[\"https:\\\/\\\/lospoliticosveracruz.com\\\/?p=62505#respond\"]}]},{\"@type\":\"WebPage\",\"@id\":\"https:\\\/\\\/lospoliticosveracruz.com\\\/?p=62505\",\"url\":\"https:\\\/\\\/lospoliticosveracruz.com\\\/?p=62505\",\"name\":\"Hoy, la Final Intermunicipal! - Los pol\u00edticos Veracruz\",\"isPartOf\":{\"@id\":\"https:\\\/\\\/lospoliticosveracruz.com\\\/#website\"},\"primaryImageOfPage\":{\"@id\":\"https:\\\/\\\/lospoliticosveracruz.com\\\/?p=62505#primaryimage\"},\"image\":{\"@id\":\"https:\\\/\\\/lospoliticosveracruz.com\\\/?p=62505#primaryimage\"},\"thumbnailUrl\":\"http:\\\/\\\/www.lospoliticosveracruz.com.mx\\\/wp-content\\\/uploads\\\/2020\\\/10\\\/Cintillo-Contigo-en-Tu-Colonia.jpg\",\"datePublished\":\"2020-10-15T15:26:31+00:00\",\"breadcrumb\":{\"@id\":\"https:\\\/\\\/lospoliticosveracruz.com\\\/?p=62505#breadcrumb\"},\"inLanguage\":\"es\",\"potentialAction\":[{\"@type\":\"ReadAction\",\"target\":[\"https:\\\/\\\/lospoliticosveracruz.com\\\/?p=62505\"]}]},{\"@type\":\"ImageObject\",\"inLanguage\":\"es\",\"@id\":\"https:\\\/\\\/lospoliticosveracruz.com\\\/?p=62505#primaryimage\",\"url\":\"http:\\\/\\\/www.lospoliticosveracruz.com.mx\\\/wp-content\\\/uploads\\\/2020\\\/10\\\/Cintillo-Contigo-en-Tu-Colonia.jpg\",\"contentUrl\":\"http:\\\/\\\/www.lospoliticosveracruz.com.mx\\\/wp-content\\\/uploads\\\/2020\\\/10\\\/Cintillo-Contigo-en-Tu-Colonia.jpg\"},{\"@type\":\"BreadcrumbList\",\"@id\":\"https:\\\/\\\/lospoliticosveracruz.com\\\/?p=62505#breadcrumb\",\"itemListElement\":[{\"@type\":\"ListItem\",\"position\":1,\"name\":\"Portada\",\"item\":\"https:\\\/\\\/lospoliticosveracruz.com\\\/\"},{\"@type\":\"ListItem\",\"position\":2,\"name\":\"Hoy, la Final Intermunicipal!\"}]},{\"@type\":\"WebSite\",\"@id\":\"https:\\\/\\\/lospoliticosveracruz.com\\\/#website\",\"url\":\"https:\\\/\\\/lospoliticosveracruz.com\\\/\",\"name\":\"Los pol\u00edticos Veracruz\",\"description\":\"\",\"publisher\":{\"@id\":\"https:\\\/\\\/lospoliticosveracruz.com\\\/#organization\"},\"potentialAction\":[{\"@type\":\"SearchAction\",\"target\":{\"@type\":\"EntryPoint\",\"urlTemplate\":\"https:\\\/\\\/lospoliticosveracruz.com\\\/?s={search_term_string}\"},\"query-input\":{\"@type\":\"PropertyValueSpecification\",\"valueRequired\":true,\"valueName\":\"search_term_string\"}}],\"inLanguage\":\"es\"},{\"@type\":\"Organization\",\"@id\":\"https:\\\/\\\/lospoliticosveracruz.com\\\/#organization\",\"name\":\"Los pol\u00edticos Veracruz\",\"url\":\"https:\\\/\\\/lospoliticosveracruz.com\\\/\",\"logo\":{\"@type\":\"ImageObject\",\"inLanguage\":\"es\",\"@id\":\"https:\\\/\\\/lospoliticosveracruz.com\\\/#\\\/schema\\\/logo\\\/image\\\/\",\"url\":\"https:\\\/\\\/lospoliticosveracruz.com\\\/wp-content\\\/uploads\\\/2025\\\/12\\\/Logo-Nuevo-LOS-POLITICOS-1.jpg\",\"contentUrl\":\"https:\\\/\\\/lospoliticosveracruz.com\\\/wp-content\\\/uploads\\\/2025\\\/12\\\/Logo-Nuevo-LOS-POLITICOS-1.jpg\",\"width\":260,\"height\":70,\"caption\":\"Los pol\u00edticos Veracruz\"},\"image\":{\"@id\":\"https:\\\/\\\/lospoliticosveracruz.com\\\/#\\\/schema\\\/logo\\\/image\\\/\"},\"sameAs\":[\"https:\\\/\\\/www.facebook.com\\\/people\\\/Notimemes-de-los-Polticos\\\/61565672886568\\\/\",\"https:\\\/\\\/x.com\\\/LosPoliticosVer\"]},{\"@type\":\"Person\",\"@id\":\"https:\\\/\\\/lospoliticosveracruz.com\\\/#\\\/schema\\\/person\\\/b8702bb0e538456e6efd07080bf2a4a2\",\"name\":\"Lo viste en Los Pol\u00edticos\",\"image\":{\"@type\":\"ImageObject\",\"inLanguage\":\"es\",\"@id\":\"https:\\\/\\\/secure.gravatar.com\\\/avatar\\\/3a8de04a2656d44082be478bd6c086daa447c4651605818287b9532d3d0bd435?s=96&d=mm&r=g\",\"url\":\"https:\\\/\\\/secure.gravatar.com\\\/avatar\\\/3a8de04a2656d44082be478bd6c086daa447c4651605818287b9532d3d0bd435?s=96&d=mm&r=g\",\"contentUrl\":\"https:\\\/\\\/secure.gravatar.com\\\/avatar\\\/3a8de04a2656d44082be478bd6c086daa447c4651605818287b9532d3d0bd435?s=96&d=mm&r=g\",\"caption\":\"Lo viste en Los Pol\u00edticos\"},\"url\":\"https:\\\/\\\/lospoliticosveracruz.com\\\/?author=2\"}]}<\/script>\n<!-- \/ Yoast SEO plugin. -->","yoast_head_json":{"title":"Hoy, la Final Intermunicipal! - Los pol\u00edticos Veracruz","robots":{"index":"index","follow":"follow","max-snippet":"max-snippet:-1","max-image-preview":"max-image-preview:large","max-video-preview":"max-video-preview:-1"},"canonical":"https:\/\/lospoliticosveracruz.com\/?p=62505","og_locale":"es_ES","og_type":"article","og_title":"Hoy, la Final Intermunicipal! - Los pol\u00edticos Veracruz","og_description":"&nbsp; La final del concurso de debate Expresi\u00f3n Juvenil, Realidad y Actualidad, se celebrar\u00e1 este jueves 15 de octubre, teniendo como sede el teatro Pedro D\u00edaz de C\u00f3rdoba a partir de las quince horas, inform\u00f3 Paulina C\u00f3zar Pe\u00f1a, directora del Instituto Juventud C\u00f3rdoba (IJC) En la etapa intermunicipal participar\u00e1n 19 j\u00f3venes provenientes de Fort\u00edn, Cuitl\u00e1huac, [&hellip;]","og_url":"https:\/\/lospoliticosveracruz.com\/?p=62505","og_site_name":"Los pol\u00edticos Veracruz","article_publisher":"https:\/\/www.facebook.com\/people\/Notimemes-de-los-Polticos\/61565672886568\/","article_published_time":"2020-10-15T15:26:31+00:00","og_image":[{"url":"http:\/\/www.lospoliticosveracruz.com.mx\/wp-content\/uploads\/2020\/10\/Cintillo-Contigo-en-Tu-Colonia.jpg","type":"","width":"","height":""}],"author":"Lo viste en Los Pol\u00edticos","twitter_card":"summary_large_image","twitter_creator":"@LosPoliticosVer","twitter_site":"@LosPoliticosVer","twitter_misc":{"Escrito por":"Lo viste en Los Pol\u00edticos","Tiempo de lectura":"1 minuto"},"schema":{"@context":"https:\/\/schema.org","@graph":[{"@type":"Article","@id":"https:\/\/lospoliticosveracruz.com\/?p=62505#article","isPartOf":{"@id":"https:\/\/lospoliticosveracruz.com\/?p=62505"},"author":{"name":"Lo viste en Los Pol\u00edticos","@id":"https:\/\/lospoliticosveracruz.com\/#\/schema\/person\/b8702bb0e538456e6efd07080bf2a4a2"},"headline":"Hoy, la Final Intermunicipal!","datePublished":"2020-10-15T15:26:31+00:00","mainEntityOfPage":{"@id":"https:\/\/lospoliticosveracruz.com\/?p=62505"},"wordCount":255,"commentCount":0,"publisher":{"@id":"https:\/\/lospoliticosveracruz.com\/#organization"},"image":{"@id":"https:\/\/lospoliticosveracruz.com\/?p=62505#primaryimage"},"thumbnailUrl":"http:\/\/www.lospoliticosveracruz.com.mx\/wp-content\/uploads\/2020\/10\/Cintillo-Contigo-en-Tu-Colonia.jpg","keywords":["Concurso de debate","Expresi\u00f3n Juvenil","Instituto Juventud C\u00f3rdoba","Jiovanny Dorantes Jim\u00e9nez","Leticia L\u00f3pez Landero","Paulina Cozar Pe\u00f1a","Realidad y Actualidad","Teatro Pedro D\u00edaz"],"articleSection":["De Boleto"],"inLanguage":"es","potentialAction":[{"@type":"CommentAction","name":"Comment","target":["https:\/\/lospoliticosveracruz.com\/?p=62505#respond"]}]},{"@type":"WebPage","@id":"https:\/\/lospoliticosveracruz.com\/?p=62505","url":"https:\/\/lospoliticosveracruz.com\/?p=62505","name":"Hoy, la Final Intermunicipal! - Los pol\u00edticos Veracruz","isPartOf":{"@id":"https:\/\/lospoliticosveracruz.com\/#website"},"primaryImageOfPage":{"@id":"https:\/\/lospoliticosveracruz.com\/?p=62505#primaryimage"},"image":{"@id":"https:\/\/lospoliticosveracruz.com\/?p=62505#primaryimage"},"thumbnailUrl":"http:\/\/www.lospoliticosveracruz.com.mx\/wp-content\/uploads\/2020\/10\/Cintillo-Contigo-en-Tu-Colonia.jpg","datePublished":"2020-10-15T15:26:31+00:00","breadcrumb":{"@id":"https:\/\/lospoliticosveracruz.com\/?p=62505#breadcrumb"},"inLanguage":"es","potentialAction":[{"@type":"ReadAction","target":["https:\/\/lospoliticosveracruz.com\/?p=62505"]}]},{"@type":"ImageObject","inLanguage":"es","@id":"https:\/\/lospoliticosveracruz.com\/?p=62505#primaryimage","url":"http:\/\/www.lospoliticosveracruz.com.mx\/wp-content\/uploads\/2020\/10\/Cintillo-Contigo-en-Tu-Colonia.jpg","contentUrl":"http:\/\/www.lospoliticosveracruz.com.mx\/wp-content\/uploads\/2020\/10\/Cintillo-Contigo-en-Tu-Colonia.jpg"},{"@type":"BreadcrumbList","@id":"https:\/\/lospoliticosveracruz.com\/?p=62505#breadcrumb","itemListElement":[{"@type":"ListItem","position":1,"name":"Portada","item":"https:\/\/lospoliticosveracruz.com\/"},{"@type":"ListItem","position":2,"name":"Hoy, la Final Intermunicipal!"}]},{"@type":"WebSite","@id":"https:\/\/lospoliticosveracruz.com\/#website","url":"https:\/\/lospoliticosveracruz.com\/","name":"Los pol\u00edticos Veracruz","description":"","publisher":{"@id":"https:\/\/lospoliticosveracruz.com\/#organization"},"potentialAction":[{"@type":"SearchAction","target":{"@type":"EntryPoint","urlTemplate":"https:\/\/lospoliticosveracruz.com\/?s={search_term_string}"},"query-input":{"@type":"PropertyValueSpecification","valueRequired":true,"valueName":"search_term_string"}}],"inLanguage":"es"},{"@type":"Organization","@id":"https:\/\/lospoliticosveracruz.com\/#organization","name":"Los pol\u00edticos Veracruz","url":"https:\/\/lospoliticosveracruz.com\/","logo":{"@type":"ImageObject","inLanguage":"es","@id":"https:\/\/lospoliticosveracruz.com\/#\/schema\/logo\/image\/","url":"https:\/\/lospoliticosveracruz.com\/wp-content\/uploads\/2025\/12\/Logo-Nuevo-LOS-POLITICOS-1.jpg","contentUrl":"https:\/\/lospoliticosveracruz.com\/wp-content\/uploads\/2025\/12\/Logo-Nuevo-LOS-POLITICOS-1.jpg","width":260,"height":70,"caption":"Los pol\u00edticos Veracruz"},"image":{"@id":"https:\/\/lospoliticosveracruz.com\/#\/schema\/logo\/image\/"},"sameAs":["https:\/\/www.facebook.com\/people\/Notimemes-de-los-Polticos\/61565672886568\/","https:\/\/x.com\/LosPoliticosVer"]},{"@type":"Person","@id":"https:\/\/lospoliticosveracruz.com\/#\/schema\/person\/b8702bb0e538456e6efd07080bf2a4a2","name":"Lo viste en Los Pol\u00edticos","image":{"@type":"ImageObject","inLanguage":"es","@id":"https:\/\/secure.gravatar.com\/avatar\/3a8de04a2656d44082be478bd6c086daa447c4651605818287b9532d3d0bd435?s=96&d=mm&r=g","url":"https:\/\/secure.gravatar.com\/avatar\/3a8de04a2656d44082be478bd6c086daa447c4651605818287b9532d3d0bd435?s=96&d=mm&r=g","contentUrl":"https:\/\/secure.gravatar.com\/avatar\/3a8de04a2656d44082be478bd6c086daa447c4651605818287b9532d3d0bd435?s=96&d=mm&r=g","caption":"Lo viste en Los Pol\u00edticos"},"url":"https:\/\/lospoliticosveracruz.com\/?author=2"}]}},"_links":{"self":[{"href":"https:\/\/lospoliticosveracruz.com\/index.php?rest_route=\/wp\/v2\/posts\/62505","targetHints":{"allow":["GET"]}}],"collection":[{"href":"https:\/\/lospoliticosveracruz.com\/index.php?rest_route=\/wp\/v2\/posts"}],"about":[{"href":"https:\/\/lospoliticosveracruz.com\/index.php?rest_route=\/wp\/v2\/types\/post"}],"author":[{"embeddable":true,"href":"https:\/\/lospoliticosveracruz.com\/index.php?rest_route=\/wp\/v2\/users\/2"}],"replies":[{"embeddable":true,"href":"https:\/\/lospoliticosveracruz.com\/index.php?rest_route=%2Fwp%2Fv2%2Fcomments&post=62505"}],"version-history":[{"count":1,"href":"https:\/\/lospoliticosveracruz.com\/index.php?rest_route=\/wp\/v2\/posts\/62505\/revisions"}],"predecessor-version":[{"id":62506,"href":"https:\/\/lospoliticosveracruz.com\/index.php?rest_route=\/wp\/v2\/posts\/62505\/revisions\/62506"}],"wp:attachment":[{"href":"https:\/\/lospoliticosveracruz.com\/index.php?rest_route=%2Fwp%2Fv2%2Fmedia&parent=62505"}],"wp:term":[{"taxonomy":"category","embeddable":true,"href":"https:\/\/lospoliticosveracruz.com\/index.php?rest_route=%2Fwp%2Fv2%2Fcategories&post=62505"},{"taxonomy":"post_tag","embeddable":true,"href":"https:\/\/lospoliticosveracruz.com\/index.php?rest_route=%2Fwp%2Fv2%2Ftags&post=62505"}],"curies":[{"name":"wp","href":"https:\/\/api.w.org\/{rel}","templated":true}]}}