{"id":62550,"date":"2020-10-16T08:09:23","date_gmt":"2020-10-16T13:09:23","guid":{"rendered":"http:\/\/www.lospoliticosveracruz.com.mx\/?p=62550"},"modified":"2020-10-16T08:09:23","modified_gmt":"2020-10-16T13:09:23","slug":"algo-esta-podrido-en-el-poder-judicial","status":"publish","type":"post","link":"https:\/\/lospoliticosveracruz.com\/?p=62550","title":{"rendered":"Algo est\u00e1 podrido en el poder judicial."},"content":{"rendered":"<p><strong>Felipe de Jes\u00fas Fern\u00e1ndez Basilio<\/strong><\/p>\n<p><em>Desde A Janela<\/em><\/p>\n<p>&nbsp;<\/p>\n<p>Mientras estamos bien entretenidos charlando acerca de quesos y penachos prehisp\u00e1nicos pero ajenos, la justicia mexicana se encuentra en quiz\u00e1 la peor etapa de su historia.<\/p>\n<p>Y es que en lo que ata\u00f1e a su funci\u00f3n primordial que es de acuerdo al art\u00edculo 103 de la constituci\u00f3n mexicana hacer que las normas generales (leyes), as\u00ed como los actos y las omisiones de la autoridad sean acordes a los derechos humanos y a las garant\u00edas otorgadas por la constituci\u00f3n y por los tratados internacionales.<\/p>\n<p>Sin embargo, cuando se trata de asuntos que involucran oficial o extraoficialmente al gobierno federal, este poder no s\u00f3lo incumple con su tarea constitucional, sino que hasta inventa maniobras para seguir los dictados gubernamentales.<\/p>\n<p>Por supuesto que no me refiero a la totalidad del poder judicial federal, ya que hay algunos jueces de distrito que han antepuesto la ley sobre los intereses del poder arriesgando tanto el sustento como la libertad personal.<\/p>\n<p>Caso representativo de lo anterior es el proceso penal contra Alonso Ancira en la que un secretario de juzgado en funciones de juez le concede un amparo al inculpado y al otro d\u00eda es separado de sus funciones por el Consejo de la Judicatura, es decir ni siquiera se agota el proceso de amparo y el funcionario judicial es perseguido inmisericordemente, ya que es deseo del gobierno federal que el mencionado imputado siga preso.<\/p>\n<p>Mientras que en las instancias superiores que se supone que deben de ser mucho m\u00e1s especializadas, el absurdo jur\u00eddico en el que incurren para ponerse al servicio del gobierno es total.<\/p>\n<p>Y as\u00ed tenemos la famosa consulta popular que se va a hacer en las elecciones para preguntarle al \u201csoberano pueblo\u201d si las autoridades investigadoras del Estado deben de hacer su trabajo o no; misma que originalmente iba encaminada para preguntar si el pueblo quer\u00eda enjuiciar a los \u00faltimos presidentes y los ministros en lugar de decir que lisa y llanamente esa pregunta no pasaba por anticonstitucional, ya que el art\u00edculo 13 de la constituci\u00f3n claramente proh\u00edbe tanto las leyes privativas como los tribunales especiales, es decir la persecuci\u00f3n legal y judicial contra alguien en espec\u00edfico; nuestro m\u00e1s altos interpretadores de la norma legal modificaron la pregunta para sustituir los nombres de los expresidentes por la generalidad de funcionarios p\u00fablicos recientes.<\/p>\n<p>Es decir, en lugar de rechazar la pregunta por anticonstitucional le hicieron la tarea al gobierno tratando de cuadrarla con la constituci\u00f3n y as\u00ed engendraron otra pregunta que si bien ya no atenta contra ese principio constitucional, sigue careciendo de toda l\u00f3gica y m\u00e1s porque la misma constituci\u00f3n establece que es obligaci\u00f3n de la fiscal\u00eda federal investigar y perseguir todos los delitos que se cometan en contra de la federaci\u00f3n y el cumplimiento de esa obligaci\u00f3n no est\u00e1 sujeto a la voluntad de nadie, ni siquiera a la del \u201csoberano pueblo\u201d; as\u00ed que con todo y los malabares de los ministros de la Suprema Corte, la pregunta sigue siendo anticonstitucional.<\/p>\n<p>Otro ejemplo de la obsecuencia del poder judicial federal respecto al gobierno lo tenemos en el Tribunal Electoral del Poder Judicial de la Federaci\u00f3n (TEPJF) que sorprendentemente revivi\u00f3 a una serie de nuevos partidos que no hab\u00edan cumplido con los requisitos para obtener su registro como partidos pol\u00edticos nacionales violentando la intenci\u00f3n del legislador acerca de reducir los costos electorales endureciendo las condiciones para la obtenci\u00f3n del registro como partido pol\u00edtico nacional.<\/p>\n<p>Lo curioso del caso es que esos nuevos partiditos son necesarios para el gobierno, ya que ante el desgaste que su partido tiene tanto por el ejercicio del poder como por el gigantesco desorden interno que viven, ya que Morena no tiene dirigencias nacionales ni locales estables y viven en un constante pleito sobre quien es quien en ese partido; esos partidos bien les pueden quitar votos de personas desencantadas pero si llegaran a alcanzar alguna diputaci\u00f3n, \u00e9sta se alinear\u00e1 a la bancada oficial.<\/p>\n<p>Pero para lograr lo anterior, los magistrados electorales torcieron la ley de la materia y as\u00ed ordenaron al erario hacer un gasto millonario para que esos partiditos puedan operar y en su momento enga\u00f1ar al p\u00fablico para que en la pr\u00f3xima legislatura se trate de construir otra mayor\u00eda oficialista.<\/p>\n<p>Como podemos darnos cuenta, algo est\u00e1 bien podrido en el poder judicial federal ya que para justificar su trabajo inventan vocablos y precedentes judiciales muchos de ellos inentendibles (para constatarlo estimados lectores pueden consultar las tesis m\u00e1s recientes que hay en el Semanario Judicial del Poder Judicial de la Federaci\u00f3n) y sin embargo todo eso de poco sirve si cuando se tienen que enfrentar al gobierno no hacen nada m\u00e1s que darle por su lado.<\/p>\n<p>Una vez hecha la reflexi\u00f3n semanal, quiero terminar este texto con algo verdaderamente chusco que sucedi\u00f3 hace poco y es que la protagonista de eso no podr\u00eda ser nadie m\u00e1s que Do\u00f1a Beatriz, quien es mejor conocida para los lectores de este espacio como \u201cFrau M\u00fcller\u201d.<\/p>\n<p>Y es que nuestra primera dama que seg\u00fan ella no es primera dama pero que en realidad es mucho m\u00e1s que primera dama, fiel a su costumbre llev\u00f3 a cabo una misi\u00f3n especial en nombre del Estado mexicano por Francia, Italia, la Santa Sede y Austria para pedir en pr\u00e9stamo objetos prehisp\u00e1nicos que hay en esos pa\u00edses m\u00e1s tanto por la calidad en la que fue como por los destinos que visit\u00f3 nos recuerda a otra dignataria que aunque por circunstancias y con fines distintos, realiz\u00f3 exactamente el mismo periplo y obtuvo tambi\u00e9n solo negativas a sus pedidos y al igual que \u201cFrau M\u00fcller\u201d era otra dama de palacio, pero eso s\u00ed con mucha mayor alcurnia y sin ocultar su condici\u00f3n, esa persona era nada m\u00e1s y nada menos que la emperatriz Carlota.<\/p>\n<p>Curiosidades de la historia que revelan mucho sobre los personajes p\u00fablicos de la actualidad.<\/p>\n<p><a href=\"mailto:felfebas@gmail.com\">felfebas@gmail.com<\/a><\/p>\n<p>Twitter: @FelipeFBasilio<\/p>\n","protected":false},"excerpt":{"rendered":"<p>Felipe de Jes\u00fas Fern\u00e1ndez Basilio Desde A Janela &nbsp; Mientras estamos bien entretenidos charlando acerca de quesos y penachos prehisp\u00e1nicos pero ajenos, la justicia mexicana se encuentra en quiz\u00e1 la peor etapa de su historia. Y es que en lo que ata\u00f1e a su funci\u00f3n primordial que es de acuerdo al art\u00edculo 103 de la [&hellip;]<\/p>\n","protected":false},"author":2,"featured_media":0,"comment_status":"open","ping_status":"open","sticky":false,"template":"","format":"standard","meta":{"tdm_status":"","tdm_grid_status":"","footnotes":""},"categories":[70],"tags":[14239,22586,2056,22583,1026,22584,22585,14196,2273],"class_list":{"0":"post-62550","1":"post","2":"type-post","3":"status-publish","4":"format-standard","6":"category-de-opinion","7":"tag-consulta-popular","8":"tag-dona-beatriz","9":"tag-gobierno-federal","10":"tag-jueces-de-distrito","11":"tag-morena","12":"tag-nuevos-partidos","13":"tag-partido-politico-nacional","14":"tag-tepjf","15":"tag-tribunal-electoral-del-poder-judicial-de-la-federacion"},"yoast_head":"<!-- This site is optimized with the Yoast SEO plugin v27.4 - https:\/\/yoast.com\/product\/yoast-seo-wordpress\/ -->\n<title>Algo est\u00e1 podrido en el poder judicial. - Los pol\u00edticos Veracruz<\/title>\n<meta name=\"robots\" content=\"index, follow, max-snippet:-1, max-image-preview:large, max-video-preview:-1\" \/>\n<link rel=\"canonical\" href=\"https:\/\/lospoliticosveracruz.com\/?p=62550\" \/>\n<meta property=\"og:locale\" content=\"es_ES\" \/>\n<meta property=\"og:type\" content=\"article\" \/>\n<meta property=\"og:title\" content=\"Algo est\u00e1 podrido en el poder judicial. - Los pol\u00edticos Veracruz\" \/>\n<meta property=\"og:description\" content=\"Felipe de Jes\u00fas Fern\u00e1ndez Basilio Desde A Janela &nbsp; Mientras estamos bien entretenidos charlando acerca de quesos y penachos prehisp\u00e1nicos pero ajenos, la justicia mexicana se encuentra en quiz\u00e1 la peor etapa de su historia. Y es que en lo que ata\u00f1e a su funci\u00f3n primordial que es de acuerdo al art\u00edculo 103 de la [&hellip;]\" \/>\n<meta property=\"og:url\" content=\"https:\/\/lospoliticosveracruz.com\/?p=62550\" \/>\n<meta property=\"og:site_name\" content=\"Los pol\u00edticos Veracruz\" \/>\n<meta property=\"article:publisher\" content=\"https:\/\/www.facebook.com\/people\/Notimemes-de-los-Polticos\/61565672886568\/\" \/>\n<meta property=\"article:published_time\" content=\"2020-10-16T13:09:23+00:00\" \/>\n<meta property=\"og:image\" content=\"https:\/\/lospoliticosveracruz.com\/wp-content\/uploads\/2016\/07\/Logo-Dor.jpg\" \/>\n\t<meta property=\"og:image:width\" content=\"200\" \/>\n\t<meta property=\"og:image:height\" content=\"200\" \/>\n\t<meta property=\"og:image:type\" content=\"image\/jpeg\" \/>\n<meta name=\"author\" content=\"Lo viste en Los Pol\u00edticos\" \/>\n<meta name=\"twitter:card\" content=\"summary_large_image\" \/>\n<meta name=\"twitter:creator\" content=\"@LosPoliticosVer\" \/>\n<meta name=\"twitter:site\" content=\"@LosPoliticosVer\" \/>\n<meta name=\"twitter:label1\" content=\"Escrito por\" \/>\n\t<meta name=\"twitter:data1\" content=\"Lo viste en Los Pol\u00edticos\" \/>\n\t<meta name=\"twitter:label2\" content=\"Tiempo de lectura\" \/>\n\t<meta name=\"twitter:data2\" content=\"5 minutos\" \/>\n<script type=\"application\/ld+json\" class=\"yoast-schema-graph\">{\"@context\":\"https:\\\/\\\/schema.org\",\"@graph\":[{\"@type\":\"Article\",\"@id\":\"https:\\\/\\\/lospoliticosveracruz.com\\\/?p=62550#article\",\"isPartOf\":{\"@id\":\"https:\\\/\\\/lospoliticosveracruz.com\\\/?p=62550\"},\"author\":{\"name\":\"Lo viste en Los Pol\u00edticos\",\"@id\":\"https:\\\/\\\/lospoliticosveracruz.com\\\/#\\\/schema\\\/person\\\/b8702bb0e538456e6efd07080bf2a4a2\"},\"headline\":\"Algo est\u00e1 podrido en el poder judicial.\",\"datePublished\":\"2020-10-16T13:09:23+00:00\",\"mainEntityOfPage\":{\"@id\":\"https:\\\/\\\/lospoliticosveracruz.com\\\/?p=62550\"},\"wordCount\":1042,\"commentCount\":0,\"publisher\":{\"@id\":\"https:\\\/\\\/lospoliticosveracruz.com\\\/#organization\"},\"keywords\":[\"Consulta Popular\",\"Do\u00f1a Beatriz\",\"Gobierno federal\",\"Jueces de distrito\",\"Morena\",\"Nuevos partidos\",\"partido pol\u00edtico nacional.\",\"TEPJF\",\"Tribunal Electoral del Poder Judicial de la Federaci\u00f3n\"],\"articleSection\":[\"De Opini\u00f3n\"],\"inLanguage\":\"es\",\"potentialAction\":[{\"@type\":\"CommentAction\",\"name\":\"Comment\",\"target\":[\"https:\\\/\\\/lospoliticosveracruz.com\\\/?p=62550#respond\"]}]},{\"@type\":\"WebPage\",\"@id\":\"https:\\\/\\\/lospoliticosveracruz.com\\\/?p=62550\",\"url\":\"https:\\\/\\\/lospoliticosveracruz.com\\\/?p=62550\",\"name\":\"Algo est\u00e1 podrido en el poder judicial. - Los pol\u00edticos Veracruz\",\"isPartOf\":{\"@id\":\"https:\\\/\\\/lospoliticosveracruz.com\\\/#website\"},\"datePublished\":\"2020-10-16T13:09:23+00:00\",\"breadcrumb\":{\"@id\":\"https:\\\/\\\/lospoliticosveracruz.com\\\/?p=62550#breadcrumb\"},\"inLanguage\":\"es\",\"potentialAction\":[{\"@type\":\"ReadAction\",\"target\":[\"https:\\\/\\\/lospoliticosveracruz.com\\\/?p=62550\"]}]},{\"@type\":\"BreadcrumbList\",\"@id\":\"https:\\\/\\\/lospoliticosveracruz.com\\\/?p=62550#breadcrumb\",\"itemListElement\":[{\"@type\":\"ListItem\",\"position\":1,\"name\":\"Portada\",\"item\":\"https:\\\/\\\/lospoliticosveracruz.com\\\/\"},{\"@type\":\"ListItem\",\"position\":2,\"name\":\"Algo est\u00e1 podrido en el poder judicial.\"}]},{\"@type\":\"WebSite\",\"@id\":\"https:\\\/\\\/lospoliticosveracruz.com\\\/#website\",\"url\":\"https:\\\/\\\/lospoliticosveracruz.com\\\/\",\"name\":\"Los pol\u00edticos Veracruz\",\"description\":\"\",\"publisher\":{\"@id\":\"https:\\\/\\\/lospoliticosveracruz.com\\\/#organization\"},\"potentialAction\":[{\"@type\":\"SearchAction\",\"target\":{\"@type\":\"EntryPoint\",\"urlTemplate\":\"https:\\\/\\\/lospoliticosveracruz.com\\\/?s={search_term_string}\"},\"query-input\":{\"@type\":\"PropertyValueSpecification\",\"valueRequired\":true,\"valueName\":\"search_term_string\"}}],\"inLanguage\":\"es\"},{\"@type\":\"Organization\",\"@id\":\"https:\\\/\\\/lospoliticosveracruz.com\\\/#organization\",\"name\":\"Los pol\u00edticos Veracruz\",\"url\":\"https:\\\/\\\/lospoliticosveracruz.com\\\/\",\"logo\":{\"@type\":\"ImageObject\",\"inLanguage\":\"es\",\"@id\":\"https:\\\/\\\/lospoliticosveracruz.com\\\/#\\\/schema\\\/logo\\\/image\\\/\",\"url\":\"https:\\\/\\\/lospoliticosveracruz.com\\\/wp-content\\\/uploads\\\/2025\\\/12\\\/Logo-Nuevo-LOS-POLITICOS-1.jpg\",\"contentUrl\":\"https:\\\/\\\/lospoliticosveracruz.com\\\/wp-content\\\/uploads\\\/2025\\\/12\\\/Logo-Nuevo-LOS-POLITICOS-1.jpg\",\"width\":260,\"height\":70,\"caption\":\"Los pol\u00edticos Veracruz\"},\"image\":{\"@id\":\"https:\\\/\\\/lospoliticosveracruz.com\\\/#\\\/schema\\\/logo\\\/image\\\/\"},\"sameAs\":[\"https:\\\/\\\/www.facebook.com\\\/people\\\/Notimemes-de-los-Polticos\\\/61565672886568\\\/\",\"https:\\\/\\\/x.com\\\/LosPoliticosVer\"]},{\"@type\":\"Person\",\"@id\":\"https:\\\/\\\/lospoliticosveracruz.com\\\/#\\\/schema\\\/person\\\/b8702bb0e538456e6efd07080bf2a4a2\",\"name\":\"Lo viste en Los Pol\u00edticos\",\"image\":{\"@type\":\"ImageObject\",\"inLanguage\":\"es\",\"@id\":\"https:\\\/\\\/secure.gravatar.com\\\/avatar\\\/3a8de04a2656d44082be478bd6c086daa447c4651605818287b9532d3d0bd435?s=96&d=mm&r=g\",\"url\":\"https:\\\/\\\/secure.gravatar.com\\\/avatar\\\/3a8de04a2656d44082be478bd6c086daa447c4651605818287b9532d3d0bd435?s=96&d=mm&r=g\",\"contentUrl\":\"https:\\\/\\\/secure.gravatar.com\\\/avatar\\\/3a8de04a2656d44082be478bd6c086daa447c4651605818287b9532d3d0bd435?s=96&d=mm&r=g\",\"caption\":\"Lo viste en Los Pol\u00edticos\"},\"url\":\"https:\\\/\\\/lospoliticosveracruz.com\\\/?author=2\"}]}<\/script>\n<!-- \/ Yoast SEO plugin. -->","yoast_head_json":{"title":"Algo est\u00e1 podrido en el poder judicial. - Los pol\u00edticos Veracruz","robots":{"index":"index","follow":"follow","max-snippet":"max-snippet:-1","max-image-preview":"max-image-preview:large","max-video-preview":"max-video-preview:-1"},"canonical":"https:\/\/lospoliticosveracruz.com\/?p=62550","og_locale":"es_ES","og_type":"article","og_title":"Algo est\u00e1 podrido en el poder judicial. - Los pol\u00edticos Veracruz","og_description":"Felipe de Jes\u00fas Fern\u00e1ndez Basilio Desde A Janela &nbsp; Mientras estamos bien entretenidos charlando acerca de quesos y penachos prehisp\u00e1nicos pero ajenos, la justicia mexicana se encuentra en quiz\u00e1 la peor etapa de su historia. Y es que en lo que ata\u00f1e a su funci\u00f3n primordial que es de acuerdo al art\u00edculo 103 de la [&hellip;]","og_url":"https:\/\/lospoliticosveracruz.com\/?p=62550","og_site_name":"Los pol\u00edticos Veracruz","article_publisher":"https:\/\/www.facebook.com\/people\/Notimemes-de-los-Polticos\/61565672886568\/","article_published_time":"2020-10-16T13:09:23+00:00","og_image":[{"width":200,"height":200,"url":"https:\/\/lospoliticosveracruz.com\/wp-content\/uploads\/2016\/07\/Logo-Dor.jpg","type":"image\/jpeg"}],"author":"Lo viste en Los Pol\u00edticos","twitter_card":"summary_large_image","twitter_creator":"@LosPoliticosVer","twitter_site":"@LosPoliticosVer","twitter_misc":{"Escrito por":"Lo viste en Los Pol\u00edticos","Tiempo de lectura":"5 minutos"},"schema":{"@context":"https:\/\/schema.org","@graph":[{"@type":"Article","@id":"https:\/\/lospoliticosveracruz.com\/?p=62550#article","isPartOf":{"@id":"https:\/\/lospoliticosveracruz.com\/?p=62550"},"author":{"name":"Lo viste en Los Pol\u00edticos","@id":"https:\/\/lospoliticosveracruz.com\/#\/schema\/person\/b8702bb0e538456e6efd07080bf2a4a2"},"headline":"Algo est\u00e1 podrido en el poder judicial.","datePublished":"2020-10-16T13:09:23+00:00","mainEntityOfPage":{"@id":"https:\/\/lospoliticosveracruz.com\/?p=62550"},"wordCount":1042,"commentCount":0,"publisher":{"@id":"https:\/\/lospoliticosveracruz.com\/#organization"},"keywords":["Consulta Popular","Do\u00f1a Beatriz","Gobierno federal","Jueces de distrito","Morena","Nuevos partidos","partido pol\u00edtico nacional.","TEPJF","Tribunal Electoral del Poder Judicial de la Federaci\u00f3n"],"articleSection":["De Opini\u00f3n"],"inLanguage":"es","potentialAction":[{"@type":"CommentAction","name":"Comment","target":["https:\/\/lospoliticosveracruz.com\/?p=62550#respond"]}]},{"@type":"WebPage","@id":"https:\/\/lospoliticosveracruz.com\/?p=62550","url":"https:\/\/lospoliticosveracruz.com\/?p=62550","name":"Algo est\u00e1 podrido en el poder judicial. - Los pol\u00edticos Veracruz","isPartOf":{"@id":"https:\/\/lospoliticosveracruz.com\/#website"},"datePublished":"2020-10-16T13:09:23+00:00","breadcrumb":{"@id":"https:\/\/lospoliticosveracruz.com\/?p=62550#breadcrumb"},"inLanguage":"es","potentialAction":[{"@type":"ReadAction","target":["https:\/\/lospoliticosveracruz.com\/?p=62550"]}]},{"@type":"BreadcrumbList","@id":"https:\/\/lospoliticosveracruz.com\/?p=62550#breadcrumb","itemListElement":[{"@type":"ListItem","position":1,"name":"Portada","item":"https:\/\/lospoliticosveracruz.com\/"},{"@type":"ListItem","position":2,"name":"Algo est\u00e1 podrido en el poder judicial."}]},{"@type":"WebSite","@id":"https:\/\/lospoliticosveracruz.com\/#website","url":"https:\/\/lospoliticosveracruz.com\/","name":"Los pol\u00edticos Veracruz","description":"","publisher":{"@id":"https:\/\/lospoliticosveracruz.com\/#organization"},"potentialAction":[{"@type":"SearchAction","target":{"@type":"EntryPoint","urlTemplate":"https:\/\/lospoliticosveracruz.com\/?s={search_term_string}"},"query-input":{"@type":"PropertyValueSpecification","valueRequired":true,"valueName":"search_term_string"}}],"inLanguage":"es"},{"@type":"Organization","@id":"https:\/\/lospoliticosveracruz.com\/#organization","name":"Los pol\u00edticos Veracruz","url":"https:\/\/lospoliticosveracruz.com\/","logo":{"@type":"ImageObject","inLanguage":"es","@id":"https:\/\/lospoliticosveracruz.com\/#\/schema\/logo\/image\/","url":"https:\/\/lospoliticosveracruz.com\/wp-content\/uploads\/2025\/12\/Logo-Nuevo-LOS-POLITICOS-1.jpg","contentUrl":"https:\/\/lospoliticosveracruz.com\/wp-content\/uploads\/2025\/12\/Logo-Nuevo-LOS-POLITICOS-1.jpg","width":260,"height":70,"caption":"Los pol\u00edticos Veracruz"},"image":{"@id":"https:\/\/lospoliticosveracruz.com\/#\/schema\/logo\/image\/"},"sameAs":["https:\/\/www.facebook.com\/people\/Notimemes-de-los-Polticos\/61565672886568\/","https:\/\/x.com\/LosPoliticosVer"]},{"@type":"Person","@id":"https:\/\/lospoliticosveracruz.com\/#\/schema\/person\/b8702bb0e538456e6efd07080bf2a4a2","name":"Lo viste en Los Pol\u00edticos","image":{"@type":"ImageObject","inLanguage":"es","@id":"https:\/\/secure.gravatar.com\/avatar\/3a8de04a2656d44082be478bd6c086daa447c4651605818287b9532d3d0bd435?s=96&d=mm&r=g","url":"https:\/\/secure.gravatar.com\/avatar\/3a8de04a2656d44082be478bd6c086daa447c4651605818287b9532d3d0bd435?s=96&d=mm&r=g","contentUrl":"https:\/\/secure.gravatar.com\/avatar\/3a8de04a2656d44082be478bd6c086daa447c4651605818287b9532d3d0bd435?s=96&d=mm&r=g","caption":"Lo viste en Los Pol\u00edticos"},"url":"https:\/\/lospoliticosveracruz.com\/?author=2"}]}},"_links":{"self":[{"href":"https:\/\/lospoliticosveracruz.com\/index.php?rest_route=\/wp\/v2\/posts\/62550","targetHints":{"allow":["GET"]}}],"collection":[{"href":"https:\/\/lospoliticosveracruz.com\/index.php?rest_route=\/wp\/v2\/posts"}],"about":[{"href":"https:\/\/lospoliticosveracruz.com\/index.php?rest_route=\/wp\/v2\/types\/post"}],"author":[{"embeddable":true,"href":"https:\/\/lospoliticosveracruz.com\/index.php?rest_route=\/wp\/v2\/users\/2"}],"replies":[{"embeddable":true,"href":"https:\/\/lospoliticosveracruz.com\/index.php?rest_route=%2Fwp%2Fv2%2Fcomments&post=62550"}],"version-history":[{"count":1,"href":"https:\/\/lospoliticosveracruz.com\/index.php?rest_route=\/wp\/v2\/posts\/62550\/revisions"}],"predecessor-version":[{"id":62552,"href":"https:\/\/lospoliticosveracruz.com\/index.php?rest_route=\/wp\/v2\/posts\/62550\/revisions\/62552"}],"wp:attachment":[{"href":"https:\/\/lospoliticosveracruz.com\/index.php?rest_route=%2Fwp%2Fv2%2Fmedia&parent=62550"}],"wp:term":[{"taxonomy":"category","embeddable":true,"href":"https:\/\/lospoliticosveracruz.com\/index.php?rest_route=%2Fwp%2Fv2%2Fcategories&post=62550"},{"taxonomy":"post_tag","embeddable":true,"href":"https:\/\/lospoliticosveracruz.com\/index.php?rest_route=%2Fwp%2Fv2%2Ftags&post=62550"}],"curies":[{"name":"wp","href":"https:\/\/api.w.org\/{rel}","templated":true}]}}