{"id":62561,"date":"2020-10-16T10:18:29","date_gmt":"2020-10-16T15:18:29","guid":{"rendered":"http:\/\/www.lospoliticosveracruz.com.mx\/?p=62561"},"modified":"2020-10-16T10:18:29","modified_gmt":"2020-10-16T15:18:29","slug":"la-4t-no-depende-solo-de-morena","status":"publish","type":"post","link":"https:\/\/lospoliticosveracruz.com\/?p=62561","title":{"rendered":"La 4T no depende s\u00f3lo de Morena"},"content":{"rendered":"<p><strong>Vicente Luna Hern\u00e1ndez<\/strong><br \/>\nEstoy convencido que la 4 Transformaci\u00f3n de M\u00e9xico no es tarea solo de un partido pol\u00edtico o de un solo hombre por muy honesto que sea, es requisito indispensable que al frente del Poder Ejecutivo est\u00e9 un Presidente convencido que las condiciones de corrupci\u00f3n y desigualdad social no deben ser un distintivo vergonzoso de su gobierno, consciente de que es irrespirable el mal humor social que recorre el pa\u00eds ante el saqueo que han sufrido las finanzas p\u00fablicas y el cinismo de una clase gobernante que lo que menos pudo presumir\u2026fue clase, pero para lograr la transformaci\u00f3n y tocar el cielo se necesita un escalera larga y otra cosita como dice la canci\u00f3n La Bamba en la versi\u00f3n del grupo Gipsy King.<br \/>\nConsidero que en todos los partidos pol\u00edticos hay mujeres y hombres convencidos de transformar las condiciones sociales del pa\u00eds, esto es, atender las principales demandas de la poblaci\u00f3n sin simulaciones ni dobles discursos y que la corrupci\u00f3n y la impunidad deben realmente ser se\u00f1aladas y castigadas porque as\u00ed lo exigen las actuales condiciones sociales de inconformidad y de rechazo a todo exceso en el ejercicio del poder, seguro que en todos los partidos hay voces que coinciden con el discurso del Presidente Andr\u00e9s Manuel L\u00f3pez Obrador pero tendr\u00e1n otras maneras y otras propuestas para contribuir a satisfacer los justos reclamos de las y los mexicanos.<br \/>\nSi bien el combate a la corrupci\u00f3n debe barrerse de arriba a abajo como las escaleras, tambi\u00e9n es cierto que todas y todos podemos empujar desde nuestro \u00e1mbito de acci\u00f3n el famoso elefante reum\u00e1tico en que encontr\u00f3 la administraci\u00f3n p\u00fablica federal el Presidente de la Rep\u00fablica, una sociedad m\u00e1s participativa, propositiva y exigente debe ser aliada y corresponsable en la conducci\u00f3n del pa\u00eds, no solo es responsabilidad de Morena, que ante sus conflictos internos el propio Presidente ha se\u00f1alado: \u00abmucho pueblo para tan poco dirigente\u00bb, todos los partidos pol\u00edticos deben de estar a la altura del compromiso hist\u00f3rico que ha asumido el Titulas del Poder Ejecutivo Federal.<br \/>\nSin embargo, las y los mexicanos somos testigos del triste espect\u00e1culo que est\u00e1 dando el partido en el poder ante la renovaci\u00f3n de su dirigente nacional, \u00bfEst\u00e1n preparados para acompa\u00f1ar en la conducci\u00f3n de la 4 T quienes no pueden conducir un proceso interno para elegir a su Presidente? \u00bfC\u00f3mo buscar\u00e1n convencer quienes no se convencen de respetar los estatutos que le dieron vida a su partido? \u00bfApostar todo al capital pol\u00edtico de AMLO es su mejor carta de presentaci\u00f3n?<\/p>\n<p>Veracruz tendr\u00e1 un proceso electoral tambi\u00e9n para renovar sus autoridades municipales y congreso local, es en la divisi\u00f3n territorial administrativa m\u00e1s cercana a las y los ciudadanos donde se debe iniciar o fortalecer una transformaci\u00f3n en beneficio de sus habitantes gane quien gane la elecci\u00f3n, es tarea de las y los ciudadanos correspondientes elegir la mejor opci\u00f3n pero al mismo tiempo exigir los mejores resultados a quienes ejercer\u00e1n los gobiernos municipales y tambi\u00e9n a las y los que formar\u00e1n parte del Poder Legislativo Local, \u00bfAcaso la transformaci\u00f3n deja de ser parte del discurso oficial si gana un partido distinto a Morena?<br \/>\nP.D.- Con el \u00e1nimo que las dirigencias de los partidos pol\u00edticos sepan detectar a quienes cuando ejercieron el poder fueron vulgares ambiciosos aunque presuman nueva camiseta\u2026 escribir\u00e9 otro d\u00eda.<\/p>\n","protected":false},"excerpt":{"rendered":"<p>Vicente Luna Hern\u00e1ndez Estoy convencido que la 4 Transformaci\u00f3n de M\u00e9xico no es tarea solo de un partido pol\u00edtico o de un solo hombre por muy honesto que sea, es requisito indispensable que al frente del Poder Ejecutivo est\u00e9 un Presidente convencido que las condiciones de corrupci\u00f3n y desigualdad social no deben ser un distintivo [&hellip;]<\/p>\n","protected":false},"author":2,"featured_media":0,"comment_status":"open","ping_status":"open","sticky":false,"template":"","format":"standard","meta":{"tdm_status":"","tdm_grid_status":"","footnotes":""},"categories":[70],"tags":[17426,618,282,7410,22592,1026,1709,468,21894,22593,21134,21733,195],"class_list":{"0":"post-62561","1":"post","2":"type-post","3":"status-publish","4":"format-standard","6":"category-de-opinion","7":"tag-4t","8":"tag-andres-manuel-lopez-obrador","9":"tag-corrupcion","10":"tag-desigualdad-social","11":"tag-grupo-gipsy-king","12":"tag-morena","13":"tag-partidos-politicos","14":"tag-poder-ejecutivo","15":"tag-poder-ejecutivo-federal","16":"tag-poder-legislativo-local","17":"tag-proceso-electoral-2021","18":"tag-transformacion-de-mexico","19":"tag-veracruz"},"yoast_head":"<!-- This site is optimized with the Yoast SEO plugin v27.4 - https:\/\/yoast.com\/product\/yoast-seo-wordpress\/ -->\n<title>La 4T no depende s\u00f3lo de Morena - Los pol\u00edticos Veracruz<\/title>\n<meta name=\"robots\" content=\"index, follow, max-snippet:-1, max-image-preview:large, max-video-preview:-1\" \/>\n<link rel=\"canonical\" href=\"https:\/\/lospoliticosveracruz.com\/?p=62561\" \/>\n<meta property=\"og:locale\" content=\"es_ES\" \/>\n<meta property=\"og:type\" content=\"article\" \/>\n<meta property=\"og:title\" content=\"La 4T no depende s\u00f3lo de Morena - Los pol\u00edticos Veracruz\" \/>\n<meta property=\"og:description\" content=\"Vicente Luna Hern\u00e1ndez Estoy convencido que la 4 Transformaci\u00f3n de M\u00e9xico no es tarea solo de un partido pol\u00edtico o de un solo hombre por muy honesto que sea, es requisito indispensable que al frente del Poder Ejecutivo est\u00e9 un Presidente convencido que las condiciones de corrupci\u00f3n y desigualdad social no deben ser un distintivo [&hellip;]\" \/>\n<meta property=\"og:url\" content=\"https:\/\/lospoliticosveracruz.com\/?p=62561\" \/>\n<meta property=\"og:site_name\" content=\"Los pol\u00edticos Veracruz\" \/>\n<meta property=\"article:publisher\" content=\"https:\/\/www.facebook.com\/people\/Notimemes-de-los-Polticos\/61565672886568\/\" \/>\n<meta property=\"article:published_time\" content=\"2020-10-16T15:18:29+00:00\" \/>\n<meta property=\"og:image\" content=\"https:\/\/lospoliticosveracruz.com\/wp-content\/uploads\/2016\/07\/Logo-Dor.jpg\" \/>\n\t<meta property=\"og:image:width\" content=\"200\" \/>\n\t<meta property=\"og:image:height\" content=\"200\" \/>\n\t<meta property=\"og:image:type\" content=\"image\/jpeg\" \/>\n<meta name=\"author\" content=\"Lo viste en Los Pol\u00edticos\" \/>\n<meta name=\"twitter:card\" content=\"summary_large_image\" \/>\n<meta name=\"twitter:creator\" content=\"@LosPoliticosVer\" \/>\n<meta name=\"twitter:site\" content=\"@LosPoliticosVer\" \/>\n<meta name=\"twitter:label1\" content=\"Escrito por\" \/>\n\t<meta name=\"twitter:data1\" content=\"Lo viste en Los Pol\u00edticos\" \/>\n\t<meta name=\"twitter:label2\" content=\"Tiempo de lectura\" \/>\n\t<meta name=\"twitter:data2\" content=\"3 minutos\" \/>\n<script type=\"application\/ld+json\" class=\"yoast-schema-graph\">{\"@context\":\"https:\\\/\\\/schema.org\",\"@graph\":[{\"@type\":\"Article\",\"@id\":\"https:\\\/\\\/lospoliticosveracruz.com\\\/?p=62561#article\",\"isPartOf\":{\"@id\":\"https:\\\/\\\/lospoliticosveracruz.com\\\/?p=62561\"},\"author\":{\"name\":\"Lo viste en Los Pol\u00edticos\",\"@id\":\"https:\\\/\\\/lospoliticosveracruz.com\\\/#\\\/schema\\\/person\\\/b8702bb0e538456e6efd07080bf2a4a2\"},\"headline\":\"La 4T no depende s\u00f3lo de Morena\",\"datePublished\":\"2020-10-16T15:18:29+00:00\",\"mainEntityOfPage\":{\"@id\":\"https:\\\/\\\/lospoliticosveracruz.com\\\/?p=62561\"},\"wordCount\":608,\"commentCount\":0,\"publisher\":{\"@id\":\"https:\\\/\\\/lospoliticosveracruz.com\\\/#organization\"},\"keywords\":[\"4T\",\"Andr\u00e9s Manuel L\u00f3pez Obrador\",\"corrupci\u00f3n\",\"Desigualdad social\",\"Grupo Gipsy King\",\"Morena\",\"partidos pol\u00edticos\",\"Poder Ejecutivo\",\"Poder Ejecutivo federal\",\"Poder Legislativo Local\",\"Proceso electoral 2021\",\"Transformaci\u00f3n de M\u00e9xico\",\"Veracruz\"],\"articleSection\":[\"De Opini\u00f3n\"],\"inLanguage\":\"es\",\"potentialAction\":[{\"@type\":\"CommentAction\",\"name\":\"Comment\",\"target\":[\"https:\\\/\\\/lospoliticosveracruz.com\\\/?p=62561#respond\"]}]},{\"@type\":\"WebPage\",\"@id\":\"https:\\\/\\\/lospoliticosveracruz.com\\\/?p=62561\",\"url\":\"https:\\\/\\\/lospoliticosveracruz.com\\\/?p=62561\",\"name\":\"La 4T no depende s\u00f3lo de Morena - Los pol\u00edticos Veracruz\",\"isPartOf\":{\"@id\":\"https:\\\/\\\/lospoliticosveracruz.com\\\/#website\"},\"datePublished\":\"2020-10-16T15:18:29+00:00\",\"breadcrumb\":{\"@id\":\"https:\\\/\\\/lospoliticosveracruz.com\\\/?p=62561#breadcrumb\"},\"inLanguage\":\"es\",\"potentialAction\":[{\"@type\":\"ReadAction\",\"target\":[\"https:\\\/\\\/lospoliticosveracruz.com\\\/?p=62561\"]}]},{\"@type\":\"BreadcrumbList\",\"@id\":\"https:\\\/\\\/lospoliticosveracruz.com\\\/?p=62561#breadcrumb\",\"itemListElement\":[{\"@type\":\"ListItem\",\"position\":1,\"name\":\"Portada\",\"item\":\"https:\\\/\\\/lospoliticosveracruz.com\\\/\"},{\"@type\":\"ListItem\",\"position\":2,\"name\":\"La 4T no depende s\u00f3lo de Morena\"}]},{\"@type\":\"WebSite\",\"@id\":\"https:\\\/\\\/lospoliticosveracruz.com\\\/#website\",\"url\":\"https:\\\/\\\/lospoliticosveracruz.com\\\/\",\"name\":\"Los pol\u00edticos Veracruz\",\"description\":\"\",\"publisher\":{\"@id\":\"https:\\\/\\\/lospoliticosveracruz.com\\\/#organization\"},\"potentialAction\":[{\"@type\":\"SearchAction\",\"target\":{\"@type\":\"EntryPoint\",\"urlTemplate\":\"https:\\\/\\\/lospoliticosveracruz.com\\\/?s={search_term_string}\"},\"query-input\":{\"@type\":\"PropertyValueSpecification\",\"valueRequired\":true,\"valueName\":\"search_term_string\"}}],\"inLanguage\":\"es\"},{\"@type\":\"Organization\",\"@id\":\"https:\\\/\\\/lospoliticosveracruz.com\\\/#organization\",\"name\":\"Los pol\u00edticos Veracruz\",\"url\":\"https:\\\/\\\/lospoliticosveracruz.com\\\/\",\"logo\":{\"@type\":\"ImageObject\",\"inLanguage\":\"es\",\"@id\":\"https:\\\/\\\/lospoliticosveracruz.com\\\/#\\\/schema\\\/logo\\\/image\\\/\",\"url\":\"https:\\\/\\\/lospoliticosveracruz.com\\\/wp-content\\\/uploads\\\/2025\\\/12\\\/Logo-Nuevo-LOS-POLITICOS-1.jpg\",\"contentUrl\":\"https:\\\/\\\/lospoliticosveracruz.com\\\/wp-content\\\/uploads\\\/2025\\\/12\\\/Logo-Nuevo-LOS-POLITICOS-1.jpg\",\"width\":260,\"height\":70,\"caption\":\"Los pol\u00edticos Veracruz\"},\"image\":{\"@id\":\"https:\\\/\\\/lospoliticosveracruz.com\\\/#\\\/schema\\\/logo\\\/image\\\/\"},\"sameAs\":[\"https:\\\/\\\/www.facebook.com\\\/people\\\/Notimemes-de-los-Polticos\\\/61565672886568\\\/\",\"https:\\\/\\\/x.com\\\/LosPoliticosVer\"]},{\"@type\":\"Person\",\"@id\":\"https:\\\/\\\/lospoliticosveracruz.com\\\/#\\\/schema\\\/person\\\/b8702bb0e538456e6efd07080bf2a4a2\",\"name\":\"Lo viste en Los Pol\u00edticos\",\"image\":{\"@type\":\"ImageObject\",\"inLanguage\":\"es\",\"@id\":\"https:\\\/\\\/secure.gravatar.com\\\/avatar\\\/3a8de04a2656d44082be478bd6c086daa447c4651605818287b9532d3d0bd435?s=96&d=mm&r=g\",\"url\":\"https:\\\/\\\/secure.gravatar.com\\\/avatar\\\/3a8de04a2656d44082be478bd6c086daa447c4651605818287b9532d3d0bd435?s=96&d=mm&r=g\",\"contentUrl\":\"https:\\\/\\\/secure.gravatar.com\\\/avatar\\\/3a8de04a2656d44082be478bd6c086daa447c4651605818287b9532d3d0bd435?s=96&d=mm&r=g\",\"caption\":\"Lo viste en Los Pol\u00edticos\"},\"url\":\"https:\\\/\\\/lospoliticosveracruz.com\\\/?author=2\"}]}<\/script>\n<!-- \/ Yoast SEO plugin. -->","yoast_head_json":{"title":"La 4T no depende s\u00f3lo de Morena - Los pol\u00edticos Veracruz","robots":{"index":"index","follow":"follow","max-snippet":"max-snippet:-1","max-image-preview":"max-image-preview:large","max-video-preview":"max-video-preview:-1"},"canonical":"https:\/\/lospoliticosveracruz.com\/?p=62561","og_locale":"es_ES","og_type":"article","og_title":"La 4T no depende s\u00f3lo de Morena - Los pol\u00edticos Veracruz","og_description":"Vicente Luna Hern\u00e1ndez Estoy convencido que la 4 Transformaci\u00f3n de M\u00e9xico no es tarea solo de un partido pol\u00edtico o de un solo hombre por muy honesto que sea, es requisito indispensable que al frente del Poder Ejecutivo est\u00e9 un Presidente convencido que las condiciones de corrupci\u00f3n y desigualdad social no deben ser un distintivo [&hellip;]","og_url":"https:\/\/lospoliticosveracruz.com\/?p=62561","og_site_name":"Los pol\u00edticos Veracruz","article_publisher":"https:\/\/www.facebook.com\/people\/Notimemes-de-los-Polticos\/61565672886568\/","article_published_time":"2020-10-16T15:18:29+00:00","og_image":[{"width":200,"height":200,"url":"https:\/\/lospoliticosveracruz.com\/wp-content\/uploads\/2016\/07\/Logo-Dor.jpg","type":"image\/jpeg"}],"author":"Lo viste en Los Pol\u00edticos","twitter_card":"summary_large_image","twitter_creator":"@LosPoliticosVer","twitter_site":"@LosPoliticosVer","twitter_misc":{"Escrito por":"Lo viste en Los Pol\u00edticos","Tiempo de lectura":"3 minutos"},"schema":{"@context":"https:\/\/schema.org","@graph":[{"@type":"Article","@id":"https:\/\/lospoliticosveracruz.com\/?p=62561#article","isPartOf":{"@id":"https:\/\/lospoliticosveracruz.com\/?p=62561"},"author":{"name":"Lo viste en Los Pol\u00edticos","@id":"https:\/\/lospoliticosveracruz.com\/#\/schema\/person\/b8702bb0e538456e6efd07080bf2a4a2"},"headline":"La 4T no depende s\u00f3lo de Morena","datePublished":"2020-10-16T15:18:29+00:00","mainEntityOfPage":{"@id":"https:\/\/lospoliticosveracruz.com\/?p=62561"},"wordCount":608,"commentCount":0,"publisher":{"@id":"https:\/\/lospoliticosveracruz.com\/#organization"},"keywords":["4T","Andr\u00e9s Manuel L\u00f3pez Obrador","corrupci\u00f3n","Desigualdad social","Grupo Gipsy King","Morena","partidos pol\u00edticos","Poder Ejecutivo","Poder Ejecutivo federal","Poder Legislativo Local","Proceso electoral 2021","Transformaci\u00f3n de M\u00e9xico","Veracruz"],"articleSection":["De Opini\u00f3n"],"inLanguage":"es","potentialAction":[{"@type":"CommentAction","name":"Comment","target":["https:\/\/lospoliticosveracruz.com\/?p=62561#respond"]}]},{"@type":"WebPage","@id":"https:\/\/lospoliticosveracruz.com\/?p=62561","url":"https:\/\/lospoliticosveracruz.com\/?p=62561","name":"La 4T no depende s\u00f3lo de Morena - Los pol\u00edticos Veracruz","isPartOf":{"@id":"https:\/\/lospoliticosveracruz.com\/#website"},"datePublished":"2020-10-16T15:18:29+00:00","breadcrumb":{"@id":"https:\/\/lospoliticosveracruz.com\/?p=62561#breadcrumb"},"inLanguage":"es","potentialAction":[{"@type":"ReadAction","target":["https:\/\/lospoliticosveracruz.com\/?p=62561"]}]},{"@type":"BreadcrumbList","@id":"https:\/\/lospoliticosveracruz.com\/?p=62561#breadcrumb","itemListElement":[{"@type":"ListItem","position":1,"name":"Portada","item":"https:\/\/lospoliticosveracruz.com\/"},{"@type":"ListItem","position":2,"name":"La 4T no depende s\u00f3lo de Morena"}]},{"@type":"WebSite","@id":"https:\/\/lospoliticosveracruz.com\/#website","url":"https:\/\/lospoliticosveracruz.com\/","name":"Los pol\u00edticos Veracruz","description":"","publisher":{"@id":"https:\/\/lospoliticosveracruz.com\/#organization"},"potentialAction":[{"@type":"SearchAction","target":{"@type":"EntryPoint","urlTemplate":"https:\/\/lospoliticosveracruz.com\/?s={search_term_string}"},"query-input":{"@type":"PropertyValueSpecification","valueRequired":true,"valueName":"search_term_string"}}],"inLanguage":"es"},{"@type":"Organization","@id":"https:\/\/lospoliticosveracruz.com\/#organization","name":"Los pol\u00edticos Veracruz","url":"https:\/\/lospoliticosveracruz.com\/","logo":{"@type":"ImageObject","inLanguage":"es","@id":"https:\/\/lospoliticosveracruz.com\/#\/schema\/logo\/image\/","url":"https:\/\/lospoliticosveracruz.com\/wp-content\/uploads\/2025\/12\/Logo-Nuevo-LOS-POLITICOS-1.jpg","contentUrl":"https:\/\/lospoliticosveracruz.com\/wp-content\/uploads\/2025\/12\/Logo-Nuevo-LOS-POLITICOS-1.jpg","width":260,"height":70,"caption":"Los pol\u00edticos Veracruz"},"image":{"@id":"https:\/\/lospoliticosveracruz.com\/#\/schema\/logo\/image\/"},"sameAs":["https:\/\/www.facebook.com\/people\/Notimemes-de-los-Polticos\/61565672886568\/","https:\/\/x.com\/LosPoliticosVer"]},{"@type":"Person","@id":"https:\/\/lospoliticosveracruz.com\/#\/schema\/person\/b8702bb0e538456e6efd07080bf2a4a2","name":"Lo viste en Los Pol\u00edticos","image":{"@type":"ImageObject","inLanguage":"es","@id":"https:\/\/secure.gravatar.com\/avatar\/3a8de04a2656d44082be478bd6c086daa447c4651605818287b9532d3d0bd435?s=96&d=mm&r=g","url":"https:\/\/secure.gravatar.com\/avatar\/3a8de04a2656d44082be478bd6c086daa447c4651605818287b9532d3d0bd435?s=96&d=mm&r=g","contentUrl":"https:\/\/secure.gravatar.com\/avatar\/3a8de04a2656d44082be478bd6c086daa447c4651605818287b9532d3d0bd435?s=96&d=mm&r=g","caption":"Lo viste en Los Pol\u00edticos"},"url":"https:\/\/lospoliticosveracruz.com\/?author=2"}]}},"_links":{"self":[{"href":"https:\/\/lospoliticosveracruz.com\/index.php?rest_route=\/wp\/v2\/posts\/62561","targetHints":{"allow":["GET"]}}],"collection":[{"href":"https:\/\/lospoliticosveracruz.com\/index.php?rest_route=\/wp\/v2\/posts"}],"about":[{"href":"https:\/\/lospoliticosveracruz.com\/index.php?rest_route=\/wp\/v2\/types\/post"}],"author":[{"embeddable":true,"href":"https:\/\/lospoliticosveracruz.com\/index.php?rest_route=\/wp\/v2\/users\/2"}],"replies":[{"embeddable":true,"href":"https:\/\/lospoliticosveracruz.com\/index.php?rest_route=%2Fwp%2Fv2%2Fcomments&post=62561"}],"version-history":[{"count":1,"href":"https:\/\/lospoliticosveracruz.com\/index.php?rest_route=\/wp\/v2\/posts\/62561\/revisions"}],"predecessor-version":[{"id":62563,"href":"https:\/\/lospoliticosveracruz.com\/index.php?rest_route=\/wp\/v2\/posts\/62561\/revisions\/62563"}],"wp:attachment":[{"href":"https:\/\/lospoliticosveracruz.com\/index.php?rest_route=%2Fwp%2Fv2%2Fmedia&parent=62561"}],"wp:term":[{"taxonomy":"category","embeddable":true,"href":"https:\/\/lospoliticosveracruz.com\/index.php?rest_route=%2Fwp%2Fv2%2Fcategories&post=62561"},{"taxonomy":"post_tag","embeddable":true,"href":"https:\/\/lospoliticosveracruz.com\/index.php?rest_route=%2Fwp%2Fv2%2Ftags&post=62561"}],"curies":[{"name":"wp","href":"https:\/\/api.w.org\/{rel}","templated":true}]}}