{"id":62596,"date":"2020-10-16T18:58:56","date_gmt":"2020-10-16T23:58:56","guid":{"rendered":"http:\/\/www.lospoliticosveracruz.com.mx\/?p=62596"},"modified":"2020-10-16T18:58:56","modified_gmt":"2020-10-16T23:58:56","slug":"se-la-llevan-cordoba-y-fortin","status":"publish","type":"post","link":"https:\/\/lospoliticosveracruz.com\/?p=62596","title":{"rendered":"Se la llevan C\u00f3rdoba y Fort\u00edn!"},"content":{"rendered":"<p>&nbsp;<\/p>\n<p>Charbel Alejandro Medida Mar\u00edn, originario de Fort\u00edn, y Pedro Luis Hern\u00e1ndez de C\u00f3rdoba ganaron el primer concurso de debate Expresi\u00f3n Juvenil, Realidad y Actualidad, que convoc\u00f3 a j\u00f3venes de entre 15 a 26 a\u00f1os de municipios de las Altas Monta\u00f1as. Los ganadores de sus respectivas categor\u00edas recibieron equipos port\u00e1tiles de computo.<\/p>\n<p><a href=\"https:\/\/cordoba.gob.mx\/site\/\"><img decoding=\"async\" src=\"http:\/\/www.lospoliticosveracruz.com.mx\/wp-content\/uploads\/2020\/10\/Cintillo-Contigo-en-Tu-Colonia.jpg\" alt=\"\"><\/a> Medina Mar\u00edn manifest\u00f3 que estos eventos son una oportunidad para todos los j\u00f3venes por lo importante que es participar en la toma de decisiones del pa\u00eds. Agradeci\u00f3 el compromiso y la organizaci\u00f3n para generar la participaci\u00f3n ciudadana desde la perspectiva de las y los j\u00f3venes.<\/p>\n<p>El jurado integrado por Ana Lourdes Mena Mart\u00ednez, asesora de oratoria; la especialista educaci\u00f3n especial y psicoterapia infantil, Flora Nohem\u00ed Hern\u00e1ndez Luna, y el profesor Guillermo Andrade D\u00edaz, consultor en debate p\u00fablico y pol\u00edtico evalu\u00f3 a las y los participantes en dos categor\u00edas de acuerdo a la edad de las y los concursantes en funci\u00f3n de su capacidad de argumentaci\u00f3n, estilo, uso del lenguaje y dominio del tema.<\/p>\n<p>El panel determin\u00f3 que Dorian Josef Jim\u00e9nez Zepeda y David Hern\u00e1ndez Ortega, se les otorg\u00f3 el segundo lugar en sus respectivas categor\u00edas por lo que recibieron cada uno una tableta digital. El tercer lugar de la categor\u00eda A fue para Amariani Mor\u00e1n Garc\u00eda, mientras que Felipe de Jes\u00fas Chac\u00f3n y Pedro Iv\u00e1n Burgoa Baizabal empataron la tercera posici\u00f3n de la categor\u00eda B, todos ellos recibieron diploma.<\/p>\n<p>Paulina Cozar Pe\u00f1a, directora del Instituto Juventud C\u00f3rdoba (IJC), dijo que estos espacios impulsan la participaci\u00f3n y el inter\u00e9s para trabajar de una manera activa y positiva en favor del pa\u00eds. Reconoci\u00f3 el trabajo coordinado con su contraparte del municipio de Fort\u00edn para lograr la realizaci\u00f3n de este concurso que promueve la libre expresi\u00f3n de ideas en un espacio de tolerancia e inclusi\u00f3n social.<\/p>\n<p>Durante la final de Expresi\u00f3n Juvenil se registr\u00f3 la presencia de Jovanny Dorantes Jim\u00e9nez, coordinador del Instituto de la Juventud de Fort\u00edn; Omar Iv\u00e1n Moreno Morales, director de desarrollo social de ese municipio, as\u00ed como de Juan Jos\u00e9 Hern\u00e1ndez, director del Instituto de la Juventud de Tepatlaxco, adem\u00e1s estuvo presente Omar Contreras Guzm\u00e1n, procurador municipal de protecci\u00f3n a ni\u00f1as, ni\u00f1os y adolescentes de Sistema DIF de C\u00f3rdoba.<\/p>\n","protected":false},"excerpt":{"rendered":"<p>&nbsp; Charbel Alejandro Medida Mar\u00edn, originario de Fort\u00edn, y Pedro Luis Hern\u00e1ndez de C\u00f3rdoba ganaron el primer concurso de debate Expresi\u00f3n Juvenil, Realidad y Actualidad, que convoc\u00f3 a j\u00f3venes de entre 15 a 26 a\u00f1os de municipios de las Altas Monta\u00f1as. Los ganadores de sus respectivas categor\u00edas recibieron equipos port\u00e1tiles de computo. Medina Mar\u00edn manifest\u00f3 [&hellip;]<\/p>\n","protected":false},"author":2,"featured_media":0,"comment_status":"open","ping_status":"open","sticky":false,"template":"","format":"standard","meta":{"tdm_status":"","tdm_grid_status":"","footnotes":""},"categories":[73],"tags":[22635,22636,2209,22639,17747,22638,22633,17751,22634],"class_list":{"0":"post-62596","1":"post","2":"type-post","3":"status-publish","4":"format-standard","6":"category-de-boleto","7":"tag-charbel-alejandro-medida-marin","8":"tag-debate-expresion-juvenil","9":"tag-fortin","10":"tag-instituto-de-la-juventud-de-fortin","11":"tag-instituto-juventud-cordoba","12":"tag-jovanny-dorantes-jimenez","13":"tag-medina-marin","14":"tag-paulina-cozar-pena","15":"tag-pedro-luis-hernandez-de-cordoba"},"yoast_head":"<!-- This site is optimized with the Yoast SEO plugin v27.4 - https:\/\/yoast.com\/product\/yoast-seo-wordpress\/ -->\n<title>Se la llevan C\u00f3rdoba y Fort\u00edn! - Los pol\u00edticos Veracruz<\/title>\n<meta name=\"robots\" content=\"index, follow, max-snippet:-1, max-image-preview:large, max-video-preview:-1\" \/>\n<link rel=\"canonical\" href=\"https:\/\/lospoliticosveracruz.com\/?p=62596\" \/>\n<meta property=\"og:locale\" content=\"es_ES\" \/>\n<meta property=\"og:type\" content=\"article\" \/>\n<meta property=\"og:title\" content=\"Se la llevan C\u00f3rdoba y Fort\u00edn! - Los pol\u00edticos Veracruz\" \/>\n<meta property=\"og:description\" content=\"&nbsp; Charbel Alejandro Medida Mar\u00edn, originario de Fort\u00edn, y Pedro Luis Hern\u00e1ndez de C\u00f3rdoba ganaron el primer concurso de debate Expresi\u00f3n Juvenil, Realidad y Actualidad, que convoc\u00f3 a j\u00f3venes de entre 15 a 26 a\u00f1os de municipios de las Altas Monta\u00f1as. Los ganadores de sus respectivas categor\u00edas recibieron equipos port\u00e1tiles de computo. Medina Mar\u00edn manifest\u00f3 [&hellip;]\" \/>\n<meta property=\"og:url\" content=\"https:\/\/lospoliticosveracruz.com\/?p=62596\" \/>\n<meta property=\"og:site_name\" content=\"Los pol\u00edticos Veracruz\" \/>\n<meta property=\"article:publisher\" content=\"https:\/\/www.facebook.com\/people\/Notimemes-de-los-Polticos\/61565672886568\/\" \/>\n<meta property=\"article:published_time\" content=\"2020-10-16T23:58:56+00:00\" \/>\n<meta property=\"og:image\" content=\"http:\/\/www.lospoliticosveracruz.com.mx\/wp-content\/uploads\/2020\/10\/Cintillo-Contigo-en-Tu-Colonia.jpg\" \/>\n<meta name=\"author\" content=\"Lo viste en Los Pol\u00edticos\" \/>\n<meta name=\"twitter:card\" content=\"summary_large_image\" \/>\n<meta name=\"twitter:creator\" content=\"@LosPoliticosVer\" \/>\n<meta name=\"twitter:site\" content=\"@LosPoliticosVer\" \/>\n<meta name=\"twitter:label1\" content=\"Escrito por\" \/>\n\t<meta name=\"twitter:data1\" content=\"Lo viste en Los Pol\u00edticos\" \/>\n\t<meta name=\"twitter:label2\" content=\"Tiempo de lectura\" \/>\n\t<meta name=\"twitter:data2\" content=\"2 minutos\" \/>\n<script type=\"application\/ld+json\" class=\"yoast-schema-graph\">{\"@context\":\"https:\\\/\\\/schema.org\",\"@graph\":[{\"@type\":\"Article\",\"@id\":\"https:\\\/\\\/lospoliticosveracruz.com\\\/?p=62596#article\",\"isPartOf\":{\"@id\":\"https:\\\/\\\/lospoliticosveracruz.com\\\/?p=62596\"},\"author\":{\"name\":\"Lo viste en Los Pol\u00edticos\",\"@id\":\"https:\\\/\\\/lospoliticosveracruz.com\\\/#\\\/schema\\\/person\\\/b8702bb0e538456e6efd07080bf2a4a2\"},\"headline\":\"Se la llevan C\u00f3rdoba y Fort\u00edn!\",\"datePublished\":\"2020-10-16T23:58:56+00:00\",\"mainEntityOfPage\":{\"@id\":\"https:\\\/\\\/lospoliticosveracruz.com\\\/?p=62596\"},\"wordCount\":424,\"commentCount\":0,\"publisher\":{\"@id\":\"https:\\\/\\\/lospoliticosveracruz.com\\\/#organization\"},\"image\":{\"@id\":\"https:\\\/\\\/lospoliticosveracruz.com\\\/?p=62596#primaryimage\"},\"thumbnailUrl\":\"http:\\\/\\\/www.lospoliticosveracruz.com.mx\\\/wp-content\\\/uploads\\\/2020\\\/10\\\/Cintillo-Contigo-en-Tu-Colonia.jpg\",\"keywords\":[\"Charbel Alejandro Medida Mar\u00edn\",\"Debate Expresi\u00f3n Juvenil\",\"Fort\u00edn\",\"Instituto de la Juventud de Fort\u00edn\",\"Instituto Juventud C\u00f3rdoba\",\"Jovanny Dorantes Jim\u00e9nez\",\"Medina Mar\u00edn\",\"Paulina Cozar Pe\u00f1a\",\"Pedro Luis Hern\u00e1ndez de C\u00f3rdoba\"],\"articleSection\":[\"De Boleto\"],\"inLanguage\":\"es\",\"potentialAction\":[{\"@type\":\"CommentAction\",\"name\":\"Comment\",\"target\":[\"https:\\\/\\\/lospoliticosveracruz.com\\\/?p=62596#respond\"]}]},{\"@type\":\"WebPage\",\"@id\":\"https:\\\/\\\/lospoliticosveracruz.com\\\/?p=62596\",\"url\":\"https:\\\/\\\/lospoliticosveracruz.com\\\/?p=62596\",\"name\":\"Se la llevan C\u00f3rdoba y Fort\u00edn! - Los pol\u00edticos Veracruz\",\"isPartOf\":{\"@id\":\"https:\\\/\\\/lospoliticosveracruz.com\\\/#website\"},\"primaryImageOfPage\":{\"@id\":\"https:\\\/\\\/lospoliticosveracruz.com\\\/?p=62596#primaryimage\"},\"image\":{\"@id\":\"https:\\\/\\\/lospoliticosveracruz.com\\\/?p=62596#primaryimage\"},\"thumbnailUrl\":\"http:\\\/\\\/www.lospoliticosveracruz.com.mx\\\/wp-content\\\/uploads\\\/2020\\\/10\\\/Cintillo-Contigo-en-Tu-Colonia.jpg\",\"datePublished\":\"2020-10-16T23:58:56+00:00\",\"breadcrumb\":{\"@id\":\"https:\\\/\\\/lospoliticosveracruz.com\\\/?p=62596#breadcrumb\"},\"inLanguage\":\"es\",\"potentialAction\":[{\"@type\":\"ReadAction\",\"target\":[\"https:\\\/\\\/lospoliticosveracruz.com\\\/?p=62596\"]}]},{\"@type\":\"ImageObject\",\"inLanguage\":\"es\",\"@id\":\"https:\\\/\\\/lospoliticosveracruz.com\\\/?p=62596#primaryimage\",\"url\":\"http:\\\/\\\/www.lospoliticosveracruz.com.mx\\\/wp-content\\\/uploads\\\/2020\\\/10\\\/Cintillo-Contigo-en-Tu-Colonia.jpg\",\"contentUrl\":\"http:\\\/\\\/www.lospoliticosveracruz.com.mx\\\/wp-content\\\/uploads\\\/2020\\\/10\\\/Cintillo-Contigo-en-Tu-Colonia.jpg\"},{\"@type\":\"BreadcrumbList\",\"@id\":\"https:\\\/\\\/lospoliticosveracruz.com\\\/?p=62596#breadcrumb\",\"itemListElement\":[{\"@type\":\"ListItem\",\"position\":1,\"name\":\"Portada\",\"item\":\"https:\\\/\\\/lospoliticosveracruz.com\\\/\"},{\"@type\":\"ListItem\",\"position\":2,\"name\":\"Se la llevan C\u00f3rdoba y Fort\u00edn!\"}]},{\"@type\":\"WebSite\",\"@id\":\"https:\\\/\\\/lospoliticosveracruz.com\\\/#website\",\"url\":\"https:\\\/\\\/lospoliticosveracruz.com\\\/\",\"name\":\"Los pol\u00edticos Veracruz\",\"description\":\"\",\"publisher\":{\"@id\":\"https:\\\/\\\/lospoliticosveracruz.com\\\/#organization\"},\"potentialAction\":[{\"@type\":\"SearchAction\",\"target\":{\"@type\":\"EntryPoint\",\"urlTemplate\":\"https:\\\/\\\/lospoliticosveracruz.com\\\/?s={search_term_string}\"},\"query-input\":{\"@type\":\"PropertyValueSpecification\",\"valueRequired\":true,\"valueName\":\"search_term_string\"}}],\"inLanguage\":\"es\"},{\"@type\":\"Organization\",\"@id\":\"https:\\\/\\\/lospoliticosveracruz.com\\\/#organization\",\"name\":\"Los pol\u00edticos Veracruz\",\"url\":\"https:\\\/\\\/lospoliticosveracruz.com\\\/\",\"logo\":{\"@type\":\"ImageObject\",\"inLanguage\":\"es\",\"@id\":\"https:\\\/\\\/lospoliticosveracruz.com\\\/#\\\/schema\\\/logo\\\/image\\\/\",\"url\":\"https:\\\/\\\/lospoliticosveracruz.com\\\/wp-content\\\/uploads\\\/2025\\\/12\\\/Logo-Nuevo-LOS-POLITICOS-1.jpg\",\"contentUrl\":\"https:\\\/\\\/lospoliticosveracruz.com\\\/wp-content\\\/uploads\\\/2025\\\/12\\\/Logo-Nuevo-LOS-POLITICOS-1.jpg\",\"width\":260,\"height\":70,\"caption\":\"Los pol\u00edticos Veracruz\"},\"image\":{\"@id\":\"https:\\\/\\\/lospoliticosveracruz.com\\\/#\\\/schema\\\/logo\\\/image\\\/\"},\"sameAs\":[\"https:\\\/\\\/www.facebook.com\\\/people\\\/Notimemes-de-los-Polticos\\\/61565672886568\\\/\",\"https:\\\/\\\/x.com\\\/LosPoliticosVer\"]},{\"@type\":\"Person\",\"@id\":\"https:\\\/\\\/lospoliticosveracruz.com\\\/#\\\/schema\\\/person\\\/b8702bb0e538456e6efd07080bf2a4a2\",\"name\":\"Lo viste en Los Pol\u00edticos\",\"image\":{\"@type\":\"ImageObject\",\"inLanguage\":\"es\",\"@id\":\"https:\\\/\\\/secure.gravatar.com\\\/avatar\\\/3a8de04a2656d44082be478bd6c086daa447c4651605818287b9532d3d0bd435?s=96&d=mm&r=g\",\"url\":\"https:\\\/\\\/secure.gravatar.com\\\/avatar\\\/3a8de04a2656d44082be478bd6c086daa447c4651605818287b9532d3d0bd435?s=96&d=mm&r=g\",\"contentUrl\":\"https:\\\/\\\/secure.gravatar.com\\\/avatar\\\/3a8de04a2656d44082be478bd6c086daa447c4651605818287b9532d3d0bd435?s=96&d=mm&r=g\",\"caption\":\"Lo viste en Los Pol\u00edticos\"},\"url\":\"https:\\\/\\\/lospoliticosveracruz.com\\\/?author=2\"}]}<\/script>\n<!-- \/ Yoast SEO plugin. -->","yoast_head_json":{"title":"Se la llevan C\u00f3rdoba y Fort\u00edn! - Los pol\u00edticos Veracruz","robots":{"index":"index","follow":"follow","max-snippet":"max-snippet:-1","max-image-preview":"max-image-preview:large","max-video-preview":"max-video-preview:-1"},"canonical":"https:\/\/lospoliticosveracruz.com\/?p=62596","og_locale":"es_ES","og_type":"article","og_title":"Se la llevan C\u00f3rdoba y Fort\u00edn! - Los pol\u00edticos Veracruz","og_description":"&nbsp; Charbel Alejandro Medida Mar\u00edn, originario de Fort\u00edn, y Pedro Luis Hern\u00e1ndez de C\u00f3rdoba ganaron el primer concurso de debate Expresi\u00f3n Juvenil, Realidad y Actualidad, que convoc\u00f3 a j\u00f3venes de entre 15 a 26 a\u00f1os de municipios de las Altas Monta\u00f1as. Los ganadores de sus respectivas categor\u00edas recibieron equipos port\u00e1tiles de computo. Medina Mar\u00edn manifest\u00f3 [&hellip;]","og_url":"https:\/\/lospoliticosveracruz.com\/?p=62596","og_site_name":"Los pol\u00edticos Veracruz","article_publisher":"https:\/\/www.facebook.com\/people\/Notimemes-de-los-Polticos\/61565672886568\/","article_published_time":"2020-10-16T23:58:56+00:00","og_image":[{"url":"http:\/\/www.lospoliticosveracruz.com.mx\/wp-content\/uploads\/2020\/10\/Cintillo-Contigo-en-Tu-Colonia.jpg","type":"","width":"","height":""}],"author":"Lo viste en Los Pol\u00edticos","twitter_card":"summary_large_image","twitter_creator":"@LosPoliticosVer","twitter_site":"@LosPoliticosVer","twitter_misc":{"Escrito por":"Lo viste en Los Pol\u00edticos","Tiempo de lectura":"2 minutos"},"schema":{"@context":"https:\/\/schema.org","@graph":[{"@type":"Article","@id":"https:\/\/lospoliticosveracruz.com\/?p=62596#article","isPartOf":{"@id":"https:\/\/lospoliticosveracruz.com\/?p=62596"},"author":{"name":"Lo viste en Los Pol\u00edticos","@id":"https:\/\/lospoliticosveracruz.com\/#\/schema\/person\/b8702bb0e538456e6efd07080bf2a4a2"},"headline":"Se la llevan C\u00f3rdoba y Fort\u00edn!","datePublished":"2020-10-16T23:58:56+00:00","mainEntityOfPage":{"@id":"https:\/\/lospoliticosveracruz.com\/?p=62596"},"wordCount":424,"commentCount":0,"publisher":{"@id":"https:\/\/lospoliticosveracruz.com\/#organization"},"image":{"@id":"https:\/\/lospoliticosveracruz.com\/?p=62596#primaryimage"},"thumbnailUrl":"http:\/\/www.lospoliticosveracruz.com.mx\/wp-content\/uploads\/2020\/10\/Cintillo-Contigo-en-Tu-Colonia.jpg","keywords":["Charbel Alejandro Medida Mar\u00edn","Debate Expresi\u00f3n Juvenil","Fort\u00edn","Instituto de la Juventud de Fort\u00edn","Instituto Juventud C\u00f3rdoba","Jovanny Dorantes Jim\u00e9nez","Medina Mar\u00edn","Paulina Cozar Pe\u00f1a","Pedro Luis Hern\u00e1ndez de C\u00f3rdoba"],"articleSection":["De Boleto"],"inLanguage":"es","potentialAction":[{"@type":"CommentAction","name":"Comment","target":["https:\/\/lospoliticosveracruz.com\/?p=62596#respond"]}]},{"@type":"WebPage","@id":"https:\/\/lospoliticosveracruz.com\/?p=62596","url":"https:\/\/lospoliticosveracruz.com\/?p=62596","name":"Se la llevan C\u00f3rdoba y Fort\u00edn! - Los pol\u00edticos Veracruz","isPartOf":{"@id":"https:\/\/lospoliticosveracruz.com\/#website"},"primaryImageOfPage":{"@id":"https:\/\/lospoliticosveracruz.com\/?p=62596#primaryimage"},"image":{"@id":"https:\/\/lospoliticosveracruz.com\/?p=62596#primaryimage"},"thumbnailUrl":"http:\/\/www.lospoliticosveracruz.com.mx\/wp-content\/uploads\/2020\/10\/Cintillo-Contigo-en-Tu-Colonia.jpg","datePublished":"2020-10-16T23:58:56+00:00","breadcrumb":{"@id":"https:\/\/lospoliticosveracruz.com\/?p=62596#breadcrumb"},"inLanguage":"es","potentialAction":[{"@type":"ReadAction","target":["https:\/\/lospoliticosveracruz.com\/?p=62596"]}]},{"@type":"ImageObject","inLanguage":"es","@id":"https:\/\/lospoliticosveracruz.com\/?p=62596#primaryimage","url":"http:\/\/www.lospoliticosveracruz.com.mx\/wp-content\/uploads\/2020\/10\/Cintillo-Contigo-en-Tu-Colonia.jpg","contentUrl":"http:\/\/www.lospoliticosveracruz.com.mx\/wp-content\/uploads\/2020\/10\/Cintillo-Contigo-en-Tu-Colonia.jpg"},{"@type":"BreadcrumbList","@id":"https:\/\/lospoliticosveracruz.com\/?p=62596#breadcrumb","itemListElement":[{"@type":"ListItem","position":1,"name":"Portada","item":"https:\/\/lospoliticosveracruz.com\/"},{"@type":"ListItem","position":2,"name":"Se la llevan C\u00f3rdoba y Fort\u00edn!"}]},{"@type":"WebSite","@id":"https:\/\/lospoliticosveracruz.com\/#website","url":"https:\/\/lospoliticosveracruz.com\/","name":"Los pol\u00edticos Veracruz","description":"","publisher":{"@id":"https:\/\/lospoliticosveracruz.com\/#organization"},"potentialAction":[{"@type":"SearchAction","target":{"@type":"EntryPoint","urlTemplate":"https:\/\/lospoliticosveracruz.com\/?s={search_term_string}"},"query-input":{"@type":"PropertyValueSpecification","valueRequired":true,"valueName":"search_term_string"}}],"inLanguage":"es"},{"@type":"Organization","@id":"https:\/\/lospoliticosveracruz.com\/#organization","name":"Los pol\u00edticos Veracruz","url":"https:\/\/lospoliticosveracruz.com\/","logo":{"@type":"ImageObject","inLanguage":"es","@id":"https:\/\/lospoliticosveracruz.com\/#\/schema\/logo\/image\/","url":"https:\/\/lospoliticosveracruz.com\/wp-content\/uploads\/2025\/12\/Logo-Nuevo-LOS-POLITICOS-1.jpg","contentUrl":"https:\/\/lospoliticosveracruz.com\/wp-content\/uploads\/2025\/12\/Logo-Nuevo-LOS-POLITICOS-1.jpg","width":260,"height":70,"caption":"Los pol\u00edticos Veracruz"},"image":{"@id":"https:\/\/lospoliticosveracruz.com\/#\/schema\/logo\/image\/"},"sameAs":["https:\/\/www.facebook.com\/people\/Notimemes-de-los-Polticos\/61565672886568\/","https:\/\/x.com\/LosPoliticosVer"]},{"@type":"Person","@id":"https:\/\/lospoliticosveracruz.com\/#\/schema\/person\/b8702bb0e538456e6efd07080bf2a4a2","name":"Lo viste en Los Pol\u00edticos","image":{"@type":"ImageObject","inLanguage":"es","@id":"https:\/\/secure.gravatar.com\/avatar\/3a8de04a2656d44082be478bd6c086daa447c4651605818287b9532d3d0bd435?s=96&d=mm&r=g","url":"https:\/\/secure.gravatar.com\/avatar\/3a8de04a2656d44082be478bd6c086daa447c4651605818287b9532d3d0bd435?s=96&d=mm&r=g","contentUrl":"https:\/\/secure.gravatar.com\/avatar\/3a8de04a2656d44082be478bd6c086daa447c4651605818287b9532d3d0bd435?s=96&d=mm&r=g","caption":"Lo viste en Los Pol\u00edticos"},"url":"https:\/\/lospoliticosveracruz.com\/?author=2"}]}},"_links":{"self":[{"href":"https:\/\/lospoliticosveracruz.com\/index.php?rest_route=\/wp\/v2\/posts\/62596","targetHints":{"allow":["GET"]}}],"collection":[{"href":"https:\/\/lospoliticosveracruz.com\/index.php?rest_route=\/wp\/v2\/posts"}],"about":[{"href":"https:\/\/lospoliticosveracruz.com\/index.php?rest_route=\/wp\/v2\/types\/post"}],"author":[{"embeddable":true,"href":"https:\/\/lospoliticosveracruz.com\/index.php?rest_route=\/wp\/v2\/users\/2"}],"replies":[{"embeddable":true,"href":"https:\/\/lospoliticosveracruz.com\/index.php?rest_route=%2Fwp%2Fv2%2Fcomments&post=62596"}],"version-history":[{"count":1,"href":"https:\/\/lospoliticosveracruz.com\/index.php?rest_route=\/wp\/v2\/posts\/62596\/revisions"}],"predecessor-version":[{"id":62598,"href":"https:\/\/lospoliticosveracruz.com\/index.php?rest_route=\/wp\/v2\/posts\/62596\/revisions\/62598"}],"wp:attachment":[{"href":"https:\/\/lospoliticosveracruz.com\/index.php?rest_route=%2Fwp%2Fv2%2Fmedia&parent=62596"}],"wp:term":[{"taxonomy":"category","embeddable":true,"href":"https:\/\/lospoliticosveracruz.com\/index.php?rest_route=%2Fwp%2Fv2%2Fcategories&post=62596"},{"taxonomy":"post_tag","embeddable":true,"href":"https:\/\/lospoliticosveracruz.com\/index.php?rest_route=%2Fwp%2Fv2%2Ftags&post=62596"}],"curies":[{"name":"wp","href":"https:\/\/api.w.org\/{rel}","templated":true}]}}