{"id":62878,"date":"2020-10-23T07:56:09","date_gmt":"2020-10-23T12:56:09","guid":{"rendered":"http:\/\/www.lospoliticosveracruz.com.mx\/?p=62878"},"modified":"2020-10-23T07:56:09","modified_gmt":"2020-10-23T12:56:09","slug":"el-no-tan-extrano-caso-del-general-cienfuegos","status":"publish","type":"post","link":"https:\/\/lospoliticosveracruz.com\/?p=62878","title":{"rendered":"El (no tan) extra\u00f1o caso del General Cienfuegos"},"content":{"rendered":"<p><strong>Felipe de Jes\u00fas Fern\u00e1ndez Basilio<\/strong><br \/>\n<em>Desde a Janela<\/em><\/p>\n<p>&nbsp;<\/p>\n<p>El pasado 15 de octubre fue detenido en California el General Salvador Cienfuegos Zepeda, quien fuera secretario de la Defensa Nacional en el sexenio de Pe\u00f1a y su detenci\u00f3n deriv\u00f3 debido a que es investigado y ahora acusado por delitos relacionados con el tr\u00e1fico de drogas.<br \/>\nEsa indagatoria fue realizada por la DEA y el contenido de las acusaciones se resumen en el nombre que le dieron a la investigaci\u00f3n: \u00abOperaci\u00f3n Padrino\u00bb, toda vez que es acusado de dar protecci\u00f3n y conspirar para que grupos de narcotraficantes mexicanos llevaran a cabo contrabando de drogas en los Estados Unidos de Am\u00e9rica.<br \/>\nLa investigaci\u00f3n que debiera de ser rutinaria, al menos eso es lo que pasa en pa\u00edses con un verdadero estado de derecho, en M\u00e9xico cay\u00f3 como una bomba debido a que por una parte se cuestiona fuertemente una serie de mitos que el PRI en su \u00e9poca de oro nos inculc\u00f3 y por la otra vemos con incredulidad la pasmosa actuaci\u00f3n del gobierno dizque anticorrupci\u00f3n que tenemos en el presente.<br \/>\nPero vayamos por partes, es bien sabido que M\u00e9xico ha tenido una historia contempor\u00e1nea diferente a la del resto de los Estados de Am\u00e9rica Latina y eso es debido a que las fuerzas armadas mexicanas desde la d\u00e9cada de los cuarenta del siglo pasado se han abstenido de intervenir en la vida pol\u00edtica mexicana y de ello deriva el que no ha habido desde ese tiempo una sola asonada o un golpe de estado protagonizado por la milicia como s\u00ed ha sucedido en resto del subcontinente.<br \/>\nPero esa abstinencia pol\u00edtica por parte de las fuerzas armadas tiene su precio y ese precio consiste en que la no intervenci\u00f3n es de ida y vuelta, es decir ninguna autoridad civil se mete por ning\u00fan motivo en los asuntos internos de las corporaciones militares, quienes con total falta de transparencia gestionan todos sus gastos y de la misma manera solo responden de sus actos ante Dios y las mismas autoridades militares.<br \/>\nEn pocas palabras, si alguien es verdaderamente soberano en este pa\u00eds lo es la milicia, ya que nadie sabe que hacen con su presupuesto ni que contratos realizan ni las condiciones en las que los celebran, tampoco nadie sabe c\u00f3mo viven los mandos ni a quien sirven; tan es as\u00ed que si observan con atenci\u00f3n en toda la legislaci\u00f3n de transparencia si no est\u00e1n eximidas de rendir cuentas, siempre tienen la puerta falsa para escapar del escrutinio p\u00fablico que consiste en la reserva por tratarse de actividades estrat\u00e9gicas y\/o de seguridad nacional.<br \/>\nClaro, tambi\u00e9n tienen sus virtudes como el haber creado una industria propia de armamento o el fiel cumplimiento de su deber hacia el pa\u00eds tanto en acciones anti criminales del pasado como en respuesta a desastres naturales, m\u00e1s esas virtudes no contrastan el hecho de que son para todos los efectos pr\u00e1cticos un Estado dentro de otro Estado.<br \/>\nAunado a lo anterior y para justificar la falta de cuestionamientos el Estado mexicano siempre procur\u00f3 inculcar en la poblaci\u00f3n una imagen impoluta de las corporaciones militares y por ello nadie piensa en cuestionarlas en lo m\u00e1s m\u00ednimo y por su parte los militares nunca se mezclan, al menos con el uniforme puesto, con el resto de la poblaci\u00f3n.<br \/>\nSiendo as\u00ed que en M\u00e9xico se suele tachar de corruptos a los pol\u00edticos, a las polic\u00edas, a los sectores educativos y de salud y a un sinf\u00edn de autoridades de todo tipo, pero casi nunca a las fuerzas armadas; lo cual es derivado del mito que nos hemos cre\u00eddo pero que no resiste a un an\u00e1lisis l\u00f3gico ya que, si todo el pa\u00eds est\u00e1 infestado de corrupci\u00f3n \u00bfPor qu\u00e9 las fuerzas armadas que son y provienen del mismo pa\u00eds no habr\u00edan de estarlo tambi\u00e9n?, por eso mismo digo que no es tan extra\u00f1o el caso del General.<br \/>\nLo anteriormente se\u00f1alado nos lleva a la otra parte de lo que el esc\u00e1ndalo de la Operaci\u00f3n Padrino caus\u00f3 en el pa\u00eds y esa es la actuaci\u00f3n pasmada del m\u00e1s conservador de los gobiernos que hemos tenido y que adem\u00e1s en su af\u00e1n corruptor pr\u00e1cticamente ha puesto al pa\u00eds en manos de los militares, total que a ellos no se les cuestiona y con esa impunidad pueden hacer negocios oscuros en obras como la del supuesto aeropuerto de Santa Luc\u00eda o Felipe \u00c1ngeles como quieran llamarlo, total es un deshonor para ambos nobles personajes, o poner en manos de las mismas la seguridad interna y as\u00ed perseguir solo a las mafias contrarias a las que el gobierno actual protege, ya que no hay rendici\u00f3n de cuentas.<br \/>\nEn raz\u00f3n de lo anterior es que ni la fiscal\u00eda General de la Rep\u00fablica ni los sabuesos del r\u00e9gimen que son los de la Unidad de Inteligencia Financiera de Hacienda han dicho esta boca es m\u00eda o sea han iniciado alguna investigaci\u00f3n en relaci\u00f3n a la detenci\u00f3n del general Cienfuegos.<br \/>\nM\u00e1s bien han hecho todo lo contrario y L\u00f3pez que se asumi\u00f3 como el vocero \u00fanico del gobierno para informar sobre este caso, lo \u00fanico que atin\u00f3 a medio balbucear es que no sab\u00eda nada del asunto y que los norteamericanos no le hab\u00edan informado antes pero que no se va a hacer nada hasta en tanto se lleve a cabo el juicio del general en el vecino pa\u00eds, ya que hay que respetar la presunci\u00f3n de la inocencia del acusado.<br \/>\nLo sorprendente del asunto es que ahora s\u00ed L\u00f3pez respeta la presunci\u00f3n de la inocencia cuando su actuar normal es organizar piras en Palacio Nacional y aventar en ellas a todos los que opinan diferente a \u00e9l y m\u00e1s cuando la obligaci\u00f3n del Estado mexicano no es prejuzgar y condenar al general ca\u00eddo, sino que es iniciar todas y cada una de las investigaciones que en el \u00e1mbito nacional puedan derivar de los cargos que enfrenta en el pa\u00eds vecino.<br \/>\nSimplemente no hay voluntad de cumplir con sus obligaciones constitucionales tanto por parte del presidente como del adorno que est\u00e1 al frente de la fiscal\u00eda General de la Rep\u00fablica o acaso \u00bfAlguien ha visto a Gertz Manero mencionar algo al respecto?<br \/>\nYa que a pesar de que L\u00f3pez se haya proclamado vocero \u00fanico del gobierno, la fiscal\u00eda escapa a esa proclamaci\u00f3n porque es un \u00f3rgano aut\u00f3nomo y que adem\u00e1s es el que est\u00e1 en el ojo del hurac\u00e1n en este momento, ya que es la que tiene la obligaci\u00f3n de iniciar las investigaciones pertinentes al haber una sospecha de que puede haber muchas irregularidades en las fuerzas armadas, aunque no es descartable que en los pr\u00f3ximos d\u00edas a\u00f1adan a la consulta popular esa cuesti\u00f3n.<br \/>\nEn conclusi\u00f3n y m\u00e1s all\u00e1 de que si es culpable o no el general Cienfuegos de los delitos que le atribuyen, la ocasi\u00f3n debiera de servir para abolir esa soberan\u00eda que es el fuero militar e incluir en la fiscalizaci\u00f3n y en la transparencia a las corporaciones armadas y por supuesto encomendar a civiles la conducci\u00f3n de las dos secretar\u00edas tal y como sucede en todos los pa\u00edses democr\u00e1ticos del mundo.<\/p>\n<p>felfebas@gmail.com<br \/>\nTwitter: @FelipeFBasilio<\/p>\n","protected":false},"excerpt":{"rendered":"<p>Felipe de Jes\u00fas Fern\u00e1ndez Basilio Desde a Janela &nbsp; El pasado 15 de octubre fue detenido en California el General Salvador Cienfuegos Zepeda, quien fuera secretario de la Defensa Nacional en el sexenio de Pe\u00f1a y su detenci\u00f3n deriv\u00f3 debido a que es investigado y ahora acusado por delitos relacionados con el tr\u00e1fico de drogas. [&hellip;]<\/p>\n","protected":false},"author":2,"featured_media":0,"comment_status":"open","ping_status":"open","sticky":false,"template":"","format":"standard","meta":{"tdm_status":"","tdm_grid_status":"","footnotes":""},"categories":[70],"tags":[22898,22899,8836,18333,179,22896,3503,22805,15567,22897,251,8544,14697],"class_list":{"0":"post-62878","1":"post","2":"type-post","3":"status-publish","4":"format-standard","6":"category-de-opinion","7":"tag-corporaciones-militares","8":"tag-culpable","9":"tag-dea","10":"tag-defensa-nacional","11":"tag-delitos","12":"tag-detenido-en-california","13":"tag-estado-de-derecho","14":"tag-general","15":"tag-gertz-manero","16":"tag-operacion-padrino","17":"tag-pri","18":"tag-salvador-cienfuegos-zepeda","19":"tag-unidad-de-inteligencia-financiera"},"yoast_head":"<!-- This site is optimized with the Yoast SEO plugin v27.4 - https:\/\/yoast.com\/product\/yoast-seo-wordpress\/ -->\n<title>El (no tan) extra\u00f1o caso del General Cienfuegos - Los pol\u00edticos Veracruz<\/title>\n<meta name=\"robots\" content=\"index, follow, max-snippet:-1, max-image-preview:large, max-video-preview:-1\" \/>\n<link rel=\"canonical\" href=\"https:\/\/lospoliticosveracruz.com\/?p=62878\" \/>\n<meta property=\"og:locale\" content=\"es_ES\" \/>\n<meta property=\"og:type\" content=\"article\" \/>\n<meta property=\"og:title\" content=\"El (no tan) extra\u00f1o caso del General Cienfuegos - Los pol\u00edticos Veracruz\" \/>\n<meta property=\"og:description\" content=\"Felipe de Jes\u00fas Fern\u00e1ndez Basilio Desde a Janela &nbsp; El pasado 15 de octubre fue detenido en California el General Salvador Cienfuegos Zepeda, quien fuera secretario de la Defensa Nacional en el sexenio de Pe\u00f1a y su detenci\u00f3n deriv\u00f3 debido a que es investigado y ahora acusado por delitos relacionados con el tr\u00e1fico de drogas. [&hellip;]\" \/>\n<meta property=\"og:url\" content=\"https:\/\/lospoliticosveracruz.com\/?p=62878\" \/>\n<meta property=\"og:site_name\" content=\"Los pol\u00edticos Veracruz\" \/>\n<meta property=\"article:publisher\" content=\"https:\/\/www.facebook.com\/people\/Notimemes-de-los-Polticos\/61565672886568\/\" \/>\n<meta property=\"article:published_time\" content=\"2020-10-23T12:56:09+00:00\" \/>\n<meta property=\"og:image\" content=\"https:\/\/lospoliticosveracruz.com\/wp-content\/uploads\/2016\/07\/Logo-Dor.jpg\" \/>\n\t<meta property=\"og:image:width\" content=\"200\" \/>\n\t<meta property=\"og:image:height\" content=\"200\" \/>\n\t<meta property=\"og:image:type\" content=\"image\/jpeg\" \/>\n<meta name=\"author\" content=\"Lo viste en Los Pol\u00edticos\" \/>\n<meta name=\"twitter:card\" content=\"summary_large_image\" \/>\n<meta name=\"twitter:creator\" content=\"@LosPoliticosVer\" \/>\n<meta name=\"twitter:site\" content=\"@LosPoliticosVer\" \/>\n<meta name=\"twitter:label1\" content=\"Escrito por\" \/>\n\t<meta name=\"twitter:data1\" content=\"Lo viste en Los Pol\u00edticos\" \/>\n\t<meta name=\"twitter:label2\" content=\"Tiempo de lectura\" \/>\n\t<meta name=\"twitter:data2\" content=\"6 minutos\" \/>\n<script type=\"application\/ld+json\" class=\"yoast-schema-graph\">{\"@context\":\"https:\\\/\\\/schema.org\",\"@graph\":[{\"@type\":\"Article\",\"@id\":\"https:\\\/\\\/lospoliticosveracruz.com\\\/?p=62878#article\",\"isPartOf\":{\"@id\":\"https:\\\/\\\/lospoliticosveracruz.com\\\/?p=62878\"},\"author\":{\"name\":\"Lo viste en Los Pol\u00edticos\",\"@id\":\"https:\\\/\\\/lospoliticosveracruz.com\\\/#\\\/schema\\\/person\\\/b8702bb0e538456e6efd07080bf2a4a2\"},\"headline\":\"El (no tan) extra\u00f1o caso del General Cienfuegos\",\"datePublished\":\"2020-10-23T12:56:09+00:00\",\"mainEntityOfPage\":{\"@id\":\"https:\\\/\\\/lospoliticosveracruz.com\\\/?p=62878\"},\"wordCount\":1293,\"commentCount\":0,\"publisher\":{\"@id\":\"https:\\\/\\\/lospoliticosveracruz.com\\\/#organization\"},\"keywords\":[\"Corporaciones militares\",\"Culpable\",\"DEA\",\"Defensa Nacional\",\"delitos\",\"Detenido en California\",\"Estado de Derecho\",\"General\",\"Gertz Manero\",\"Operaci\u00f3n Padrino\",\"PRI\",\"Salvador Cienfuegos Zepeda\",\"Unidad de Inteligencia Financiera\"],\"articleSection\":[\"De Opini\u00f3n\"],\"inLanguage\":\"es\",\"potentialAction\":[{\"@type\":\"CommentAction\",\"name\":\"Comment\",\"target\":[\"https:\\\/\\\/lospoliticosveracruz.com\\\/?p=62878#respond\"]}]},{\"@type\":\"WebPage\",\"@id\":\"https:\\\/\\\/lospoliticosveracruz.com\\\/?p=62878\",\"url\":\"https:\\\/\\\/lospoliticosveracruz.com\\\/?p=62878\",\"name\":\"El (no tan) extra\u00f1o caso del General Cienfuegos - Los pol\u00edticos Veracruz\",\"isPartOf\":{\"@id\":\"https:\\\/\\\/lospoliticosveracruz.com\\\/#website\"},\"datePublished\":\"2020-10-23T12:56:09+00:00\",\"breadcrumb\":{\"@id\":\"https:\\\/\\\/lospoliticosveracruz.com\\\/?p=62878#breadcrumb\"},\"inLanguage\":\"es\",\"potentialAction\":[{\"@type\":\"ReadAction\",\"target\":[\"https:\\\/\\\/lospoliticosveracruz.com\\\/?p=62878\"]}]},{\"@type\":\"BreadcrumbList\",\"@id\":\"https:\\\/\\\/lospoliticosveracruz.com\\\/?p=62878#breadcrumb\",\"itemListElement\":[{\"@type\":\"ListItem\",\"position\":1,\"name\":\"Portada\",\"item\":\"https:\\\/\\\/lospoliticosveracruz.com\\\/\"},{\"@type\":\"ListItem\",\"position\":2,\"name\":\"El (no tan) extra\u00f1o caso del General Cienfuegos\"}]},{\"@type\":\"WebSite\",\"@id\":\"https:\\\/\\\/lospoliticosveracruz.com\\\/#website\",\"url\":\"https:\\\/\\\/lospoliticosveracruz.com\\\/\",\"name\":\"Los pol\u00edticos Veracruz\",\"description\":\"\",\"publisher\":{\"@id\":\"https:\\\/\\\/lospoliticosveracruz.com\\\/#organization\"},\"potentialAction\":[{\"@type\":\"SearchAction\",\"target\":{\"@type\":\"EntryPoint\",\"urlTemplate\":\"https:\\\/\\\/lospoliticosveracruz.com\\\/?s={search_term_string}\"},\"query-input\":{\"@type\":\"PropertyValueSpecification\",\"valueRequired\":true,\"valueName\":\"search_term_string\"}}],\"inLanguage\":\"es\"},{\"@type\":\"Organization\",\"@id\":\"https:\\\/\\\/lospoliticosveracruz.com\\\/#organization\",\"name\":\"Los pol\u00edticos Veracruz\",\"url\":\"https:\\\/\\\/lospoliticosveracruz.com\\\/\",\"logo\":{\"@type\":\"ImageObject\",\"inLanguage\":\"es\",\"@id\":\"https:\\\/\\\/lospoliticosveracruz.com\\\/#\\\/schema\\\/logo\\\/image\\\/\",\"url\":\"https:\\\/\\\/lospoliticosveracruz.com\\\/wp-content\\\/uploads\\\/2025\\\/12\\\/Logo-Nuevo-LOS-POLITICOS-1.jpg\",\"contentUrl\":\"https:\\\/\\\/lospoliticosveracruz.com\\\/wp-content\\\/uploads\\\/2025\\\/12\\\/Logo-Nuevo-LOS-POLITICOS-1.jpg\",\"width\":260,\"height\":70,\"caption\":\"Los pol\u00edticos Veracruz\"},\"image\":{\"@id\":\"https:\\\/\\\/lospoliticosveracruz.com\\\/#\\\/schema\\\/logo\\\/image\\\/\"},\"sameAs\":[\"https:\\\/\\\/www.facebook.com\\\/people\\\/Notimemes-de-los-Polticos\\\/61565672886568\\\/\",\"https:\\\/\\\/x.com\\\/LosPoliticosVer\"]},{\"@type\":\"Person\",\"@id\":\"https:\\\/\\\/lospoliticosveracruz.com\\\/#\\\/schema\\\/person\\\/b8702bb0e538456e6efd07080bf2a4a2\",\"name\":\"Lo viste en Los Pol\u00edticos\",\"image\":{\"@type\":\"ImageObject\",\"inLanguage\":\"es\",\"@id\":\"https:\\\/\\\/secure.gravatar.com\\\/avatar\\\/3a8de04a2656d44082be478bd6c086daa447c4651605818287b9532d3d0bd435?s=96&d=mm&r=g\",\"url\":\"https:\\\/\\\/secure.gravatar.com\\\/avatar\\\/3a8de04a2656d44082be478bd6c086daa447c4651605818287b9532d3d0bd435?s=96&d=mm&r=g\",\"contentUrl\":\"https:\\\/\\\/secure.gravatar.com\\\/avatar\\\/3a8de04a2656d44082be478bd6c086daa447c4651605818287b9532d3d0bd435?s=96&d=mm&r=g\",\"caption\":\"Lo viste en Los Pol\u00edticos\"},\"url\":\"https:\\\/\\\/lospoliticosveracruz.com\\\/?author=2\"}]}<\/script>\n<!-- \/ Yoast SEO plugin. -->","yoast_head_json":{"title":"El (no tan) extra\u00f1o caso del General Cienfuegos - Los pol\u00edticos Veracruz","robots":{"index":"index","follow":"follow","max-snippet":"max-snippet:-1","max-image-preview":"max-image-preview:large","max-video-preview":"max-video-preview:-1"},"canonical":"https:\/\/lospoliticosveracruz.com\/?p=62878","og_locale":"es_ES","og_type":"article","og_title":"El (no tan) extra\u00f1o caso del General Cienfuegos - Los pol\u00edticos Veracruz","og_description":"Felipe de Jes\u00fas Fern\u00e1ndez Basilio Desde a Janela &nbsp; El pasado 15 de octubre fue detenido en California el General Salvador Cienfuegos Zepeda, quien fuera secretario de la Defensa Nacional en el sexenio de Pe\u00f1a y su detenci\u00f3n deriv\u00f3 debido a que es investigado y ahora acusado por delitos relacionados con el tr\u00e1fico de drogas. [&hellip;]","og_url":"https:\/\/lospoliticosveracruz.com\/?p=62878","og_site_name":"Los pol\u00edticos Veracruz","article_publisher":"https:\/\/www.facebook.com\/people\/Notimemes-de-los-Polticos\/61565672886568\/","article_published_time":"2020-10-23T12:56:09+00:00","og_image":[{"width":200,"height":200,"url":"https:\/\/lospoliticosveracruz.com\/wp-content\/uploads\/2016\/07\/Logo-Dor.jpg","type":"image\/jpeg"}],"author":"Lo viste en Los Pol\u00edticos","twitter_card":"summary_large_image","twitter_creator":"@LosPoliticosVer","twitter_site":"@LosPoliticosVer","twitter_misc":{"Escrito por":"Lo viste en Los Pol\u00edticos","Tiempo de lectura":"6 minutos"},"schema":{"@context":"https:\/\/schema.org","@graph":[{"@type":"Article","@id":"https:\/\/lospoliticosveracruz.com\/?p=62878#article","isPartOf":{"@id":"https:\/\/lospoliticosveracruz.com\/?p=62878"},"author":{"name":"Lo viste en Los Pol\u00edticos","@id":"https:\/\/lospoliticosveracruz.com\/#\/schema\/person\/b8702bb0e538456e6efd07080bf2a4a2"},"headline":"El (no tan) extra\u00f1o caso del General Cienfuegos","datePublished":"2020-10-23T12:56:09+00:00","mainEntityOfPage":{"@id":"https:\/\/lospoliticosveracruz.com\/?p=62878"},"wordCount":1293,"commentCount":0,"publisher":{"@id":"https:\/\/lospoliticosveracruz.com\/#organization"},"keywords":["Corporaciones militares","Culpable","DEA","Defensa Nacional","delitos","Detenido en California","Estado de Derecho","General","Gertz Manero","Operaci\u00f3n Padrino","PRI","Salvador Cienfuegos Zepeda","Unidad de Inteligencia Financiera"],"articleSection":["De Opini\u00f3n"],"inLanguage":"es","potentialAction":[{"@type":"CommentAction","name":"Comment","target":["https:\/\/lospoliticosveracruz.com\/?p=62878#respond"]}]},{"@type":"WebPage","@id":"https:\/\/lospoliticosveracruz.com\/?p=62878","url":"https:\/\/lospoliticosveracruz.com\/?p=62878","name":"El (no tan) extra\u00f1o caso del General Cienfuegos - Los pol\u00edticos Veracruz","isPartOf":{"@id":"https:\/\/lospoliticosveracruz.com\/#website"},"datePublished":"2020-10-23T12:56:09+00:00","breadcrumb":{"@id":"https:\/\/lospoliticosveracruz.com\/?p=62878#breadcrumb"},"inLanguage":"es","potentialAction":[{"@type":"ReadAction","target":["https:\/\/lospoliticosveracruz.com\/?p=62878"]}]},{"@type":"BreadcrumbList","@id":"https:\/\/lospoliticosveracruz.com\/?p=62878#breadcrumb","itemListElement":[{"@type":"ListItem","position":1,"name":"Portada","item":"https:\/\/lospoliticosveracruz.com\/"},{"@type":"ListItem","position":2,"name":"El (no tan) extra\u00f1o caso del General Cienfuegos"}]},{"@type":"WebSite","@id":"https:\/\/lospoliticosveracruz.com\/#website","url":"https:\/\/lospoliticosveracruz.com\/","name":"Los pol\u00edticos Veracruz","description":"","publisher":{"@id":"https:\/\/lospoliticosveracruz.com\/#organization"},"potentialAction":[{"@type":"SearchAction","target":{"@type":"EntryPoint","urlTemplate":"https:\/\/lospoliticosveracruz.com\/?s={search_term_string}"},"query-input":{"@type":"PropertyValueSpecification","valueRequired":true,"valueName":"search_term_string"}}],"inLanguage":"es"},{"@type":"Organization","@id":"https:\/\/lospoliticosveracruz.com\/#organization","name":"Los pol\u00edticos Veracruz","url":"https:\/\/lospoliticosveracruz.com\/","logo":{"@type":"ImageObject","inLanguage":"es","@id":"https:\/\/lospoliticosveracruz.com\/#\/schema\/logo\/image\/","url":"https:\/\/lospoliticosveracruz.com\/wp-content\/uploads\/2025\/12\/Logo-Nuevo-LOS-POLITICOS-1.jpg","contentUrl":"https:\/\/lospoliticosveracruz.com\/wp-content\/uploads\/2025\/12\/Logo-Nuevo-LOS-POLITICOS-1.jpg","width":260,"height":70,"caption":"Los pol\u00edticos Veracruz"},"image":{"@id":"https:\/\/lospoliticosveracruz.com\/#\/schema\/logo\/image\/"},"sameAs":["https:\/\/www.facebook.com\/people\/Notimemes-de-los-Polticos\/61565672886568\/","https:\/\/x.com\/LosPoliticosVer"]},{"@type":"Person","@id":"https:\/\/lospoliticosveracruz.com\/#\/schema\/person\/b8702bb0e538456e6efd07080bf2a4a2","name":"Lo viste en Los Pol\u00edticos","image":{"@type":"ImageObject","inLanguage":"es","@id":"https:\/\/secure.gravatar.com\/avatar\/3a8de04a2656d44082be478bd6c086daa447c4651605818287b9532d3d0bd435?s=96&d=mm&r=g","url":"https:\/\/secure.gravatar.com\/avatar\/3a8de04a2656d44082be478bd6c086daa447c4651605818287b9532d3d0bd435?s=96&d=mm&r=g","contentUrl":"https:\/\/secure.gravatar.com\/avatar\/3a8de04a2656d44082be478bd6c086daa447c4651605818287b9532d3d0bd435?s=96&d=mm&r=g","caption":"Lo viste en Los Pol\u00edticos"},"url":"https:\/\/lospoliticosveracruz.com\/?author=2"}]}},"_links":{"self":[{"href":"https:\/\/lospoliticosveracruz.com\/index.php?rest_route=\/wp\/v2\/posts\/62878","targetHints":{"allow":["GET"]}}],"collection":[{"href":"https:\/\/lospoliticosveracruz.com\/index.php?rest_route=\/wp\/v2\/posts"}],"about":[{"href":"https:\/\/lospoliticosveracruz.com\/index.php?rest_route=\/wp\/v2\/types\/post"}],"author":[{"embeddable":true,"href":"https:\/\/lospoliticosveracruz.com\/index.php?rest_route=\/wp\/v2\/users\/2"}],"replies":[{"embeddable":true,"href":"https:\/\/lospoliticosveracruz.com\/index.php?rest_route=%2Fwp%2Fv2%2Fcomments&post=62878"}],"version-history":[{"count":1,"href":"https:\/\/lospoliticosveracruz.com\/index.php?rest_route=\/wp\/v2\/posts\/62878\/revisions"}],"predecessor-version":[{"id":62881,"href":"https:\/\/lospoliticosveracruz.com\/index.php?rest_route=\/wp\/v2\/posts\/62878\/revisions\/62881"}],"wp:attachment":[{"href":"https:\/\/lospoliticosveracruz.com\/index.php?rest_route=%2Fwp%2Fv2%2Fmedia&parent=62878"}],"wp:term":[{"taxonomy":"category","embeddable":true,"href":"https:\/\/lospoliticosveracruz.com\/index.php?rest_route=%2Fwp%2Fv2%2Fcategories&post=62878"},{"taxonomy":"post_tag","embeddable":true,"href":"https:\/\/lospoliticosveracruz.com\/index.php?rest_route=%2Fwp%2Fv2%2Ftags&post=62878"}],"curies":[{"name":"wp","href":"https:\/\/api.w.org\/{rel}","templated":true}]}}